{"id":1904,"date":"2023-08-09T17:32:10","date_gmt":"2023-08-09T15:32:10","guid":{"rendered":"https:\/\/snalc.org\/snalc2023\/?p=1904"},"modified":"2023-08-09T18:12:42","modified_gmt":"2023-08-09T16:12:42","slug":"decret-n-2023-732-du-8-aout-2023-relatif-au-remplacement-de-courte-duree-dans-les-etablissements-denseignement-du-second-degre","status":"publish","type":"post","link":"https:\/\/snalc.org\/snalc2023\/?p=1904","title":{"rendered":"D\u00e9cret n\u00b0 2023-732 du 8 ao\u00fbt 2023 relatif au remplacement de courte dur\u00e9e dans les \u00e9tablissements d&rsquo;enseignement du second degr\u00e9"},"content":{"rendered":"\n<p><strong>Publics concern\u00e9s<\/strong> : personnels enseignants du second degr\u00e9, assistants d&rsquo;\u00e9ducation.<br><strong>Objet :<\/strong> remplacement de courte dur\u00e9e.<br><strong>Entr\u00e9e en vigueur :<\/strong> le texte entre en vigueur le lendemain de sa publication.<br><strong>Notice :<\/strong> le d\u00e9cret pr\u00e9voit <strong>l&rsquo;\u00e9laboration d&rsquo;un plan annuel par le chef d&rsquo;\u00e9tablissement<\/strong> en concertation avec les \u00e9quipes p\u00e9dagogiques et \u00e9ducatives afin d&rsquo;assurer la <strong>continuit\u00e9 p\u00e9dagogique<\/strong> au sein de son \u00e9tablissement et assurer effectivement les <strong>heures pr\u00e9vues par l&#8217;emploi du temps des \u00e9l\u00e8ves en cas d&rsquo;absence de courte dur\u00e9e des personnels enseignants.<\/strong> Les <strong>enseignants volontaires<\/strong> pour assurer un volume horaire de remplacement de courte dur\u00e9e durant l&rsquo;ann\u00e9e scolaire sont prioritairement sollicit\u00e9s pour effectuer ces remplacements sous la forme d&rsquo;heures d&rsquo;enseignement. <strong>Les assistants d&rsquo;\u00e9ducation pourront assurer l&rsquo;encadrement de s\u00e9quences p\u00e9dagogiques organis\u00e9es au moyen d&rsquo;outils num\u00e9riques<\/strong>. Le d\u00e9cret pr\u00e9voit enfin la cr\u00e9ation d&rsquo;un r\u00e9f\u00e9rent acad\u00e9mique en charge du pilotage et du suivi du remplacement de courte dur\u00e9e au niveau acad\u00e9mique.<br>R\u00e9f\u00e9rences : le d\u00e9cret peut \u00eatre consult\u00e9 sur le site L\u00e9gifrance (https:\/\/www.legifrance.gouv.fr).<\/p>\n\n\n\n<p>Dans le cadre de la pr\u00e9paration de la rentr\u00e9e scolaire, <strong>le chef d&rsquo;\u00e9tablissement \u00e9labore, en concertation avec les \u00e9quipes p\u00e9dagogiques et \u00e9ducatives, un plan annuel visant \u00e0 assurer effectivement les heures pr\u00e9vues par l&#8217;emploi du temps des \u00e9l\u00e8ves en cas d&rsquo;absences de courte dur\u00e9e des personnels enseignants.<\/strong> Il comprend obligatoirement les \u00e9l\u00e9ments assurant la mise en \u0153uvre des dispositions des articles 5 \u00e0 7.<br>Le plan est pr\u00e9sent\u00e9 par le chef d&rsquo;\u00e9tablissement au <strong>conseil d&rsquo;administration<\/strong>, apr\u00e8s consultation du conseil p\u00e9dagogique, et <strong>transmis au recteur d&rsquo;acad\u00e9mie<\/strong>, qui s&rsquo;assure de sa conformit\u00e9 aux objectifs fix\u00e9s en application de l&rsquo;<a href=\"https:\/\/www.legifrance.gouv.fr\/affichCodeArticle.do?cidTexte=LEGITEXT000006071191&amp;idArticle=LEGIARTI000018377420&amp;dateTexte=&amp;categorieLien=cid\">article R. 421-4 du code de l&rsquo;\u00e9ducation<\/a>.<br>Le<strong> chef d&rsquo;\u00e9tablissement rend compte au conseil d&rsquo;administration et au recteur d&rsquo;acad\u00e9mie au moins deux fois par an de la mise en \u0153uvre de ce plan<\/strong>.<br>Le chef d&rsquo;\u00e9tablissement transmet aux autorit\u00e9s acad\u00e9miques et minist\u00e9rielles les donn\u00e9es n\u00e9cessaires au suivi de la mise en \u0153uvre du remplacement de courte dur\u00e9e dans les conditions d\u00e9finies par un arr\u00eat\u00e9 du ministre charg\u00e9 de l&rsquo;\u00e9ducation nationale.<\/p>\n\n\n\n<p>Les <strong>remplacements de courte dur\u00e9e sont prioritairement assur\u00e9s sous la forme d&rsquo;heures d&rsquo;enseignement<\/strong>.<br>Toutefois, pour assurer effectivement les heures pr\u00e9vues \u00e0 l&#8217;emploi du temps des \u00e9l\u00e8ves, <strong>des s\u00e9quences p\u00e9dagogiques peuvent \u00eatre organis\u00e9es au moyen d&rsquo;outils num\u00e9riques<\/strong>. Ces s\u00e9quences p\u00e9dagogiques peuvent \u00eatre <strong>encadr\u00e9es par des assistants d&rsquo;\u00e9ducation<\/strong>.<\/p>\n\n\n\n<p>Pour la mise en \u0153uvre du plan mentionn\u00e9 \u00e0 l&rsquo;article 2, <strong>le chef d&rsquo;\u00e9tablissement sollicite prioritairement les personnels enseignants qui se sont engag\u00e9s, sur une base volontaire<\/strong>, \u00e0 assurer un volume horaire de remplacement de courte dur\u00e9e durant l&rsquo;ann\u00e9e scolaire.<br>Ces <strong>enseignants communiquent au chef d&rsquo;\u00e9tablissement des cr\u00e9neaux fixes d&rsquo;au moins une heure dans la semaine, durant lesquels ils peuvent \u00eatre appel\u00e9s afin d&rsquo;assurer un remplacement. Le plan d\u00e9termine le nombre de cr\u00e9neaux ainsi que le d\u00e9lai dans lequel une heure de remplacement peut \u00eatre confi\u00e9e \u00e0 ces enseignants.<\/strong><br>Le <strong>chef d&rsquo;\u00e9tablissement fait prioritairement appel \u00e0 ces enseignants pour assurer des heures d&rsquo;enseignement en tenant compte des cr\u00e9neaux communiqu\u00e9s.<\/strong> Les <strong>enseignants concern\u00e9s <em>ne peuvent refuser<\/em> d&rsquo;assurer un remplacement sur l&rsquo;un de ces cr\u00e9neaux qu&rsquo;avec un motif l\u00e9gitime d&rsquo;absence en application des r\u00e8gles r\u00e9gissant les autorisations d&rsquo;absence.<\/strong><br>Les enseignants s&rsquo;\u00e9tant ainsi engag\u00e9s \u00e0 assurer un volume horaire de remplacement de courte dur\u00e9e sont r\u00e9mun\u00e9r\u00e9s dans les conditions pr\u00e9vues par le <a href=\"https:\/\/www.legifrance.gouv.fr\/affichTexte.do?cidTexte=JORFTEXT000000725858&amp;categorieLien=cid\">d\u00e9cret n\u00b0 93-55 du 15 janvier 1993<\/a> instituant une indemnit\u00e9 de suivi et d&rsquo;orientation des \u00e9l\u00e8ves en faveur des personnels enseignants du second degr\u00e9.<\/p>\n\n\n\n<p>Le chef d&rsquo;\u00e9tablissement peut \u00e9galement solliciter les enseignants, <strong>en cours d&rsquo;ann\u00e9e scolaire et sur la base du volontariat<\/strong>, pour assurer des heures de remplacement.<br>Le chef d&rsquo;\u00e9tablissement peut aussi faire appel, en tant que de besoin et apr\u00e8s accord du recteur d&rsquo;acad\u00e9mie, \u00e0 <strong>des personnels enseignants rempla\u00e7ants<\/strong> r\u00e9gis par le <a href=\"https:\/\/www.legifrance.gouv.fr\/affichTexte.do?cidTexte=JORFTEXT000000212764&amp;categorieLien=cid\">d\u00e9cret du 17 septembre 1999 susvis\u00e9<\/a>, <strong>si ceux-ci sont disponibles<\/strong>. Ces personnels sont alors affect\u00e9s dans les conditions pr\u00e9vues par le deuxi\u00e8me alin\u00e9a de l&rsquo;article 3 du m\u00eame d\u00e9cret.<br>Les enseignants mentionn\u00e9s au premier alin\u00e9a sont r\u00e9mun\u00e9r\u00e9s dans les conditions pr\u00e9vues par le <a href=\"https:\/\/www.legifrance.gouv.fr\/affichTexte.do?cidTexte=JORFTEXT000000489039&amp;categorieLien=cid\">d\u00e9cret n\u00b0 50-1253 du 6 octobre 1950<\/a> fixant <strong>les taux de r\u00e9mun\u00e9ration des heures suppl\u00e9mentaires d&rsquo;enseignement<\/strong> effectu\u00e9es par des personnels enseignants des \u00e9tablissements d&rsquo;enseignement du second degr\u00e9.<\/p>\n\n\n\n<p>Article complet: <a href=\"https:\/\/www.legifrance.gouv.fr\/download\/pdf?id=GRqEXBtcolqqdSAistw5ZHbBLuFm-kWoqBedL_cU8Ek=\" target=\"_blank\" rel=\"noreferrer noopener\">https:\/\/www.legifrance.gouv.fr\/download\/pdf?id=GRqEXBtcolqqdSAistw5ZHbBLuFm-kWoqBedL_cU8Ek=<\/a><\/p>\n\n\n\n<p>PS: Le d\u00e9cret n\u00b0 2023-734 du 8 ao\u00fbt 2023 abrogeant le d\u00e9cret n\u00b0 2005-1036 du 26 ao\u00fbt 2005 fixant les taux de r\u00e9mun\u00e9ration des heures suppl\u00e9mentaires d&rsquo;enseignement effectu\u00e9es au titre du d\u00e9cret n\u00b0 2005-1035 du 26 ao\u00fbt 2005 relatif au remplacement de courte dur\u00e9e des personnels enseignants dans les \u00e9tablissements d&rsquo;enseignement du second degr\u00e9: <a href=\"https:\/\/www.legifrance.gouv.fr\/download\/pdf?id=GRqEXBtcolqqdSAistw5ZEH0-O1EhNvzqkhdsD-P4D4=\" target=\"_blank\" rel=\"noreferrer noopener\">https:\/\/www.legifrance.gouv.fr\/download\/pdf?id=GRqEXBtcolqqdSAistw5ZEH0-O1EhNvzqkhdsD-P4D4=<\/a><\/p>\n\n\n\n<div data-wp-interactive=\"core\/file\" class=\"wp-block-file\"><object data-wp-bind--hidden=\"!state.hasPdfPreview\" hidden class=\"wp-block-file__embed\" data=\"https:\/\/snalc.org\/snalc2023\/wp-content\/uploads\/2023\/08\/joe_20230809_0183_0013.pdf\" type=\"application\/pdf\" style=\"width:100%;height:600px\" aria-label=\"Contenu embarqu\u00e9 joe_20230809_0183_0013.\"><\/object><a id=\"wp-block-file--media-f5765cb0-16a7-4177-bb3e-0d301b85ea2d\" href=\"https:\/\/snalc.org\/snalc2023\/wp-content\/uploads\/2023\/08\/joe_20230809_0183_0013.pdf\">joe_20230809_0183_0013<\/a><a href=\"https:\/\/snalc.org\/snalc2023\/wp-content\/uploads\/2023\/08\/joe_20230809_0183_0013.pdf\" class=\"wp-block-file__button wp-element-button\" download aria-describedby=\"wp-block-file--media-f5765cb0-16a7-4177-bb3e-0d301b85ea2d\">T\u00e9l\u00e9charger<\/a><\/div>\n\n\n\n<figure class=\"wp-block-embed is-type-video is-provider-youtube wp-block-embed-youtube wp-embed-aspect-16-9 wp-has-aspect-ratio\"><div class=\"wp-block-embed__wrapper\">\n<iframe title=\"Le Pacte dans le premier degr\u00e9\" width=\"500\" height=\"281\" src=\"https:\/\/www.youtube.com\/embed\/8jRDqBDESI4?feature=oembed\" frameborder=\"0\" allow=\"accelerometer; autoplay; clipboard-write; encrypted-media; gyroscope; picture-in-picture; web-share\" referrerpolicy=\"strict-origin-when-cross-origin\" allowfullscreen><\/iframe>\n<\/div><\/figure>\n\n\n\n<figure class=\"wp-block-embed is-type-video is-provider-youtube wp-block-embed-youtube wp-embed-aspect-16-9 wp-has-aspect-ratio\"><div class=\"wp-block-embed__wrapper\">\n<iframe title=\"Le pacte enseignant est dangereux\" width=\"500\" height=\"281\" src=\"https:\/\/www.youtube.com\/embed\/ZUagkV_MOiM?feature=oembed\" frameborder=\"0\" allow=\"accelerometer; autoplay; clipboard-write; encrypted-media; gyroscope; picture-in-picture; web-share\" referrerpolicy=\"strict-origin-when-cross-origin\" allowfullscreen><\/iframe>\n<\/div><\/figure>\n","protected":false},"excerpt":{"rendered":"<p>Publics concern\u00e9s : personnels enseignants du second degr\u00e9, assistants d&rsquo;\u00e9ducation.Objet : remplacement de courte dur\u00e9e.Entr\u00e9e en vigueur : le texte entre en vigueur le lendemain de sa publication.Notice : le [&hellip;]<\/p>\n","protected":false},"author":1,"featured_media":0,"comment_status":"closed","ping_status":"closed","sticky":false,"template":"","format":"standard","meta":{"_lmt_disableupdate":"","_lmt_disable":"","site-sidebar-layout":"default","site-content-layout":"","ast-site-content-layout":"default","site-content-style":"default","site-sidebar-style":"default","ast-global-header-display":"","ast-banner-title-visibility":"","ast-main-header-display":"","ast-hfb-above-header-display":"","ast-hfb-below-header-display":"","ast-hfb-mobile-header-display":"","site-post-title":"","ast-breadcrumbs-content":"","ast-featured-img":"","footer-sml-layout":"","ast-disable-related-posts":"","theme-transparent-header-meta":"","adv-header-id-meta":"","stick-header-meta":"","header-above-stick-meta":"","header-main-stick-meta":"","header-below-stick-meta":"","astra-migrate-meta-layouts":"default","ast-page-background-enabled":"default","ast-page-background-meta":{"desktop":{"background-color":"var(--ast-global-color-4)","background-image":"","background-repeat":"repeat","background-position":"center center","background-size":"auto","background-attachment":"scroll","background-type":"","background-media":"","overlay-type":"","overlay-color":"","overlay-opacity":"","overlay-gradient":""},"tablet":{"background-color":"","background-image":"","background-repeat":"repeat","background-position":"center center","background-size":"auto","background-attachment":"scroll","background-type":"","background-media":"","overlay-type":"","overlay-color":"","overlay-opacity":"","overlay-gradient":""},"mobile":{"background-color":"","background-image":"","background-repeat":"repeat","background-position":"center center","background-size":"auto","background-attachment":"scroll","background-type":"","background-media":"","overlay-type":"","overlay-color":"","overlay-opacity":"","overlay-gradient":""}},"ast-content-background-meta":{"desktop":{"background-color":"var(--ast-global-color-5)","background-image":"","background-repeat":"repeat","background-position":"center center","background-size":"auto","background-attachment":"scroll","background-type":"","background-media":"","overlay-type":"","overlay-color":"","overlay-opacity":"","overlay-gradient":""},"tablet":{"background-color":"var(--ast-global-color-5)","background-image":"","background-repeat":"repeat","background-position":"center center","background-size":"auto","background-attachment":"scroll","background-type":"","background-media":"","overlay-type":"","overlay-color":"","overlay-opacity":"","overlay-gradient":""},"mobile":{"background-color":"var(--ast-global-color-5)","background-image":"","background-repeat":"repeat","background-position":"center center","background-size":"auto","background-attachment":"scroll","background-type":"","background-media":"","overlay-type":"","overlay-color":"","overlay-opacity":"","overlay-gradient":""}},"footnotes":""},"categories":[38],"tags":[],"class_list":["post-1904","post","type-post","status-publish","format-standard","hentry","category-actualites-2023-2024"],"modified_by":"slecourtier","_links":{"self":[{"href":"https:\/\/snalc.org\/snalc2023\/index.php?rest_route=\/wp\/v2\/posts\/1904","targetHints":{"allow":["GET"]}}],"collection":[{"href":"https:\/\/snalc.org\/snalc2023\/index.php?rest_route=\/wp\/v2\/posts"}],"about":[{"href":"https:\/\/snalc.org\/snalc2023\/index.php?rest_route=\/wp\/v2\/types\/post"}],"author":[{"embeddable":true,"href":"https:\/\/snalc.org\/snalc2023\/index.php?rest_route=\/wp\/v2\/users\/1"}],"replies":[{"embeddable":true,"href":"https:\/\/snalc.org\/snalc2023\/index.php?rest_route=%2Fwp%2Fv2%2Fcomments&post=1904"}],"version-history":[{"count":7,"href":"https:\/\/snalc.org\/snalc2023\/index.php?rest_route=\/wp\/v2\/posts\/1904\/revisions"}],"predecessor-version":[{"id":1915,"href":"https:\/\/snalc.org\/snalc2023\/index.php?rest_route=\/wp\/v2\/posts\/1904\/revisions\/1915"}],"wp:attachment":[{"href":"https:\/\/snalc.org\/snalc2023\/index.php?rest_route=%2Fwp%2Fv2%2Fmedia&parent=1904"}],"wp:term":[{"taxonomy":"category","embeddable":true,"href":"https:\/\/snalc.org\/snalc2023\/index.php?rest_route=%2Fwp%2Fv2%2Fcategories&post=1904"},{"taxonomy":"post_tag","embeddable":true,"href":"https:\/\/snalc.org\/snalc2023\/index.php?rest_route=%2Fwp%2Fv2%2Ftags&post=1904"}],"curies":[{"name":"wp","href":"https:\/\/api.w.org\/{rel}","templated":true}]}}