{"id":1924,"date":"2023-08-12T09:50:31","date_gmt":"2023-08-12T07:50:31","guid":{"rendered":"https:\/\/snalc.org\/snalc2023\/?p=1924"},"modified":"2023-08-12T09:50:34","modified_gmt":"2023-08-12T07:50:34","slug":"decret-n-2023-765-du-11-aout-2023-relatif-au-versement-dune-allocation-en-faveur-des-lyceens-de-la-voie-professionnelle-dans-le-cadre-de-la-valorisation-des-periodes-de-formation-en-milieu-pro","status":"publish","type":"post","link":"https:\/\/snalc.org\/snalc2023\/?p=1924","title":{"rendered":"D\u00e9cret n\u00b0 2023-765 du 11 ao\u00fbt 2023 relatif au versement d&rsquo;une allocation en faveur des lyc\u00e9ens de la voie professionnelle dans le cadre de la valorisation des p\u00e9riodes de formation en milieu professionnel"},"content":{"rendered":"\n<p><strong>Publics concern\u00e9s :<\/strong> les<strong> lyc\u00e9ens sous statut scolaire, inscrits dans les \u00e9tablissements (lyc\u00e9e professionnel, lyc\u00e9e polyvalent) publics ou priv\u00e9s sous contrat d&rsquo;association dans le cadre de l&rsquo;enseignement secondaire professionnel,<\/strong> ainsi que les \u00e9l\u00e8ves inscrits dans certains \u00e9tablissements relevant du service public de l&rsquo;\u00e9ducation (\u00e9tablissements r\u00e9gionaux d&rsquo;enseignement adapt\u00e9, \u00e9cole des pupilles de l&rsquo;air et de l&rsquo;espace\u2026).<br><strong>Objet : l<\/strong>e d\u00e9cret instaure <strong>une allocation financi\u00e8re \u00e0 ces publics, reconnaissant leur engagement lors des p\u00e9riodes de formation en milieu professionnel (<\/strong>PFMP) encadr\u00e9es par convention et exig\u00e9es dans le cadre de leur formation pr\u00e9paratoire aux<strong> dipl\u00f4mes professionnels de niveau 3 et 4<\/strong> d\u00e9livr\u00e9s par les minist\u00e8res en charge de l&rsquo;\u00e9ducation nationale, de l&rsquo;agriculture et de la mer ou dans le cadre de formations compl\u00e9mentaires d&rsquo;initiative locale ou dans le cadre du parcours Ambition emploi.<br><strong>Entr\u00e9e en vigueur :<\/strong> le texte entre en vigueur <strong>au 1er septembre 2023.<\/strong> Le versement de l&rsquo;allocation par l&rsquo;Agence de services et de paiement pour les p\u00e9riodes de formations en milieu professionnel r\u00e9alis\u00e9es en 2023 interviendra <strong>\u00e0 compter du 1er janvier 2024.<\/strong><br><strong>Notice :<\/strong> le d\u00e9cret cadre les modalit\u00e9s d&rsquo;attribution et de versement de cette allocation financi\u00e8re. Il est compl\u00e9t\u00e9 par un arr\u00eat\u00e9 qui pr\u00e9cise les montants, plafonds, base de calcul de cette allocation, ainsi que le processus conduisant \u00e0 ce versement.<br>Les sommes per\u00e7ues au titre de cette allocation ne sont pas prises en compte dans le calcul de l&rsquo;imp\u00f4t sur le revenu du foyer fiscal sur le fondement du <a href=\"https:\/\/www.legifrance.gouv.fr\/affichCodeArticle.do?cidTexte=LEGITEXT000006069577&amp;idArticle=LEGIARTI000006307821&amp;dateTexte=29990101&amp;categorieLien=cid\">36\u00b0 de l&rsquo;article 81 du code g\u00e9n\u00e9ral des imp\u00f4ts<\/a>, qui pr\u00e9voit une exemption pour les r\u00e9mun\u00e9rations d&rsquo;activit\u00e9 per\u00e7ues par les jeunes de moins de 25 ans pendant leurs \u00e9tudes, dans la limite de 3 SMIC.<br>R\u00e9f\u00e9rences : le texte peut \u00eatre consult\u00e9 sur le site L\u00e9gifrance (https:\/\/www.legifrance.gouv.fr).<\/p>\n\n\n\n<p><a href=\"https:\/\/www.legifrance.gouv.fr\/download\/pdf?id=xoOTFeQ8BW9VOaOJ6YHPwiBfN3SpwEW5zCoQtG6q22E=\">https:\/\/www.legifrance.gouv.fr\/download\/pdf?id=xoOTFeQ8BW9VOaOJ6YHPwiBfN3SpwEW5zCoQtG6q22E=<\/a><\/p>\n\n\n\n<div data-wp-interactive=\"core\/file\" class=\"wp-block-file\"><object data-wp-bind--hidden=\"!state.hasPdfPreview\" hidden class=\"wp-block-file__embed\" data=\"https:\/\/snalc.org\/snalc2023\/wp-content\/uploads\/2023\/08\/joe_20230812_0186_0010.pdf\" type=\"application\/pdf\" style=\"width:100%;height:600px\" aria-label=\"Contenu embarqu\u00e9 joe_20230812_0186_0010.\"><\/object><a id=\"wp-block-file--media-c688029a-7fc5-463c-89fa-4c103a45436b\" href=\"https:\/\/snalc.org\/snalc2023\/wp-content\/uploads\/2023\/08\/joe_20230812_0186_0010.pdf\">joe_20230812_0186_0010<\/a><a href=\"https:\/\/snalc.org\/snalc2023\/wp-content\/uploads\/2023\/08\/joe_20230812_0186_0010.pdf\" class=\"wp-block-file__button wp-element-button\" download aria-describedby=\"wp-block-file--media-c688029a-7fc5-463c-89fa-4c103a45436b\">T\u00e9l\u00e9charger<\/a><\/div>\n\n\n\n<p><a href=\"https:\/\/www.legifrance.gouv.fr\/download\/pdf?id=xoOTFeQ8BW9VOaOJ6YHPwhkYGabP8ba49aO-f7x1w_c=\">https:\/\/www.legifrance.gouv.fr\/download\/pdf?id=xoOTFeQ8BW9VOaOJ6YHPwhkYGabP8ba49aO-f7x1w_c=<\/a><\/p>\n\n\n\n<figure class=\"wp-block-table\"><table><tbody><tr><th>Dipl\u00f4me et ann\u00e9e de formation<\/th><th>Base de calcul : forfait journalier<\/th><\/tr><tr><td>Certificat d&rsquo;Aptitude Professionnelle &#8211; 1re ann\u00e9e<\/td><td>10 euros par jour.<\/td><\/tr><tr><td>Certificat d&rsquo;Aptitude Professionnelle &#8211; 2e ann\u00e9e<\/td><td>15 euros par jour<\/td><\/tr><tr><td>Certificat d&rsquo;Aptitude Professionnelle en un an<\/td><td>15 euros par jour<\/td><\/tr><tr><td>Certificat d&rsquo;Aptitude Professionnelle en trois ans<\/td><td>15 euros par jour pour les deux derni\u00e8res ann\u00e9es<\/td><\/tr><tr><td>Baccalaur\u00e9at Professionnel &#8211; seconde professionnelle<\/td><td>10 euros par jour<\/td><\/tr><tr><td>Baccalaur\u00e9at Professionnel &#8211; 1re professionnelle<\/td><td>15 euros par jour<\/td><\/tr><tr><td>Baccalaur\u00e9at professionnel &#8211; terminale professionnelle<\/td><td>20 euros par jour<\/td><\/tr><tr><td>Baccalaur\u00e9at professionnel en un an<\/td><td>20 euros par jour<\/td><\/tr><tr><td>Brevet des m\u00e9tiers d&rsquo;art &#8211; 1re ann\u00e9e<br>Et dipl\u00f4me de technicien des m\u00e9tiers du spectacle &#8211; 1re ann\u00e9e<\/td><td>15 euros par jour<\/td><\/tr><tr><td>Brevet des m\u00e9tiers d&rsquo;art &#8211; 2e ann\u00e9e<br>Et dipl\u00f4me de technicien des m\u00e9tiers du spectacle &#8211; 2e ann\u00e9e<\/td><td>20 euros par jour<\/td><\/tr><tr><td>Brevet des m\u00e9tiers d&rsquo;art en un an<br>Et dipl\u00f4me de technicien des m\u00e9tiers du spectacle en un an<\/td><td>20 euros par jour<\/td><\/tr><tr><td>Mention compl\u00e9mentaire de niveau 3<\/td><td>15 euros par jour<\/td><\/tr><tr><td>Mention compl\u00e9mentaire de niveau 4<\/td><td>20 euros par jour<\/td><\/tr><tr><td>Formation compl\u00e9mentaire d&rsquo;initiative locale post niveau 3<\/td><td>15 euros par jour<\/td><\/tr><tr><td>Formation compl\u00e9mentaire d&rsquo;initiative locale post niveau 4<\/td><td>20 euros par jour<\/td><\/tr><tr><td>Compl\u00e9ment de formation initiale \u00e0 finalit\u00e9 professionnelle non certifiant dans le cadre du dispositif Ambition Emploi &#8211; post niveau 3<\/td><td>15 euros par jour<\/td><\/tr><tr><td>Compl\u00e9ment de formation initiale \u00e0 finalit\u00e9 professionnelle non certifiant dans le cadre du dispositif Ambition Emploi &#8211; post niveau 4<\/td><td>20 euros par jour<\/td><\/tr><\/tbody><\/table><\/figure>\n\n\n\n<figure class=\"wp-block-table\"><table><tbody><tr><th>Intitul\u00e9 dipl\u00f4me<\/th><th>Plafonds en euros selon r\u00e9partition annuelle<\/th><th>Nombre maximal de semaines de formation en milieu professionnel sur le cursus<\/th><\/tr><tr><td colspan=\"3\">Certifications d\u00e9livr\u00e9es par le minist\u00e8re de l&rsquo;\u00e9ducation nationale et de la jeunesse<\/td><\/tr><tr><td>Certificat d&rsquo;aptitude professionnelle<\/td><td>Les plafonds en euros par ann\u00e9e du cycle correspondent au nombre de semaines maximum de PFMP par ann\u00e9e du cycle pr\u00e9cis\u00e9es dans l&rsquo;annexe de l&rsquo;arr\u00eat\u00e9 du 21 novembre 2018 relatif \u00e0 l&rsquo;organisation et aux enseignements dispens\u00e9s dans les formations sous statut scolaire pr\u00e9parant au certificat d&rsquo;aptitude professionnelle.<\/td><td>14 semaines (<a href=\"https:\/\/www.legifrance.gouv.fr\/affichCode.do?cidTexte=LEGITEXT000006071191&amp;dateTexte=&amp;categorieLien=cid\">code de l&rsquo;\u00e9ducation<\/a>)<\/td><\/tr><tr><td>Baccalaur\u00e9at professionnel<\/td><td>Les plafonds en euros par ann\u00e9e du cycle correspondent au nombre de semaines maximum de PFMP par ann\u00e9e du cycle pr\u00e9cis\u00e9es dans l&rsquo;annexe de l&rsquo;arr\u00eat\u00e9 du 21 novembre 2018 relatif aux enseignements dispens\u00e9s dans les formations sous statut scolaire pr\u00e9parant au baccalaur\u00e9at professionnel.<\/td><td>26 semaines (<a href=\"https:\/\/www.legifrance.gouv.fr\/affichCode.do?cidTexte=LEGITEXT000006071191&amp;dateTexte=&amp;categorieLien=cid\">code de l&rsquo;\u00e9ducation<\/a>)<\/td><\/tr><tr><td>Brevet des m\u00e9tiers d&rsquo;art<br>Et dipl\u00f4me de technicien des m\u00e9tiers du spectacle<\/td><td>&#8211; 1re ann\u00e9e : plafond annuel de 600 euros<br>&#8211; 2e ann\u00e9e de BMA et BMA ou DTMS pr\u00e9par\u00e9s en un an : plafond annuel de 800 euros<\/td><td>16 semaines (<a href=\"https:\/\/www.legifrance.gouv.fr\/affichCode.do?cidTexte=LEGITEXT000006071191&amp;dateTexte=&amp;categorieLien=cid\">code de l&rsquo;\u00e9ducation<\/a>)<\/td><\/tr><tr><td>Mention compl\u00e9mentaire (niveau 3 et 4)<\/td><td>&#8211; Niveau 3 : plafond annuel de 1350 euros<br>&#8211; Niveau 4 : plafond annuel de 1800 euros<\/td><td>18 semaines (<a href=\"https:\/\/www.legifrance.gouv.fr\/affichCode.do?cidTexte=LEGITEXT000006071191&amp;dateTexte=&amp;categorieLien=cid\">code de l&rsquo;\u00e9ducation<\/a>)<\/td><\/tr><tr><td>Formation compl\u00e9mentaire d&rsquo;initiative locale<\/td><td>&#8211; Niveau 3 : plafond annuel de 1350 euros<br>&#8211; Niveau 4 : plafond annuel de 1800 euros<\/td><td>18 semaines<\/td><\/tr><tr><td>Compl\u00e9ment de formation initiale \u00e0 finalit\u00e9 professionnelle non certifiant dans le cadre du dispositif Ambition Emploi<\/td><td>&#8211; Niveau 3 : plafond annuel de 750 euros<br>&#8211; Niveau 4 : plafond annuel de 1000 euros<\/td><td>10 semaines<\/td><\/tr><tr><td colspan=\"3\">Certifications d\u00e9livr\u00e9es par le minist\u00e8re de l&rsquo;agriculture et de la souverainet\u00e9 alimentaire<\/td><\/tr><tr><td>Sp\u00e9cialit\u00e9 du certificat d&rsquo;aptitude professionnelle agricole (CAPa) d\u00e9livr\u00e9 par le MASA<\/td><td>&#8211; premi\u00e8re ann\u00e9e : plafond annuel de 450 euros<br>&#8211; deuxi\u00e8me ann\u00e9e et CAPa pr\u00e9par\u00e9 en un an : plafond annuel de 675 euros<\/td><td>18 semaines (<a href=\"https:\/\/www.legifrance.gouv.fr\/affichCode.do?cidTexte=LEGITEXT000006071367&amp;dateTexte=&amp;categorieLien=cid\">code rural et de la p\u00eache maritime<\/a>)<\/td><\/tr><tr><td>Sp\u00e9cialit\u00e9 du baccalaur\u00e9at professionnel d\u00e9livr\u00e9es par le MASA<\/td><td>&#8211; seconde professionnelle : plafond annuel de 300 euros<br>&#8211; premi\u00e8re professionnelle : plafond annuel de 900 euros<br>&#8211; terminale professionnelle et bac professionnel pr\u00e9par\u00e9 en un an : plafond annuel de 800 euros<\/td><td>26 semaines (<a href=\"https:\/\/www.legifrance.gouv.fr\/affichCode.do?cidTexte=LEGITEXT000006071191&amp;dateTexte=&amp;categorieLien=cid\">code de l&rsquo;\u00e9ducation<\/a>)<\/td><\/tr><tr><td colspan=\"3\">Certifications d\u00e9livr\u00e9es par le secr\u00e9tariat d&rsquo;\u00c9tat, charg\u00e9 de la mer<\/td><\/tr><tr><td>Certificat d&rsquo;aptitude professionnelle<\/td><td>&#8211; 1re ann\u00e9e CAP maritime (1) et CAP maritime de conchyliculture (2) : plafond annuel de 300 euros<br>&#8211; 2e ann\u00e9e CAP maritime et CAP maritime de conchyliculture : plafond annuel de 450 euros<\/td><td>14 semaines (<a href=\"https:\/\/www.legifrance.gouv.fr\/affichCode.do?cidTexte=LEGITEXT000006071191&amp;dateTexte=&amp;categorieLien=cid\">code de l&rsquo;\u00e9ducation<\/a>)<\/td><\/tr><tr><td>Baccalaur\u00e9at professionnel<\/td><td>&#8211; seconde professionnelle : plafond annuel de 200 euros<br>&#8211; premi\u00e8re professionnelle :<br>&#8211; Sp\u00e9cialit\u00e9s conduite et gestion des entreprises maritimes p\u00eache (3) ou commerce\/plaisance professionnelle (4), \u00e9lectrom\u00e9canicien marine (5) et polyvalent navigant pont\/machine (6) : plafond annuel de 450 euros<br>&#8211; Sp\u00e9cialit\u00e9 cultures marines (7) : plafond annuel 600 euros<br>&#8211; terminale professionnelle :<br>&#8211; Sp\u00e9cialit\u00e9s conduite et gestion des entreprises maritimes p\u00eache ou commerce\/plaisance professionnelle, \u00e9lectrom\u00e9canicien marine et polyvalent navigant pont\/machine : plafond annuel de 800 euros<br>&#8211; Sp\u00e9cialit\u00e9 cultures marines : plafond annuel de 700 euros<\/td><td>26 semaines (<a href=\"https:\/\/www.legifrance.gouv.fr\/affichCode.do?cidTexte=LEGITEXT000006071191&amp;dateTexte=&amp;categorieLien=cid\">code de l&rsquo;\u00e9ducation<\/a>)<\/td><\/tr><\/tbody><\/table><\/figure>\n\n\n\n<div data-wp-interactive=\"core\/file\" class=\"wp-block-file\"><object data-wp-bind--hidden=\"!state.hasPdfPreview\" hidden class=\"wp-block-file__embed\" data=\"https:\/\/snalc.org\/snalc2023\/wp-content\/uploads\/2023\/08\/joe_20230812_0186_0011.pdf\" type=\"application\/pdf\" style=\"width:100%;height:600px\" aria-label=\"Contenu embarqu\u00e9 joe_20230812_0186_0011.\"><\/object><a id=\"wp-block-file--media-f7343f70-9f87-4bac-b711-dd8bb40b376c\" href=\"https:\/\/snalc.org\/snalc2023\/wp-content\/uploads\/2023\/08\/joe_20230812_0186_0011.pdf\">joe_20230812_0186_0011<\/a><a href=\"https:\/\/snalc.org\/snalc2023\/wp-content\/uploads\/2023\/08\/joe_20230812_0186_0011.pdf\" class=\"wp-block-file__button wp-element-button\" download aria-describedby=\"wp-block-file--media-f7343f70-9f87-4bac-b711-dd8bb40b376c\">T\u00e9l\u00e9charger<\/a><\/div>\n","protected":false},"excerpt":{"rendered":"<p>Publics concern\u00e9s : les lyc\u00e9ens sous statut scolaire, inscrits dans les \u00e9tablissements (lyc\u00e9e professionnel, lyc\u00e9e polyvalent) publics ou priv\u00e9s sous contrat d&rsquo;association dans le cadre de l&rsquo;enseignement secondaire professionnel, ainsi [&hellip;]<\/p>\n","protected":false},"author":1,"featured_media":0,"comment_status":"closed","ping_status":"closed","sticky":false,"template":"","format":"standard","meta":{"_lmt_disableupdate":"","_lmt_disable":"","site-sidebar-layout":"default","site-content-layout":"","ast-site-content-layout":"default","site-content-style":"default","site-sidebar-style":"default","ast-global-header-display":"","ast-banner-title-visibility":"","ast-main-header-display":"","ast-hfb-above-header-display":"","ast-hfb-below-header-display":"","ast-hfb-mobile-header-display":"","site-post-title":"","ast-breadcrumbs-content":"","ast-featured-img":"","footer-sml-layout":"","ast-disable-related-posts":"","theme-transparent-header-meta":"","adv-header-id-meta":"","stick-header-meta":"","header-above-stick-meta":"","header-main-stick-meta":"","header-below-stick-meta":"","astra-migrate-meta-layouts":"default","ast-page-background-enabled":"default","ast-page-background-meta":{"desktop":{"background-color":"var(--ast-global-color-4)","background-image":"","background-repeat":"repeat","background-position":"center center","background-size":"auto","background-attachment":"scroll","background-type":"","background-media":"","overlay-type":"","overlay-color":"","overlay-opacity":"","overlay-gradient":""},"tablet":{"background-color":"","background-image":"","background-repeat":"repeat","background-position":"center center","background-size":"auto","background-attachment":"scroll","background-type":"","background-media":"","overlay-type":"","overlay-color":"","overlay-opacity":"","overlay-gradient":""},"mobile":{"background-color":"","background-image":"","background-repeat":"repeat","background-position":"center center","background-size":"auto","background-attachment":"scroll","background-type":"","background-media":"","overlay-type":"","overlay-color":"","overlay-opacity":"","overlay-gradient":""}},"ast-content-background-meta":{"desktop":{"background-color":"var(--ast-global-color-5)","background-image":"","background-repeat":"repeat","background-position":"center center","background-size":"auto","background-attachment":"scroll","background-type":"","background-media":"","overlay-type":"","overlay-color":"","overlay-opacity":"","overlay-gradient":""},"tablet":{"background-color":"var(--ast-global-color-5)","background-image":"","background-repeat":"repeat","background-position":"center center","background-size":"auto","background-attachment":"scroll","background-type":"","background-media":"","overlay-type":"","overlay-color":"","overlay-opacity":"","overlay-gradient":""},"mobile":{"background-color":"var(--ast-global-color-5)","background-image":"","background-repeat":"repeat","background-position":"center center","background-size":"auto","background-attachment":"scroll","background-type":"","background-media":"","overlay-type":"","overlay-color":"","overlay-opacity":"","overlay-gradient":""}},"footnotes":""},"categories":[38],"tags":[],"class_list":["post-1924","post","type-post","status-publish","format-standard","hentry","category-actualites-2023-2024"],"modified_by":"slecourtier","_links":{"self":[{"href":"https:\/\/snalc.org\/snalc2023\/index.php?rest_route=\/wp\/v2\/posts\/1924","targetHints":{"allow":["GET"]}}],"collection":[{"href":"https:\/\/snalc.org\/snalc2023\/index.php?rest_route=\/wp\/v2\/posts"}],"about":[{"href":"https:\/\/snalc.org\/snalc2023\/index.php?rest_route=\/wp\/v2\/types\/post"}],"author":[{"embeddable":true,"href":"https:\/\/snalc.org\/snalc2023\/index.php?rest_route=\/wp\/v2\/users\/1"}],"replies":[{"embeddable":true,"href":"https:\/\/snalc.org\/snalc2023\/index.php?rest_route=%2Fwp%2Fv2%2Fcomments&post=1924"}],"version-history":[{"count":1,"href":"https:\/\/snalc.org\/snalc2023\/index.php?rest_route=\/wp\/v2\/posts\/1924\/revisions"}],"predecessor-version":[{"id":1927,"href":"https:\/\/snalc.org\/snalc2023\/index.php?rest_route=\/wp\/v2\/posts\/1924\/revisions\/1927"}],"wp:attachment":[{"href":"https:\/\/snalc.org\/snalc2023\/index.php?rest_route=%2Fwp%2Fv2%2Fmedia&parent=1924"}],"wp:term":[{"taxonomy":"category","embeddable":true,"href":"https:\/\/snalc.org\/snalc2023\/index.php?rest_route=%2Fwp%2Fv2%2Fcategories&post=1924"},{"taxonomy":"post_tag","embeddable":true,"href":"https:\/\/snalc.org\/snalc2023\/index.php?rest_route=%2Fwp%2Fv2%2Ftags&post=1924"}],"curies":[{"name":"wp","href":"https:\/\/api.w.org\/{rel}","templated":true}]}}