{"id":1931,"date":"2023-08-13T09:40:46","date_gmt":"2023-08-13T07:40:46","guid":{"rendered":"https:\/\/snalc.org\/snalc2023\/?p=1931"},"modified":"2023-08-13T09:40:50","modified_gmt":"2023-08-13T07:40:50","slug":"decret-n-2023-753-du-10-aout-2023-portant-application-de-larticle-26-de-la-loi-n-2023-270-du-14-avril-2023-de-financement-rectificative-de-la-securite-sociale-pour-2023-relatif-au-cumul","status":"publish","type":"post","link":"https:\/\/snalc.org\/snalc2023\/?p=1931","title":{"rendered":"D\u00e9cret n\u00b0 2023-753 du 10 ao\u00fbt 2023 portant application de l&rsquo;article 26 de la loi n\u00b0 2023-270 du 14 avril 2023 de financement rectificative de la s\u00e9curit\u00e9 sociale pour 2023 relatif au cumul emploi retraite et \u00e0 la retraite progressive"},"content":{"rendered":"\n<p><strong>Publics concern\u00e9s<\/strong> : assur\u00e9s et pensionn\u00e9s relevant du r\u00e9gime g\u00e9n\u00e9ral, <strong>du r\u00e9gime de la fonction publique de l&rsquo;Etat<\/strong>, des r\u00e9gimes sp\u00e9ciaux, du r\u00e9gime des salari\u00e9s et non-salari\u00e9s agricoles et des r\u00e9gimes d&rsquo;assurance vieillesses des professions lib\u00e9rales et des avocats.<br><strong>Objet :<\/strong> dispositions d&rsquo;application de l&rsquo;article 26 de la loi du 14 avril 2023 de financement rectificative de la s\u00e9curit\u00e9 sociale pour 2023, relatives au<strong> cumul emploi-retraite et \u00e0 la retraite progressive<\/strong>.<br><strong>Entr\u00e9e en vigueur<\/strong> : le texte s&rsquo;applique aux pensions prenant effet \u00e0 compter du<strong> 1er septembre 2023.<\/strong><br><strong>Notice<\/strong> : le d\u00e9cret pr\u00e9cise <strong>le plafond annuel du montant de la seconde liquidation de pension suite \u00e0 la constitution de nouveaux droits \u00e0 pension dans le cadre du cumul d&rsquo;une pension de retraite et de revenus d&rsquo;activit\u00e9<\/strong>. Il d\u00e9termine \u00e9galement les <strong>modalit\u00e9s d&rsquo;\u00e9largissement et d&rsquo;assouplissement de l&rsquo;acc\u00e8s \u00e0 la retraite progressive<\/strong> et \u00e9tend ce dernier dispositif aux fonctionnaires civils de la fonction publique de l&rsquo;Etat, ainsi qu&rsquo;aux professionnels lib\u00e9raux et avocats.<br><strong>R\u00e9f\u00e9rences<\/strong> : le d\u00e9cret est pris pour l&rsquo;application de l&rsquo;<a href=\"https:\/\/www.legifrance.gouv.fr\/affichTexteArticle.do?cidTexte=JORFTEXT000047445077&amp;idArticle=JORFARTI000047445113&amp;categorieLien=cid\">article 26 de la loi n\u00b0 2023-270 du 14 avril 2023<\/a> de financement rectificative de la s\u00e9curit\u00e9 sociale pour 2023. Le d\u00e9cret, ainsi que les dispositions du <a href=\"https:\/\/www.legifrance.gouv.fr\/affichCode.do?cidTexte=LEGITEXT000006070302&amp;dateTexte=29990101&amp;categorieLien=cid\">code des pensions civiles et militaires de retraite<\/a>, du <a href=\"https:\/\/www.legifrance.gouv.fr\/affichCode.do?cidTexte=LEGITEXT000006071367&amp;dateTexte=29990101&amp;categorieLien=cid\">code rural et de la p\u00eache maritime<\/a>, du <a href=\"https:\/\/www.legifrance.gouv.fr\/affichCode.do?cidTexte=LEGITEXT000006073189&amp;dateTexte=29990101&amp;categorieLien=cid\">code de la s\u00e9curit\u00e9 sociale<\/a> et du <a href=\"https:\/\/www.legifrance.gouv.fr\/affichCode.do?cidTexte=LEGITEXT000006072050&amp;dateTexte=29990101&amp;categorieLien=cid\">code du travail<\/a> qu&rsquo;il modifie, peuvent \u00eatre consult\u00e9s, dans leur r\u00e9daction issue de cette modification, sur le site L\u00e9gifrance (https:\/\/www.legifrance.gouv.fr).<\/p>\n\n\n\n<p><a href=\"https:\/\/www.legifrance.gouv.fr\/download\/pdf?id=wenINInj0af_rNxiLXR3Rp2zOEMPNS_l_Q0i6YubOeI=\">https:\/\/www.legifrance.gouv.fr\/download\/pdf?id=wenINInj0af_rNxiLXR3Rp2zOEMPNS_l_Q0i6YubOeI=<\/a><\/p>\n\n\n\n<div data-wp-interactive=\"core\/file\" class=\"wp-block-file\"><object data-wp-bind--hidden=\"!state.hasPdfPreview\" hidden class=\"wp-block-file__embed\" data=\"https:\/\/snalc.org\/snalc2023\/wp-content\/uploads\/2023\/08\/joe_20230811_0185_0029.pdf\" type=\"application\/pdf\" style=\"width:100%;height:600px\" aria-label=\"Contenu embarqu\u00e9 joe_20230811_0185_0029.\"><\/object><a id=\"wp-block-file--media-ecdc6760-c19e-479c-ac21-e441f95f394d\" href=\"https:\/\/snalc.org\/snalc2023\/wp-content\/uploads\/2023\/08\/joe_20230811_0185_0029.pdf\">joe_20230811_0185_0029<\/a><a href=\"https:\/\/snalc.org\/snalc2023\/wp-content\/uploads\/2023\/08\/joe_20230811_0185_0029.pdf\" class=\"wp-block-file__button wp-element-button\" download aria-describedby=\"wp-block-file--media-ecdc6760-c19e-479c-ac21-e441f95f394d\">T\u00e9l\u00e9charger<\/a><\/div>\n\n\n\n<p class=\"has-luminous-vivid-orange-color has-text-color\">-&gt;<strong> Fr\u00e9d\u00e9ric Eleuche, responsable \u00ab\u00a0retraite\u00a0\u00bb au bureau national, nous \u00e9claire sur quelques points d&rsquo;attention:<\/strong><\/p>\n\n\n\n<p><strong>LA RETRAITE PROGRESSIVE<\/strong><\/p>\n\n\n\n<p>De nouveaux d\u00e9crets du 10 ao\u00fbt 2023 permettent l\u2019application de la loi du 14 avril 2023 relatifs \u00e0 la retraite progressive et au cumul emploi retraite.<\/p>\n\n\n\n<p>La retraite progressive ne ressemble pas \u00e0 l\u2019ancienne cessation progressive d\u2019activit\u00e9 cr\u00e9\u00e9e dans les ann\u00e9es 1980 et supprim\u00e9e en 2011. Les fonctionnaires ne pourront demander la dite retraite progressive que s\u2019ils ont <strong>entre 62 et 64 ans<\/strong> et avoir d\u00e9j\u00e0 <strong>au moins 150 trimestres de dur\u00e9e d\u2019assurance<\/strong>. Ils devront travailler \u00e0 temps partiel bien entendu <strong>sans que la quotit\u00e9 soit inf\u00e9rieure \u00e0 50 %.<\/strong><br>Ils devront aussi d\u00e9terminer la quotit\u00e9 de leur service non travaill\u00e9e puisque son montant sera affect\u00e9 d\u2019un coefficient \u00e9gal \u00e0 la quotit\u00e9 non travaill\u00e9e. Ils pourront faire \u00e9voluer cette quotit\u00e9 et en cons\u00e9quence faire \u00e9voluer le montant de la pension partielle servie. Ils toucheront leur traitement partiel et un compl\u00e9ment pris sur leur future pension.<\/p>\n\n\n\n<p>Ensuite, ils devront eux-m\u00eames d\u00e9terminer la date \u00e0 partir de laquelle ils commenceront \u00e0 toucher cette retraite progressive.<\/p>\n\n\n\n<p>Enfin, la situation se complique si le fonctionnaire conform\u00e9ment \u00e0 la nouvelle loi a repris du service public apr\u00e8s son d\u00e9part \u00e0 la retraite.<\/p>\n\n\n\n<p><strong>CUMUL EMPLOI RETRAITE<\/strong><\/p>\n\n\n\n<p>Le retrait\u00e9 <strong>peut retravailler dans des activit\u00e9s \u00e0 caract\u00e8re artistique, litt\u00e9raire ou scientifique exerc\u00e9es accessoirement avant la liquidation de la pension de retraite.<\/strong> Il peut aussi participer aux activit\u00e9s juridictionnelles ou assimil\u00e9es, consultations donn\u00e9es occasionnellement, participation \u00e0 des jurys de concours publics. Il peut m\u00eame exercer une activit\u00e9 d\u2019h\u00e9bergement en milieu rural r\u00e9alis\u00e9e avec des biens patrimoniaux. Ce cumul emploi retraite est compatible avec la retraite progressive. Il acquiert ainsi de nouveaux droits \u00e0 pension.<\/p>\n\n\n\n<p>Il peut aussi avoir une activit\u00e9 de parrainage et m\u00eame faire des vacations dans des \u00e9tablissements de sant\u00e9 sur leur demande, mais dans certaines limites.<\/p>\n\n\n\n<p>Pour tous conseils sur le sujet: <a href=\"mailto:Frederic.Eleuche@wanadoo.fr\">Frederic.Eleuche@wanadoo.fr<\/a><\/p>\n","protected":false},"excerpt":{"rendered":"<p>Publics concern\u00e9s : assur\u00e9s et pensionn\u00e9s relevant du r\u00e9gime g\u00e9n\u00e9ral, du r\u00e9gime de la fonction publique de l&rsquo;Etat, des r\u00e9gimes sp\u00e9ciaux, du r\u00e9gime des salari\u00e9s et non-salari\u00e9s agricoles et des [&hellip;]<\/p>\n","protected":false},"author":1,"featured_media":0,"comment_status":"closed","ping_status":"closed","sticky":false,"template":"","format":"standard","meta":{"_lmt_disableupdate":"","_lmt_disable":"","site-sidebar-layout":"default","site-content-layout":"","ast-site-content-layout":"default","site-content-style":"default","site-sidebar-style":"default","ast-global-header-display":"","ast-banner-title-visibility":"","ast-main-header-display":"","ast-hfb-above-header-display":"","ast-hfb-below-header-display":"","ast-hfb-mobile-header-display":"","site-post-title":"","ast-breadcrumbs-content":"","ast-featured-img":"","footer-sml-layout":"","ast-disable-related-posts":"","theme-transparent-header-meta":"","adv-header-id-meta":"","stick-header-meta":"","header-above-stick-meta":"","header-main-stick-meta":"","header-below-stick-meta":"","astra-migrate-meta-layouts":"default","ast-page-background-enabled":"default","ast-page-background-meta":{"desktop":{"background-color":"var(--ast-global-color-4)","background-image":"","background-repeat":"repeat","background-position":"center center","background-size":"auto","background-attachment":"scroll","background-type":"","background-media":"","overlay-type":"","overlay-color":"","overlay-opacity":"","overlay-gradient":""},"tablet":{"background-color":"","background-image":"","background-repeat":"repeat","background-position":"center center","background-size":"auto","background-attachment":"scroll","background-type":"","background-media":"","overlay-type":"","overlay-color":"","overlay-opacity":"","overlay-gradient":""},"mobile":{"background-color":"","background-image":"","background-repeat":"repeat","background-position":"center center","background-size":"auto","background-attachment":"scroll","background-type":"","background-media":"","overlay-type":"","overlay-color":"","overlay-opacity":"","overlay-gradient":""}},"ast-content-background-meta":{"desktop":{"background-color":"var(--ast-global-color-5)","background-image":"","background-repeat":"repeat","background-position":"center center","background-size":"auto","background-attachment":"scroll","background-type":"","background-media":"","overlay-type":"","overlay-color":"","overlay-opacity":"","overlay-gradient":""},"tablet":{"background-color":"var(--ast-global-color-5)","background-image":"","background-repeat":"repeat","background-position":"center center","background-size":"auto","background-attachment":"scroll","background-type":"","background-media":"","overlay-type":"","overlay-color":"","overlay-opacity":"","overlay-gradient":""},"mobile":{"background-color":"var(--ast-global-color-5)","background-image":"","background-repeat":"repeat","background-position":"center center","background-size":"auto","background-attachment":"scroll","background-type":"","background-media":"","overlay-type":"","overlay-color":"","overlay-opacity":"","overlay-gradient":""}},"footnotes":""},"categories":[38,26],"tags":[],"class_list":["post-1931","post","type-post","status-publish","format-standard","hentry","category-actualites-2023-2024","category-conditions-de-travail-sante"],"modified_by":"slecourtier","_links":{"self":[{"href":"https:\/\/snalc.org\/snalc2023\/index.php?rest_route=\/wp\/v2\/posts\/1931","targetHints":{"allow":["GET"]}}],"collection":[{"href":"https:\/\/snalc.org\/snalc2023\/index.php?rest_route=\/wp\/v2\/posts"}],"about":[{"href":"https:\/\/snalc.org\/snalc2023\/index.php?rest_route=\/wp\/v2\/types\/post"}],"author":[{"embeddable":true,"href":"https:\/\/snalc.org\/snalc2023\/index.php?rest_route=\/wp\/v2\/users\/1"}],"replies":[{"embeddable":true,"href":"https:\/\/snalc.org\/snalc2023\/index.php?rest_route=%2Fwp%2Fv2%2Fcomments&post=1931"}],"version-history":[{"count":4,"href":"https:\/\/snalc.org\/snalc2023\/index.php?rest_route=\/wp\/v2\/posts\/1931\/revisions"}],"predecessor-version":[{"id":1937,"href":"https:\/\/snalc.org\/snalc2023\/index.php?rest_route=\/wp\/v2\/posts\/1931\/revisions\/1937"}],"wp:attachment":[{"href":"https:\/\/snalc.org\/snalc2023\/index.php?rest_route=%2Fwp%2Fv2%2Fmedia&parent=1931"}],"wp:term":[{"taxonomy":"category","embeddable":true,"href":"https:\/\/snalc.org\/snalc2023\/index.php?rest_route=%2Fwp%2Fv2%2Fcategories&post=1931"},{"taxonomy":"post_tag","embeddable":true,"href":"https:\/\/snalc.org\/snalc2023\/index.php?rest_route=%2Fwp%2Fv2%2Ftags&post=1931"}],"curies":[{"name":"wp","href":"https:\/\/api.w.org\/{rel}","templated":true}]}}