{"id":1940,"date":"2023-08-13T09:48:31","date_gmt":"2023-08-13T07:48:31","guid":{"rendered":"https:\/\/snalc.org\/snalc2023\/?p=1940"},"modified":"2023-08-13T09:48:34","modified_gmt":"2023-08-13T07:48:34","slug":"arrete-du-11-aout-2023-fixant-au-titre-de-lannee-2023-les-elements-a-prendre-en-compte-pour-le-calcul-de-lindemnite-dite-de-gipa","status":"publish","type":"post","link":"https:\/\/snalc.org\/snalc2023\/?p=1940","title":{"rendered":"Arr\u00eat\u00e9 du 11 ao\u00fbt 2023 fixant au titre de l&rsquo;ann\u00e9e 2023 les \u00e9l\u00e9ments \u00e0 prendre en compte pour le calcul de l&rsquo;indemnit\u00e9 dite de GIPA"},"content":{"rendered":"\n<p><strong>Public concern\u00e9<\/strong> : administrations, personnels civils de l&rsquo;Etat, des collectivit\u00e9s territoriales et de leurs \u00e9tablissements publics et des \u00e9tablissements publics de sant\u00e9 et militaire, personnels des cultes r\u00e9mun\u00e9r\u00e9s par l&rsquo;Etat dans les d\u00e9partements du Bas-Rhin, du Haut-Rhin et de Moselle.<br><strong>Objet :<\/strong> <strong>prolongation pour l&rsquo;ann\u00e9e 2023 de l&rsquo;indemnit\u00e9 dite de garantie individuelle du pouvoir d&rsquo;achat<\/strong>.<br><strong>Entr\u00e9e en vigueur :<\/strong> le texte entre en vigueur le lendemain de sa publication.<br><strong>Notice :<\/strong> le d\u00e9cret proroge la <strong>garantie individuelle du pouvoir d&rsquo;achat pour l&rsquo;ann\u00e9e 2023.<\/strong> Il fixe, dans ce cadre, la p\u00e9riode de r\u00e9f\u00e9rence prise en compte pour la mise en \u0153uvre de cette indemnit\u00e9 en 2023.<br>R\u00e9f\u00e9rences : le d\u00e9cret et le texte qu&rsquo;il modifie peuvent \u00eatre consult\u00e9s sur le site L\u00e9gifrance (https:\/\/www.legifrance.gouv.fr).<\/p>\n\n\n\n<p><a href=\"https:\/\/www.legifrance.gouv.fr\/download\/pdf?id=oT0pwyU63tW7WiVnMRNhkU3pyW5gvgRmOn2arQCjGnc=\">https:\/\/www.legifrance.gouv.fr\/download\/pdf?id=oT0pwyU63tW7WiVnMRNhkU3pyW5gvgRmOn2arQCjGnc=<\/a><\/p>\n\n\n\n<div data-wp-interactive=\"core\/file\" class=\"wp-block-file\"><object data-wp-bind--hidden=\"!state.hasPdfPreview\" hidden class=\"wp-block-file__embed\" data=\"https:\/\/snalc.org\/snalc2023\/wp-content\/uploads\/2023\/08\/joe_20230813_0187_0024.pdf\" type=\"application\/pdf\" style=\"width:100%;height:600px\" aria-label=\"Contenu embarqu\u00e9 joe_20230813_0187_0024.\"><\/object><a id=\"wp-block-file--media-2b00311f-2261-4493-8f1d-d274aac09e20\" href=\"https:\/\/snalc.org\/snalc2023\/wp-content\/uploads\/2023\/08\/joe_20230813_0187_0024.pdf\">joe_20230813_0187_0024<\/a><a href=\"https:\/\/snalc.org\/snalc2023\/wp-content\/uploads\/2023\/08\/joe_20230813_0187_0024.pdf\" class=\"wp-block-file__button wp-element-button\" download aria-describedby=\"wp-block-file--media-2b00311f-2261-4493-8f1d-d274aac09e20\">T\u00e9l\u00e9charger<\/a><\/div>\n\n\n\n<p>Pour l&rsquo;application du <a href=\"https:\/\/www.legifrance.gouv.fr\/affichTexte.do?cidTexte=JORFTEXT000018934143&amp;categorieLien=cid\">d\u00e9cret du 6 juin 2008 susvis\u00e9<\/a>, pour la<strong> p\u00e9riode de r\u00e9f\u00e9rence fix\u00e9e du 31 d\u00e9cembre 2018 au 31 d\u00e9cembre 2022<\/strong>, le taux de l&rsquo;inflation ainsi que les valeurs annuelles du point \u00e0 prendre en compte pour la mise en \u0153uvre de la formule figurant \u00e0 l&rsquo;article 3 du m\u00eame d\u00e9cret sont les suivants :<\/p>\n\n\n\n<p><strong>&#8211; taux de l&rsquo;inflation : + 8,19 % ;<\/strong><br><strong>&#8211; valeur moyenne du point en 2018 : 56,2323 euros ;<\/strong><br><strong>&#8211; valeur moyenne du point en 2022 : 57,2164 euros.<\/strong><\/p>\n\n\n\n<p><a href=\"https:\/\/www.legifrance.gouv.fr\/download\/pdf?id=oT0pwyU63tW7WiVnMRNhkanYP7vb2AgJcqAsNrHUrsw=\">https:\/\/www.legifrance.gouv.fr\/download\/pdf?id=oT0pwyU63tW7WiVnMRNhkanYP7vb2AgJcqAsNrHUrsw=<\/a><\/p>\n\n\n\n<div data-wp-interactive=\"core\/file\" class=\"wp-block-file\"><object data-wp-bind--hidden=\"!state.hasPdfPreview\" hidden class=\"wp-block-file__embed\" data=\"https:\/\/snalc.org\/snalc2023\/wp-content\/uploads\/2023\/08\/joe_20230813_0187_0025.pdf\" type=\"application\/pdf\" style=\"width:100%;height:600px\" aria-label=\"Contenu embarqu\u00e9 joe_20230813_0187_0025.\"><\/object><a id=\"wp-block-file--media-0b6dc29b-f6ed-4ec3-85f9-35084e4b472d\" href=\"https:\/\/snalc.org\/snalc2023\/wp-content\/uploads\/2023\/08\/joe_20230813_0187_0025.pdf\">joe_20230813_0187_0025<\/a><a href=\"https:\/\/snalc.org\/snalc2023\/wp-content\/uploads\/2023\/08\/joe_20230813_0187_0025.pdf\" class=\"wp-block-file__button wp-element-button\" download aria-describedby=\"wp-block-file--media-0b6dc29b-f6ed-4ec3-85f9-35084e4b472d\">T\u00e9l\u00e9charger<\/a><\/div>\n","protected":false},"excerpt":{"rendered":"<p>Public concern\u00e9 : administrations, personnels civils de l&rsquo;Etat, des collectivit\u00e9s territoriales et de leurs \u00e9tablissements publics et des \u00e9tablissements publics de sant\u00e9 et militaire, personnels des cultes r\u00e9mun\u00e9r\u00e9s par l&rsquo;Etat [&hellip;]<\/p>\n","protected":false},"author":1,"featured_media":0,"comment_status":"closed","ping_status":"closed","sticky":false,"template":"","format":"standard","meta":{"_lmt_disableupdate":"","_lmt_disable":"","site-sidebar-layout":"default","site-content-layout":"","ast-site-content-layout":"default","site-content-style":"default","site-sidebar-style":"default","ast-global-header-display":"","ast-banner-title-visibility":"","ast-main-header-display":"","ast-hfb-above-header-display":"","ast-hfb-below-header-display":"","ast-hfb-mobile-header-display":"","site-post-title":"","ast-breadcrumbs-content":"","ast-featured-img":"","footer-sml-layout":"","ast-disable-related-posts":"","theme-transparent-header-meta":"","adv-header-id-meta":"","stick-header-meta":"","header-above-stick-meta":"","header-main-stick-meta":"","header-below-stick-meta":"","astra-migrate-meta-layouts":"default","ast-page-background-enabled":"default","ast-page-background-meta":{"desktop":{"background-color":"var(--ast-global-color-4)","background-image":"","background-repeat":"repeat","background-position":"center center","background-size":"auto","background-attachment":"scroll","background-type":"","background-media":"","overlay-type":"","overlay-color":"","overlay-opacity":"","overlay-gradient":""},"tablet":{"background-color":"","background-image":"","background-repeat":"repeat","background-position":"center center","background-size":"auto","background-attachment":"scroll","background-type":"","background-media":"","overlay-type":"","overlay-color":"","overlay-opacity":"","overlay-gradient":""},"mobile":{"background-color":"","background-image":"","background-repeat":"repeat","background-position":"center center","background-size":"auto","background-attachment":"scroll","background-type":"","background-media":"","overlay-type":"","overlay-color":"","overlay-opacity":"","overlay-gradient":""}},"ast-content-background-meta":{"desktop":{"background-color":"var(--ast-global-color-5)","background-image":"","background-repeat":"repeat","background-position":"center center","background-size":"auto","background-attachment":"scroll","background-type":"","background-media":"","overlay-type":"","overlay-color":"","overlay-opacity":"","overlay-gradient":""},"tablet":{"background-color":"var(--ast-global-color-5)","background-image":"","background-repeat":"repeat","background-position":"center center","background-size":"auto","background-attachment":"scroll","background-type":"","background-media":"","overlay-type":"","overlay-color":"","overlay-opacity":"","overlay-gradient":""},"mobile":{"background-color":"var(--ast-global-color-5)","background-image":"","background-repeat":"repeat","background-position":"center center","background-size":"auto","background-attachment":"scroll","background-type":"","background-media":"","overlay-type":"","overlay-color":"","overlay-opacity":"","overlay-gradient":""}},"footnotes":""},"categories":[38,25],"tags":[],"class_list":["post-1940","post","type-post","status-publish","format-standard","hentry","category-actualites-2023-2024","category-remuneration"],"modified_by":"slecourtier","_links":{"self":[{"href":"https:\/\/snalc.org\/snalc2023\/index.php?rest_route=\/wp\/v2\/posts\/1940","targetHints":{"allow":["GET"]}}],"collection":[{"href":"https:\/\/snalc.org\/snalc2023\/index.php?rest_route=\/wp\/v2\/posts"}],"about":[{"href":"https:\/\/snalc.org\/snalc2023\/index.php?rest_route=\/wp\/v2\/types\/post"}],"author":[{"embeddable":true,"href":"https:\/\/snalc.org\/snalc2023\/index.php?rest_route=\/wp\/v2\/users\/1"}],"replies":[{"embeddable":true,"href":"https:\/\/snalc.org\/snalc2023\/index.php?rest_route=%2Fwp%2Fv2%2Fcomments&post=1940"}],"version-history":[{"count":1,"href":"https:\/\/snalc.org\/snalc2023\/index.php?rest_route=\/wp\/v2\/posts\/1940\/revisions"}],"predecessor-version":[{"id":1943,"href":"https:\/\/snalc.org\/snalc2023\/index.php?rest_route=\/wp\/v2\/posts\/1940\/revisions\/1943"}],"wp:attachment":[{"href":"https:\/\/snalc.org\/snalc2023\/index.php?rest_route=%2Fwp%2Fv2%2Fmedia&parent=1940"}],"wp:term":[{"taxonomy":"category","embeddable":true,"href":"https:\/\/snalc.org\/snalc2023\/index.php?rest_route=%2Fwp%2Fv2%2Fcategories&post=1940"},{"taxonomy":"post_tag","embeddable":true,"href":"https:\/\/snalc.org\/snalc2023\/index.php?rest_route=%2Fwp%2Fv2%2Ftags&post=1940"}],"curies":[{"name":"wp","href":"https:\/\/api.w.org\/{rel}","templated":true}]}}