{"id":1945,"date":"2023-08-15T10:06:12","date_gmt":"2023-08-15T08:06:12","guid":{"rendered":"https:\/\/snalc.org\/snalc2023\/?p=1945"},"modified":"2023-08-15T10:06:17","modified_gmt":"2023-08-15T08:06:17","slug":"decret-n-2023-777-du-14-aout-2023-relatif-aux-directeurs-decole","status":"publish","type":"post","link":"https:\/\/snalc.org\/snalc2023\/?p=1945","title":{"rendered":"D\u00e9cret n\u00b0 2023-777 du 14 ao\u00fbt 2023 relatif aux directeurs d&rsquo;\u00e9cole"},"content":{"rendered":"\n<p><strong>Publics concern\u00e9s<\/strong> : <strong>directrices et directeurs d&rsquo;\u00e9cole.<\/strong><br><strong>Objet<\/strong> : d\u00e9finition des missions des directrices et des directeurs d&rsquo;\u00e9cole des \u00e9coles maternelles et \u00e9l\u00e9mentaires publiques ; d\u00e9finition des conditions de n<strong>omination et d&rsquo;exercice des fonctions des directeurs d&rsquo;\u00e9cole et mise en place d&rsquo;un dispositif d&rsquo;avancement acc\u00e9l\u00e9r\u00e9 conform\u00e9ment<\/strong> \u00e0 la <a href=\"https:\/\/www.legifrance.gouv.fr\/affichTexte.do?cidTexte=JORFTEXT000044537507&amp;categorieLien=cid\">loi n\u00b0 2021-1716 du 21 d\u00e9cembre 2021<\/a> cr\u00e9ant la fonction de directrice ou de directeur d&rsquo;\u00e9cole.<br><strong>Entr\u00e9e en vigueur<\/strong> : le texte entre en vigueur <strong>le lendemain de la publication<\/strong>. Les ann\u00e9es de service ouvrant droit \u00e0 la bonification d&rsquo;anciennet\u00e9 sont prises en compte \u00e0 compter du <strong>1er septembre 2023.<\/strong><br><strong>Notice :<\/strong> ce d\u00e9cret d\u00e9finit les missions des directrices et directeurs d&rsquo;\u00e9cole en application de l&rsquo;<a href=\"https:\/\/www.legifrance.gouv.fr\/affichCodeArticle.do?cidTexte=LEGITEXT000006071191&amp;idArticle=LEGIARTI000006524918&amp;dateTexte=29990101&amp;categorieLien=cid\">article L. 411-2 du code de l&rsquo;\u00e9ducation<\/a> issu de la <a href=\"https:\/\/www.legifrance.gouv.fr\/affichTexte.do?cidTexte=JORFTEXT000044537507&amp;categorieLien=cid\">loi n\u00b0 2021-1716 du 21 d\u00e9cembre 2021<\/a> cr\u00e9ant la fonction de directrice et directeur d&rsquo;\u00e9cole. Il fixe les conditions d&rsquo;inscription sur la liste d&rsquo;aptitude ainsi que les conditions de nomination et d&rsquo;exercice des fonctions des directeur d&rsquo;\u00e9cole, conform\u00e9ment aux dispositions de la <a href=\"https:\/\/www.legifrance.gouv.fr\/affichTexte.do?cidTexte=JORFTEXT000044537507&amp;categorieLien=cid\">loi n\u00b0 2021-1716 du 21 d\u00e9cembre 2021<\/a> cr\u00e9ant la fonction de directrice ou de directeur d&rsquo;\u00e9cole. Il met \u00e9galement en place un m\u00e9canisme d&rsquo;avancement acc\u00e9l\u00e9r\u00e9 en faveur des professeurs des \u00e9coles et des instituteurs exer\u00e7ant la fonction de directeur d&rsquo;\u00e9cole.<br>R\u00e9f\u00e9rences : le d\u00e9cret et les textes qu&rsquo;il modifie, dans leur r\u00e9daction issue de cette modification, peuvent \u00eatre consult\u00e9s sur le site L\u00e9gifrance (https:\/\/www.legifrance.gouv.fr).<\/p>\n\n\n\n<p><strong>A noter:<\/strong><\/p>\n\n\n\n<p>Les instituteurs et professeurs des \u00e9coles nomm\u00e9s dans l&#8217;emploi de directeur d&rsquo;\u00e9cole ou en assurant les fonctions poursuivent leur carri\u00e8re dans leur corps.<br>A l&rsquo;issue de<strong> chaque ann\u00e9e<\/strong> de services continus accomplis dans la fonction de directeur d&rsquo;\u00e9cole, les personnels mentionn\u00e9s \u00e0 l&rsquo;article 3 b\u00e9n\u00e9ficient, pour l&rsquo;avancement au sein de leur corps respectif, <strong>d&rsquo;une bonification d&rsquo;anciennet\u00e9 de trois mois<\/strong>.<\/p>\n\n\n\n<p>Il est \u00e9tabli chaque ann\u00e9e par d\u00e9partement une liste d&rsquo;aptitude \u00e0 l&#8217;emploi de directeur d&rsquo;\u00e9cole. <strong>L&rsquo;inscription sur une liste d&rsquo;aptitude d\u00e9partementale demeure valable durant trois ann\u00e9es scolaires.<\/strong><br>Cette liste d&rsquo;aptitude est arr\u00eat\u00e9e par le directeur acad\u00e9mique des services de l&rsquo;\u00e9ducation nationale.<\/p>\n\n\n\n<p>Les instituteurs et professeurs des \u00e9coles nomm\u00e9s dans l&#8217;emploi de directeur d&rsquo;\u00e9cole <strong>peuvent se voir retirer cet emploi par le directeur acad\u00e9mique des services de l&rsquo;\u00e9ducation nationale dans l&rsquo;int\u00e9r\u00eat du service<\/strong>.<\/p>\n\n\n\n<p>Les directeurs d&rsquo;\u00e9cole sont \u00e9valu\u00e9s au plus tard <strong>apr\u00e8s trois ans d&rsquo;exercice<\/strong> dans leurs fonctions puis au <strong>moins une fois tous les cinq ans<\/strong>. L&rsquo;\u00e9valuation est conduite par l&rsquo;inspecteur de l&rsquo;\u00e9ducation nationale de la circonscription dont ils d\u00e9pendent. Elle donne lieu \u00e0 un entretien portant sur la mission sp\u00e9cifique de directeur d&rsquo;\u00e9cole et sur ses conditions d&rsquo;exercice. Cet entretien fait l&rsquo;objet d&rsquo;un compte rendu \u00e9crit.<\/p>\n\n\n\n<p>\u00ab Art. R. 411-10. &#8211; Le directeur d&rsquo;\u00e9cole veille \u00e0 la <strong>bonne marche de l&rsquo;\u00e9cole<\/strong> maternelle, \u00e9l\u00e9mentaire ou primaire dont il a la charge et au respect de la <strong>r\u00e9glementation<\/strong> qui lui est applicable. Il prend toute disposition utile concernant l<strong>&lsquo;organisation et le bon fonctionnement de l&rsquo;\u00e9cole<\/strong> pour que celle-ci assure sa fonction de service public. A ce titre, <strong>il a autorit\u00e9 sur l&rsquo;ensemble des personnes pr\u00e9sentes dans l&rsquo;\u00e9cole pendant le temps scolaire<\/strong>. Il r\u00e9unit et pr\u00e9side<strong> le conseil d&rsquo;\u00e9cole et le conseil des ma\u00eetres<\/strong>.<\/p>\n\n\n\n<p><a href=\"https:\/\/www.legifrance.gouv.fr\/download\/pdf?id=dBrC8-PcboTcLtCCiY9qDElqajYle0bwMRsYTZ99Ki0=\">https:\/\/www.legifrance.gouv.fr\/download\/pdf?id=dBrC8-PcboTcLtCCiY9qDElqajYle0bwMRsYTZ99Ki0=<\/a><\/p>\n\n\n\n<div data-wp-interactive=\"core\/file\" class=\"wp-block-file\"><object data-wp-bind--hidden=\"!state.hasPdfPreview\" hidden class=\"wp-block-file__embed\" data=\"https:\/\/snalc.org\/snalc2023\/wp-content\/uploads\/2023\/08\/joe_20230815_0188_0013.pdf\" type=\"application\/pdf\" style=\"width:100%;height:600px\" aria-label=\"Contenu embarqu\u00e9 joe_20230815_0188_0013.\"><\/object><a id=\"wp-block-file--media-bc04de2e-17bf-4136-80f0-4af294169b9d\" href=\"https:\/\/snalc.org\/snalc2023\/wp-content\/uploads\/2023\/08\/joe_20230815_0188_0013.pdf\">joe_20230815_0188_0013<\/a><a href=\"https:\/\/snalc.org\/snalc2023\/wp-content\/uploads\/2023\/08\/joe_20230815_0188_0013.pdf\" class=\"wp-block-file__button wp-element-button\" download aria-describedby=\"wp-block-file--media-bc04de2e-17bf-4136-80f0-4af294169b9d\">T\u00e9l\u00e9charger<\/a><\/div>\n","protected":false},"excerpt":{"rendered":"<p>Publics concern\u00e9s : directrices et directeurs d&rsquo;\u00e9cole.Objet : d\u00e9finition des missions des directrices et des directeurs d&rsquo;\u00e9cole des \u00e9coles maternelles et \u00e9l\u00e9mentaires publiques ; d\u00e9finition des conditions de nomination et [&hellip;]<\/p>\n","protected":false},"author":1,"featured_media":0,"comment_status":"closed","ping_status":"closed","sticky":false,"template":"","format":"standard","meta":{"_lmt_disableupdate":"","_lmt_disable":"","site-sidebar-layout":"default","site-content-layout":"","ast-site-content-layout":"default","site-content-style":"default","site-sidebar-style":"default","ast-global-header-display":"","ast-banner-title-visibility":"","ast-main-header-display":"","ast-hfb-above-header-display":"","ast-hfb-below-header-display":"","ast-hfb-mobile-header-display":"","site-post-title":"","ast-breadcrumbs-content":"","ast-featured-img":"","footer-sml-layout":"","ast-disable-related-posts":"","theme-transparent-header-meta":"","adv-header-id-meta":"","stick-header-meta":"","header-above-stick-meta":"","header-main-stick-meta":"","header-below-stick-meta":"","astra-migrate-meta-layouts":"default","ast-page-background-enabled":"default","ast-page-background-meta":{"desktop":{"background-color":"var(--ast-global-color-4)","background-image":"","background-repeat":"repeat","background-position":"center center","background-size":"auto","background-attachment":"scroll","background-type":"","background-media":"","overlay-type":"","overlay-color":"","overlay-opacity":"","overlay-gradient":""},"tablet":{"background-color":"","background-image":"","background-repeat":"repeat","background-position":"center center","background-size":"auto","background-attachment":"scroll","background-type":"","background-media":"","overlay-type":"","overlay-color":"","overlay-opacity":"","overlay-gradient":""},"mobile":{"background-color":"","background-image":"","background-repeat":"repeat","background-position":"center center","background-size":"auto","background-attachment":"scroll","background-type":"","background-media":"","overlay-type":"","overlay-color":"","overlay-opacity":"","overlay-gradient":""}},"ast-content-background-meta":{"desktop":{"background-color":"var(--ast-global-color-5)","background-image":"","background-repeat":"repeat","background-position":"center center","background-size":"auto","background-attachment":"scroll","background-type":"","background-media":"","overlay-type":"","overlay-color":"","overlay-opacity":"","overlay-gradient":""},"tablet":{"background-color":"var(--ast-global-color-5)","background-image":"","background-repeat":"repeat","background-position":"center center","background-size":"auto","background-attachment":"scroll","background-type":"","background-media":"","overlay-type":"","overlay-color":"","overlay-opacity":"","overlay-gradient":""},"mobile":{"background-color":"var(--ast-global-color-5)","background-image":"","background-repeat":"repeat","background-position":"center center","background-size":"auto","background-attachment":"scroll","background-type":"","background-media":"","overlay-type":"","overlay-color":"","overlay-opacity":"","overlay-gradient":""}},"footnotes":""},"categories":[38,23],"tags":[],"class_list":["post-1945","post","type-post","status-publish","format-standard","hentry","category-actualites-2023-2024","category-professeurs-1er-degre"],"modified_by":"slecourtier","_links":{"self":[{"href":"https:\/\/snalc.org\/snalc2023\/index.php?rest_route=\/wp\/v2\/posts\/1945","targetHints":{"allow":["GET"]}}],"collection":[{"href":"https:\/\/snalc.org\/snalc2023\/index.php?rest_route=\/wp\/v2\/posts"}],"about":[{"href":"https:\/\/snalc.org\/snalc2023\/index.php?rest_route=\/wp\/v2\/types\/post"}],"author":[{"embeddable":true,"href":"https:\/\/snalc.org\/snalc2023\/index.php?rest_route=\/wp\/v2\/users\/1"}],"replies":[{"embeddable":true,"href":"https:\/\/snalc.org\/snalc2023\/index.php?rest_route=%2Fwp%2Fv2%2Fcomments&post=1945"}],"version-history":[{"count":1,"href":"https:\/\/snalc.org\/snalc2023\/index.php?rest_route=\/wp\/v2\/posts\/1945\/revisions"}],"predecessor-version":[{"id":1947,"href":"https:\/\/snalc.org\/snalc2023\/index.php?rest_route=\/wp\/v2\/posts\/1945\/revisions\/1947"}],"wp:attachment":[{"href":"https:\/\/snalc.org\/snalc2023\/index.php?rest_route=%2Fwp%2Fv2%2Fmedia&parent=1945"}],"wp:term":[{"taxonomy":"category","embeddable":true,"href":"https:\/\/snalc.org\/snalc2023\/index.php?rest_route=%2Fwp%2Fv2%2Fcategories&post=1945"},{"taxonomy":"post_tag","embeddable":true,"href":"https:\/\/snalc.org\/snalc2023\/index.php?rest_route=%2Fwp%2Fv2%2Ftags&post=1945"}],"curies":[{"name":"wp","href":"https:\/\/api.w.org\/{rel}","templated":true}]}}