{"id":1950,"date":"2023-08-17T20:07:58","date_gmt":"2023-08-17T18:07:58","guid":{"rendered":"https:\/\/snalc.org\/snalc2023\/?p=1950"},"modified":"2023-08-17T20:08:02","modified_gmt":"2023-08-17T18:08:02","slug":"decret-n-2023-782-du-16-aout-2023-relatif-au-respect-des-principes-de-la-republique-et-a-la-protection-des-eleves-dans-les-etablissements-scolaires-relevant-du-ministre-charge-de-leducation-na","status":"publish","type":"post","link":"https:\/\/snalc.org\/snalc2023\/?p=1950","title":{"rendered":"D\u00e9cret n\u00b0 2023-782 du 16 ao\u00fbt 2023 relatif au respect des principes de la R\u00e9publique et \u00e0 la protection des \u00e9l\u00e8ves dans les \u00e9tablissements scolaires relevant du ministre charg\u00e9 de l&rsquo;\u00e9ducation nationale"},"content":{"rendered":"\n<p><strong>Publics concern\u00e9s :<\/strong> <strong>directeurs d&rsquo;\u00e9cole, chefs d&rsquo;\u00e9tablissement, personnels des \u00e9coles, coll\u00e8ges et des lyc\u00e9es, \u00e9l\u00e8ves et parents d&rsquo;\u00e9l\u00e8ves, inspecteurs de l&rsquo;\u00e9ducation nationale, directeurs acad\u00e9miques des services de l&rsquo;\u00e9ducation nationale, recteurs d&rsquo;acad\u00e9mie.<\/strong><br><strong>Objet :<\/strong> proc\u00e9dure applicable \u00e0 <strong>l&rsquo;\u00e9gard des \u00e9l\u00e8ves<\/strong> des \u00e9coles dont <strong>le comportement intentionnel et r\u00e9p\u00e9t\u00e9 fait peser un risque av\u00e9r\u00e9 sur la s\u00e9curit\u00e9 ou la sant\u00e9 des autres \u00e9l\u00e8ves<\/strong>, <strong>proc\u00e9dure disciplinaire applicable aux \u00e9l\u00e8ves des coll\u00e8ges et lyc\u00e9es pour des faits portant une atteinte aux valeurs de la R\u00e9publique ou au principe de la\u00efcit\u00e9<\/strong>, clarification de la proc\u00e9dure applicable devant le conseil de discipline et le conseil de discipline d\u00e9partemental.<br><strong>Entr\u00e9e en vigueur : l<\/strong>e texte entre en vigueur l<strong>e lendemain de sa publication.<\/strong><br><strong>Notice :<\/strong> le d\u00e9cret a pour objet de donner les <strong>moyens aux directeurs d&rsquo;\u00e9cole et aux chefs d&rsquo;\u00e9tablissement d<\/strong>&lsquo;apporter une r\u00e9ponse appropri\u00e9e<strong> \u00e0 certains comportements de la part des \u00e9l\u00e8ves, notamment en cas de harc\u00e8lement.<\/strong> Ainsi, dans les \u00e9coles, lorsque le maintien d&rsquo;un \u00e9l\u00e8ve constitue un risque pour la sant\u00e9 ou la s\u00e9curit\u00e9 d&rsquo;autres \u00e9l\u00e8ves malgr\u00e9 la mise en \u0153uvre des mesures arr\u00eat\u00e9es par le directeur d&rsquo;\u00e9cole apr\u00e8s examen de la situation de l&rsquo;\u00e9l\u00e8ve par l&rsquo;\u00e9quipe \u00e9ducative, <strong>le directeur acad\u00e9mique des services de l&rsquo;\u00e9ducation nationale (DASEN) peut demander au maire de proc\u00e9der \u00e0 la radiation de l&rsquo;\u00e9l\u00e8ve de son \u00e9cole<\/strong>. Apr\u00e8s l&rsquo;admission de l&rsquo;\u00e9l\u00e8ve dans sa nouvelle \u00e9cole, le directeur d&rsquo;\u00e9cole veille \u00e0 mettre en place un suivi p\u00e9dagogique et \u00e9ducatif renforc\u00e9 de l&rsquo;\u00e9l\u00e8ve au moins jusqu&rsquo;\u00e0 la fin de l&rsquo;ann\u00e9e scolaire en cours. <strong>Dans les coll\u00e8ges et lyc\u00e9es, le d\u00e9cret \u00e9tend le champ de la proc\u00e9dure disciplinaire aux cas dans lesquels des \u00e9l\u00e8ves commettent des actes de harc\u00e8lement \u00e0 l&rsquo;encontre d&rsquo;\u00e9l\u00e8ves situ\u00e9s dans un autre \u00e9tablissement.<\/strong> Il pr\u00e9cise \u00e9galement la proc\u00e9dure disciplinaire applicable aux \u00e9l\u00e8ves pour les faits portant une atteinte aux valeurs de la R\u00e9publique ou au principe de la\u00efcit\u00e9. Pour de tels faits, l<strong>e chef d&rsquo;\u00e9tablissement est tenu d&rsquo;engager une proc\u00e9dure disciplinaire<\/strong>. <strong>Il peut transmettre au DASEN le dossier disciplinaire d&rsquo;un \u00e9l\u00e8ve aux fins que ce dernier ou son repr\u00e9sentant prononce une sanction relevant du seul pouvoir disciplinaire du chef d&rsquo;\u00e9tablissement. Il peut demander au DASEN de d\u00e9signer une personne en raison de ses comp\u00e9tences pour si\u00e9ger avec voix d\u00e9lib\u00e9rative au conseil de discipline ou de pr\u00e9sider, lui ou son repr\u00e9sentant, ledit conseil.<\/strong> Enfin, s&rsquo;il estime que <strong>la s\u00e9r\u00e9nit\u00e9 du conseil de discipline n&rsquo;est pas assur\u00e9e ou que l&rsquo;ordre et la s\u00e9curit\u00e9 dans l&rsquo;\u00e9tablissement seraient compromis, le chef d&rsquo;\u00e9tablissement peut saisir le conseil de discipline d\u00e9partemental.<\/strong> Par ailleurs, les dispositions applicables \u00e0 la proc\u00e9dure devant le conseil de discipline et le conseil de discipline d\u00e9partemental sont clarifi\u00e9es.<br>R\u00e9f\u00e9rences : le d\u00e9cret ainsi que la <a href=\"https:\/\/www.legifrance.gouv.fr\/affichCode.do?cidTexte=LEGITEXT000006071191&amp;idSectionTA=LEGISCTA000006095806&amp;dateTexte=29990101&amp;categorieLien=cid\">partie r\u00e9glementaire du code de l&rsquo;\u00e9ducation<\/a> qu&rsquo;il modifie, dans sa r\u00e9daction issue de cette modification, peuvent \u00eatre consult\u00e9s sur le site L\u00e9gifrance (https:\/\/www.legifrance.gouv.fr).<\/p>\n\n\n\n<p><a href=\"https:\/\/www.legifrance.gouv.fr\/download\/pdf?id=GKR6g5M4kpgn6wO6nABtJ-TE2Z5aDHVOphiax1rdmlA=\">https:\/\/www.legifrance.gouv.fr\/download\/pdf?id=GKR6g5M4kpgn6wO6nABtJ-TE2Z5aDHVOphiax1rdmlA=<\/a><\/p>\n\n\n\n<div data-wp-interactive=\"core\/file\" class=\"wp-block-file\"><object data-wp-bind--hidden=\"!state.hasPdfPreview\" hidden class=\"wp-block-file__embed\" data=\"https:\/\/snalc.org\/snalc2023\/wp-content\/uploads\/2023\/08\/joe_20230817_0189_0021.pdf\" type=\"application\/pdf\" style=\"width:100%;height:600px\" aria-label=\"Contenu embarqu\u00e9 joe_20230817_0189_0021.\"><\/object><a id=\"wp-block-file--media-1c700e3b-3d24-4932-a5ff-ebf8226a45e9\" href=\"https:\/\/snalc.org\/snalc2023\/wp-content\/uploads\/2023\/08\/joe_20230817_0189_0021.pdf\">joe_20230817_0189_0021<\/a><a href=\"https:\/\/snalc.org\/snalc2023\/wp-content\/uploads\/2023\/08\/joe_20230817_0189_0021.pdf\" class=\"wp-block-file__button wp-element-button\" download aria-describedby=\"wp-block-file--media-1c700e3b-3d24-4932-a5ff-ebf8226a45e9\">T\u00e9l\u00e9charger<\/a><\/div>\n","protected":false},"excerpt":{"rendered":"<p>Publics concern\u00e9s : directeurs d&rsquo;\u00e9cole, chefs d&rsquo;\u00e9tablissement, personnels des \u00e9coles, coll\u00e8ges et des lyc\u00e9es, \u00e9l\u00e8ves et parents d&rsquo;\u00e9l\u00e8ves, inspecteurs de l&rsquo;\u00e9ducation nationale, directeurs acad\u00e9miques des services de l&rsquo;\u00e9ducation nationale, recteurs [&hellip;]<\/p>\n","protected":false},"author":1,"featured_media":0,"comment_status":"closed","ping_status":"closed","sticky":false,"template":"","format":"standard","meta":{"_lmt_disableupdate":"","_lmt_disable":"","site-sidebar-layout":"default","site-content-layout":"","ast-site-content-layout":"default","site-content-style":"default","site-sidebar-style":"default","ast-global-header-display":"","ast-banner-title-visibility":"","ast-main-header-display":"","ast-hfb-above-header-display":"","ast-hfb-below-header-display":"","ast-hfb-mobile-header-display":"","site-post-title":"","ast-breadcrumbs-content":"","ast-featured-img":"","footer-sml-layout":"","ast-disable-related-posts":"","theme-transparent-header-meta":"","adv-header-id-meta":"","stick-header-meta":"","header-above-stick-meta":"","header-main-stick-meta":"","header-below-stick-meta":"","astra-migrate-meta-layouts":"set","ast-page-background-enabled":"default","ast-page-background-meta":{"desktop":{"background-color":"var(--ast-global-color-4)","background-image":"","background-repeat":"repeat","background-position":"center center","background-size":"auto","background-attachment":"scroll","background-type":"","background-media":"","overlay-type":"","overlay-color":"","overlay-opacity":"","overlay-gradient":""},"tablet":{"background-color":"","background-image":"","background-repeat":"repeat","background-position":"center center","background-size":"auto","background-attachment":"scroll","background-type":"","background-media":"","overlay-type":"","overlay-color":"","overlay-opacity":"","overlay-gradient":""},"mobile":{"background-color":"","background-image":"","background-repeat":"repeat","background-position":"center center","background-size":"auto","background-attachment":"scroll","background-type":"","background-media":"","overlay-type":"","overlay-color":"","overlay-opacity":"","overlay-gradient":""}},"ast-content-background-meta":{"desktop":{"background-color":"var(--ast-global-color-5)","background-image":"","background-repeat":"repeat","background-position":"center center","background-size":"auto","background-attachment":"scroll","background-type":"","background-media":"","overlay-type":"","overlay-color":"","overlay-opacity":"","overlay-gradient":""},"tablet":{"background-color":"var(--ast-global-color-5)","background-image":"","background-repeat":"repeat","background-position":"center center","background-size":"auto","background-attachment":"scroll","background-type":"","background-media":"","overlay-type":"","overlay-color":"","overlay-opacity":"","overlay-gradient":""},"mobile":{"background-color":"var(--ast-global-color-5)","background-image":"","background-repeat":"repeat","background-position":"center center","background-size":"auto","background-attachment":"scroll","background-type":"","background-media":"","overlay-type":"","overlay-color":"","overlay-opacity":"","overlay-gradient":""}},"footnotes":""},"categories":[38],"tags":[],"class_list":["post-1950","post","type-post","status-publish","format-standard","hentry","category-actualites-2023-2024"],"modified_by":"slecourtier","_links":{"self":[{"href":"https:\/\/snalc.org\/snalc2023\/index.php?rest_route=\/wp\/v2\/posts\/1950","targetHints":{"allow":["GET"]}}],"collection":[{"href":"https:\/\/snalc.org\/snalc2023\/index.php?rest_route=\/wp\/v2\/posts"}],"about":[{"href":"https:\/\/snalc.org\/snalc2023\/index.php?rest_route=\/wp\/v2\/types\/post"}],"author":[{"embeddable":true,"href":"https:\/\/snalc.org\/snalc2023\/index.php?rest_route=\/wp\/v2\/users\/1"}],"replies":[{"embeddable":true,"href":"https:\/\/snalc.org\/snalc2023\/index.php?rest_route=%2Fwp%2Fv2%2Fcomments&post=1950"}],"version-history":[{"count":1,"href":"https:\/\/snalc.org\/snalc2023\/index.php?rest_route=\/wp\/v2\/posts\/1950\/revisions"}],"predecessor-version":[{"id":1952,"href":"https:\/\/snalc.org\/snalc2023\/index.php?rest_route=\/wp\/v2\/posts\/1950\/revisions\/1952"}],"wp:attachment":[{"href":"https:\/\/snalc.org\/snalc2023\/index.php?rest_route=%2Fwp%2Fv2%2Fmedia&parent=1950"}],"wp:term":[{"taxonomy":"category","embeddable":true,"href":"https:\/\/snalc.org\/snalc2023\/index.php?rest_route=%2Fwp%2Fv2%2Fcategories&post=1950"},{"taxonomy":"post_tag","embeddable":true,"href":"https:\/\/snalc.org\/snalc2023\/index.php?rest_route=%2Fwp%2Fv2%2Ftags&post=1950"}],"curies":[{"name":"wp","href":"https:\/\/api.w.org\/{rel}","templated":true}]}}