{"id":1954,"date":"2023-08-22T19:54:00","date_gmt":"2023-08-22T17:54:00","guid":{"rendered":"https:\/\/snalc.org\/snalc2023\/?p=1954"},"modified":"2023-08-22T19:54:03","modified_gmt":"2023-08-22T17:54:03","slug":"audience-du-snalc-avec-le-ministre-en-attendant-les-actes","status":"publish","type":"post","link":"https:\/\/snalc.org\/snalc2023\/?p=1954","title":{"rendered":"Audience du SNALC avec le ministre : en attendant les actes"},"content":{"rendered":"\n<figure class=\"wp-block-image\"><img decoding=\"async\" src=\"https:\/\/snalc.fr\/wp-content\/uploads\/reunion_istock_Ivan-balvan-693450944.jpg\" alt=\"\"\/><figcaption class=\"wp-element-caption\">\u00a9 istock_Ivan-balvan-693450944<\/figcaption><\/figure>\n\n\n\n<p>Le <strong>SNALC<\/strong> a \u00e9t\u00e9 re\u00e7u par Gabriel Attal ce mardi 22 ao\u00fbt 2023. Nous avons abord\u00e9 de nombreux sujets, aussi bien sur la rentr\u00e9e que sur les \u00e9l\u00e9ments structurels du syst\u00e8me \u00e9ducatif et de la gestion des personnels.<\/p>\n\n\n\n<p>Le <strong>SNALC<\/strong> a rappel\u00e9 ses demandes urgentes sur l\u2019ann\u00e9e scolaire qui s\u2019ouvre :<\/p>\n\n\n\n<ul class=\"wp-block-list\">\n<li>Un rattrapage salarial pour l\u2019ensemble des coll\u00e8gues dans le cadre d\u2019une loi de programmation pluriannuelle.<\/li>\n\n\n\n<li>Une am\u00e9lioration des conditions de travail qui ne peut passer par une nouvelle surcharge (formation continue hors du temps de service, ajout de missions suppl\u00e9mentaires). Le <strong>SNALC<\/strong> a rejet\u00e9 la politique du pacte.<\/li>\n\n\n\n<li>Des mesures d\u2019urgence sur les \u00e9preuves de sp\u00e9cialit\u00e9s et de fran\u00e7ais de la voie g\u00e9n\u00e9rale et technologique. Le <strong>SNALC<\/strong> a notamment demand\u00e9 le report des \u00e9preuves de sp\u00e9cialit\u00e9s au mois de juin et la r\u00e9duction du nombre de textes \u00e0 l\u2019oral de l\u2019EAF.<\/li>\n\n\n\n<li>Une r\u00e9vision des mesures annonc\u00e9es pour la voie professionnelle, en particulier sur le calendrier de l\u2019ann\u00e9e de terminale et les fermetures de fili\u00e8res et sections.<\/li>\n<\/ul>\n\n\n\n<p>Au-del\u00e0 de ces mesures d\u2019urgence, le <strong>SNALC<\/strong> demande la r\u00e9ouverture de discussions sur les diff\u00e9rents niveaux du syst\u00e8me \u00e9ducatif et les derni\u00e8res r\u00e9formes mises en \u0153uvre.<\/p>\n\n\n\n<p>Le <strong>SNALC<\/strong> a alert\u00e9 sur les dysfonctionnements li\u00e9s \u00e0 la gestion au rabais de l\u2019\u00e9cole inclusive, et leurs cons\u00e9quences tant sur les personnels (professeurs, AESH, vie scolaire\u2026) que sur les \u00e9l\u00e8ves et leur famille. Il a solennellement demand\u00e9 \u00e0 Gabriel Attal la cr\u00e9ation d\u2019une instance partenariale de dialogue sur ce sujet, incluant les organisations syndicales repr\u00e9sentatives. Le <strong>SNALC<\/strong> demande \u00e9galement un bilan national des PIAL.<\/p>\n\n\n\n<p>Le ministre a indiqu\u00e9 qu\u2019il allait ouvrir un certain nombre de sujets de discussion, notamment sur la place du concours et sur la formation initiale. Le <strong>SNALC<\/strong> attend qu\u2019on revienne sur les d\u00e9lires du pr\u00e9c\u00e9dent quinquennat o\u00f9 Jean-Michel Blanquer avait tenu \u00e0 placer le concours en fin de M2.<\/p>\n\n\n\n<p>Fid\u00e8le \u00e0 ses valeurs d\u2019ind\u00e9pendance, le <strong>SNALC<\/strong> jugera le nouveau ministre sur ses actes et non sur ses discours. Nous vivons une crise d\u2019attractivit\u00e9 sans pr\u00e9c\u00e9dent : <strong>on ne peut continuer \u00e0 mener la m\u00eame politique de <em>\u00ab travailler plus pour perdre moins \u00bb,<\/em> <\/strong>de suppression de postes et de maintien de nombreux m\u00e9tiers dans la pr\u00e9carit\u00e9. Les personnels peuvent compter sur le <strong>SNALC<\/strong> pour porter leur voix \u00e0 tous les \u00e9chelons du syst\u00e8me \u00e9ducatif comme devant la repr\u00e9sentation nationale et dans les m\u00e9dias.<\/p>\n\n\n\n<p><a href=\"https:\/\/snalc.fr\/wp-content\/uploads\/20230822_compresse_audience_ministre.pdf\">T\u00e9l\u00e9charger<\/a><\/p>\n","protected":false},"excerpt":{"rendered":"<p>Le SNALC a \u00e9t\u00e9 re\u00e7u par Gabriel Attal ce mardi 22 ao\u00fbt 2023. Nous avons abord\u00e9 de nombreux sujets, aussi bien sur la rentr\u00e9e que sur les \u00e9l\u00e9ments structurels du [&hellip;]<\/p>\n","protected":false},"author":1,"featured_media":0,"comment_status":"closed","ping_status":"closed","sticky":false,"template":"","format":"standard","meta":{"_lmt_disableupdate":"","_lmt_disable":"","site-sidebar-layout":"default","site-content-layout":"","ast-site-content-layout":"default","site-content-style":"default","site-sidebar-style":"default","ast-global-header-display":"","ast-banner-title-visibility":"","ast-main-header-display":"","ast-hfb-above-header-display":"","ast-hfb-below-header-display":"","ast-hfb-mobile-header-display":"","site-post-title":"","ast-breadcrumbs-content":"","ast-featured-img":"","footer-sml-layout":"","ast-disable-related-posts":"","theme-transparent-header-meta":"","adv-header-id-meta":"","stick-header-meta":"","header-above-stick-meta":"","header-main-stick-meta":"","header-below-stick-meta":"","astra-migrate-meta-layouts":"set","ast-page-background-enabled":"default","ast-page-background-meta":{"desktop":{"background-color":"var(--ast-global-color-4)","background-image":"","background-repeat":"repeat","background-position":"center center","background-size":"auto","background-attachment":"scroll","background-type":"","background-media":"","overlay-type":"","overlay-color":"","overlay-opacity":"","overlay-gradient":""},"tablet":{"background-color":"","background-image":"","background-repeat":"repeat","background-position":"center center","background-size":"auto","background-attachment":"scroll","background-type":"","background-media":"","overlay-type":"","overlay-color":"","overlay-opacity":"","overlay-gradient":""},"mobile":{"background-color":"","background-image":"","background-repeat":"repeat","background-position":"center center","background-size":"auto","background-attachment":"scroll","background-type":"","background-media":"","overlay-type":"","overlay-color":"","overlay-opacity":"","overlay-gradient":""}},"ast-content-background-meta":{"desktop":{"background-color":"var(--ast-global-color-5)","background-image":"","background-repeat":"repeat","background-position":"center center","background-size":"auto","background-attachment":"scroll","background-type":"","background-media":"","overlay-type":"","overlay-color":"","overlay-opacity":"","overlay-gradient":""},"tablet":{"background-color":"var(--ast-global-color-5)","background-image":"","background-repeat":"repeat","background-position":"center center","background-size":"auto","background-attachment":"scroll","background-type":"","background-media":"","overlay-type":"","overlay-color":"","overlay-opacity":"","overlay-gradient":""},"mobile":{"background-color":"var(--ast-global-color-5)","background-image":"","background-repeat":"repeat","background-position":"center center","background-size":"auto","background-attachment":"scroll","background-type":"","background-media":"","overlay-type":"","overlay-color":"","overlay-opacity":"","overlay-gradient":""}},"footnotes":""},"categories":[38],"tags":[],"class_list":["post-1954","post","type-post","status-publish","format-standard","hentry","category-actualites-2023-2024"],"modified_by":"slecourtier","_links":{"self":[{"href":"https:\/\/snalc.org\/snalc2023\/index.php?rest_route=\/wp\/v2\/posts\/1954","targetHints":{"allow":["GET"]}}],"collection":[{"href":"https:\/\/snalc.org\/snalc2023\/index.php?rest_route=\/wp\/v2\/posts"}],"about":[{"href":"https:\/\/snalc.org\/snalc2023\/index.php?rest_route=\/wp\/v2\/types\/post"}],"author":[{"embeddable":true,"href":"https:\/\/snalc.org\/snalc2023\/index.php?rest_route=\/wp\/v2\/users\/1"}],"replies":[{"embeddable":true,"href":"https:\/\/snalc.org\/snalc2023\/index.php?rest_route=%2Fwp%2Fv2%2Fcomments&post=1954"}],"version-history":[{"count":1,"href":"https:\/\/snalc.org\/snalc2023\/index.php?rest_route=\/wp\/v2\/posts\/1954\/revisions"}],"predecessor-version":[{"id":1955,"href":"https:\/\/snalc.org\/snalc2023\/index.php?rest_route=\/wp\/v2\/posts\/1954\/revisions\/1955"}],"wp:attachment":[{"href":"https:\/\/snalc.org\/snalc2023\/index.php?rest_route=%2Fwp%2Fv2%2Fmedia&parent=1954"}],"wp:term":[{"taxonomy":"category","embeddable":true,"href":"https:\/\/snalc.org\/snalc2023\/index.php?rest_route=%2Fwp%2Fv2%2Fcategories&post=1954"},{"taxonomy":"post_tag","embeddable":true,"href":"https:\/\/snalc.org\/snalc2023\/index.php?rest_route=%2Fwp%2Fv2%2Ftags&post=1954"}],"curies":[{"name":"wp","href":"https:\/\/api.w.org\/{rel}","templated":true}]}}