{"id":1972,"date":"2023-08-28T14:10:35","date_gmt":"2023-08-28T12:10:35","guid":{"rendered":"https:\/\/snalc.org\/snalc2023\/?p=1972"},"modified":"2023-08-28T14:10:38","modified_gmt":"2023-08-28T12:10:38","slug":"rentree-scolaire-des-mesures-attendues","status":"publish","type":"post","link":"https:\/\/snalc.org\/snalc2023\/?p=1972","title":{"rendered":"RENTR\u00c9E SCOLAIRE\u00a0: DES MESURES ATTENDUES"},"content":{"rendered":"\n<figure class=\"wp-block-image\"><img decoding=\"async\" src=\"https:\/\/snalc.fr\/wp-content\/uploads\/dossier_istock_BernardaSv-533837953.jpg\" alt=\"\"\/><figcaption class=\"wp-element-caption\">\u00a9 istock_BernardaSv-533837953<\/figcaption><\/figure>\n\n\n\n<p>Le <strong>SNALC<\/strong> a pris connaissance des annonces faites en plusieurs temps par le ministre de l\u2019\u00c9ducation nationale.<\/p>\n\n\n\n<p>Pour le <strong>SNALC<\/strong>, l\u2019annonce la plus importante est celle du report en juin des \u00e9preuves de sp\u00e9cialit\u00e9. Nous le demandions depuis le d\u00e9but et les r\u00e9sultats de notre <a href=\"https:\/\/snalc.fr\/enquete-snalc-sur-les-epreuves-de-specialites\/\">enqu\u00eate<\/a> men\u00e9e aupr\u00e8s de plus de 4000 professeurs de lyc\u00e9e \u00e9taient inattaquables. \u00c0 l\u2019avenir, qu\u2019on n\u2019h\u00e9site pas \u00e0 \u00e9couter plus t\u00f4t notre organisation plut\u00f4t que de traiter les opposants \u00e0 une mesure p\u00e9dagogiquement idiote de \u00ab&nbsp;preneurs d\u2019otages&nbsp;\u00bb ou de \u00ab&nbsp;ventilateurs \u00e0 angoisse&nbsp;\u00bb, comme ce fut le cas sous le quinquennat pr\u00e9c\u00e9dent. Le <strong>SNALC<\/strong> accueille favorablement le recentrage du grand oral sur les contenus disciplinaires et la diminution du nombre de textes pour l\u2019oral de l\u2019EAF (baccalaur\u00e9at de fran\u00e7ais). Sur ce dernier point, le ministre a reconnu que c\u2019est l\u2019alerte du <strong>SNALC<\/strong> qui l\u2019a pouss\u00e9 \u00e0 intervenir.<\/p>\n\n\n\n<p>Pour autant, de nombreux probl\u00e8mes demeurent avec la r\u00e9forme Blanquer. Le <strong>SNALC<\/strong> demande que l\u2019on r\u00e9\u00e9tudie notamment le passage de 3 \u00e0 2 sp\u00e9cialit\u00e9s en terminale, ou l\u2019absence de moyens horaires d\u00e9di\u00e9s \u00e0 la pr\u00e9paration du grand oral. Il tire \u00e9galement la sonnette d\u2019alarme sur la situation dramatique des options au lyc\u00e9e.<\/p>\n\n\n\n<p>Le <strong>SNALC<\/strong> accueille favorablement l\u2019engagement de fournir un document national \u00e9crit clair sur la question des v\u00eatements \u00e0 caract\u00e8re religieux. La situation actuelle faisait reposer l\u2019enti\u00e8re responsabilit\u00e9 des d\u00e9cisions sur les chefs d\u2019\u00e9tablissement et les \u00e9quipes, et nous mettait en premi\u00e8re ligne en cas de conflit. Pour le <strong>SNALC<\/strong>, comme l\u2019a h\u00e9las montr\u00e9 la mort de Samuel Paty, il faut privil\u00e9gier la s\u00e9curit\u00e9 des personnels avant toute autre chose.<\/p>\n\n\n\n<p>Le <strong>SNALC<\/strong> rappelle enfin que si ces annonces vont dans le sens d\u2019une \u00e9coute des organisations syndicales, elles ne s\u2019attaquent pas \u00e0 l\u2019essentiel, \u00e0 savoir la crise des recrutements et les conditions de travail au quotidien. Le <strong>SNALC<\/strong> jugera la politique minist\u00e9rielle sur sa capacit\u00e9 \u00e0 mettre en \u0153uvre un r\u00e9el rattrapage salarial, et non \u00e0 nous vendre son pacte et son \u00ab<em> travailler plus pour perdre moins<\/em> \u00bb. Les mesures qui ne co\u00fbtent rien \u00e0 l\u2019\u00c9tat ont toujours \u00e9t\u00e9 plus faciles \u00e0 prendre que celles qui n\u00e9cessitent un investissement. Mais sans un changement d\u2019ampleur de trajectoire politique, la crise majeure que nous vivons ne fera que s\u2019aggraver.<\/p>\n\n\n\n<p><a href=\"https:\/\/snalc.fr\/wp-content\/uploads\/20230828_compresse_mesures_attendues.pdf\">T\u00e9l\u00e9charger<\/a><\/p>\n","protected":false},"excerpt":{"rendered":"<p>Le SNALC a pris connaissance des annonces faites en plusieurs temps par le ministre de l\u2019\u00c9ducation nationale. Pour le SNALC, l\u2019annonce la plus importante est celle du report en juin [&hellip;]<\/p>\n","protected":false},"author":1,"featured_media":0,"comment_status":"closed","ping_status":"closed","sticky":false,"template":"","format":"standard","meta":{"_lmt_disableupdate":"","_lmt_disable":"","site-sidebar-layout":"default","site-content-layout":"","ast-site-content-layout":"default","site-content-style":"default","site-sidebar-style":"default","ast-global-header-display":"","ast-banner-title-visibility":"","ast-main-header-display":"","ast-hfb-above-header-display":"","ast-hfb-below-header-display":"","ast-hfb-mobile-header-display":"","site-post-title":"","ast-breadcrumbs-content":"","ast-featured-img":"","footer-sml-layout":"","ast-disable-related-posts":"","theme-transparent-header-meta":"","adv-header-id-meta":"","stick-header-meta":"","header-above-stick-meta":"","header-main-stick-meta":"","header-below-stick-meta":"","astra-migrate-meta-layouts":"set","ast-page-background-enabled":"default","ast-page-background-meta":{"desktop":{"background-color":"var(--ast-global-color-4)","background-image":"","background-repeat":"repeat","background-position":"center center","background-size":"auto","background-attachment":"scroll","background-type":"","background-media":"","overlay-type":"","overlay-color":"","overlay-opacity":"","overlay-gradient":""},"tablet":{"background-color":"","background-image":"","background-repeat":"repeat","background-position":"center center","background-size":"auto","background-attachment":"scroll","background-type":"","background-media":"","overlay-type":"","overlay-color":"","overlay-opacity":"","overlay-gradient":""},"mobile":{"background-color":"","background-image":"","background-repeat":"repeat","background-position":"center center","background-size":"auto","background-attachment":"scroll","background-type":"","background-media":"","overlay-type":"","overlay-color":"","overlay-opacity":"","overlay-gradient":""}},"ast-content-background-meta":{"desktop":{"background-color":"var(--ast-global-color-5)","background-image":"","background-repeat":"repeat","background-position":"center center","background-size":"auto","background-attachment":"scroll","background-type":"","background-media":"","overlay-type":"","overlay-color":"","overlay-opacity":"","overlay-gradient":""},"tablet":{"background-color":"var(--ast-global-color-5)","background-image":"","background-repeat":"repeat","background-position":"center center","background-size":"auto","background-attachment":"scroll","background-type":"","background-media":"","overlay-type":"","overlay-color":"","overlay-opacity":"","overlay-gradient":""},"mobile":{"background-color":"var(--ast-global-color-5)","background-image":"","background-repeat":"repeat","background-position":"center center","background-size":"auto","background-attachment":"scroll","background-type":"","background-media":"","overlay-type":"","overlay-color":"","overlay-opacity":"","overlay-gradient":""}},"footnotes":""},"categories":[38],"tags":[],"class_list":["post-1972","post","type-post","status-publish","format-standard","hentry","category-actualites-2023-2024"],"modified_by":"slecourtier","_links":{"self":[{"href":"https:\/\/snalc.org\/snalc2023\/index.php?rest_route=\/wp\/v2\/posts\/1972","targetHints":{"allow":["GET"]}}],"collection":[{"href":"https:\/\/snalc.org\/snalc2023\/index.php?rest_route=\/wp\/v2\/posts"}],"about":[{"href":"https:\/\/snalc.org\/snalc2023\/index.php?rest_route=\/wp\/v2\/types\/post"}],"author":[{"embeddable":true,"href":"https:\/\/snalc.org\/snalc2023\/index.php?rest_route=\/wp\/v2\/users\/1"}],"replies":[{"embeddable":true,"href":"https:\/\/snalc.org\/snalc2023\/index.php?rest_route=%2Fwp%2Fv2%2Fcomments&post=1972"}],"version-history":[{"count":1,"href":"https:\/\/snalc.org\/snalc2023\/index.php?rest_route=\/wp\/v2\/posts\/1972\/revisions"}],"predecessor-version":[{"id":1973,"href":"https:\/\/snalc.org\/snalc2023\/index.php?rest_route=\/wp\/v2\/posts\/1972\/revisions\/1973"}],"wp:attachment":[{"href":"https:\/\/snalc.org\/snalc2023\/index.php?rest_route=%2Fwp%2Fv2%2Fmedia&parent=1972"}],"wp:term":[{"taxonomy":"category","embeddable":true,"href":"https:\/\/snalc.org\/snalc2023\/index.php?rest_route=%2Fwp%2Fv2%2Fcategories&post=1972"},{"taxonomy":"post_tag","embeddable":true,"href":"https:\/\/snalc.org\/snalc2023\/index.php?rest_route=%2Fwp%2Fv2%2Ftags&post=1972"}],"curies":[{"name":"wp","href":"https:\/\/api.w.org\/{rel}","templated":true}]}}