{"id":1988,"date":"2023-09-12T20:26:23","date_gmt":"2023-09-12T18:26:23","guid":{"rendered":"https:\/\/snalc.org\/snalc2023\/?p=1988"},"modified":"2023-09-12T20:26:27","modified_gmt":"2023-09-12T18:26:27","slug":"lettre-dinformation-snalc-aed-aesh-12-septembre-2023","status":"publish","type":"post","link":"https:\/\/snalc.org\/snalc2023\/?p=1988","title":{"rendered":"Lettre d&rsquo;information SNALC AED &#8211; AESH &#8211; 12 septembre 2023"},"content":{"rendered":"\n<figure class=\"wp-block-table\"><table><tbody><tr><td>Lettre d&rsquo;information SNALC AED &#8211; AESH &#8211; 12 septembre 2023<\/td><\/tr><\/tbody><\/table><\/figure>\n\n\n\n<figure class=\"wp-block-table\"><table><tbody><tr><td><img decoding=\"async\" src=\"https:\/\/syndicat-snalc.net\/AWURTSJ67\/LogoBleuGeneralOxi._opt_d79c7f3d8e.png\" alt=\"\"><\/td><\/tr><\/tbody><\/table><\/figure>\n\n\n\n<figure class=\"wp-block-table\"><table><tbody><tr><td>SNALC, Syndicat national des lyc\u00e9es, coll\u00e8ges, \u00e9coles et du sup\u00e9rieur<\/td><\/tr><\/tbody><\/table><\/figure>\n\n\n\n<figure class=\"wp-block-table\"><table><tbody><tr><td><br>AED &#8211; AESH<br><br><a href=\"http:\/\/oxiforms.com\/form.php?f=6337FB04-6D48-4240-8776-60B4824DFF0C\" target=\"_blank\" rel=\"noreferrer noopener\">Nous contacter<\/a><\/td><\/tr><\/tbody><\/table><\/figure>\n\n\n\n<figure class=\"wp-block-table\"><table><tbody><tr><td><br>PASS\u2019 PR\u00c9CARISO GRATOS<\/td><\/tr><\/tbody><\/table><\/figure>\n\n\n\n<figure class=\"wp-block-table\"><table><tbody><tr><td>Si beaucoup de franciliens ont le Pass\u2019 Navigo, les AED et AESH ont le Pass\u2019 Pr\u00e9cariso.Recharg\u00e9 gratuitement par l\u2019institution, sans limitation de zone g\u00e9ographique (valable dans toute la m\u00e9tropole et l\u2019outre-mer) et sans date de validit\u00e9, ces personnels sont maintenus dans la pr\u00e9carit\u00e9&nbsp;: sans statut et sans salaire d\u00e9cent&nbsp;!<br>En effet, un CDD, qu\u2019il soit d\u2019un an ou de trois ans, comme un CDI, m\u00eame accessible apr\u00e8s trois ann\u00e9es de CDD au lieu de six (<a href=\"https:\/\/www.legifrance.gouv.fr\/jorf\/id\/JORFTEXT000047826414\" target=\"_blank\" rel=\"noreferrer noopener\">d\u00e9cret 2023-597 du 13 juillet 2023<\/a>), reste de la contractualisation et sans commune mesure avec un statut de fonctionnaire.<br>Par ailleurs, il a beaucoup \u00e9t\u00e9 question de la revalorisation salariale mise en \u0153uvre par le minist\u00e8re de l\u2019Education nationale \u00e0 la rentr\u00e9e 2023. Mais qu\u2019en est-il pour vous&nbsp;?Comme vous pourrez le lire dans cette nouvelle lettre, ce sont des mesurettes pour les AESH et rien pour les AED&nbsp;!Heureusement, certaines mesures de \u00ab&nbsp;revalorisation&nbsp;\u00bb des agents de la Fonction publique vous concernent, et ce d\u00e8s le 1er juillet 2023. Mais le contexte tr\u00e8s inflationniste et vos salaires tr\u00e8s faibles, d\u2019autant plus avec les temps incomplets, notamment pour la tr\u00e8s grande majorit\u00e9 des AESH, en limitent de facto la port\u00e9e&#8230;N\u2019h\u00e9sitez pas \u00e0 r\u00e9pondre au questionnaire qui vous est destin\u00e9 pour conna\u00eetre l\u2019impact de ces diff\u00e9rents ajustements sur votre r\u00e9mun\u00e9ration.<br>Par cons\u00e9quent, le SNALC appelle \u00e0 <a href=\"https:\/\/snalc.fr\/aesh-greve-mardi-3-octobre-2023\/\" target=\"_blank\" rel=\"noreferrer noopener\">une nouvelle journ\u00e9e de mobilisation et de gr\u00e8ve, mardi 3 octobre<\/a>, et attend entre autres du nouveau ministre de l\u2019Education nationale qu\u2019il remplace enfin le Pass\u2019 Pr\u00e9cariso par le Pass\u2019 Revaloriso pour tous les AED et AESH.<\/td><\/tr><\/tbody><\/table><\/figure>\n\n\n\n<figure class=\"wp-block-table\"><table><tbody><tr><td><strong>Danielle ARNAUD<\/strong>Secr\u00e9taire nationale du SNALC&nbsp;charg\u00e9e des personnels contractuels<\/td><\/tr><\/tbody><\/table><\/figure>\n\n\n\n<figure class=\"wp-block-table\"><table><tbody><tr><td><img decoding=\"async\" src=\"https:\/\/syndicat-snalc.net\/AWURTSJ67\/Capture_d_ecran_2023-09-11_a_21.04.47_6b102e9587.jpg\" alt=\"\"><strong>AESH&nbsp;: DES MESURES PAS&nbsp; \u00c0 LA MESURE DE VOTRE R\u00d4LE DANS L\u2019INCLUSION SCOLAIRE<\/strong><br>Si le minist\u00e8re se f\u00e9licite d\u2019une nouvelle \u00e9tape dans la revalorisation des AESH pour la rentr\u00e9e 2023, et ce dans la continuit\u00e9 des pr\u00e9c\u00e9dentes mesures d\u2019am\u00e9lioration des conditions d\u2019emploi et de r\u00e9mun\u00e9ration, le SNALC ne saurait se satisfaire des ajustements mis en \u0153uvre.<br>[<a href=\"https:\/\/snalc.fr\/aesh-des-mesures-pas-a-la-mesure-de-votre-role-dans-linclusion-scolaire\/\" target=\"_blank\" rel=\"noreferrer noopener\">Lire la suite<\/a>]<\/td><\/tr><\/tbody><\/table><\/figure>\n\n\n\n<figure class=\"wp-block-table\"><table><tbody><tr><td><img decoding=\"async\" src=\"https:\/\/syndicat-snalc.net\/AWURTSJ67\/Capture_d_ecran_2023-09-11_a_21.09.02_ead137331c.jpg\" alt=\"\"><strong>AED&nbsp;: LES LARBINS DE L\u2019\u00c9DUCATION NATIONALE<br><\/strong><br>Il y a un an, le<a href=\"https:\/\/www.legifrance.gouv.fr\/jorf\/id\/JORFTEXT000046169175\" target=\"_blank\" rel=\"noreferrer noopener\"> d\u00e9cret 2022-1140<\/a> permettait la CDIsation des assistants d\u2019\u00e9ducation, tandis qu\u2019un <a href=\"https:\/\/www.legifrance.gouv.fr\/jorf\/id\/JORFTEXT000046169234\" target=\"_blank\" rel=\"noreferrer noopener\">arr\u00eat\u00e9<\/a> fixait la r\u00e9mun\u00e9ration de ces agents CDIs\u00e9s \u00e0 l\u2019indice brut 398, soit \u00e0 l\u2019indice major\u00e9 362.Depuis la publication de ces deux textes, les assistants d\u2019\u00e9ducation n\u2019ont connu que des d\u00e9convenues.<br>[<a href=\"https:\/\/snalc.fr\/aed-les-larbins-de-leducation-nationale\/\" target=\"_blank\" rel=\"noreferrer noopener\">Lire la suite<\/a>]<\/td><\/tr><\/tbody><\/table><\/figure>\n\n\n\n<figure class=\"wp-block-table\"><table><tbody><tr><td><img decoding=\"async\" src=\"https:\/\/syndicat-snalc.net\/AWURTSJ67\/Capture_d_ecran_2023-09-11_a_21.11.31_be82b5cf3c.jpg\" alt=\"\"><strong>AESH&nbsp;:&nbsp;QUELLE SERA MA R\u00c9MUN\u00c9RATION AU 1<sup>ER<\/sup> SEPTEMBRE 2023&nbsp;?<br><\/strong><br>Le SNALC vous propose de chiffrer l\u2019impact des mesures de revalorisation mises en \u0153uvre depuis le 1er juillet 2023 sur votre r\u00e9mun\u00e9ration. Pour cela, il vous suffit de r\u00e9pondre \u00e0 notre questionnaire.<br>[<a href=\"https:\/\/snalc.fr\/aesh-quelle-sera-ma-remuneration-au-1er-septembre-2023\/\" target=\"_blank\" rel=\"noreferrer noopener\">Lire la suite<\/a>]<\/td><\/tr><\/tbody><\/table><\/figure>\n\n\n\n<figure class=\"wp-block-table\"><table><tbody><tr><td><img decoding=\"async\" src=\"https:\/\/syndicat-snalc.net\/AWURTSJ67\/Capture_d_ecran_2023-09-11_a_21.15.27_db31aebe43.jpg\" alt=\"\"><strong>AED&nbsp;: QUELLE SERA MA R\u00c9MUN\u00c9RATION AU 1<sup>ER<\/sup> SEPTEMBRE 2023&nbsp;?<br><\/strong><br>Le SNALC vous propose de chiffrer l\u2019impact de la hausse du point d\u2019indice au 1er juillet 2023 sur votre r\u00e9mun\u00e9ration. Pour cela, il vous suffit de r\u00e9pondre \u00e0 notre questionnaire.<br>[<a href=\"https:\/\/snalc.fr\/aed-quelle-sera-ma-remuneration-au-1er-septembre-2023\/\" target=\"_blank\" rel=\"noreferrer noopener\">Lire la suite<\/a>]<\/td><\/tr><\/tbody><\/table><\/figure>\n\n\n\n<figure class=\"wp-block-table\"><table><tbody><tr><td><img decoding=\"async\" src=\"https:\/\/syndicat-snalc.net\/AWURTSJ67\/Capture_d_ecran_2023-09-11_a_21.17.31_83f0cc297c.jpg\" alt=\"\"><strong>AESH&nbsp;: R\u00c9USSIR SA RENTR\u00c9E<br><\/strong><br>C\u2019est le d\u00e9but de l\u2019ann\u00e9e scolaire\u2026 Bienvenue aux nouveaux AESH et bon courage aux AESH d\u00e9j\u00e0 en poste.Que cette reprise soit la meilleure possible&nbsp;!Gr\u00e2ce \u00e0 la liste suivante, le SNALC esp\u00e8re que vous aborderez 2023\/2024 au mieux.<br>[<a href=\"https:\/\/snalc.fr\/aesh-reussir-sa-rentree\/\" target=\"_blank\" rel=\"noreferrer noopener\">Lire la suite<\/a>]<\/td><\/tr><\/tbody><\/table><\/figure>\n\n\n\n<figure class=\"wp-block-table\"><table><tbody><tr><td><img decoding=\"async\" src=\"https:\/\/syndicat-snalc.net\/AWURTSJ67\/Capture_d_ecran_2023-09-11_a_21.20.15_1f798ac5bf.jpg\" alt=\"\"><strong>AESH&nbsp;: JE CALCULE MES HEURES CONNEXES<br><\/strong><br>Dans les heures dues, il y a les heures d\u2019accompagnement &#8211; c\u2019est-\u00e0-dire en pr\u00e9sence de l\u2019\u00e9l\u00e8ve ou des \u00e9l\u00e8ves \u00e0 accompagner &#8211; et les <a href=\"https:\/\/snalc.fr\/heures-sup-deguisees-ou-heures-connexes\/\" target=\"_blank\" rel=\"noreferrer noopener\">heures connexes<\/a> et compl\u00e9mentaires \u00e0 la r\u00e9alisation de la fonction d\u2019AESH.<br>[<a href=\"https:\/\/snalc.fr\/aesh-je-calcule-mes-heures-connexes\/\" target=\"_blank\" rel=\"noreferrer noopener\">Lire la suite<\/a>]<\/td><\/tr><\/tbody><\/table><\/figure>\n\n\n\n<figure class=\"wp-block-table\"><table><tbody><tr><td>GUIDE AED<\/td><\/tr><\/tbody><\/table><\/figure>\n\n\n\n<figure class=\"wp-block-table\"><table><tbody><tr><td><img decoding=\"async\" src=\"https:\/\/syndicat-snalc.net\/AWURTSJ67\/Capture_d_ecran_2023-01-31_a_16.04.43_aad5a90432.jpg\" alt=\"\">&nbsp;Ce guide s\u2019adresse aux assistants d\u2019\u00e9ducation (AED), aux assistants p\u00e9dagogiques (AP), aux assistants de pr\u00e9vention et de s\u00e9curit\u00e9 (APS), aux AED recrut\u00e9s avec des contrats de pr\u00e9professionnalisation. Il est destin\u00e9 \u00e0 vous faire conna\u00eetre vos droits, obligations et protections, sera \u00e0 la hauteur de vos attentes et vous apportera les r\u00e9ponses \u00e0 vos interrogations. Dans un syst\u00e8me \u00e9ducatif totalement d\u00e9shumanis\u00e9, opaque et parfois m\u00e9prisant, soyez assur\u00e9s que le SNALC, syndicat ind\u00e9pendant et de proximit\u00e9, cherche en permanence \u00e0 agir rapidement et efficacement&nbsp; pour VOUS.<a href=\"https:\/\/snalc.fr\/guide-aed\/\" target=\"_blank\" rel=\"noreferrer noopener\">Acc\u00e9der au guide<\/a><\/td><\/tr><\/tbody><\/table><\/figure>\n\n\n\n<figure class=\"wp-block-table\"><table><tbody><tr><td>GUIDE AESH<\/td><\/tr><\/tbody><\/table><\/figure>\n\n\n\n<figure class=\"wp-block-table\"><table><tbody><tr><td><img decoding=\"async\" src=\"https:\/\/syndicat-snalc.net\/AWURTSJ67\/guide_aesh_2021_fbf63d76ab.jpg\" alt=\"\">Le secteur AESH du SNALC a le plaisir de vous pr\u00e9senter&nbsp;son guide AESH<strong><br><\/strong>Les conditions d\u2019emploi L&rsquo;acc\u00e8s au CDI et la mobilit\u00e9 de l&rsquo;AESH en CDIL\u2019exercice des fonctionsLa r\u00e9mun\u00e9rationL\u2019action socialeLes droits et les obligationsLa formation professionnelleLes cong\u00e9s de maladieLes autres cong\u00e9sLes autorisations d\u2019absenceLa suspension et la proc\u00e9dure disciplinaireLa fin de fonction<a href=\"https:\/\/snalc.fr\/guide-de-laesh\/\" target=\"_blank\" rel=\"noreferrer noopener\">Acc\u00e9der au guide<\/a><\/td><\/tr><\/tbody><\/table><\/figure>\n\n\n\n<figure class=\"wp-block-table\"><table><tbody><tr><td><br>L&rsquo;ADH\u00c9SION AU SNALC&nbsp;: 30 \u20ac<\/td><\/tr><\/tbody><\/table><\/figure>\n\n\n\n<figure class=\"wp-block-table\"><table><tbody><tr><td><strong>30 \u20ac&nbsp;<\/strong><strong> Le SNALC est le syndicat le moins cher de l&rsquo;\u00c9ducation nationale.<\/strong><strong>Adh\u00e9sion \u00e0 vie&nbsp;: vous ne payez qu&rsquo;une fois<\/strong><br>L&rsquo;adh\u00e9sion comprend&nbsp;: l&rsquo;assistance et la protection juridiques p\u00e9nales (agressions, diffamation, harc\u00e8lement&#8230;), le dispositif exclusif d&rsquo;aide \u00e0 la mobilit\u00e9&nbsp;: <a href=\"https:\/\/snalc.fr\/mobi-snalc-presentation-et-acces\/\" target=\"_blank\" rel=\"noreferrer noopener\">mobi-SNALC<\/a>&nbsp;et des tarifs n\u00e9goci\u00e9s aupr\u00e8s de nombreux partenaires&nbsp;: <a href=\"https:\/\/snalc.fr\/avantages-snalc\/\" target=\"_blank\" rel=\"noreferrer noopener\">avantages-SNALC<\/a>.<\/td><\/tr><\/tbody><\/table><\/figure>\n\n\n\n<figure class=\"wp-block-table\"><table><tbody><tr><td><img decoding=\"async\" src=\"http:\/\/syndicat-snalc.net\/AWURTSJ67\/editedimg_361b042f34.jpg\" alt=\"\"><a href=\"https:\/\/www.snalc.fr\/adhesion-carte\/\" target=\"_blank\" rel=\"noreferrer noopener\">carte bancaire<\/a><img decoding=\"async\" src=\"http:\/\/syndicat-snalc.net\/AWURTSJ67\/adhesion_prelevements_0703b426ca.JPG\" alt=\"\"><a href=\"https:\/\/www.snalc.fr\/adhesion\/\" target=\"_blank\" rel=\"noreferrer noopener\">pr\u00e9l\u00e8vements mensuels<\/a><img decoding=\"async\" src=\"https:\/\/syndicat-snalc.net\/AWURTSJ67\/editedimg_c6a21d792d.png\" alt=\"\"><a href=\"https:\/\/www.snalc.fr\/adhesion-virement\/\" target=\"_blank\" rel=\"noreferrer noopener\">virement<\/a><img decoding=\"async\" src=\"http:\/\/syndicat-snalc.net\/AWURTSJ67\/adhesion_cheque_699976dc59.JPG\" alt=\"\"><a href=\"https:\/\/www.snalc.fr\/uploads\/bulletin.pdf\" target=\"_blank\" rel=\"noreferrer noopener\">ch\u00e8que<\/a><\/td><\/tr><\/tbody><\/table><\/figure>\n\n\n\n<figure class=\"wp-block-table\"><table><tbody><tr><td><a href=\"https:\/\/snalc.fr\/contact\/\" target=\"_blank\" rel=\"noreferrer noopener\">\u00c9crire au SNALC<\/a><\/td><\/tr><\/tbody><\/table><\/figure>\n\n\n\n<figure class=\"wp-block-table\"><table><tbody><tr><td>Cr\u00e9dits&nbsp;: dans les articles en lien<\/td><\/tr><\/tbody><\/table><\/figure>\n","protected":false},"excerpt":{"rendered":"<p>Lettre d&rsquo;information SNALC AED &#8211; AESH &#8211; 12 septembre 2023 SNALC, Syndicat national des lyc\u00e9es, coll\u00e8ges, \u00e9coles et du sup\u00e9rieur AED &#8211; AESH Nous contacter PASS\u2019 PR\u00c9CARISO GRATOS Si beaucoup [&hellip;]<\/p>\n","protected":false},"author":1,"featured_media":0,"comment_status":"closed","ping_status":"closed","sticky":false,"template":"","format":"standard","meta":{"_lmt_disableupdate":"","_lmt_disable":"","site-sidebar-layout":"default","site-content-layout":"","ast-site-content-layout":"default","site-content-style":"default","site-sidebar-style":"default","ast-global-header-display":"","ast-banner-title-visibility":"","ast-main-header-display":"","ast-hfb-above-header-display":"","ast-hfb-below-header-display":"","ast-hfb-mobile-header-display":"","site-post-title":"","ast-breadcrumbs-content":"","ast-featured-img":"","footer-sml-layout":"","ast-disable-related-posts":"","theme-transparent-header-meta":"","adv-header-id-meta":"","stick-header-meta":"","header-above-stick-meta":"","header-main-stick-meta":"","header-below-stick-meta":"","astra-migrate-meta-layouts":"set","ast-page-background-enabled":"default","ast-page-background-meta":{"desktop":{"background-color":"var(--ast-global-color-4)","background-image":"","background-repeat":"repeat","background-position":"center center","background-size":"auto","background-attachment":"scroll","background-type":"","background-media":"","overlay-type":"","overlay-color":"","overlay-opacity":"","overlay-gradient":""},"tablet":{"background-color":"","background-image":"","background-repeat":"repeat","background-position":"center center","background-size":"auto","background-attachment":"scroll","background-type":"","background-media":"","overlay-type":"","overlay-color":"","overlay-opacity":"","overlay-gradient":""},"mobile":{"background-color":"","background-image":"","background-repeat":"repeat","background-position":"center center","background-size":"auto","background-attachment":"scroll","background-type":"","background-media":"","overlay-type":"","overlay-color":"","overlay-opacity":"","overlay-gradient":""}},"ast-content-background-meta":{"desktop":{"background-color":"var(--ast-global-color-5)","background-image":"","background-repeat":"repeat","background-position":"center center","background-size":"auto","background-attachment":"scroll","background-type":"","background-media":"","overlay-type":"","overlay-color":"","overlay-opacity":"","overlay-gradient":""},"tablet":{"background-color":"var(--ast-global-color-5)","background-image":"","background-repeat":"repeat","background-position":"center center","background-size":"auto","background-attachment":"scroll","background-type":"","background-media":"","overlay-type":"","overlay-color":"","overlay-opacity":"","overlay-gradient":""},"mobile":{"background-color":"var(--ast-global-color-5)","background-image":"","background-repeat":"repeat","background-position":"center center","background-size":"auto","background-attachment":"scroll","background-type":"","background-media":"","overlay-type":"","overlay-color":"","overlay-opacity":"","overlay-gradient":""}},"footnotes":""},"categories":[38,14,13],"tags":[],"class_list":["post-1988","post","type-post","status-publish","format-standard","hentry","category-actualites-2023-2024","category-aed-cpe-vie-scolaire","category-aesh"],"modified_by":"slecourtier","_links":{"self":[{"href":"https:\/\/snalc.org\/snalc2023\/index.php?rest_route=\/wp\/v2\/posts\/1988","targetHints":{"allow":["GET"]}}],"collection":[{"href":"https:\/\/snalc.org\/snalc2023\/index.php?rest_route=\/wp\/v2\/posts"}],"about":[{"href":"https:\/\/snalc.org\/snalc2023\/index.php?rest_route=\/wp\/v2\/types\/post"}],"author":[{"embeddable":true,"href":"https:\/\/snalc.org\/snalc2023\/index.php?rest_route=\/wp\/v2\/users\/1"}],"replies":[{"embeddable":true,"href":"https:\/\/snalc.org\/snalc2023\/index.php?rest_route=%2Fwp%2Fv2%2Fcomments&post=1988"}],"version-history":[{"count":1,"href":"https:\/\/snalc.org\/snalc2023\/index.php?rest_route=\/wp\/v2\/posts\/1988\/revisions"}],"predecessor-version":[{"id":1989,"href":"https:\/\/snalc.org\/snalc2023\/index.php?rest_route=\/wp\/v2\/posts\/1988\/revisions\/1989"}],"wp:attachment":[{"href":"https:\/\/snalc.org\/snalc2023\/index.php?rest_route=%2Fwp%2Fv2%2Fmedia&parent=1988"}],"wp:term":[{"taxonomy":"category","embeddable":true,"href":"https:\/\/snalc.org\/snalc2023\/index.php?rest_route=%2Fwp%2Fv2%2Fcategories&post=1988"},{"taxonomy":"post_tag","embeddable":true,"href":"https:\/\/snalc.org\/snalc2023\/index.php?rest_route=%2Fwp%2Fv2%2Ftags&post=1988"}],"curies":[{"name":"wp","href":"https:\/\/api.w.org\/{rel}","templated":true}]}}