{"id":1992,"date":"2023-09-12T20:32:41","date_gmt":"2023-09-12T18:32:41","guid":{"rendered":"https:\/\/snalc.org\/snalc2023\/?p=1992"},"modified":"2023-09-12T20:32:44","modified_gmt":"2023-09-12T18:32:44","slug":"quinzaine-universitaire-n1480","status":"publish","type":"post","link":"https:\/\/snalc.org\/snalc2023\/?p=1992","title":{"rendered":"QUINZAINE UNIVERSITAIRE n\u00b01480"},"content":{"rendered":"\n<figure class=\"wp-block-image\"><img decoding=\"async\" src=\"https:\/\/snalc.fr\/wp-content\/uploads\/QU1480.jpg\" alt=\"\"\/><\/figure>\n\n\n\n<p><strong>\u00c9DITO : <a href=\"https:\/\/snalc.fr\/lessentiel\/\">L\u2019ESSENTIEL<\/a><\/strong><\/p>\n\n\n\n<p>Alors que notre nouveau ministre&nbsp;a fait sa premi\u00e8re rentr\u00e9e, le&nbsp;SNALC sera plus que jamais&nbsp;vigilant quant \u00e0 la politique qu\u2019il&nbsp;compte mener en coll\u00e8ge, lyc\u00e9e&nbsp;et dans nos formations post-bac.&nbsp;<\/p>\n\n\n\n<p>Nous nous inqui\u00e9tons avec vous des&nbsp;d\u00e9clarations sur la formation continue&nbsp;hors temps de pr\u00e9sence \u00e9l\u00e8ve. Quand&nbsp;donc alors ? Apr\u00e8s 18h ? Le dimanche ?&nbsp;Pendant les vacances scolaires avec un&nbsp;caract\u00e8re obligatoire ? \u00c0 Limoges d\u00e9j\u00e0, la&nbsp;rectrice anticipe et place un stage sur le&nbsp;soutien en 6e le 31 ao\u00fbt (!).&nbsp;<\/p>\n\n\n\n<p>Nous accueillons en revanche favorablement&nbsp;le report des \u00e9preuves de sp\u00e9cialit\u00e9&nbsp;en juin. Il aura fallu du temps pour que&nbsp;la raison reprenne ses droits. Quelques&nbsp;autres am\u00e9liorations (grand oral, diminution&nbsp;du nombre de textes \u00e0 l\u2019oral de l\u2019EAF)&nbsp;montrent que nos revendications syndicales&nbsp;peuvent \u00eatre suivies d\u2019effets quand&nbsp;un ministre fait preuve d\u2019un minimum de&nbsp;bon sens.&nbsp;<\/p>\n\n\n\n<p>Toutefois, l\u2019essentiel est ailleurs. L\u2019essentiel, c\u2019est avant tout votre r\u00e9mun\u00e9ration. Ce ne sont pas les 92 \u20ac par mois que les 2\/3 des professeurs-CPE-psychologues vont toucher \u00e0 partir de septembre qui vont changer quoi que ce soit \u00e0 la paup\u00e9risation de notre m\u00e9tier, et au retard salarial que nous connaissons par rapport aux autres fonctionnaires de cat\u00e9gorie A. Quant au pacte, \u00e0 son \u00ab travailler plus pour perdre moins \u00bb et \u00e0 ses forfaits de remplacements de courte dur\u00e9e&nbsp;<a href=\"https:\/\/snalc.fr\/lessentiel\/\"><strong> [Lire la suite]<\/strong><\/a><\/p>\n\n\n\n<p><strong>DOSSIER DU MOIS<\/strong><\/p>\n\n\n\n<p><a href=\"https:\/\/snalc.fr\/traitements-et-changements-au-1-9-23-le-compte-ny-est-pas\/\"><strong>TRAITEMENTS ET CHANGEMENTS AU 1ER SEPTEMBRE 2023 :<\/strong><\/a><br><a href=\"https:\/\/snalc.fr\/traitements-et-changements-au-1-9-23-le-compte-ny-est-pas\/\"><strong>LE COMPTE N\u2019Y EST TOUJOURS PAS<\/strong><\/a><\/p>\n\n\n\n<ul class=\"wp-block-list\">\n<li><em>Traitements bruts au 1er septembre 2023<\/em><\/li>\n\n\n\n<li><em>\u00c9volution des traitements<\/em><\/li>\n\n\n\n<li><em>L\u2019avis du SNALC : le compte n\u2019y est toujours pas !<\/em><\/li>\n\n\n\n<li><em>Prime exceptionnelle de pouvoir d\u2019achat 2023 : qui est concern\u00e9 ?<\/em><\/li>\n<\/ul>\n\n\n\n<p><strong>LES PERSONNELS<\/strong><\/p>\n\n\n\n<p>09 \u2013 <a href=\"https:\/\/snalc.fr\/pacte-quand-la-confusion-cree-larbitraire\/\">Pacte : quand la confusion cr\u00e9e l\u2019arbitraire<\/a><br>09 \u2013 <a href=\"https:\/\/snalc.fr\/absences-des-professeurs-une-marotte-qui-devient-ridicule\/\">Absence des professeurs : une marotte qui devient ridicule<\/a><br>10 \u2013 <a href=\"https:\/\/snalc.fr\/aed-aesh-ils-gagnent-toujours-des-cacahuetes\/\">AESH, AED : ils gagnent toujours des cacahu\u00e8tes<\/a><br>10 \u2013 <a href=\"https:\/\/snalc.fr\/contractuels-enseignants-cpe-et-psy-en-en-finir-avec-les-clopinettes\/\">Contractuels enseignants, CPE et PSY-EN : en finir avec les clopinettes !<\/a><br>11 \u2013 <a href=\"https:\/\/snalc.fr\/etre-personnel-de-direction-en-2023-un-sacerdoce\/\">\u00catre personnel de direction en 2023 : un sacerdoce ?<\/a><br>11 \u2013 <a href=\"https:\/\/snalc.fr\/revalorisation-de-lifse-des-personnels-itrf-pour-2023\/\">Revalorisation de l\u2019IFSE des personnels ITRF pour 2023<\/a><br>12 \u2013 <a href=\"https:\/\/snalc.fr\/sur-la-retraite-du-nouveau-au-1er-septembre-2023\/\">Sur la retraite<\/a><br>13 \u2013 <a href=\"https:\/\/snalc.fr\/la-gipa-est-renouvelee-en-2023\/\">La GIPA est renouvel\u00e9e<\/a><br>13 \u2013 <a href=\"https:\/\/snalc.fr\/dans-le-1er-degre-pacte-une-revalorisation-quon-paye-cher\/\">Dans le premier degr\u00e9 : Pacte, une revalorisation qu\u2019on paye cher<\/a><br>13 \u2013 <a href=\"https:\/\/snalc.fr\/wp-content\/uploads\/QU1480_NLOP.jpg\">Ne l\u2019oubliez pas !<\/a><\/p>\n\n\n\n<p><strong>SYST\u00c8ME \u00c9DUCATIF<\/strong><\/p>\n\n\n\n<p>14 \u2013 <a href=\"https:\/\/snalc.fr\/tout-ce-que-vous-napprendrez-peut-etre-pas-a-linspe\/\">Tout ce que vous n\u2019apprendrez (peut-\u00eatre) pas \u00e0 l\u2019INSPE<\/a><br>14 \u2013 <a href=\"https:\/\/snalc.fr\/college-comme-un-gout-de-kamoulox\/\">Coll\u00e8ge : comme un go\u00fbt de <em>kamoulox<\/em><\/a><br>15 \u2013 <a href=\"https:\/\/snalc.fr\/reforme-des-lycees-pros-le-president-a-encore-parle\/\">R\u00e9forme des lyc\u00e9es pros : le pr\u00e9sident a encore parl\u00e9\u2026<\/a><br>15 \u2013 <a href=\"https:\/\/snalc.fr\/eps-et-jo-2024-des-liaisons-dangereuses\/\">EPS et JO 2024 : des liaisons dangereuses ?<\/a><\/p>\n\n\n\n<p><strong>CONDITIONS DE TRAVAIL&nbsp;<\/strong><\/p>\n\n\n\n<p>16 \u2013 <a href=\"https:\/\/snalc.fr\/conditions-de-travail-a-quand-la-fin-du-deni\/\">Conditions de travail : \u00e0 quand la fin du d\u00e9ni ?<\/a><br>16 \u2013 <a href=\"https:\/\/snalc.fr\/conditions-de-travail-a-quand-la-fin-du-deni#mediatrice\">Rapport de la m\u00e9diatrice : \u00ab un climat de tension exacerb\u00e9 \u00bb<\/a><\/p>\n\n\n\n<p><strong>VIE SCOLAIRE<\/strong><\/p>\n\n\n\n<p>17 \u2013 <a href=\"https:\/\/snalc.fr\/enjeu-et-urgence-dun-ressaisissement-laique\/\">Enjeu et urgence d\u2019un ressaisissement la\u00efque<\/a><br>17 \u2013 <a href=\"https:\/\/snalc.fr\/climat-scolaire-harcelement-laicite-le-ministre-durcit-le-ton\/\">Climat scolaire, harc\u00e8lement, la\u00efcit\u00e9 : le ministre durcit le ton<\/a><\/p>\n\n\n\n<p><a href=\"https:\/\/snalc.fr\/wp-content\/uploads\/QU1480.pdf\">T\u00e9l\u00e9charger la revue en PDF<\/a><\/p>\n\n\n\n<p><a href=\"https:\/\/snalc.fr\/quinzaine-universitaire-n1480-1D\">D\u00e9couvrir la revue Premier degr\u00e9<\/a><\/p>\n\n\n\n<p><a href=\"https:\/\/www.calameo.com\/books\/0068374589e7d9784f895\" target=\"_blank\" rel=\"noreferrer noopener\"><\/a><\/p>\n\n\n\n<p><a href=\"https:\/\/v.calameo.com\/?bkcode=0068374589e7d9784f895&amp;mode=mini\">https:\/\/v.calameo.com\/?bkcode=0068374589e7d9784f895&amp;mode=mini<\/a><\/p>\n\n\n\n<p><a href=\"http:\/\/www.calameo.com\/\" target=\"_blank\" rel=\"noreferrer noopener\"><\/a><\/p>\n","protected":false},"excerpt":{"rendered":"<p>\u00c9DITO : L\u2019ESSENTIEL Alors que notre nouveau ministre&nbsp;a fait sa premi\u00e8re rentr\u00e9e, le&nbsp;SNALC sera plus que jamais&nbsp;vigilant quant \u00e0 la politique qu\u2019il&nbsp;compte mener en coll\u00e8ge, lyc\u00e9e&nbsp;et dans nos formations post-bac.&nbsp; [&hellip;]<\/p>\n","protected":false},"author":1,"featured_media":0,"comment_status":"closed","ping_status":"closed","sticky":false,"template":"","format":"standard","meta":{"_lmt_disableupdate":"","_lmt_disable":"","site-sidebar-layout":"default","site-content-layout":"","ast-site-content-layout":"default","site-content-style":"default","site-sidebar-style":"default","ast-global-header-display":"","ast-banner-title-visibility":"","ast-main-header-display":"","ast-hfb-above-header-display":"","ast-hfb-below-header-display":"","ast-hfb-mobile-header-display":"","site-post-title":"","ast-breadcrumbs-content":"","ast-featured-img":"","footer-sml-layout":"","ast-disable-related-posts":"","theme-transparent-header-meta":"","adv-header-id-meta":"","stick-header-meta":"","header-above-stick-meta":"","header-main-stick-meta":"","header-below-stick-meta":"","astra-migrate-meta-layouts":"set","ast-page-background-enabled":"default","ast-page-background-meta":{"desktop":{"background-color":"var(--ast-global-color-4)","background-image":"","background-repeat":"repeat","background-position":"center center","background-size":"auto","background-attachment":"scroll","background-type":"","background-media":"","overlay-type":"","overlay-color":"","overlay-opacity":"","overlay-gradient":""},"tablet":{"background-color":"","background-image":"","background-repeat":"repeat","background-position":"center center","background-size":"auto","background-attachment":"scroll","background-type":"","background-media":"","overlay-type":"","overlay-color":"","overlay-opacity":"","overlay-gradient":""},"mobile":{"background-color":"","background-image":"","background-repeat":"repeat","background-position":"center center","background-size":"auto","background-attachment":"scroll","background-type":"","background-media":"","overlay-type":"","overlay-color":"","overlay-opacity":"","overlay-gradient":""}},"ast-content-background-meta":{"desktop":{"background-color":"var(--ast-global-color-5)","background-image":"","background-repeat":"repeat","background-position":"center center","background-size":"auto","background-attachment":"scroll","background-type":"","background-media":"","overlay-type":"","overlay-color":"","overlay-opacity":"","overlay-gradient":""},"tablet":{"background-color":"var(--ast-global-color-5)","background-image":"","background-repeat":"repeat","background-position":"center center","background-size":"auto","background-attachment":"scroll","background-type":"","background-media":"","overlay-type":"","overlay-color":"","overlay-opacity":"","overlay-gradient":""},"mobile":{"background-color":"var(--ast-global-color-5)","background-image":"","background-repeat":"repeat","background-position":"center center","background-size":"auto","background-attachment":"scroll","background-type":"","background-media":"","overlay-type":"","overlay-color":"","overlay-opacity":"","overlay-gradient":""}},"footnotes":""},"categories":[38,37],"tags":[],"class_list":["post-1992","post","type-post","status-publish","format-standard","hentry","category-actualites-2023-2024","category-qu"],"modified_by":"slecourtier","_links":{"self":[{"href":"https:\/\/snalc.org\/snalc2023\/index.php?rest_route=\/wp\/v2\/posts\/1992","targetHints":{"allow":["GET"]}}],"collection":[{"href":"https:\/\/snalc.org\/snalc2023\/index.php?rest_route=\/wp\/v2\/posts"}],"about":[{"href":"https:\/\/snalc.org\/snalc2023\/index.php?rest_route=\/wp\/v2\/types\/post"}],"author":[{"embeddable":true,"href":"https:\/\/snalc.org\/snalc2023\/index.php?rest_route=\/wp\/v2\/users\/1"}],"replies":[{"embeddable":true,"href":"https:\/\/snalc.org\/snalc2023\/index.php?rest_route=%2Fwp%2Fv2%2Fcomments&post=1992"}],"version-history":[{"count":1,"href":"https:\/\/snalc.org\/snalc2023\/index.php?rest_route=\/wp\/v2\/posts\/1992\/revisions"}],"predecessor-version":[{"id":1993,"href":"https:\/\/snalc.org\/snalc2023\/index.php?rest_route=\/wp\/v2\/posts\/1992\/revisions\/1993"}],"wp:attachment":[{"href":"https:\/\/snalc.org\/snalc2023\/index.php?rest_route=%2Fwp%2Fv2%2Fmedia&parent=1992"}],"wp:term":[{"taxonomy":"category","embeddable":true,"href":"https:\/\/snalc.org\/snalc2023\/index.php?rest_route=%2Fwp%2Fv2%2Fcategories&post=1992"},{"taxonomy":"post_tag","embeddable":true,"href":"https:\/\/snalc.org\/snalc2023\/index.php?rest_route=%2Fwp%2Fv2%2Ftags&post=1992"}],"curies":[{"name":"wp","href":"https:\/\/api.w.org\/{rel}","templated":true}]}}