{"id":2008,"date":"2023-09-16T12:43:47","date_gmt":"2023-09-16T10:43:47","guid":{"rendered":"https:\/\/snalc.org\/snalc2023\/?p=2008"},"modified":"2023-09-16T12:43:50","modified_gmt":"2023-09-16T10:43:50","slug":"sur-la-retraite-du-nouveau-au-1er-septembre-2023","status":"publish","type":"post","link":"https:\/\/snalc.org\/snalc2023\/?p=2008","title":{"rendered":"Sur la retraite : du nouveau au 1er septembre 2023"},"content":{"rendered":"\n<p><span class=\"elementor-icon-list-text elementor-post-info__item elementor-post-info__item--type-terms\"><span class=\"elementor-post-info__terms-list\"><a class=\"elementor-post-info__terms-list-item\" href=\"https:\/\/snalc.fr\/category\/parcours-carriere\/retraite\/\"><\/a> <\/span> <\/span> <div data-elementor-type=\"single-post\" data-elementor-id=\"205\" class=\"elementor elementor-205 elementor-location-single post-30698 post type-post status-publish format-standard has-post-thumbnail hentry category-retraite\"><section class=\"elementor-section elementor-top-section elementor-element elementor-element-4326831a elementor-section-boxed elementor-section-height-default elementor-section-height-default\" data-id=\"4326831a\" data-element_type=\"section\" id=\"top-section\"><div class=\"elementor-container elementor-column-gap-default\"><div class=\"elementor-column elementor-col-50 elementor-top-column elementor-element elementor-element-1adca9f4\" data-id=\"1adca9f4\" data-element_type=\"column\"><div class=\"elementor-widget-wrap elementor-element-populated\"><div class=\"elementor-element elementor-element-6b6c2f3f elementor-mobile-align-center elementor-widget elementor-widget-post-info\" data-id=\"6b6c2f3f\" data-element_type=\"widget\" data-widget_type=\"post-info.default\"><div class=\"elementor-widget-container\"><ul class=\"elementor-inline-items elementor-icon-list-items elementor-post-info\"><li class=\"elementor-icon-list-item elementor-repeater-item-d22dd6d elementor-inline-item\" itemprop=\"about\"><\/li><\/ul><\/div><\/div><div class=\"elementor-element elementor-element-57213923 elementor-widget elementor-widget-theme-post-featured-image elementor-widget-image\" data-id=\"57213923\" data-element_type=\"widget\" data-widget_type=\"theme-post-featured-image.default\"> <div class=\"elementor-widget-container\"> <figure class=\"wp-caption\"> <img fetchpriority=\"high\" decoding=\"async\" width=\"733\" height=\"501\" class=\"attachment-full size-full\" src=\"https:\/\/snalc.fr\/wp-content\/uploads\/retraite_istock_aquaArts-studio-1516520403.jpg\" alt=\"\"> <figcaption class=\"widget-image-caption wp-caption-text\">\u00a9 istock_aquaArts studio-1516520403<\/figcaption> <\/figure> <\/div> <\/div><div class=\"elementor-element elementor-element-2987e2d0 elementor-widget elementor-widget-theme-post-content\" data-id=\"2987e2d0\" data-element_type=\"widget\" data-widget_type=\"theme-post-content.default\"> <div class=\"elementor-widget-container\"> <div data-elementor-type=\"wp-post\" data-elementor-id=\"30698\" class=\"elementor elementor-30698\"> <section class=\"elementor-section elementor-top-section elementor-element elementor-element-bfe7a2c elementor-section-boxed elementor-section-height-default elementor-section-height-default\" data-id=\"bfe7a2c\" data-element_type=\"section\"> <div class=\"elementor-container elementor-column-gap-default\"> <div class=\"elementor-column elementor-col-100 elementor-top-column elementor-element elementor-element-6024d89\" data-id=\"6024d89\" data-element_type=\"column\"> <div class=\"elementor-widget-wrap elementor-element-populated\"> <div class=\"elementor-element elementor-element-eb1d968 elementor-widget elementor-widget-spacer\" data-id=\"eb1d968\" data-element_type=\"widget\" data-widget_type=\"spacer.default\"> <div class=\"elementor-widget-container\"> <div class=\"elementor-spacer\"> <div class=\"elementor-spacer-inner\"><\/div> <\/div> <\/div> <\/div> <div class=\"elementor-element elementor-element-8d9b584 elementor-toc--minimized-on-tablet elementor-widget elementor-widget-table-of-contents elementor-toc--collapsed\" data-id=\"8d9b584\" data-element_type=\"widget\" data-settings=\"{&quot;headings_by_tags&quot;:[&quot;h5&quot;],&quot;exclude_headings_by_selector&quot;:[],&quot;marker_view&quot;:&quot;bullets&quot;,&quot;icon&quot;:{&quot;value&quot;:&quot;far fa-circle&quot;,&quot;library&quot;:&quot;fa-regular&quot;},&quot;minimize_box&quot;:&quot;yes&quot;,&quot;minimized_on&quot;:&quot;tablet&quot;,&quot;hierarchical_view&quot;:&quot;yes&quot;,&quot;min_height&quot;:{&quot;unit&quot;:&quot;px&quot;,&quot;size&quot;:&quot;&quot;,&quot;sizes&quot;:[]},&quot;min_height_tablet&quot;:{&quot;unit&quot;:&quot;px&quot;,&quot;size&quot;:&quot;&quot;,&quot;sizes&quot;:[]},&quot;min_height_mobile&quot;:{&quot;unit&quot;:&quot;px&quot;,&quot;size&quot;:&quot;&quot;,&quot;sizes&quot;:[]}}\" data-widget_type=\"table-of-contents.default\"> <div class=\"elementor-widget-container\" style=\"min-height: 0px;\"> <div class=\"elementor-toc__header\"> <h4 class=\"elementor-toc__header-title\"> Au sommaire <\/h4> <div class=\"elementor-toc__toggle-button elementor-toc__toggle-button--expand\"><i class=\"fas fa-chevron-down\"><\/i><\/div> <\/div> <\/div> <\/div> <div class=\"elementor-element elementor-element-53cc38d elementor-widget elementor-widget-spacer\" data-id=\"53cc38d\" data-element_type=\"widget\" data-widget_type=\"spacer.default\"> <div class=\"elementor-widget-container\"> <div class=\"elementor-spacer\"> <div class=\"elementor-spacer-inner\"><\/div> <\/div> <\/div> <\/div> <\/div> <\/div> <\/div> <\/section> <section class=\"elementor-section elementor-top-section elementor-element elementor-element-73414bb elementor-section-boxed elementor-section-height-default elementor-section-height-default\" data-id=\"73414bb\" data-element_type=\"section\"> <div class=\"elementor-container elementor-column-gap-default\"> <div class=\"elementor-column elementor-col-100 elementor-top-column elementor-element elementor-element-e28e873\" data-id=\"e28e873\" data-element_type=\"column\"> <div class=\"elementor-widget-wrap elementor-element-populated\"> <div class=\"elementor-element elementor-element-6c39b52 elementor-widget elementor-widget-heading\" data-id=\"6c39b52\" data-element_type=\"widget\" data-widget_type=\"heading.default\"> <div class=\"elementor-widget-container\"> <span id=\"elementor-toc__heading-anchor-0\" class=\"elementor-menu-anchor \"><\/span><h5 class=\"elementor-heading-title elementor-size-default\">PRISE EN COMPTE DES SERVICES R\u00c9ALIS\u00c9S DANS LE SECTEUR PRIV\u00c9 <\/h5> <\/div> <\/div> <div class=\"elementor-element elementor-element-4e6b23f elementor-widget elementor-widget-text-editor\" data-id=\"4e6b23f\" data-element_type=\"widget\" data-widget_type=\"text-editor.default\"> <div class=\"elementor-widget-container\"> <p>Le <a href=\"https:\/\/www.legifrance.gouv.fr\/jorf\/id\/JORFTEXT000047942974\">d\u00e9cret 2023-729 du 7 ao\u00fbt\u00a02023<\/a>  pr\u00e9voit la possibilit\u00e9 de reprendre\u00a0les services r\u00e9alis\u00e9s dans le  secteur priv\u00e9\u00a0pour les laur\u00e9ats des concours externes\u00a0et internes  enseignants, d\u2019\u00e9ducation et de\u00a0Psy-EN.<\/p><p>Il d\u00e9finit les conditions  de cumul\u00a0\u00e9ventuel de la reprise d\u2019ann\u00e9es d\u2019activit\u00e9\u00a0professionnelle  priv\u00e9e avec d\u2019autres dispositions\u00a0du d\u00e9cret dans le cadre du  classement\u00a0dans un corps r\u00e9gi par le d\u00e9cret du\u00a05 d\u00e9cembre 1951. Il  supprime la clause\u00a0de non-interruption des services d\u2019un an\u00a0qui aboutit \u00e0  ne pas reprendre les services\u00a0de contractuel de droit public  ant\u00e9rieurs\u00a0\u00e0 l\u2019interruption. Il am\u00e9liore la reprise des\u00a0services de  contractuels enseignants de\u00a0droit public et des services de  contractuels\u00a0de droit public non-enseignants. Il explicite\u00a0les modalit\u00e9s  de reprise des services\u00a0\u00e0 temps partiel et incomplet, et pr\u00e9voit  un\u00a0article sp\u00e9cifique pour les bonifications\u00a0d\u2019anciennet\u00e9 au profit des  titulaires d\u2019un\u00a0doctorat et des contractuels alternants\u00a0pr\u00e9vues  auparavant dans les diff\u00e9rents\u00a0d\u00e9crets statutaires.<\/p><p>Le d\u00e9cret  actualise par\u00a0ailleurs certaines dispositions pour prendre\u00a0en compte les  \u00e9volutions l\u00e9gislatives et\u00a0r\u00e9glementaires qui sont intervenues.  Ce\u00a0d\u00e9cret \u00e9voque une disposition identique\u00a0qui avait pendant quelques  ann\u00e9es permis\u00a0de prendre en compte les services du\u00a0priv\u00e9 pour les  laur\u00e9ats des concours de\u00a0recrutement des adjoints d\u2019administration\u00a0ce  qui avait install\u00e9 une in\u00e9galit\u00e9 cause\u00a0de frustrations ressenties par  les adjoints\u00a0d\u2019administration qui avaient \u00e9t\u00e9 recrut\u00e9s\u00a0avant la parution  du d\u00e9cret et apr\u00e8s son\u00a0abrogation.\u00a0<\/p> <\/div> <\/div> <\/div> <\/div> <\/div> <\/section> <section class=\"elementor-section elementor-top-section elementor-element elementor-element-f9f7221 elementor-section-boxed elementor-section-height-default elementor-section-height-default\" data-id=\"f9f7221\" data-element_type=\"section\"> <div class=\"elementor-container elementor-column-gap-default\"> <div class=\"elementor-column elementor-col-100 elementor-top-column elementor-element elementor-element-45e3f92\" data-id=\"45e3f92\" data-element_type=\"column\"> <div class=\"elementor-widget-wrap elementor-element-populated\"> <div class=\"elementor-element elementor-element-78d3458 elementor-widget elementor-widget-heading\" data-id=\"78d3458\" data-element_type=\"widget\" data-widget_type=\"heading.default\"> <div class=\"elementor-widget-container\"> <span id=\"elementor-toc__heading-anchor-1\" class=\"elementor-menu-anchor \"><\/span><h5 class=\"elementor-heading-title elementor-size-default\">L\u2019ASSURANCE VIEILLESSE DES AIDANTS (AVA) <\/h5> <\/div> <\/div> <div class=\"elementor-element elementor-element-be7ebb0 elementor-widget elementor-widget-text-editor\" data-id=\"be7ebb0\" data-element_type=\"widget\" data-widget_type=\"text-editor.default\"> <div class=\"elementor-widget-container\"> <p>L\u2019<a href=\"https:\/\/www.legifrance.gouv.fr\/jorf\/id\/JORFTEXT000047445077\">article 25<\/a>  de la loi du 14 avril 2023 a cr\u00e9\u00e9\u00a0une assurance vieillesse des  aidants.\u00a0Nos coll\u00e8gues connaissent des cas douloureux\u00a0o\u00f9 ils aident des  enfants ou des\u00a0adultes en situation de handicap ou des\u00a0personnes \u00e2g\u00e9es  en perte d\u2019autonomie.\u00a0Ils sont parfois b\u00e9n\u00e9ficiaires de  l\u2019allocation\u00a0journali\u00e8re de pr\u00e9sence parentale, ou de\u00a0l\u2019allocation  journali\u00e8re du proche aidant ou\u00a0ayant la charge d\u2019un enfant handicap\u00e9  ou\u00a0encore charg\u00e9s d\u2019apporter leur aide \u00e0 un\u00a0adulte handicap\u00e9.\u00a0<\/p> <p>Le\u00a0<a rel=\"noopener\" href=\"https:\/\/www.legifrance.gouv.fr\/jorf\/id\/JORFTEXT000047956328\" target=\"_blank\">d\u00e9cret 2023-752<\/a>\u00a0du  10 ao\u00fbt 2023 apporte des\u00a0pr\u00e9cisions importantes aux aidants.  Les\u00a0parents d\u2019un enfant en situation de handicap, ayant un taux  d\u2019incapacit\u00e9 inf\u00e9rieur \u00e0\u00a080 %, et \u00e9ligible \u00e0 un compl\u00e9ment de  l\u2019allocation\u00a0d\u2019\u00e9ducation de l\u2019enfant handicap\u00a0peuvent b\u00e9n\u00e9ficier de  l\u2019assurance vieillesse\u00a0des aidants. De m\u00eame, ils peuvent en  b\u00e9n\u00e9ficier\u00a0m\u00eame s\u2019ils viennent en aide \u00e0 une\u00a0personne avec qui ils ne  cohabitent pas.\u00a0<\/p> <p>Appliquant les termes de la loi, le d\u00e9cret\u00a0permet d\u2019attribuer des  trimestres au titre\u00a0de proche aidant et de pr\u00e9sence parentale\u00a0aux  personnes qui rel\u00e8vent du r\u00e9gime\u00a0de retraite de la fonction publique.  Ces\u00a0trimestres peuvent m\u00eame \u00eatre pris en\u00a0compte pour le droit \u00e0 la  retraite anticip\u00e9e\u00a0pour carri\u00e8re longue.\u00a0<\/p> <\/div> <\/div> <\/div> <\/div> <\/div> <\/section> <section class=\"elementor-section elementor-top-section elementor-element elementor-element-f90308e elementor-section-boxed elementor-section-height-default elementor-section-height-default\" data-id=\"f90308e\" data-element_type=\"section\"> <div class=\"elementor-container elementor-column-gap-default\"> <div class=\"elementor-column elementor-col-100 elementor-top-column elementor-element elementor-element-f657ece\" data-id=\"f657ece\" data-element_type=\"column\"> <div class=\"elementor-widget-wrap elementor-element-populated\"> <div class=\"elementor-element elementor-element-7c1aa6e elementor-widget elementor-widget-heading\" data-id=\"7c1aa6e\" data-element_type=\"widget\" data-widget_type=\"heading.default\"> <div class=\"elementor-widget-container\"> <span id=\"elementor-toc__heading-anchor-2\" class=\"elementor-menu-anchor \"><\/span><h5 class=\"elementor-heading-title elementor-size-default\">LA RETRAITE PROGRESSIVE <\/h5> <\/div> <\/div> <div class=\"elementor-element elementor-element-4980658 elementor-widget elementor-widget-text-editor\" data-id=\"4980658\" data-element_type=\"widget\" data-widget_type=\"text-editor.default\"> <div class=\"elementor-widget-container\"> <p>De nouveaux d\u00e9crets du 10 ao\u00fbt 2023\u00a0permettent l\u2019application  de la loi du 14 avril\u00a02023 relatifs \u00e0 la retraite progressive et  au\u00a0cumul emploi-retraite.\u00a0<\/p><p>La retraite progressive ne ressemble  pas \u00e0\u00a0l\u2019ancienne cessation progressive d\u2019activit\u00e9\u00a0(CPA) supprim\u00e9e en  2011. Les fonctionnaires\u00a0ne pourront demander ladite  retraite\u00a0progressive que s\u2019ils ont entre 62 et 64\u00a0ans et d\u00e9j\u00e0 au moins  150 trimestres de\u00a0dur\u00e9e d\u2019assurance. Ils devront travailler \u00e0\u00a0temps  partiel sans que la quotit\u00e9 soit inf\u00e9rieure\u00a0\u00e0 50 %.\u00a0<\/p><p>Ils devront  d\u00e9terminer la quotit\u00e9 de leur\u00a0service non travaill\u00e9e puisque le montant  de la retraite partielle\u00a0sera affect\u00e9 d\u2019un coefficient \u00e9gal \u00e0\u00a0la quotit\u00e9  non travaill\u00e9e. Ils pourront faire\u00a0\u00e9voluer cette quotit\u00e9 et en  cons\u00e9quence le montant servi. Ils toucheront donc leur  traitement\u00a0partiel et un compl\u00e9ment pris sur leur future\u00a0pension.\u00a0<\/p><p>Ensuite,  ils devront eux-m\u00eames d\u00e9terminer\u00a0la date \u00e0 partir de laquelle ils  commenceront\u00a0\u00e0 toucher cette retraite progressive.\u00a0La situation se  complique si le fonctionnaire\u00a0conform\u00e9ment \u00e0 la nouvelle loi a\u00a0repris du  service public apr\u00e8s son d\u00e9part\u00a0\u00e0 la retraite. Le SNALC est en  mesure\u00a0de vous pr\u00e9ciser que le fonctionnaire en\u00a0retraite progressive  pourra, s\u2019il le souhaite,\u00a0surcotiser pour que cette p\u00e9riode compte\u00a0\u00e0  temps complet pour sa pension. Apr\u00e8s\u00a0l\u2019\u00e2ge de 64 ans, s\u2019il est encore en  activit\u00e9,\u00a0il aura le droit de reprendre un temps\u00a0complet mais n\u2019aura  plus le droit de b\u00e9n\u00e9ficier\u00a0de la retraite progressive. Enfin, il\u00a0pourra  m\u00eame en cours de retraite progressive\u00a0modifier sa quotit\u00e9 de temps  partiel.\u00a0<\/p><p>N\u2019h\u00e9sitez pas \u00e0 nous consulter : retraite@ snalc.fr\u00a0<\/p> <\/div> <\/div> <\/div> <\/div> <\/div> <\/section> <section class=\"elementor-section elementor-top-section elementor-element elementor-element-28d32c2 elementor-section-boxed elementor-section-height-default elementor-section-height-default\" data-id=\"28d32c2\" data-element_type=\"section\"> <div class=\"elementor-container elementor-column-gap-default\"> <div class=\"elementor-column elementor-col-100 elementor-top-column elementor-element elementor-element-a16e8a1\" data-id=\"a16e8a1\" data-element_type=\"column\"> <div class=\"elementor-widget-wrap elementor-element-populated\"> <div class=\"elementor-element elementor-element-6ff43bc elementor-widget elementor-widget-heading\" data-id=\"6ff43bc\" data-element_type=\"widget\" data-widget_type=\"heading.default\"> <div class=\"elementor-widget-container\"> <span id=\"elementor-toc__heading-anchor-3\" class=\"elementor-menu-anchor \"><\/span><h5 class=\"elementor-heading-title elementor-size-default\">CUMUL EMPLOI-RETRAITE <\/h5> <\/div> <\/div> <div class=\"elementor-element elementor-element-f35af67 elementor-widget elementor-widget-text-editor\" data-id=\"f35af67\" data-element_type=\"widget\" data-widget_type=\"text-editor.default\"> <div class=\"elementor-widget-container\"> <p>Le retrait\u00e9 peut retravailler dans des activit\u00e9s\u00a0\u00e0 caract\u00e8re  artistique, litt\u00e9raire ou\u00a0scientifique exerc\u00e9es accessoirement\u00a0avant la  liquidation de la pension de retraite.\u00a0Il peut aussi participer aux  activit\u00e9s\u00a0juridictionnelles ou assimil\u00e9es, consultations\u00a0donn\u00e9es  occasionnellement, participation\u00a0\u00e0 des jurys de concours publics.  Il\u00a0peut m\u00eame exercer une activit\u00e9 d\u2019h\u00e9bergement\u00a0en milieu rural r\u00e9alis\u00e9e  avec des\u00a0biens patrimoniaux.\u00a0<\/p><p>Ce cumul emploi-retraite est  compatible\u00a0avec la retraite progressive et permet ainsi d\u2019acqu\u00e9rir de  nouveaux droits \u00e0 pension.\u00a0Le retrait\u00e9 peut \u00e9galement exercer une  activit\u00e9 de\u00a0parrainage et faire des vacations dans\u00a0des \u00e9tablissements de  sant\u00e9 sur leur demande,\u00a0dans certaines limites.\u00a0<\/p><p>Le SNALC est au  service des adh\u00e9rents\u00a0pour les informer, les conseiller dans cette\u00a0phase  difficile de leur carri\u00e8re. Vous pouvez\u00a0donc faire appel \u00e0 ses  informations et \u00e0 ses\u00a0conseils \u00e0 l\u2019adresse : retraite@snalc.fr.\u00a0<\/p> <\/div> <\/div> <\/div> <\/div> <\/div> <\/section> <\/div> <\/div> <\/div><\/div><\/div><\/div><\/section><\/div><\/p>\n","protected":false},"excerpt":{"rendered":"<p>\u00a9 istock_aquaArts studio-1516520403 Au sommaire PRISE EN COMPTE DES SERVICES R\u00c9ALIS\u00c9S DANS LE SECTEUR PRIV\u00c9 Le d\u00e9cret 2023-729 du 7 ao\u00fbt\u00a02023 pr\u00e9voit la possibilit\u00e9 de reprendre\u00a0les services r\u00e9alis\u00e9s dans le [&hellip;]<\/p>\n","protected":false},"author":1,"featured_media":0,"comment_status":"closed","ping_status":"closed","sticky":false,"template":"","format":"standard","meta":{"_lmt_disableupdate":"","_lmt_disable":"","site-sidebar-layout":"default","site-content-layout":"","ast-site-content-layout":"default","site-content-style":"default","site-sidebar-style":"default","ast-global-header-display":"","ast-banner-title-visibility":"","ast-main-header-display":"","ast-hfb-above-header-display":"","ast-hfb-below-header-display":"","ast-hfb-mobile-header-display":"","site-post-title":"","ast-breadcrumbs-content":"","ast-featured-img":"","footer-sml-layout":"","ast-disable-related-posts":"","theme-transparent-header-meta":"","adv-header-id-meta":"","stick-header-meta":"","header-above-stick-meta":"","header-main-stick-meta":"","header-below-stick-meta":"","astra-migrate-meta-layouts":"set","ast-page-background-enabled":"default","ast-page-background-meta":{"desktop":{"background-color":"var(--ast-global-color-4)","background-image":"","background-repeat":"repeat","background-position":"center center","background-size":"auto","background-attachment":"scroll","background-type":"","background-media":"","overlay-type":"","overlay-color":"","overlay-opacity":"","overlay-gradient":""},"tablet":{"background-color":"","background-image":"","background-repeat":"repeat","background-position":"center center","background-size":"auto","background-attachment":"scroll","background-type":"","background-media":"","overlay-type":"","overlay-color":"","overlay-opacity":"","overlay-gradient":""},"mobile":{"background-color":"","background-image":"","background-repeat":"repeat","background-position":"center center","background-size":"auto","background-attachment":"scroll","background-type":"","background-media":"","overlay-type":"","overlay-color":"","overlay-opacity":"","overlay-gradient":""}},"ast-content-background-meta":{"desktop":{"background-color":"var(--ast-global-color-5)","background-image":"","background-repeat":"repeat","background-position":"center center","background-size":"auto","background-attachment":"scroll","background-type":"","background-media":"","overlay-type":"","overlay-color":"","overlay-opacity":"","overlay-gradient":""},"tablet":{"background-color":"var(--ast-global-color-5)","background-image":"","background-repeat":"repeat","background-position":"center center","background-size":"auto","background-attachment":"scroll","background-type":"","background-media":"","overlay-type":"","overlay-color":"","overlay-opacity":"","overlay-gradient":""},"mobile":{"background-color":"var(--ast-global-color-5)","background-image":"","background-repeat":"repeat","background-position":"center center","background-size":"auto","background-attachment":"scroll","background-type":"","background-media":"","overlay-type":"","overlay-color":"","overlay-opacity":"","overlay-gradient":""}},"footnotes":""},"categories":[38,24],"tags":[],"class_list":["post-2008","post","type-post","status-publish","format-standard","hentry","category-actualites-2023-2024","category-parcours-carriere"],"modified_by":"slecourtier","_links":{"self":[{"href":"https:\/\/snalc.org\/snalc2023\/index.php?rest_route=\/wp\/v2\/posts\/2008","targetHints":{"allow":["GET"]}}],"collection":[{"href":"https:\/\/snalc.org\/snalc2023\/index.php?rest_route=\/wp\/v2\/posts"}],"about":[{"href":"https:\/\/snalc.org\/snalc2023\/index.php?rest_route=\/wp\/v2\/types\/post"}],"author":[{"embeddable":true,"href":"https:\/\/snalc.org\/snalc2023\/index.php?rest_route=\/wp\/v2\/users\/1"}],"replies":[{"embeddable":true,"href":"https:\/\/snalc.org\/snalc2023\/index.php?rest_route=%2Fwp%2Fv2%2Fcomments&post=2008"}],"version-history":[{"count":1,"href":"https:\/\/snalc.org\/snalc2023\/index.php?rest_route=\/wp\/v2\/posts\/2008\/revisions"}],"predecessor-version":[{"id":2009,"href":"https:\/\/snalc.org\/snalc2023\/index.php?rest_route=\/wp\/v2\/posts\/2008\/revisions\/2009"}],"wp:attachment":[{"href":"https:\/\/snalc.org\/snalc2023\/index.php?rest_route=%2Fwp%2Fv2%2Fmedia&parent=2008"}],"wp:term":[{"taxonomy":"category","embeddable":true,"href":"https:\/\/snalc.org\/snalc2023\/index.php?rest_route=%2Fwp%2Fv2%2Fcategories&post=2008"},{"taxonomy":"post_tag","embeddable":true,"href":"https:\/\/snalc.org\/snalc2023\/index.php?rest_route=%2Fwp%2Fv2%2Ftags&post=2008"}],"curies":[{"name":"wp","href":"https:\/\/api.w.org\/{rel}","templated":true}]}}