{"id":2027,"date":"2023-09-19T17:25:51","date_gmt":"2023-09-19T15:25:51","guid":{"rendered":"https:\/\/snalc.org\/snalc2023\/?p=2027"},"modified":"2023-09-19T17:25:54","modified_gmt":"2023-09-19T15:25:54","slug":"dans-le-primaire-des-contes-a-dormir-debout","status":"publish","type":"post","link":"https:\/\/snalc.org\/snalc2023\/?p=2027","title":{"rendered":"Dans le Primaire, des contes \u00e0 dormir debout"},"content":{"rendered":"\n<figure class=\"wp-block-image\"><img decoding=\"async\" src=\"https:\/\/snalc.fr\/wp-content\/uploads\/dormir_istock_fizkes-1223044339.jpg\" alt=\"\"\/><figcaption class=\"wp-element-caption\">\u00a9 istock_fizkes-1223044339<\/figcaption><\/figure>\n\n\n\n<p>Il \u00e9tait une fois, dans le 1er degr\u00e9 sous contrat, deux mythes cont\u00e9s au coin du feu, bien pratiques pour faire faire des heures en plus, non r\u00e9mun\u00e9r\u00e9es, aux professeurs des \u00e9coles.<\/p>\n\n\n\n<p>Le premier conte narr\u00e9 pour les endormir, appel\u00e9 <strong>\u00ab&nbsp;Veill\u00e9e d\u2019ao\u00fbt de charit\u00e9&nbsp;\u00bb<\/strong>, \u00e9tait qu\u2019une journ\u00e9e de pr\u00e9-rentr\u00e9e suppl\u00e9mentaire, le jeudi 31 ao\u00fbt cette ann\u00e9e, devait avoir lieu mais qu\u2019elle n\u2019\u00e9tait pas d\u00e9compt\u00e9e des 108h. On ne peut que comprendre les directeurs et directrices, les r\u00e9unions sont des moments tellement palpitants et pleins de joie&nbsp;! Se fait-on payer pour un loisir&nbsp;?<\/p>\n\n\n\n<p>Pourtant, l\u2019arr\u00eat\u00e9 du 15 d\u00e9cembre 2020 indique que \u00ab&nbsp;<em>pour les enseignants, deux demi-journ\u00e9es (ou un horaire \u00e9quivalent), prises en dehors des heures de cours, pourront \u00eatre d\u00e9gag\u00e9es, durant l\u2019ann\u00e9e scolaire, afin de permettre des temps de r\u00e9flexion et de formation sur des sujets propos\u00e9s par les autorit\u00e9s acad\u00e9miques<\/em>&nbsp;\u00bb.<\/p>\n\n\n\n<p>Il s\u2019agit donc d\u2019une possibilit\u00e9 et non d\u2019une obligation. Surtout, il s\u2019agit bien de <em>formation<\/em>. Ainsi, cette journ\u00e9e de pr\u00e9-rentr\u00e9e suppl\u00e9mentaire n\u2019en est pas une mais doit en revanche \u00eatre d\u00e9compt\u00e9e des 108h et plus pr\u00e9cis\u00e9ment des 18h qui&nbsp; sont d\u00e9volues \u00e0 la formation en leur sein. Comme le rappelle le Conseil d\u2019Etat \u00e0 ce sujet, il n\u2019existe pas de cat\u00e9gorie fourre tout en dehors des 108h ou des 24 heures de cours hebdomadaires.<\/p>\n\n\n\n<p>24h&nbsp;? Car oui, il s\u2019agit du deuxi\u00e8me conte, <strong>\u00ab&nbsp;La 25\u00e8me heure&nbsp;\u00bb<\/strong>, et il est bien meilleur que le pr\u00e9c\u00e9dent. Dans l\u2019enseignement priv\u00e9 sous contrat, les professeurs des \u00e9coles, ces nantis, devraient faire b\u00e9n\u00e9volement une heure de cours de plus hebdomadaire que leurs homologues du public, soit 25h. Cette \u00e9trange coutume faite pour honorer les enseignants de primaire est malheureusement ill\u00e9gale. En effet, les agents publics que sont les professeurs des \u00e9coles du priv\u00e9 sous contrat sont r\u00e9gis par le d\u00e9cret n\u00b02008-775 du 30 juillet 2008 et par la circulaire n\u00b0 2013-019 du 4-2-2013 qui sont les m\u00eames que celles de leurs coll\u00e8gues du public et qui stipulent qu\u2019ils doivent faire 24h de cours devant \u00e9l\u00e8ves. C\u2019est leur statut.<\/p>\n\n\n\n<p>Nous invitons donc tous nos lecteurs \u00e0 informer leurs coll\u00e8gues du caract\u00e8re l\u00e9gendaire de cette 25\u00e8me heure de cours. Oui, le chagrin sera grand chez certains, mais que voulez-vous, il faut bien dire aux grands enfants qui entretiennent ces contes que le P\u00e8re No\u00ebl n\u2019existe pas.<\/p>\n\n\n\n<p>Nous rappellerons en conclusion de ce r\u00e9cit que chaque coll\u00e8gue qui accepte de travailler sans \u00eatre pay\u00e9 nuit \u00e0 l\u2019ensemble du m\u00e9tier et contribue \u00e0 sa d\u00e9t\u00e9rioration. Nous sommes des salari\u00e9s et des professionnels. Il existe un grand nombre d\u2019associations ayant besoin de b\u00e9n\u00e9voles, ce que nous ne sommes pas.<\/p>\n\n\n\n<p>Loin des fables, le SNALC priv\u00e9 vous accompagnera pour faire cesser ces contes \u00e0 dormir debout. Ces mensonges vous volent du temps et de l\u2019argent. Nous ne pouvons le tol\u00e9rer.<\/p>\n\n\n\n<figure class=\"wp-block-image\"><img decoding=\"async\" src=\"https:\/\/snalc.fr\/wp-content\/uploads\/perenoel.gif\" alt=\"\"\/><figcaption class=\"wp-element-caption\">lemondedesgifs.over-blog.com<\/figcaption><\/figure>\n","protected":false},"excerpt":{"rendered":"<p>Il \u00e9tait une fois, dans le 1er degr\u00e9 sous contrat, deux mythes cont\u00e9s au coin du feu, bien pratiques pour faire faire des heures en plus, non r\u00e9mun\u00e9r\u00e9es, aux professeurs [&hellip;]<\/p>\n","protected":false},"author":1,"featured_media":0,"comment_status":"closed","ping_status":"closed","sticky":false,"template":"","format":"standard","meta":{"_lmt_disableupdate":"","_lmt_disable":"","site-sidebar-layout":"default","site-content-layout":"","ast-site-content-layout":"default","site-content-style":"default","site-sidebar-style":"default","ast-global-header-display":"","ast-banner-title-visibility":"","ast-main-header-display":"","ast-hfb-above-header-display":"","ast-hfb-below-header-display":"","ast-hfb-mobile-header-display":"","site-post-title":"","ast-breadcrumbs-content":"","ast-featured-img":"","footer-sml-layout":"","ast-disable-related-posts":"","theme-transparent-header-meta":"","adv-header-id-meta":"","stick-header-meta":"","header-above-stick-meta":"","header-main-stick-meta":"","header-below-stick-meta":"","astra-migrate-meta-layouts":"set","ast-page-background-enabled":"default","ast-page-background-meta":{"desktop":{"background-color":"var(--ast-global-color-4)","background-image":"","background-repeat":"repeat","background-position":"center center","background-size":"auto","background-attachment":"scroll","background-type":"","background-media":"","overlay-type":"","overlay-color":"","overlay-opacity":"","overlay-gradient":""},"tablet":{"background-color":"","background-image":"","background-repeat":"repeat","background-position":"center center","background-size":"auto","background-attachment":"scroll","background-type":"","background-media":"","overlay-type":"","overlay-color":"","overlay-opacity":"","overlay-gradient":""},"mobile":{"background-color":"","background-image":"","background-repeat":"repeat","background-position":"center center","background-size":"auto","background-attachment":"scroll","background-type":"","background-media":"","overlay-type":"","overlay-color":"","overlay-opacity":"","overlay-gradient":""}},"ast-content-background-meta":{"desktop":{"background-color":"var(--ast-global-color-5)","background-image":"","background-repeat":"repeat","background-position":"center center","background-size":"auto","background-attachment":"scroll","background-type":"","background-media":"","overlay-type":"","overlay-color":"","overlay-opacity":"","overlay-gradient":""},"tablet":{"background-color":"var(--ast-global-color-5)","background-image":"","background-repeat":"repeat","background-position":"center center","background-size":"auto","background-attachment":"scroll","background-type":"","background-media":"","overlay-type":"","overlay-color":"","overlay-opacity":"","overlay-gradient":""},"mobile":{"background-color":"var(--ast-global-color-5)","background-image":"","background-repeat":"repeat","background-position":"center center","background-size":"auto","background-attachment":"scroll","background-type":"","background-media":"","overlay-type":"","overlay-color":"","overlay-opacity":"","overlay-gradient":""}},"footnotes":""},"categories":[38,23],"tags":[],"class_list":["post-2027","post","type-post","status-publish","format-standard","hentry","category-actualites-2023-2024","category-professeurs-1er-degre"],"modified_by":"slecourtier","_links":{"self":[{"href":"https:\/\/snalc.org\/snalc2023\/index.php?rest_route=\/wp\/v2\/posts\/2027","targetHints":{"allow":["GET"]}}],"collection":[{"href":"https:\/\/snalc.org\/snalc2023\/index.php?rest_route=\/wp\/v2\/posts"}],"about":[{"href":"https:\/\/snalc.org\/snalc2023\/index.php?rest_route=\/wp\/v2\/types\/post"}],"author":[{"embeddable":true,"href":"https:\/\/snalc.org\/snalc2023\/index.php?rest_route=\/wp\/v2\/users\/1"}],"replies":[{"embeddable":true,"href":"https:\/\/snalc.org\/snalc2023\/index.php?rest_route=%2Fwp%2Fv2%2Fcomments&post=2027"}],"version-history":[{"count":1,"href":"https:\/\/snalc.org\/snalc2023\/index.php?rest_route=\/wp\/v2\/posts\/2027\/revisions"}],"predecessor-version":[{"id":2028,"href":"https:\/\/snalc.org\/snalc2023\/index.php?rest_route=\/wp\/v2\/posts\/2027\/revisions\/2028"}],"wp:attachment":[{"href":"https:\/\/snalc.org\/snalc2023\/index.php?rest_route=%2Fwp%2Fv2%2Fmedia&parent=2027"}],"wp:term":[{"taxonomy":"category","embeddable":true,"href":"https:\/\/snalc.org\/snalc2023\/index.php?rest_route=%2Fwp%2Fv2%2Fcategories&post=2027"},{"taxonomy":"post_tag","embeddable":true,"href":"https:\/\/snalc.org\/snalc2023\/index.php?rest_route=%2Fwp%2Fv2%2Ftags&post=2027"}],"curies":[{"name":"wp","href":"https:\/\/api.w.org\/{rel}","templated":true}]}}