{"id":2045,"date":"2023-09-22T08:03:47","date_gmt":"2023-09-22T06:03:47","guid":{"rendered":"https:\/\/snalc.org\/snalc2023\/?p=2045"},"modified":"2023-09-22T08:03:50","modified_gmt":"2023-09-22T06:03:50","slug":"audience-sur-la-rentree-a-lassemblee-nationale-le-20-septembre-2023","status":"publish","type":"post","link":"https:\/\/snalc.org\/snalc2023\/?p=2045","title":{"rendered":"Audience sur la rentr\u00e9e \u00e0 l\u2019Assembl\u00e9e nationale le 20 septembre 2023"},"content":{"rendered":"\n<figure class=\"wp-block-image\"><img decoding=\"async\" src=\"https:\/\/snalc.fr\/wp-content\/uploads\/AssembleeNationale_capturedecran.jpg\" alt=\"\"\/><figcaption class=\"wp-element-caption\">\u00a9 Assembl\u00e9e nationale &#8211; Capture d&rsquo;\u00e9cran<\/figcaption><\/figure>\n\n\n\n<h5 class=\"wp-block-heading\">COMMISSION DES AFFAIRES CULTURELLES : TABLE RONDE SUR LA RENTR\u00c9E SCOLAIRE R\u00c9UNISSANT DES REPR\u00c9SENTANTS DES SYNDICATS REPR\u00c9SENTATIFS D\u2019ENSEIGNANTS<\/h5>\n\n\n\n<h5 class=\"wp-block-heading\">20 septembre 2023<\/h5>\n\n\n\n<h5 class=\"wp-block-heading\">Compte rendu du SNALC<\/h5>\n\n\n\n<p>TH\u00c8ME<\/p>\n\n\n\n<p>Audition des syndicats repr\u00e9sentatifs par la commission des affaires culturelles et de l\u2019\u00e9ducation (apr\u00e8s celle du DGESCO le matin), autour du th\u00e8me de la rentr\u00e9e scolaire dans les premier et second degr\u00e9s.<\/p>\n\n\n\n<p>L\u2019ESSENTIEL<\/p>\n\n\n\n<p>Le SNALC a insist\u00e9 sur deux points essentiels&nbsp;: la crise de recrutement, li\u00e9e \u00e0 la crise d\u2019attractivit\u00e9, aux traitements et aux conditions de travail. L\u2019\u00e9cole inclusive, port\u00e9e \u00e0 bout de bras par les personnels et qui n\u2019est plus tenable.<\/p>\n\n\n\n<p><strong>LE SNALC A INSIT\u00c9 SUR\u2026<\/strong><\/p>\n\n\n\n<ul class=\"wp-block-list\">\n<li><strong>La crise de recrutement<\/strong>&nbsp;: nous venons de vivre les deux pires ann\u00e9es en termes de postes non pourvus. Les enseignants sont mal pay\u00e9s, on ne peut continuer ainsi \u00e0 faire des mesurettes ou l\u00e2cher des miettes, imm\u00e9diatement absorb\u00e9es par l\u2019inflation.<\/li>\n\n\n\n<li><strong>Une loi de programmation pluri-annuelle<\/strong> pour avoir des perspectives, r\u00e9mun\u00e9rer enfin correctement les enseignants et redonner de l\u2019attractivit\u00e9 \u00e0 nos m\u00e9tiers.<\/li>\n\n\n\n<li><strong>Une formation continue sur le temps de service<\/strong>, qui ne se rajoute pas \u00e0 la charge de travail actuelle (43 heures par semaine en moyenne).<\/li>\n\n\n\n<li><strong>Le pacte<\/strong>&nbsp;: per\u00e7u comme choquant par les coll\u00e8gues, \u00e0 juste titre, vu la situation de crise. Comment oser ressortir la vieille ficelle du <em>travailler plus pour gagner plus&nbsp;<\/em>? Il est indispensable d\u2019avoir un rattrapage inconditionnel dans lequel on reverse l\u2019enveloppe budg\u00e9taire du pacte.<\/li>\n\n\n\n<li>Le fait qu\u2019on ne peut poursuivre<strong> l\u2019\u00e9cole inclusive<\/strong> sans consulter les personnels, sans tenir compte des difficult\u00e9s de plus en plus importantes que rencontrent les enseignants et AESH. L\u2019\u00e9cole inclusive se r\u00e9sume \u00e0 des mesures quantitatives avec des petits bouts d\u2019accompagnement. Avant de faire un acte 2, il est plus que n\u00e9cessaire de faire le bilan de l\u2019acte 1.<\/li>\n\n\n\n<li><strong>Un statut de fonctionnaire pour les AESH<\/strong> et une v\u00e9ritable <strong>politique salariale<\/strong>, pas des miettes et de la communication qui ne trompe personne.<\/li>\n\n\n\n<li><strong>La r\u00e9forme du lyc\u00e9e professionnel<\/strong>, qui menace de nombreux coll\u00e8gues.<\/li>\n\n\n\n<li><strong>Les directeurs d\u2019\u00e9cole<\/strong> qui ne sont absolument pas aid\u00e9s malgr\u00e9 la loi Rilhac. Les charges administratives et les missions continuent \u00e0 s\u2019entasser sans que rien ne change vraiment.<\/li>\n\n\n\n<li>Le fait qu\u2019on ne sait toujours pas ce que le minist\u00e8re veut faire du <strong>coll\u00e8ge<\/strong>, sinon avoir act\u00e9 la folle suppression de la technologie en sixi\u00e8me.<\/li>\n<\/ul>\n\n\n\n<p>L\u2019AVIS DU SNALC<\/p>\n\n\n\n<p><strong>Il y a urgence \u00e0 agir. L\u2019\u00c9cole, qui est un pilier indispensable de la R\u00e9publique, est en danger. Le SNALC alerte la repr\u00e9sentation nationale sur le fait que la situation est tr\u00e8s d\u00e9grad\u00e9e et que les personnels sont \u00e9puis\u00e9s et d\u00e9courag\u00e9s. Le ras le bol face \u00e0 une communication qui tourne \u00e0 vide et dont personne n\u2019est dupe n\u2019est plus tenable. Il est temps pour les d\u00e9put\u00e9s de saisir l\u2019ampleur et la gravit\u00e9 du probl\u00e8me.<\/strong><\/p>\n\n\n\n<p><strong>Au-del\u00e0 de ce compte rendu centr\u00e9 sur le fond, le SNALC, avec l\u2019ensemble des organisations repr\u00e9sentatives, a quitt\u00e9 cette audience apr\u00e8s des prises de paroles inacceptables venant de trois d\u00e9put\u00e9s<\/strong> [En savoir plus : <a href=\"https:\/\/snalc.fr\/des-deputes-insultent-les-elus-du-personnel\/\">Des d\u00e9put\u00e9s insultent les \u00e9lus du personnel<\/a>]<\/p>\n\n\n\n<p><a href=\"https:\/\/snalc.fr\/wp-content\/uploads\/SNALC_CR_AudienceAssNat_20230920.pdf\">T\u00e9l\u00e9charger le compte rendu<\/a><\/p>\n\n\n\n<hr class=\"wp-block-separator has-alpha-channel-opacity\"\/>\n\n\n\n<p><em><strong>Lire aussi :<\/strong><\/em>https:\/\/snalc.fr\/des-deputes-insultent-les-elus-du-personnel\/embed\/#?secret=sKzR9jEvxE#?secret=9GLCe3DDi7https:\/\/snalc.fr\/incidents-a-lassemblee-nationale-declaration-intersyndicale-et-courrier-a-la-presidente\/embed\/#?secret=ztteBa8sTa#?secret=sCqsDQkX2l<\/p>\n\n\n\n<p><a href=\"https:\/\/snalc.fr\/contact\/\" target=\"_blank\" rel=\"noreferrer noopener\">Nous \u00e9crire<\/a><\/p>\n","protected":false},"excerpt":{"rendered":"<p>COMMISSION DES AFFAIRES CULTURELLES : TABLE RONDE SUR LA RENTR\u00c9E SCOLAIRE R\u00c9UNISSANT DES REPR\u00c9SENTANTS DES SYNDICATS REPR\u00c9SENTATIFS D\u2019ENSEIGNANTS 20 septembre 2023 Compte rendu du SNALC TH\u00c8ME Audition des syndicats repr\u00e9sentatifs [&hellip;]<\/p>\n","protected":false},"author":1,"featured_media":0,"comment_status":"closed","ping_status":"closed","sticky":false,"template":"","format":"standard","meta":{"_lmt_disableupdate":"","_lmt_disable":"","site-sidebar-layout":"default","site-content-layout":"","ast-site-content-layout":"default","site-content-style":"default","site-sidebar-style":"default","ast-global-header-display":"","ast-banner-title-visibility":"","ast-main-header-display":"","ast-hfb-above-header-display":"","ast-hfb-below-header-display":"","ast-hfb-mobile-header-display":"","site-post-title":"","ast-breadcrumbs-content":"","ast-featured-img":"","footer-sml-layout":"","ast-disable-related-posts":"","theme-transparent-header-meta":"","adv-header-id-meta":"","stick-header-meta":"","header-above-stick-meta":"","header-main-stick-meta":"","header-below-stick-meta":"","astra-migrate-meta-layouts":"set","ast-page-background-enabled":"default","ast-page-background-meta":{"desktop":{"background-color":"var(--ast-global-color-4)","background-image":"","background-repeat":"repeat","background-position":"center center","background-size":"auto","background-attachment":"scroll","background-type":"","background-media":"","overlay-type":"","overlay-color":"","overlay-opacity":"","overlay-gradient":""},"tablet":{"background-color":"","background-image":"","background-repeat":"repeat","background-position":"center center","background-size":"auto","background-attachment":"scroll","background-type":"","background-media":"","overlay-type":"","overlay-color":"","overlay-opacity":"","overlay-gradient":""},"mobile":{"background-color":"","background-image":"","background-repeat":"repeat","background-position":"center center","background-size":"auto","background-attachment":"scroll","background-type":"","background-media":"","overlay-type":"","overlay-color":"","overlay-opacity":"","overlay-gradient":""}},"ast-content-background-meta":{"desktop":{"background-color":"var(--ast-global-color-5)","background-image":"","background-repeat":"repeat","background-position":"center center","background-size":"auto","background-attachment":"scroll","background-type":"","background-media":"","overlay-type":"","overlay-color":"","overlay-opacity":"","overlay-gradient":""},"tablet":{"background-color":"var(--ast-global-color-5)","background-image":"","background-repeat":"repeat","background-position":"center center","background-size":"auto","background-attachment":"scroll","background-type":"","background-media":"","overlay-type":"","overlay-color":"","overlay-opacity":"","overlay-gradient":""},"mobile":{"background-color":"var(--ast-global-color-5)","background-image":"","background-repeat":"repeat","background-position":"center center","background-size":"auto","background-attachment":"scroll","background-type":"","background-media":"","overlay-type":"","overlay-color":"","overlay-opacity":"","overlay-gradient":""}},"footnotes":""},"categories":[38],"tags":[],"class_list":["post-2045","post","type-post","status-publish","format-standard","hentry","category-actualites-2023-2024"],"modified_by":"slecourtier","_links":{"self":[{"href":"https:\/\/snalc.org\/snalc2023\/index.php?rest_route=\/wp\/v2\/posts\/2045","targetHints":{"allow":["GET"]}}],"collection":[{"href":"https:\/\/snalc.org\/snalc2023\/index.php?rest_route=\/wp\/v2\/posts"}],"about":[{"href":"https:\/\/snalc.org\/snalc2023\/index.php?rest_route=\/wp\/v2\/types\/post"}],"author":[{"embeddable":true,"href":"https:\/\/snalc.org\/snalc2023\/index.php?rest_route=\/wp\/v2\/users\/1"}],"replies":[{"embeddable":true,"href":"https:\/\/snalc.org\/snalc2023\/index.php?rest_route=%2Fwp%2Fv2%2Fcomments&post=2045"}],"version-history":[{"count":1,"href":"https:\/\/snalc.org\/snalc2023\/index.php?rest_route=\/wp\/v2\/posts\/2045\/revisions"}],"predecessor-version":[{"id":2046,"href":"https:\/\/snalc.org\/snalc2023\/index.php?rest_route=\/wp\/v2\/posts\/2045\/revisions\/2046"}],"wp:attachment":[{"href":"https:\/\/snalc.org\/snalc2023\/index.php?rest_route=%2Fwp%2Fv2%2Fmedia&parent=2045"}],"wp:term":[{"taxonomy":"category","embeddable":true,"href":"https:\/\/snalc.org\/snalc2023\/index.php?rest_route=%2Fwp%2Fv2%2Fcategories&post=2045"},{"taxonomy":"post_tag","embeddable":true,"href":"https:\/\/snalc.org\/snalc2023\/index.php?rest_route=%2Fwp%2Fv2%2Ftags&post=2045"}],"curies":[{"name":"wp","href":"https:\/\/api.w.org\/{rel}","templated":true}]}}