{"id":2049,"date":"2023-09-22T08:06:31","date_gmt":"2023-09-22T06:06:31","guid":{"rendered":"https:\/\/snalc.org\/snalc2023\/?p=2049"},"modified":"2023-09-22T08:06:33","modified_gmt":"2023-09-22T06:06:33","slug":"incidents-a-lassemblee-nationale-declaration-intersyndicale-et-courrier-a-la-presidente","status":"publish","type":"post","link":"https:\/\/snalc.org\/snalc2023\/?p=2049","title":{"rendered":"Incidents \u00e0 l\u2019Assembl\u00e9e nationale : d\u00e9claration intersyndicale et courrier \u00e0 la pr\u00e9sidente"},"content":{"rendered":"\n<ul class=\"wp-block-list\">\n<li><a href=\"https:\/\/snalc.fr\/category\/actualites\/\"><\/a><\/li>\n<\/ul>\n\n\n\n<figure class=\"wp-block-image\"><img decoding=\"async\" src=\"https:\/\/snalc.fr\/wp-content\/uploads\/courrier_AdobeStock_505912269.jpg\" alt=\"\"\/><figcaption class=\"wp-element-caption\">\u00a9 AdobeStock_505912269<\/figcaption><\/figure>\n\n\n\n<h5 class=\"wp-block-heading\">D\u00e9claration intersyndicale suite \u00e0 l\u2019audition bilan de rentr\u00e9e \u00e0 l\u2019Assembl\u00e9e nationale<\/h5>\n\n\n\n<figure class=\"wp-block-image\"><img decoding=\"async\" src=\"https:\/\/snalc.fr\/wp-content\/uploads\/Bandeau_IS_CSAMEN-1-1024x229.jpg\" alt=\"\"\/><\/figure>\n\n\n\n<p>Nos organisations FSU, UNSA Education, Fnec-FP-FO, SGEN-CFDT, CGT Educ\u2019action, SNALC et Sud \u00c9ducation ont particip\u00e9 mercredi 20 septembre \u00e0 une <a href=\"https:\/\/snalc.fr\/des-deputes-insultent-les-elus-du-personnel\/\">table ronde<\/a> sur la rentr\u00e9e 2023 dans le 1<sup>er<\/sup> et le 2d degr\u00e9 organis\u00e9e par la commission des affaires culturelles et de l\u2019\u00e9ducation de l\u2019Assembl\u00e9e nationale. Toutes nos organisations ont point\u00e9 les probl\u00e8mes rencontr\u00e9s \u00e0 cette rentr\u00e9e&nbsp;: crise du recrutement, salaires, conditions de travail, inclusion et situation des AESH\u2026<\/p>\n\n\n\n<p>En guise de r\u00e9ponse, nous avons re\u00e7u de la part de d\u00e9put\u00e9s Renaissance et Rassemblement national des propos d\u00e9nigrants, voire insultants. Ainsi Mme Riotton (d\u00e9put\u00e9e Renaissance) a point\u00e9 notre <em>\u00ab&nbsp;ton caricatural&nbsp;\u00bb<\/em> et a remis en cause notre repr\u00e9sentativit\u00e9. Puis M. Odoul (d\u00e9put\u00e9 RN) a compar\u00e9 la s\u00e9quence pendant laquelle nous nous sommes tous exprim\u00e9s \u00e0 <em>\u00ab&nbsp;un sketch des Inconnus&nbsp;\u00bb<\/em>. Enfin, M. Chudeau (d\u00e9put\u00e9 RN) a jug\u00e9 les propos de certains d\u2019entre nous <em>\u00ab&nbsp;ridicules et totalement d\u00e9plac\u00e9s&nbsp;\u00bb,<\/em> nous enjoignant \u00e0 \u00ab&nbsp;<em>nous mettre au niveau<\/em>&nbsp;\u00bb et <em>\u00ab&nbsp;\u00e0 baisser d\u2019un ton&nbsp;\u00bb<\/em> et mena\u00e7ant de ne pas nous inviter l\u2019an prochain. Tout cela s\u2019est d\u00e9roul\u00e9 sans intervention de la pr\u00e9sidente de la commission, Mme Rauch (Horizons). Nous avons alors fait le choix de quitter la s\u00e9ance.&nbsp;&nbsp;&nbsp;&nbsp;&nbsp;&nbsp;&nbsp;&nbsp;<br>Nous d\u00e9non\u00e7ons des propos inacceptables. La remise en cause de notre l\u00e9gitimit\u00e9, pourtant issue des \u00e9lections professionnelles, les propos moqueurs et d\u00e9nigrants sont autant de marques de m\u00e9pris envers nos organisations, mais aussi une forme de m\u00e9pris pour la r\u00e9alit\u00e9 que vivent tous nos coll\u00e8gues et les \u00e9l\u00e8ves dans les \u00e9coles, coll\u00e8ges et lyc\u00e9es.<\/p>\n\n\n\n<p>Nous nous sommes adress\u00e9s \u00e0 la pr\u00e9sidente de l\u2019Assembl\u00e9e nationale pour l\u2019interpeller sur les propos tenus qui n\u2019honorent pas la d\u00e9mocratie, dont le respect est un des constituants.<br>Dans la grave crise que traverse notre syst\u00e8me \u00e9ducatif, il y a urgence \u00e0 ce que les organisations syndicales repr\u00e9sentatives soient enfin \u00e9cout\u00e9es et respect\u00e9es. Il en va de l\u2019avenir de notre service public d\u2019\u00c9ducation.<\/p>\n\n\n\n<p><em>&nbsp;\u00c0 Paris, le 21 septembre 2023&nbsp;&nbsp;&nbsp;&nbsp;&nbsp;<\/em><\/p>\n\n\n\n<p><a href=\"https:\/\/snalc.fr\/wp-content\/uploads\/20230921_DeclaIS_audienceAssNat.pdf\">T\u00e9l\u00e9charger la d\u00e9claration intersyndicale<\/a><\/p>\n\n\n\n<h5 class=\"wp-block-heading\">Courrier intersyndical \u00e0 Mme Ya\u00ebl Braun-Pivet, Pr\u00e9sidente de l\u2019Assembl\u00e9e nationale<\/h5>\n\n\n\n<figure class=\"wp-block-image\"><img decoding=\"async\" src=\"https:\/\/snalc.fr\/wp-content\/uploads\/Bandeau_IS_CSAMEN-1-1024x229.jpg\" alt=\"\"\/><\/figure>\n\n\n\n<p>Madame la Pr\u00e9sidente de l\u2019Assembl\u00e9e nationale,&nbsp;&nbsp;&nbsp;&nbsp;&nbsp;&nbsp;&nbsp;<br><\/p>\n\n\n\n<p>Nos organisations FSU, UNSA Education, Fnec-FP-FO, SGEN-CFDT, CGT Educ\u2019action, SNALC et Sud Education ont r\u00e9pondu \u00e0 l\u2019invitation de la commission des affaires culturelles et \u00e9ducation de l\u2019Assembl\u00e9e nationale pour participer \u00e0 une table ronde sur la rentr\u00e9e 2023 dans le 1<sup>er<\/sup> et le 2d degr\u00e9. Nous jouons ainsi pleinement notre r\u00f4le d\u2019organisations syndicales&nbsp;: repr\u00e9senter nos coll\u00e8gues, porter leur parole, vous faire conna\u00eetre nos projets et propositions pour l\u2019\u00c9cole.<br><br>Cette audition s\u2019est d\u00e9roul\u00e9e le mercredi 20 septembre. Toutes nos organisations ont point\u00e9 les probl\u00e8mes rencontr\u00e9s \u00e0 cette rentr\u00e9e&nbsp;: crise du recrutement, salaires, conditions de travail, inclusion et situation des AESH\u2026&nbsp;&nbsp;&nbsp;&nbsp;&nbsp;&nbsp;&nbsp;&nbsp;&nbsp;<br><br>En guise de r\u00e9ponse, nous avons re\u00e7u de la part de d\u00e9put\u00e9s Renaissance et Rassemblement national des propos d\u00e9nigrants, voire insultants. Ainsi Mme Riotton (d\u00e9put\u00e9e Renaissance) a point\u00e9 notre <em>\u00ab&nbsp;ton caricatural&nbsp;\u00bb,<\/em> a affirm\u00e9 que nous ne faisions pas honneur aux personnels que nous \u00e9tions <em>\u00ab&nbsp;cens\u00e9s&nbsp; repr\u00e9senter&nbsp;\u00bb<\/em>. C\u2019est tr\u00e8s clairement une remise en cause notre repr\u00e9sentativit\u00e9. Puis M.Odoul (d\u00e9put\u00e9 RN) a compar\u00e9 la s\u00e9quence pendant laquelle nous nous sommes tous exprim\u00e9s \u00e0 <em>\u00ab&nbsp;un sketch des Inconnus&nbsp;\u00bb<\/em>. Enfin, M.Chudeau (d\u00e9put\u00e9 RN) a jug\u00e9 les propos de certains d\u2019entre nous <em>\u00ab&nbsp;ridicules et totalement d\u00e9plac\u00e9s&nbsp;\u00bb<\/em>, nous enjoignant \u00e0 <em>\u00ab&nbsp;nous mettre au niveau&nbsp;\u00bb<\/em> et <em>\u00ab&nbsp;\u00e0 baisser d\u2019un ton&nbsp;\u00bb<\/em> et mena\u00e7ant de ne pas nous inviter l\u2019an prochain. Tout cela s\u2019est d\u00e9roul\u00e9 sans intervention de la pr\u00e9sidente de la commission, Mme Rauch (Horizons). Face \u00e0 ces propos inacceptables, nous avons fait le choix de quitter la s\u00e9ance.<\/p>\n\n\n\n<p>Nous sommes des organisations repr\u00e9sentatives \u00e9lues d\u00e9mocratiquement lors des \u00e9lections professionnelles qui se sont d\u00e9roul\u00e9es en d\u00e9cembre 2022. Nous tirons notre l\u00e9gitimit\u00e9 du vote des personnels de l\u2019\u00c9ducation nationale. Il est inacceptable et m\u00eame dangereux que des d\u00e9put\u00e9s remettent en cause ce principe qui fonde notre d\u00e9mocratie. Quant aux propos moqueurs, d\u00e9nigrants, voire insultants, nous les prenons comme du m\u00e9pris, et quelque part, comme une forme de m\u00e9pris pour la r\u00e9alit\u00e9 que vivent tous nos coll\u00e8gues et les \u00e9l\u00e8ves dans les \u00e9coles, coll\u00e8ges et lyc\u00e9es. &nbsp;&nbsp;&nbsp;&nbsp;&nbsp;&nbsp;<br><br>Madame la Pr\u00e9sidente de l\u2019Assembl\u00e9e nationale, vous \u00eates la garante de la bonne tenue des d\u00e9bats au sein de l\u2019h\u00e9micycle. Nous sommes attach\u00e9s \u00e0 la d\u00e9mocratie, \u00e0 la faire vivre, et c\u2019est bien dans cet \u00e9tat d\u2019esprit que nous avons r\u00e9pondu \u00e0 cette invitation. Nous sommes profond\u00e9ment heurt\u00e9s et choqu\u00e9s par ces \u00e9v\u00e8nements. Nous esp\u00e9rons que vous pourrez nous apporter une r\u00e9ponse qui confortera les principes \u00e9l\u00e9mentaires du d\u00e9bat et de la d\u00e9mocratie.&nbsp;&nbsp;&nbsp;&nbsp;&nbsp;&nbsp;<br>Nous sommes tout \u00e0 fait pr\u00eats \u00e0 venir exposer nos constats et analyses sur cette rentr\u00e9e 2023 dans un climat respectueux.&nbsp;<\/p>\n\n\n\n<p>Soyez assur\u00e9e, Madame la Pr\u00e9sidente de l\u2019Assembl\u00e9e nationale, de nos respectueuses salutations.<\/p>\n\n\n\n<p><a href=\"https:\/\/snalc.fr\/wp-content\/uploads\/20230921_CourrierIS_audienceAssNat.pdf\">T\u00e9l\u00e9charger le courrier intersyndical<\/a><\/p>\n\n\n\n<hr class=\"wp-block-separator has-alpha-channel-opacity\"\/>\n\n\n\n<p><em><strong>Lire aussi :<\/strong><\/em>https:\/\/snalc.fr\/des-deputes-insultent-les-elus-du-personnel\/embed\/#?secret=ROF1zjHUaI#?secret=9eYvX76i15https:\/\/snalc.fr\/audience-sur-la-rentree-a-lassemblee-nationale-le-20-septembre-2023\/embed\/#?secret=znCbu3Ywgs#?secret=FVRX8nJ0Cl<\/p>\n\n\n\n<p><a href=\"https:\/\/snalc.fr\/contact\/\" target=\"_blank\" rel=\"noreferrer noopener\">Nous \u00e9crire<\/a><\/p>\n","protected":false},"excerpt":{"rendered":"<p>D\u00e9claration intersyndicale suite \u00e0 l\u2019audition bilan de rentr\u00e9e \u00e0 l\u2019Assembl\u00e9e nationale Nos organisations FSU, UNSA Education, Fnec-FP-FO, SGEN-CFDT, CGT Educ\u2019action, SNALC et Sud \u00c9ducation ont particip\u00e9 mercredi 20 septembre \u00e0 [&hellip;]<\/p>\n","protected":false},"author":1,"featured_media":0,"comment_status":"closed","ping_status":"closed","sticky":false,"template":"","format":"standard","meta":{"_lmt_disableupdate":"","_lmt_disable":"","site-sidebar-layout":"default","site-content-layout":"","ast-site-content-layout":"default","site-content-style":"default","site-sidebar-style":"default","ast-global-header-display":"","ast-banner-title-visibility":"","ast-main-header-display":"","ast-hfb-above-header-display":"","ast-hfb-below-header-display":"","ast-hfb-mobile-header-display":"","site-post-title":"","ast-breadcrumbs-content":"","ast-featured-img":"","footer-sml-layout":"","ast-disable-related-posts":"","theme-transparent-header-meta":"","adv-header-id-meta":"","stick-header-meta":"","header-above-stick-meta":"","header-main-stick-meta":"","header-below-stick-meta":"","astra-migrate-meta-layouts":"set","ast-page-background-enabled":"default","ast-page-background-meta":{"desktop":{"background-color":"var(--ast-global-color-4)","background-image":"","background-repeat":"repeat","background-position":"center center","background-size":"auto","background-attachment":"scroll","background-type":"","background-media":"","overlay-type":"","overlay-color":"","overlay-opacity":"","overlay-gradient":""},"tablet":{"background-color":"","background-image":"","background-repeat":"repeat","background-position":"center center","background-size":"auto","background-attachment":"scroll","background-type":"","background-media":"","overlay-type":"","overlay-color":"","overlay-opacity":"","overlay-gradient":""},"mobile":{"background-color":"","background-image":"","background-repeat":"repeat","background-position":"center center","background-size":"auto","background-attachment":"scroll","background-type":"","background-media":"","overlay-type":"","overlay-color":"","overlay-opacity":"","overlay-gradient":""}},"ast-content-background-meta":{"desktop":{"background-color":"var(--ast-global-color-5)","background-image":"","background-repeat":"repeat","background-position":"center center","background-size":"auto","background-attachment":"scroll","background-type":"","background-media":"","overlay-type":"","overlay-color":"","overlay-opacity":"","overlay-gradient":""},"tablet":{"background-color":"var(--ast-global-color-5)","background-image":"","background-repeat":"repeat","background-position":"center center","background-size":"auto","background-attachment":"scroll","background-type":"","background-media":"","overlay-type":"","overlay-color":"","overlay-opacity":"","overlay-gradient":""},"mobile":{"background-color":"var(--ast-global-color-5)","background-image":"","background-repeat":"repeat","background-position":"center center","background-size":"auto","background-attachment":"scroll","background-type":"","background-media":"","overlay-type":"","overlay-color":"","overlay-opacity":"","overlay-gradient":""}},"footnotes":""},"categories":[38],"tags":[],"class_list":["post-2049","post","type-post","status-publish","format-standard","hentry","category-actualites-2023-2024"],"modified_by":"slecourtier","_links":{"self":[{"href":"https:\/\/snalc.org\/snalc2023\/index.php?rest_route=\/wp\/v2\/posts\/2049","targetHints":{"allow":["GET"]}}],"collection":[{"href":"https:\/\/snalc.org\/snalc2023\/index.php?rest_route=\/wp\/v2\/posts"}],"about":[{"href":"https:\/\/snalc.org\/snalc2023\/index.php?rest_route=\/wp\/v2\/types\/post"}],"author":[{"embeddable":true,"href":"https:\/\/snalc.org\/snalc2023\/index.php?rest_route=\/wp\/v2\/users\/1"}],"replies":[{"embeddable":true,"href":"https:\/\/snalc.org\/snalc2023\/index.php?rest_route=%2Fwp%2Fv2%2Fcomments&post=2049"}],"version-history":[{"count":1,"href":"https:\/\/snalc.org\/snalc2023\/index.php?rest_route=\/wp\/v2\/posts\/2049\/revisions"}],"predecessor-version":[{"id":2050,"href":"https:\/\/snalc.org\/snalc2023\/index.php?rest_route=\/wp\/v2\/posts\/2049\/revisions\/2050"}],"wp:attachment":[{"href":"https:\/\/snalc.org\/snalc2023\/index.php?rest_route=%2Fwp%2Fv2%2Fmedia&parent=2049"}],"wp:term":[{"taxonomy":"category","embeddable":true,"href":"https:\/\/snalc.org\/snalc2023\/index.php?rest_route=%2Fwp%2Fv2%2Fcategories&post=2049"},{"taxonomy":"post_tag","embeddable":true,"href":"https:\/\/snalc.org\/snalc2023\/index.php?rest_route=%2Fwp%2Fv2%2Ftags&post=2049"}],"curies":[{"name":"wp","href":"https:\/\/api.w.org\/{rel}","templated":true}]}}