{"id":2052,"date":"2023-09-22T20:03:07","date_gmt":"2023-09-22T18:03:07","guid":{"rendered":"https:\/\/snalc.org\/snalc2023\/?p=2052"},"modified":"2023-09-22T20:03:10","modified_gmt":"2023-09-22T18:03:10","slug":"mise-en-oeuvre-de-la-reforme-des-retraites-les-mesures-qui-concernent-les-personnels-de-leducation","status":"publish","type":"post","link":"https:\/\/snalc.org\/snalc2023\/?p=2052","title":{"rendered":"Mise en \u0153uvre de la r\u00e9forme des retraites, les mesures qui concernent les personnels de l&rsquo;\u00e9ducation"},"content":{"rendered":"\n<h2 class=\"wp-block-heading\" id=\"edugouv-summary-item-0\">Un rel\u00e8vement progressif de l&rsquo;\u00e2ge de d\u00e9part en retraite et de la dur\u00e9e de cotisation requise<\/h2>\n\n\n\n<p>L\u2019\u00e2ge l\u00e9gal \u00e0 partir duquel il est possible de partir \u00e0 la retraite est progressivement relev\u00e9 \u00e0 compter du 1<sup>er<\/sup> septembre 2023, \u00e0 raison de 3 mois par ann\u00e9e de naissance.<\/p>\n\n\n\n<p>Le d\u00e9calage de l\u2019\u00e2ge l\u00e9gal s\u2019appliquera \u00e9galement aux cat\u00e9gories actives et notamment aux instituteurs et anciens instituteurs qui ont 17 ans de services actifs.<\/p>\n\n\n\n<p>Pour b\u00e9n\u00e9ficier d&rsquo;une retraite \u00e0 taux plein, la dur\u00e9e de cotisations n\u00e9cessaire passera progressivement de 42 \u00e0 43 ans,&nbsp;au rythme d\u00e9crit ci-dessous.<\/p>\n\n\n\n<p>Pour rappel, si vous \u00eates n\u00e9s avant le 1<sup>er<\/sup>&nbsp;septembre 1961 (ou 1<sup>er<\/sup> septembre 1966 pour les d\u00e9parts en cat\u00e9gorie active), vous n\u2019\u00eates pas concern\u00e9s par ces rel\u00e8vements. Vos conditions d\u2019\u00e2ge de d\u00e9part et de dur\u00e9e de cotisation restent inchang\u00e9es.<\/p>\n\n\n\n<figure class=\"wp-block-table\"><table><thead><tr><th>Ann\u00e9e de naissance<\/th><th>\u00c2ge l\u00e9gal de d\u00e9part \u00e0 la retraite<\/th><th>Dur\u00e9e de cotisation requise (en trimestres)<\/th><\/tr><\/thead><tbody><tr><td>Avant le 31 ao\u00fbt 1961<\/td><td>62 ans<\/td><td>168<\/td><\/tr><tr><td>1961 (\u00e0 partir du 1<sup>er<\/sup> septembre)<\/td><td>62 ans et 3 mois<\/td><td>169<\/td><\/tr><tr><td>1962<\/td><td>62 ans et 6 mois<\/td><td>169<\/td><\/tr><tr><td>1963<\/td><td>62 ans et 9 mois<\/td><td>170<\/td><\/tr><tr><td>1964<\/td><td>63 ans<\/td><td>171<\/td><\/tr><tr><td>1965<\/td><td>63 ans et 3 mois<\/td><td rowspan=\"4\">172<\/td><\/tr><tr><td>1966<\/td><td>63 ans et 6 mois<\/td><\/tr><tr><td>1967<\/td><td>63 ans et 9 mois<\/td><\/tr><tr><td>1968 et apr\u00e8s<\/td><td>64 ans<\/td><\/tr><\/tbody><\/table><\/figure>\n\n\n\n<figure class=\"wp-block-table\"><table><thead><tr><th>Ann\u00e9e de naissance<\/th><th>\u00c2ge l\u00e9gal de d\u00e9part \u00e0 la retraite<\/th><th>Dur\u00e9e de cotisation requise (en trimestres)<\/th><\/tr><\/thead><tbody><tr><td>Avant le 31 ao\u00fbt 1966<\/td><td>57 ans<\/td><td>168<\/td><\/tr><tr><td>1966 (\u00e0 partir du 1<sup>er <\/sup>septembre)<\/td><td>57 ans et 3 mois<\/td><td>169<\/td><\/tr><tr><td>1967<\/td><td>57 ans et 6 mois<\/td><td>169<\/td><\/tr><tr><td>1968<\/td><td>57 ans et 9 mois<\/td><td>170<\/td><\/tr><tr><td>1969<\/td><td>58 ans<\/td><td>171<\/td><\/tr><tr><td>1970<\/td><td>58 ans et 3 mois<\/td><td rowspan=\"4\">172<\/td><\/tr><tr><td>1971<\/td><td>58 ans et 6 mois<\/td><\/tr><tr><td>1972<\/td><td>58 ans et 9 mois<\/td><\/tr><tr><td>1973 et apr\u00e8s<\/td><td>59 ans<\/td><\/tr><\/tbody><\/table><\/figure>\n\n\n\n<p>La plupart des r\u00e8gles applicables pour le calcul de la surcote et de la d\u00e9cote ne changent pas. Toutefois, le d\u00e9cret n\u00b0 2023-799&nbsp; du 21 ao\u00fbt 2023 pr\u00e9voit un dispositif de \u00ab\u00a0surcote parentale\u00a0\u00bb avant l\u2019\u00e2ge l\u00e9gal pour les assur\u00e9s justifiant du taux plein. \u00c0 l\u2019avenir, les agents qui, entre 63 et 64 ans, atteignent la dur\u00e9e d\u2019assurance requise avant l\u2019\u00e2ge d\u2019ouverture des droits et qui b\u00e9n\u00e9ficient de trimestres de majoration de dur\u00e9e d\u2019assurance (MDA) au titre de la maternit\u00e9, de l\u2019adoption ou de l\u2019\u00e9ducation, pourront b\u00e9n\u00e9ficier d\u2019une surcote d\u20191,25 % par trimestre de retraite.<br>Les \u00e2ges d\u2019annulation de la d\u00e9cote qui permettent de partir \u00e0 taux plein restent \u00e0 67 ans pour les fonctionnaires de cat\u00e9gorie s\u00e9dentaire et 62 ans pour les cat\u00e9gories actives.<\/p>\n\n\n\n<h2 class=\"wp-block-heading\" id=\"edugouv-summary-item-1\">Application aux situations en cours, mise \u00e0 jour du simulateur retraite et demandes d\u2019annulation de la pension ou des demandes de pension<\/h2>\n\n\n\n<p>Certains agents qui avaient d\u00e9j\u00e0 fait leur demande de d\u00e9part \u00e0 la retraite sont directement concern\u00e9s par ces mesures d\u2019\u00e2ge. Leur situation a \u00e9t\u00e9 identifi\u00e9e et ils seront contact\u00e9s par les services acad\u00e9miques.<\/p>\n\n\n\n<p>Le simulateur du site <a href=\"https:\/\/www.info-retraite.fr\/portail-info\/home.html\" target=\"_blank\" rel=\"noreferrer noopener\">Info-retraite<\/a> a \u00e9t\u00e9 mis \u00e0 jour et permet \u00e0 chacun de simuler l\u2019effet de la r\u00e9forme sur sa pension future. Il sera enrichi dans les prochaines semaines en int\u00e9grant la retraite progressive, la retraite anticip\u00e9e pour handicap, le cumul emploi-retraite et ajout des nouveaux droits li\u00e9s \u00e0 ce dispositif.<\/p>\n\n\n\n<p>De fa\u00e7on g\u00e9n\u00e9rale, les agents ayant demand\u00e9 leur pension avant la publication de la loi et dont la pension prend effet apr\u00e8s le 31 ao\u00fbt 2023 b\u00e9n\u00e9ficient, sur leur demande, d&rsquo;une annulation de leur pension ou de leur demande de pension. Les demandes doivent \u00eatre transmises au SRE&nbsp;<strong>avant le 31 octobre 2023<\/strong>.<\/p>\n\n\n\n<h2 class=\"wp-block-heading\" id=\"edugouv-summary-item-2\">Des mesures sp\u00e9cifiques d\u2019application directe<\/h2>\n\n\n\n<p>\u00c0 l\u2019instar de leurs coll\u00e8gues du second degr\u00e9, les enseignants du premier degr\u00e9 pourront partir <strong>d\u00e8s leur \u00e2ge d\u2019ouverture des droits<\/strong>, sans devoir terminer l\u2019ann\u00e9e scolaire (abrogation de l\u2019<a href=\"https:\/\/www.legifrance.gouv.fr\/codes\/article_lc\/LEGIARTI000023034133\/2023-09-04\/\" target=\"_blank\" rel=\"noreferrer noopener\">Art. L921-4<\/a> du code de l\u2019\u00c9ducation). Cette mesure est applicable \u00e0 compter du 1<sup>er<\/sup>&nbsp;septembre 2023.<\/p>\n\n\n\n<p>Les enseignants des premier et second degr\u00e9s, les personnels d&rsquo;inspection ainsi que les ma\u00eetres contractuels et agr\u00e9\u00e9s des \u00e9tablissements d&rsquo;enseignement priv\u00e9s sous contrat qui atteignent la limite d&rsquo;\u00e2ge en cours d&rsquo;ann\u00e9e scolaire peuvent rester en fonction \u00e0 leur demande, si les besoins du service le justifient, jusqu&rsquo;\u00e0 la fin de l&rsquo;ann\u00e9e scolaire. (cr\u00e9ation <a href=\"https:\/\/www.legifrance.gouv.fr\/codes\/article_lc\/LEGIARTI000047450757\/2023-09-04\" target=\"_blank\" rel=\"noreferrer noopener\">Art L911-9<\/a>&nbsp;du code de l\u2019\u00c9ducation). Cette mesure est applicable \u00e0 compter du 1<sup>er<\/sup>&nbsp;septembre 2023.<\/p>\n\n\n\n<p>Par ailleurs, tout en maintenant la limite d\u2019\u00e2ge \u00e0 67 ans, la loi a pr\u00e9vu la possibilit\u00e9 pour les agents ne relevant pas de la cat\u00e9gorie active d\u2019\u00eatre maintenus en fonction sur autorisation jusqu\u2019\u00e0 l\u2019\u00e2ge de 70 ans. Le b\u00e9n\u00e9fice cumul\u00e9 de ce maintien en fonctions, des prolongations d\u2019activit\u00e9 et des reculs de limite d\u2019\u00e2ge existants ne peut conduire \u00e0 \u00eatre maintenu en fonctions au-del\u00e0 de soixante-dix ans (VIII. de l\u2019art. 10 de la loi du 14 avril 2023 modifiant l\u2019art. L. 556-1 du code g\u00e9n\u00e9ral de la fonction publique). Les conditions d\u2019application de cette mesure doivent \u00eatre pr\u00e9cis\u00e9es par le minist\u00e8re de la Transformation et de la Fonction publiques.<\/p>\n\n\n\n<h2 class=\"wp-block-heading\" id=\"edugouv-summary-item-3\">Retraite progressive<\/h2>\n\n\n\n<p><strong>Le d\u00e9cret sur la retraite progressive a \u00e9t\u00e9 publi\u00e9.<\/strong><\/p>\n\n\n\n<p>Avec la publication du d\u00e9cret n\u00b0 2023-753 du 10 ao\u00fbt 2023,<strong> le dispositif de retraite progressive est d\u00e9sormais ouvert aux fonctionnaires<\/strong>, comme c\u2019\u00e9tait d\u00e9j\u00e0 le cas pour les enseignants du secteur priv\u00e9 et les contractuels.<\/p>\n\n\n\n<p>\u00c0 compter du 1er septembre 2023, les agents \u00e0 temps partiel qui sont \u00e0 moins de deux ans de l\u2019\u00e2ge d\u2019ouverture des droits et qui ont atteint 150 trimestres de dur\u00e9e d\u2019assurance pourront b\u00e9n\u00e9ficier du versement d\u2019une pension partielle par le SRE qui compl\u00e9tera la r\u00e9mun\u00e9ration d\u2019activit\u00e9 servie par le minist\u00e8re.<\/p>\n\n\n\n<ul class=\"wp-block-list\">\n<li><strong>Pour les fonctionnaires<\/strong>, la demande se fait aupr\u00e8s du service des retraites de l\u2019\u00c9tat (SRE). Un module \u00ab\u00a0retraite progressive\u00a0\u00bb sera op\u00e9rationnel <a href=\"https:\/\/ensap.gouv.fr\/\" target=\"_blank\" rel=\"noreferrer noopener\">sur le site l\u2019Ensap<\/a> \u00e0 partir du mois d\u2019octobre 2023. Une mesure \u00e0 effet r\u00e9troactif est pr\u00e9vue pour les agents \u00e0 temps partiel dont les demandes seront d\u00e9pos\u00e9es avant le 31 d\u00e9cembre 2023. Pour les demandes de retraite progressive en 2024, le calendrier vous sera transmis prochainement.<br>&nbsp;<\/li>\n\n\n\n<li><strong>Pour les agents qui rel\u00e8vent du r\u00e9gime g\u00e9n\u00e9ral<\/strong>, la demande se fait aupr\u00e8s de la CNAV pour les agents contractuels franciliens, de la Carsat de la r\u00e9gion pour ceux qui vivent en dehors de l\u2019\u00cele-de-France ou de la Caisse g\u00e9n\u00e9rale de S\u00e9curit\u00e9 sociale (CGSS) pour les ultramarins.<\/li>\n<\/ul>\n\n\n\n<p><a href=\"https:\/\/www.fonction-publique.gouv.fr\/toutes-les-actualites\/mise-en-place-de-la-retraite-progressive-dans-la-fonction-publique-compter-du-1er-septembre\" target=\"_blank\" rel=\"noreferrer noopener\">Une foire aux questions (FAQ) sp\u00e9cifique<\/a> est \u00e0 votre disposition pour vous pr\u00e9senter ce dispositif<\/p>\n\n\n\n<p><strong>Pour en savoir plus :<\/strong><\/p>\n\n\n\n<ul class=\"wp-block-list\">\n<li><a href=\"https:\/\/www.legifrance.gouv.fr\/download\/pdf\/circ?id=45475\" target=\"_blank\" rel=\"noreferrer noopener\">Circulaire interminist\u00e9rielle relative \u00e0 la gestion de la retraite progressive<\/a> (6 septembre 2023), sur L\u00e9gifrance<\/li>\n\n\n\n<li><a href=\"https:\/\/www.fonction-publique.gouv.fr\/toutes-les-actualites\/mise-en-place-de-la-retraite-progressive-dans-la-fonction-publique-compter-du-1er-septembre\" target=\"_blank\" rel=\"noreferrer noopener\">FAQ retraite progressive<\/a> sur le site de la fonction publique<\/li>\n\n\n\n<li><a href=\"https:\/\/ensap.gouv.fr\/\" target=\"_blank\" rel=\"noreferrer noopener\">Site l\u2019Ensap<\/a> (ouverture du module retraite progressive en octobre 2023)<\/li>\n\n\n\n<li>Contractuels et enseignement priv\u00e9 : <a href=\"https:\/\/www.lassuranceretraite.fr\/portail-info\/files\/live\/sites\/pub\/files\/PDF\/demande-retraite-progressive.pdf\" target=\"_blank\" rel=\"noreferrer noopener\">formulaire de demande de retraite progressive<\/a><\/li>\n<\/ul>\n\n\n\n<h2 class=\"wp-block-heading\" id=\"edugouv-summary-item-4\">Carri\u00e8res longues<\/h2>\n\n\n\n<p>Les agents qui ont commenc\u00e9 \u00e0 travailler t\u00f4t peuvent b\u00e9n\u00e9ficier d\u2019une retraite anticip\u00e9e pour carri\u00e8re longue. Ils pourront ainsi pr\u00e9tendre au versement de leur pension de retraite d\u00e8s l\u2019\u00e2ge de 58, 60, 62 ou 63 ans selon leur ann\u00e9e de naissance et l\u2019\u00e2ge auquel ils ont valid\u00e9 5 trimestres ou 4 trimestres pour les personnes n\u00e9es au cours du dernier trimestre de l\u2019ann\u00e9e civile selon le tableau ci-dessous.<\/p>\n\n\n\n<h3 class=\"wp-block-heading\" id=\"ui-id-1\">Retraite des personnels : carri\u00e8res longues<\/h3>\n\n\n\n<p>Une clause de sauvegarde est pr\u00e9vue au b\u00e9n\u00e9fice des agents n\u00e9s entre le 1<sup>er&nbsp;<\/sup>septembre 1961 et le 31 d\u00e9cembre 1963, \u00e9ligibles au dispositif de d\u00e9part anticip\u00e9 carri\u00e8res longues avant le 1<sup>er<\/sup> septembre 2023.<\/p>\n\n\n\n<p>Ces personnes conserveront le b\u00e9n\u00e9fice des dispositions ant\u00e9rieures et leur dur\u00e9e d\u2019assurance ne sera pas modifi\u00e9e.<\/p>\n\n\n\n<h2 class=\"wp-block-heading\" id=\"edugouv-summary-item-5\">Agents en situation de handicap<\/h2>\n\n\n\n<p>Le <a href=\"https:\/\/www.legifrance.gouv.fr\/jorf\/id\/JORFTEXT000047625782\" target=\"_blank\" rel=\"noreferrer noopener\">d\u00e9cret n\u00b0 2023-436<\/a> pr\u00e9cise les r\u00e8gles relatives aux<strong>&nbsp;assur\u00e9s en situation de handicap<\/strong>, en permettant toujours un d\u00e9part \u00e0 55 ans et assouplissant les conditions de d\u00e9part \u00e0 la retraite \u00e0 ce titre. La dur\u00e9e d\u2019assurance n\u00e9cessaire d\u2019augmente pas tandis que la double condition de trimestre valid\u00e9e et cotis\u00e9e est supprim\u00e9e, au profit du maintien de la seule condition de trimestres cotis\u00e9es. Le d\u00e9cret mat\u00e9rialise par ailleurs la cr\u00e9ation d\u2019un \u00e2ge d\u2019ouverture des droits \u00e0 la retraite des assur\u00e9s inaptes et des invalides \u00e0 62 ans.<\/p>\n\n\n\n<h2 class=\"wp-block-heading\" id=\"edugouv-summary-item-6\">Transposition des mesures aux enseignants du secteur priv\u00e9<\/h2>\n\n\n\n<p>Le d\u00e9cret n\u00b0 2023-435 du 3 juin 2023 portant application des articles 10, 11 et 17 de la loi no 223-270 du 14 avril 2023 de financement rectificative de la s\u00e9curit\u00e9 sociale pour 2023 met en coh\u00e9rence les avantages temporaires de retraite dont ils b\u00e9n\u00e9ficient et compl\u00e8te les r\u00e8gles de maintien en activit\u00e9 des maitres de l\u2019enseignement priv\u00e9 avec les nouvelles dispositions de la loi.<\/p>\n\n\n\n<h2 class=\"wp-block-heading\" id=\"edugouv-summary-item-7\">Demandes de remboursement des cotisations vers\u00e9es au titre du rachat des ann\u00e9es d\u2019\u00e9tudes<\/h2>\n\n\n\n<p>Les agents n\u00e9s apr\u00e8s le 1<sup>er<\/sup>&nbsp;septembre 1961 peuvent demander le remboursement des cotisations vers\u00e9es au titre du rachat des ann\u00e9es d\u2019\u00e9tudes \u00e0 la condition qu&rsquo;ils n&rsquo;aient fait valoir aucun des droits aux pensions personnelles de retraite auxquels ils peuvent pr\u00e9tendre au titre des r\u00e9gimes de retraite de base et compl\u00e9mentaires l\u00e9galement obligatoires. Les demandes devront \u00eatre pr\u00e9sent\u00e9es dans le d\u00e9lai de deux ans \u00e0 compter du 15 avril 2023.<\/p>\n\n\n\n<p>Au minist\u00e8re, le SREN (service des retraites de l\u2019\u00c9ducation nationale) est votre interlocuteur pour l\u2019instruction de ces demandes.<\/p>\n\n\n\n<h2 class=\"wp-block-heading\" id=\"edugouv-summary-item-8\">Pour aller plus loin<\/h2>\n\n\n\n<ul class=\"wp-block-list\">\n<li><a href=\"https:\/\/www.education.gouv.fr\/projet-de-reforme-des-retraites-les-mesures-qui-concernent-les-personnels-de-l-education-344095\">Projet de r\u00e9forme des retraites : les mesures qui concernent les personnels de l&rsquo;\u00e9ducation<\/a>&nbsp;(janvier 2023)<\/li>\n\n\n\n<li><a href=\"https:\/\/www.fonction-publique.gouv.fr\/files\/files\/Espace Presse\/Guerini\/FAQ_Reforme_Retraites.pdf\" target=\"_blank\" rel=\"noreferrer noopener\">Direction g\u00e9n\u00e9rale de l\u2019administration et de la fonction publique &#8211; Foire aux questions : la r\u00e9forme des retraites dans la fonction publique<\/a><\/li>\n<\/ul>\n\n\n\n<h3 class=\"wp-block-heading\" id=\"edugouv-summary-item-9\">Textes de r\u00e9f\u00e9rence<\/h3>\n\n\n\n<ul class=\"wp-block-list\">\n<li><a href=\"https:\/\/www.legifrance.gouv.fr\/jorf\/id\/JORFTEXT000047625502\" target=\"_blank\" rel=\"noreferrer noopener\">D\u00e9cret n\u00b0 2023-435<\/a> et <a href=\"https:\/\/www.legifrance.gouv.fr\/jorf\/id\/JORFTEXT000047625782\" target=\"_blank\" rel=\"noreferrer noopener\">d\u00e9cret n\u00b0 2023-436<\/a>&nbsp;du 3 juin 2023 portant application des articles 10, 11 et 17 de la loi n\u00b0 223-270 du 14 avril 2023 de financement rectificative de la s\u00e9curit\u00e9 sociale pour 2023<\/li>\n\n\n\n<li><a href=\"https:\/\/www.legifrance.gouv.fr\/jorf\/id\/JORFTEXT000047956389\" target=\"_blank\" rel=\"noreferrer noopener\">D\u00e9cret n\u00b0 2023-753 du 10 ao\u00fbt 2023<\/a> portant application de l&rsquo;article 26 de la loi n\u00b0 2023-270 du 14 avril 2023 de financement rectificative de la s\u00e9curit\u00e9 sociale pour 2023 relatif au cumul emploi retraite et \u00e0 la retraite progressive<\/li>\n\n\n\n<li><a href=\"https:\/\/www.legifrance.gouv.fr\/jorf\/id\/JORFTEXT000047984254\" target=\"_blank\" rel=\"noreferrer noopener\">D\u00e9cret n\u00b0 2023-799 du 21 ao\u00fbt 2023<\/a> portant application des articles 10, 11, 22 et 23 de la loi n\u00b0 2023-270 du 14 avril 2023 de financement rectificative de la s\u00e9curit\u00e9 sociale pour 2023<\/li>\n<\/ul>\n\n\n\n<p>Mise \u00e0 jour : septembre 2023<\/p>\n\n\n\n<p><a href=\"https:\/\/www.education.gouv.fr\/mise-en-oeuvre-de-la-reforme-des-retraites-les-mesures-qui-concernent-les-personnels-de-l-education-378392\">https:\/\/www.education.gouv.fr\/mise-en-oeuvre-de-la-reforme-des-retraites-les-mesures-qui-concernent-les-personnels-de-l-education-378392<\/a><\/p>\n","protected":false},"excerpt":{"rendered":"<p>Un rel\u00e8vement progressif de l&rsquo;\u00e2ge de d\u00e9part en retraite et de la dur\u00e9e de cotisation requise L\u2019\u00e2ge l\u00e9gal \u00e0 partir duquel il est possible de partir \u00e0 la retraite est [&hellip;]<\/p>\n","protected":false},"author":1,"featured_media":0,"comment_status":"closed","ping_status":"closed","sticky":false,"template":"","format":"standard","meta":{"_lmt_disableupdate":"","_lmt_disable":"","site-sidebar-layout":"default","site-content-layout":"","ast-site-content-layout":"default","site-content-style":"default","site-sidebar-style":"default","ast-global-header-display":"","ast-banner-title-visibility":"","ast-main-header-display":"","ast-hfb-above-header-display":"","ast-hfb-below-header-display":"","ast-hfb-mobile-header-display":"","site-post-title":"","ast-breadcrumbs-content":"","ast-featured-img":"","footer-sml-layout":"","ast-disable-related-posts":"","theme-transparent-header-meta":"","adv-header-id-meta":"","stick-header-meta":"","header-above-stick-meta":"","header-main-stick-meta":"","header-below-stick-meta":"","astra-migrate-meta-layouts":"set","ast-page-background-enabled":"default","ast-page-background-meta":{"desktop":{"background-color":"var(--ast-global-color-4)","background-image":"","background-repeat":"repeat","background-position":"center center","background-size":"auto","background-attachment":"scroll","background-type":"","background-media":"","overlay-type":"","overlay-color":"","overlay-opacity":"","overlay-gradient":""},"tablet":{"background-color":"","background-image":"","background-repeat":"repeat","background-position":"center center","background-size":"auto","background-attachment":"scroll","background-type":"","background-media":"","overlay-type":"","overlay-color":"","overlay-opacity":"","overlay-gradient":""},"mobile":{"background-color":"","background-image":"","background-repeat":"repeat","background-position":"center center","background-size":"auto","background-attachment":"scroll","background-type":"","background-media":"","overlay-type":"","overlay-color":"","overlay-opacity":"","overlay-gradient":""}},"ast-content-background-meta":{"desktop":{"background-color":"var(--ast-global-color-5)","background-image":"","background-repeat":"repeat","background-position":"center center","background-size":"auto","background-attachment":"scroll","background-type":"","background-media":"","overlay-type":"","overlay-color":"","overlay-opacity":"","overlay-gradient":""},"tablet":{"background-color":"var(--ast-global-color-5)","background-image":"","background-repeat":"repeat","background-position":"center center","background-size":"auto","background-attachment":"scroll","background-type":"","background-media":"","overlay-type":"","overlay-color":"","overlay-opacity":"","overlay-gradient":""},"mobile":{"background-color":"var(--ast-global-color-5)","background-image":"","background-repeat":"repeat","background-position":"center center","background-size":"auto","background-attachment":"scroll","background-type":"","background-media":"","overlay-type":"","overlay-color":"","overlay-opacity":"","overlay-gradient":""}},"footnotes":""},"categories":[38,25],"tags":[],"class_list":["post-2052","post","type-post","status-publish","format-standard","hentry","category-actualites-2023-2024","category-remuneration"],"modified_by":"slecourtier","_links":{"self":[{"href":"https:\/\/snalc.org\/snalc2023\/index.php?rest_route=\/wp\/v2\/posts\/2052","targetHints":{"allow":["GET"]}}],"collection":[{"href":"https:\/\/snalc.org\/snalc2023\/index.php?rest_route=\/wp\/v2\/posts"}],"about":[{"href":"https:\/\/snalc.org\/snalc2023\/index.php?rest_route=\/wp\/v2\/types\/post"}],"author":[{"embeddable":true,"href":"https:\/\/snalc.org\/snalc2023\/index.php?rest_route=\/wp\/v2\/users\/1"}],"replies":[{"embeddable":true,"href":"https:\/\/snalc.org\/snalc2023\/index.php?rest_route=%2Fwp%2Fv2%2Fcomments&post=2052"}],"version-history":[{"count":1,"href":"https:\/\/snalc.org\/snalc2023\/index.php?rest_route=\/wp\/v2\/posts\/2052\/revisions"}],"predecessor-version":[{"id":2053,"href":"https:\/\/snalc.org\/snalc2023\/index.php?rest_route=\/wp\/v2\/posts\/2052\/revisions\/2053"}],"wp:attachment":[{"href":"https:\/\/snalc.org\/snalc2023\/index.php?rest_route=%2Fwp%2Fv2%2Fmedia&parent=2052"}],"wp:term":[{"taxonomy":"category","embeddable":true,"href":"https:\/\/snalc.org\/snalc2023\/index.php?rest_route=%2Fwp%2Fv2%2Fcategories&post=2052"},{"taxonomy":"post_tag","embeddable":true,"href":"https:\/\/snalc.org\/snalc2023\/index.php?rest_route=%2Fwp%2Fv2%2Ftags&post=2052"}],"curies":[{"name":"wp","href":"https:\/\/api.w.org\/{rel}","templated":true}]}}