{"id":2054,"date":"2023-09-22T20:08:28","date_gmt":"2023-09-22T18:08:28","guid":{"rendered":"https:\/\/snalc.org\/snalc2023\/?p=2054"},"modified":"2023-09-22T20:08:31","modified_gmt":"2023-09-22T18:08:31","slug":"les-accompagnants-des-eleves-en-situation-de-handicap-aesh","status":"publish","type":"post","link":"https:\/\/snalc.org\/snalc2023\/?p=2054","title":{"rendered":"Les accompagnants des \u00e9l\u00e8ves en situation de handicap (AESH)"},"content":{"rendered":"\n<h2 class=\"wp-block-heading\" id=\"edugouv-summary-item-0\">Des AESH pour accompagner les \u00e9l\u00e8ves en situation de handicap<\/h2>\n\n\n\n<p>Les accompagnants d\u2019\u00e9l\u00e8ves en situation de handicap (AESH) sont des personnels charg\u00e9s de l\u2019aide humaine. Ils ont pour<strong> mission de favoriser l\u2019autonomie de l\u2019\u00e9l\u00e8ve en situation de handicap, qu\u2019ils interviennent au titre de l\u2019aide humaine individuelle, de l\u2019aide humaine mutualis\u00e9e ou de l\u2019accompagnement collectif<\/strong>.<\/p>\n\n\n\n<p>Ils sont des acteurs-cl\u00e9s qui contribuent \u00e0 la mise en place d\u2019une \u00c9cole pleinement inclusive, pour offrir \u00e0 chaque \u00e9l\u00e8ve, de la maternelle au lyc\u00e9e, une scolarit\u00e9 adapt\u00e9e \u00e0 ses besoins.&nbsp;<\/p>\n\n\n\n<p><strong>Les <abbr title=\"accompagnant des \u00e9l\u00e8ves en situation de handicap\">AESH<\/abbr> sont des personnels sous contrat de droit public<\/strong>, recrut\u00e9s sur crit\u00e8res de qualification professionnelle.&nbsp;<\/p>\n\n\n\n<p>Recrut\u00e9s pour une dur\u00e9e de trois ans, renouvelable une fois, avec possibilit\u00e9 d\u2019obtenir un CDI \u00e0 l\u2019issue des trois ans, ils b\u00e9n\u00e9ficient d\u2019une formation initiale de 60 heures et peuvent participer aux plans de formation propos\u00e9s par les acad\u00e9mies, ainsi qu\u2019aux formations nationales. L\u2019objectif est d\u00e9sormais de permettre \u00e0 ceux qui le souhaitent de pouvoir travailler \u00e0 temps plein.<\/p>\n\n\n\n<p>Les missions de l&rsquo;AESH sont pr\u00e9cis\u00e9es dans le projet personnalis\u00e9 de scolarisation (PPS) et dans le <strong>guide d&rsquo;\u00e9valuation des besoins de compensation en mati\u00e8re de scolarisation (GEVA-Sco)<\/strong> de chaque \u00e9l\u00e8ve en situation de handicap.<\/p>\n\n\n\n<p>Les activit\u00e9s des personnels charg\u00e9s de l&rsquo;aide humaine sont divis\u00e9es en <strong>trois domaines qui regroupent les diff\u00e9rentes formes d&rsquo;aides apport\u00e9es aux \u00e9l\u00e8ves en situation de handicap<\/strong>, sur tous les temps et lieux scolaires (dont les stages, les sorties et voyages scolaires). L&rsquo;accompagnement des \u00e9l\u00e8ves favorise&nbsp;:<\/p>\n\n\n\n<ul class=\"wp-block-list\">\n<li>les actes de sa vie quotidienne,<\/li>\n\n\n\n<li>l&rsquo;acc\u00e8s aux activit\u00e9s d&rsquo;apprentissage (\u00e9ducatives, culturelles, sportives, artistiques ou professionnelles),<\/li>\n\n\n\n<li>les activit\u00e9s de la vie sociale et relationnelle.<\/li>\n<\/ul>\n\n\n\n<p><strong>Les PIAL, vecteurs d\u2019un meilleur accompagnement des \u00e9l\u00e8ves en situation de handicap<\/strong><\/p>\n\n\n\n<p>Le&nbsp;p\u00f4le inclusif&nbsp;d\u2019accompagnement localis\u00e9&nbsp;(PIAL) offre une plus grande souplesse d\u2019organisation permettant l\u2019adaptation aux probl\u00e9matiques locales et vise \u00e0 une professionnalisation des accompagnants et une am\u00e9lioration de leurs conditions de travail. Il&nbsp;favorise la coordination des ressources (les aides humaines, p\u00e9dagogiques, \u00e9ducatives et, \u00e0 terme, th\u00e9rapeutiques) au plus pr\u00e8s des \u00e9l\u00e8ves en situation de handicap pour une meilleure prise en compte de leurs besoins.<\/p>\n\n\n\n<p><strong>Les trois grands objectifs du PIAL sont<\/strong> :<\/p>\n\n\n\n<ul class=\"wp-block-list\">\n<li><strong>un accompagnement d\u00e9fini au plus pr\u00e8s des besoins de chaque \u00e9l\u00e8ve<\/strong> en situation de handicap afin de d\u00e9velopper son autonomie et de lui permettre d\u2019acqu\u00e9rir des connaissances et des comp\u00e9tences&nbsp;<\/li>\n\n\n\n<li><strong>plus de r\u00e9activit\u00e9 et plus de flexibilit\u00e9 <\/strong>dans l\u2019organisation de l\u2019accompagnement humain dans les \u00e9tablissements scolaires et les \u00e9coles&nbsp;<\/li>\n\n\n\n<li><strong>une professionnalisation des accompagnants et une am\u00e9lioration de leurs conditions de travail<\/strong><\/li>\n<\/ul>\n\n\n\n<p>Les conditions d&rsquo;exercice des AESH au sein des PIAL sont pr\u00e9cis\u00e9es dans la <a href=\"https:\/\/www.education.gouv.fr\/pid285\/bulletin_officiel.html?cid_bo=142518\">circulaire du 5 juin 2019<\/a> relative au cadre de gestion des personnels exer\u00e7ant des missions d&rsquo;accompagnement d&rsquo;\u00e9l\u00e8ves en situation de handicap (AESH).<\/p>\n\n\n\n<p><a href=\"https:\/\/www.education.gouv.fr\/ecole-inclusive-le-pial-qu-est-ce-que-c-est-1877\">En savoir plus sur les PIAL<\/a><\/p>\n\n\n\n<h2 class=\"wp-block-heading\" id=\"edugouv-summary-item-1\"><a><\/a>Missions, conditions d&#8217;emploi et formation des AESH<\/h2>\n\n\n\n<h3 class=\"wp-block-heading\" id=\"edugouv-summary-item-2\">L\u2019accompagnant d\u2019\u00e9l\u00e8ve en situation de handicap notifi\u00e9 \u00e0 titre individuel (AESH-i)<\/h3>\n\n\n\n<p>L\u2019AESH-i accompagne un \u00e9l\u00e8ve en situation de handicap dans le respect de la notification de la commission des droits et de l&rsquo;autonomie des personnes handicap\u00e9es (CDAPH). L&rsquo;aide individuelle a pour objet de r\u00e9pondre aux besoins d&rsquo;un \u00e9l\u00e8ve qui requiert une attention soutenue et continue. L\u2019aide humaine individualis\u00e9e est accord\u00e9e par la CDAPH lorsque l&rsquo;aide mutualis\u00e9e ne permet pas de r\u00e9pondre aux besoins d&rsquo;accompagnement de l&rsquo;\u00e9l\u00e8ve.<\/p>\n\n\n\n<p>La notification de la CDAPH pr\u00e9cise donc le temps d&rsquo;accompagnement par semaine (temps de scolarisation exprim\u00e9 en heures) et les activit\u00e9s principales pour lesquelles l&rsquo;\u00e9l\u00e8ve doit \u00eatre accompagn\u00e9.<\/p>\n\n\n\n<h3 class=\"wp-block-heading\" id=\"edugouv-summary-item-3\">L\u2019accompagnant d&rsquo;\u00e9l\u00e8ve en situation de handicap notifi\u00e9 \u00e0 titre mutualis\u00e9 (AESH-m)<\/h3>\n\n\n\n<p>L\u2019AESH-m r\u00e9pond aux besoins d&rsquo;accompagnement d&rsquo;\u00e9l\u00e8ves qui ne requi\u00e8rent pas une attention soutenue et continue. Il accompagne plusieurs \u00e9l\u00e8ves en situation de handicap simultan\u00e9ment ou successivement dans le respect des notifications de la commission des droits et de l&rsquo;autonomie des personnes handicap\u00e9es (CDAPH).<\/p>\n\n\n\n<p>La CDAPH d\u00e9termine les activit\u00e9s principales de l\u2019aide humaine, sans pr\u00e9ciser de quotit\u00e9 horaire n\u00e9cessaire. C\u2019est l\u2019\u00e9quipe p\u00e9dagogique qui d\u00e9termine quand cette aide est la plus pertinente.<\/p>\n\n\n\n<h3 class=\"wp-block-heading\" id=\"edugouv-summary-item-4\">L\u2019accompagnant d\u2019\u00e9l\u00e8ve en situation de handicap \u00e0 titre collectif (AESH-co)<\/h3>\n\n\n\n<p>Les AESH-co ont vocation \u00e0 accompagner des \u00e9l\u00e8ves orient\u00e9s en unit\u00e9s localis\u00e9es pour l\u2019inclusion scolaire (ULIS \u00e9cole, ULIS coll\u00e8ge, ULIS Lyc\u00e9e g\u00e9n\u00e9ral et technologique, ULIS lyc\u00e9e professionnel).<\/p>\n\n\n\n<p>L\u2019AESH-co participe, sous la responsabilit\u00e9 p\u00e9dagogique de l\u2019enseignant coordonnateur de l\u2019ULIS, \u00e0 l\u2019encadrement et \u00e0 l\u2019animation des actions \u00e9ducatives con\u00e7ues dans le cadre de l\u2019ULIS. Ils accompagnent les \u00e9l\u00e8ves de l\u2019ULIS lors des temps d\u2019inclusion dans les classes de l\u2019\u00e9tablissement.<\/p>\n\n\n\n<h3 class=\"wp-block-heading\" id=\"edugouv-summary-item-5\">Des conditions d&#8217;emploi am\u00e9lior\u00e9es<\/h3>\n\n\n\n<p>L\u2019am\u00e9lioration des conditions d\u2019emploi des AESH est un enjeu majeur. Les derni\u00e8res avanc\u00e9es portent sur&nbsp;:<\/p>\n\n\n\n<ul class=\"wp-block-list\">\n<li>la <strong>s\u00e9curisation des conditions d\u2019emploi<\/strong>,<\/li>\n\n\n\n<li>la <strong>revalorisation du m\u00e9tier<\/strong>,<\/li>\n\n\n\n<li>le <strong>renforcement de l\u2019appartenance \u00e0 la communaut\u00e9 \u00e9ducative<\/strong>.<\/li>\n<\/ul>\n\n\n\n<p>La loi du 26 juillet 2019 pour une \u00c9cole de la confiance apporte une vraie reconnaissance des conditions d&#8217;emploi des AESH.<\/p>\n\n\n\n<h4 class=\"wp-block-heading\">Le m\u00e9tier d&rsquo;AESH<\/h4>\n\n\n\n<ul class=\"wp-block-list\">\n<li>les AESH sont reconnus comme des membres \u00e0 part enti\u00e8re des \u00e9quipes \u00e9ducatives et peuvent notamment participer aux r\u00e9unions de suivi de la scolarisation des \u00e9l\u00e8ves en situation de handicap.<\/li>\n\n\n\n<li>les AESH sont accueillis, lors de leur prise de fonction, par le directeur d&rsquo;\u00e9cole ou le chef d&rsquo;\u00e9tablissement. \u00c0 cette occasion, <a href=\"https:\/\/cache.media.eduscol.education.fr\/file\/Ecole_inclusive\/69\/0\/ecole_inclusive_livret_accueil_AESH_1148690.pdf\">un livret d&rsquo;accueil<\/a> leur est remis.<\/li>\n\n\n\n<li>un entretien avec la famille et l&rsquo;enseignant est organis\u00e9 avant le d\u00e9marrage effectif de l&rsquo;accompagnement de l&rsquo;\u00e9l\u00e8ve<\/li>\n\n\n\n<li>un ou plusieurs AESH r\u00e9f\u00e9rents&nbsp;sont d\u00e9sign\u00e9s dans chaque d\u00e9partement par l&rsquo;inspecteur d&rsquo;acad\u00e9mie DASEN. Ils sont charg\u00e9s de fournir un appui aux AESH qui d\u00e9butent dans leurs fonctions et peuvent leur apporter aide et soutien tout au long de leur carri\u00e8re : partage de gestes professionnels, conseils personnalis\u00e9s, diffusion d&rsquo;outils, etc. Les AESH r\u00e9f\u00e9rents b\u00e9n\u00e9ficient d&rsquo;une indemnit\u00e9&nbsp;de fonctions de 600 euros bruts annuels.<\/li>\n<\/ul>\n\n\n\n<p><strong>Des ressources en ligne sur \u00c9duscol pour accompagner les AESH<\/strong><\/p>\n\n\n\n<ul class=\"wp-block-list\">\n<li><strong>La plateforme num\u00e9rique&nbsp;<a href=\"http:\/\/www.reseau-canope.fr\/cap-ecole-inclusive\" target=\"_blank\" rel=\"noreferrer noopener\">Cap \u00e9cole inclusive<\/a><\/strong>, permet aux enseignants et aux&nbsp;AESH d\u2019acc\u00e9der \u00e0 de nouvelles ressources p\u00e9dagogiques en ligne pour adapter les<\/li>\n\n\n\n<li><a href=\"https:\/\/eduscol.education.fr\/pid38943\/ecole-inclusive.html\" target=\"_blank\" rel=\"noreferrer noopener\">Ressources num\u00e9riques adapt\u00e9es soutenues et r\u00e9alis\u00e9es<\/a><\/li>\n\n\n\n<li><a href=\"http:\/\/eduscol.education.fr\/cid56145\/role-composition-commission-multimedia.html\" target=\"_blank\" rel=\"noreferrer noopener\">Le dispositif \u00c9du-Up&nbsp;: en savoir plus sur le site \u00e9duscol<\/a><\/li>\n\n\n\n<li><a href=\"http:\/\/eduscol.education.fr\/pid24305\/examens-et-handicap.html\" target=\"_blank\" rel=\"noreferrer noopener\">Demandes d&rsquo;am\u00e9nagement&nbsp;: le dossier examens et handicap sur \u00e9duscol<\/a><\/li>\n\n\n\n<li><a href=\"http:\/\/eduscol.education.fr\/primabord\/les-banques-de-ressources-numeriques-pour-l-ecole\" target=\"_blank\" rel=\"noreferrer noopener\">En savoir plus sur les Banques de ressources num\u00e9riques pour l\u2019\u00c9cole sur \u00e9duscol<\/a><\/li>\n<\/ul>\n\n\n\n<h4 class=\"wp-block-heading\">Les conditions d&#8217;emploi des AESH<\/h4>\n\n\n\n<p>Chaque AESH b\u00e9n\u00e9ficie&nbsp;d&rsquo;un contrat d&rsquo;une dur\u00e9e de trois ans, renouvelable une fois, avec possibilit\u00e9 d\u2019obtenir un CDI \u00e0 l\u2019issue des trois ans. Ils b\u00e9n\u00e9ficient d\u2019une formation initiale de 60 heures et peuvent participer aux plans de formation propos\u00e9s par les acad\u00e9mies, ainsi qu\u2019aux formations nationales. L\u2019objectif est de permettre \u00e0 ceux qui le souhaitent de pouvoir travailler \u00e0 temps plein.<\/p>\n\n\n\n<p>Les missions des AESH s&rsquo;exercent dans le cadre de la dur\u00e9e annuelle de travail fix\u00e9e en r\u00e9f\u00e9rence \u00e0 la dur\u00e9e l\u00e9gale, soit 1 607 heures pour un temps complet. Les AESH peuvent \u00eatre engag\u00e9s \u00e0 temps complet ou \u00e0 temps incomplet.<\/p>\n\n\n\n<p>La r\u00e9mun\u00e9ration des AESH est calcul\u00e9e en fonction de la quotit\u00e9 horaire travaill\u00e9e. Lors de son premier engagement en CDD en tant qu&rsquo;AESH, l&rsquo;indice de r\u00e9mun\u00e9ration correspond \u00e0 l&rsquo;indice plancher, (correspondant au salaire minimum de croissance (SMIC)). Elle \u00e9volue au regard de l\u2019exp\u00e9rience professionnelle acquise et de la valeur professionnelle de l\u2019agent.&nbsp;<\/p>\n\n\n\n<h4 class=\"wp-block-heading\"><strong>Revalorisation des personnels AESH<\/strong><\/h4>\n\n\n\n<p>Dans la continuit\u00e9 des pr\u00e9c\u00e9dentes mesures structurelles d\u2019am\u00e9lioration des conditions d\u2019emploi et de r\u00e9mun\u00e9ration des accompagnants des \u00e9l\u00e8ves en situation de handicap (AESH), \u00e0 savoir :<\/p>\n\n\n\n<ul class=\"wp-block-list\">\n<li>la professionnalisation accrue du m\u00e9tier avec une formation continue renforc\u00e9e ;<\/li>\n\n\n\n<li>la r\u00e9novation de leur cadre de gestion RH s\u00e9curisant leur parcours par un CDD de 3 ans d\u00e8s le premier recrutement et visant \u00e0 clarifier les modalit\u00e9s de d\u00e9compte du temps de travail afin d\u2019assurer la reconnaissance de toutes les activit\u00e9s effectu\u00e9es (prise en compte des activit\u00e9s connexes ou compl\u00e9mentaires \u00e0 l\u2019accompagnement ainsi que l\u2019augmentation de la p\u00e9riode de travail de r\u00e9f\u00e9rence de 39 \u00e0 41 semaines minimum);&nbsp;<\/li>\n\n\n\n<li>la cr\u00e9ation de 4 000 emplois suppl\u00e9mentaires d\u2019AESH \u00e0 la rentr\u00e9e scolaire 2022 ;<\/li>\n\n\n\n<li>une grille de r\u00e9mun\u00e9ration \u00e9tendue \u00e0 11 \u00e9chelons sur 30 ans de carri\u00e8re et instaurant une automaticit\u00e9 de leurs avancements ;<\/li>\n\n\n\n<li>la mise en place depuis la rentr\u00e9e scolaire 2020 des AESH r\u00e9f\u00e9rents, fonction indemnis\u00e9e, qui contribuent sur l\u2019ensemble du territoire \u00e0 mieux accompagner les AESH, en permettant \u00e0 un pair exp\u00e9riment\u00e9 de leur apporter aide et soutien dans leur pratique.<\/li>\n<\/ul>\n\n\n\n<p><strong>Une nouvelle \u00e9tape dans la revalorisation est intervenue au 1er janvier 2022 :<\/strong><\/p>\n\n\n\n<ul class=\"wp-block-list\">\n<li>la grille indiciaire des AESH est de nouveau am\u00e9lior\u00e9e : le premier \u00e9chelon est augment\u00e9 de 2 points et port\u00e9 \u00e0 l\u2019indice major\u00e9 343 traduisant la revalorisation li\u00e9e au rel\u00e8vement du SMIC ; le 2e \u00e9chelon est augment\u00e9 de 3 points et port\u00e9 \u00e0 l\u2019indice major\u00e9 348 ;<\/li>\n\n\n\n<li>les AESH b\u00e9n\u00e9ficient de la participation de leur employeur au financement de leur mutuelle sant\u00e9 (PSC) \u00e0 hauteur de 15\u20ac \/ mois ;<\/li>\n\n\n\n<li>les AESH ont \u00e9galement b\u00e9n\u00e9fici\u00e9 de l\u2019aide exceptionnelle dite \u00ab indemnit\u00e9-inflation \u00bb d\u00e9cid\u00e9e par le Gouvernement pour faire face aux cons\u00e9quences de l\u2019inflation sur le pouvoir d\u2019achat des Fran\u00e7ais, et pour accompagner la reprise. D\u2019un montant forfaitaire de 100 \u20ac, elle a \u00e9t\u00e9 vers\u00e9e en janvier 2022 pour la plupart des agents.<\/li>\n<\/ul>\n\n\n\n<p>Sur les deux ann\u00e9es 2021-2022, ce sont ainsi <strong>150 M\u20ac<\/strong> qui auront \u00e9t\u00e9 mobilis\u00e9s pour am\u00e9liorer la r\u00e9mun\u00e9ration des AESH. <strong>Au titre des diff\u00e9rentes revalorisations indiciaires, les AESH ont b\u00e9n\u00e9fici\u00e9 d\u2019un gain moyen de + 1 083 \u20ac bruts\/an, auquel s\u2019ajoutent 280\u20ac au titre de la PSC et de l\u2019indemnit\u00e9 inflation en 2022<\/strong>.<\/p>\n\n\n\n<p><strong>\u00c0 rentr\u00e9e 2023<\/strong>, en plus des mesures de revalorisation communes \u00e0 l\u2019ensemble des agents de la fonction publique, les AESH b\u00e9n\u00e9ficient :<\/p>\n\n\n\n<ul class=\"wp-block-list\">\n<li>d\u2019une grille indiciaire revaloris\u00e9e<\/li>\n\n\n\n<li>d\u2019une indemnit\u00e9 de fonctions<\/li>\n\n\n\n<li>de la majoration de 10 % de l\u2019indemnit\u00e9 vers\u00e9e aux AESH r\u00e9f\u00e9rents<\/li>\n<\/ul>\n\n\n\n<h4 class=\"wp-block-heading\">Une formation approfondie<\/h4>\n\n\n\n<p>Les personnels d&rsquo;accompagnement re\u00e7oivent une formation initiale et peuvent b\u00e9n\u00e9ficier d&rsquo;une formation continue.<\/p>\n\n\n\n<p>Une formation obligatoire&nbsp;d&rsquo;adaptation \u00e0 l&#8217;emploi d&rsquo;une dur\u00e9e de 60 heures leur est dispens\u00e9e. Elle est mise en \u0153uvre par la DASEN pour tous les personnels nouvellement recrut\u00e9s.<\/p>\n\n\n\n<p>De plus, des actions de formation continues sont propos\u00e9es dans le cadre des plans acad\u00e9miques ou d\u00e9partementaux de formation (par exemple des formations d&rsquo;initiatives locales organis\u00e9es en \u00e9cole ou en \u00e9tablissement scolaire), mais aussi de formations avec les enseignants, ou encore d&rsquo;actions de formations nationales dans le domaine de la scolarisation des \u00e9l\u00e8ves en situation de handicap (modules d&rsquo;initiative nationale).<\/p>\n\n\n\n<p><strong>Un guide des ressources humaines pr\u00e9cisant le cadre et les conditions d\u2019emploi des AESH<\/strong><\/p>\n\n\n\n<p>Vous \u00eates AESH et vous vous interrogez sur vos conditions d\u2019emploi et le cadre de votre contrat ?<\/p>\n\n\n\n<p>Ce guide des ressources humaines traite de vos missions, de votre temps de travail, des r\u00e8gles en mati\u00e8re de cumul d\u2019activit\u00e9s ou encore, de vos droits \u00e0 cong\u00e9s. &nbsp;il d\u00e9cline sp\u00e9cifiquement pour les AESH les principales r\u00e8gles applicables aux agents contractuels de droit public ainsi que le cadre de gestion publi\u00e9 le 5 juin 2019 (circulaire n\u00b0 2019-090).<\/p>\n\n\n\n<p><img decoding=\"async\" src=\"https:\/\/www.education.gouv.fr\/sites\/default\/files\/styles\/thumbnail\/public\/media-icons\/generic\/generic.png?itok=Zidnn4nO\" width=\"100\" height=\"100\" alt=\"\"><a href=\"https:\/\/www.education.gouv.fr\/media\/69417\/download\" target=\"_blank\" rel=\"noreferrer noopener\"> Guide ressources humaines AESH &#8211; 2020<\/a><\/p>\n\n\n\n<h2 class=\"wp-block-heading\" id=\"edugouv-summary-item-6\"><a><\/a>Le recrutement des accompagnants des \u00e9l\u00e8ves en situation de handicap (AESH)<\/h2>\n\n\n\n<p>Le minist\u00e8re de l\u2019\u00c9ducation nationale,&nbsp;de la Jeunesse et des Sports renforce le recrutement des AESH afin de r\u00e9pondre au mieux \u00e0 l\u2019augmentation des besoins d\u2019aide humaine pour les \u00e9l\u00e8ves en situation de handicap.<\/p>\n\n\n\n<figure class=\"wp-block-image\"><img decoding=\"async\" src=\"https:\/\/www.education.gouv.fr\/sites\/default\/files\/styles\/embed_image\/public\/imported_files\/image\/infographie_AESH_938832.89.jpg?itok=FELeht0k\" alt=\"\"\/><\/figure>\n\n\n\n<h3 class=\"wp-block-heading\" id=\"edugouv-summary-item-7\">Quel profil pour devenir accompagnant&nbsp;?<\/h3>\n\n\n\n<p>Afin de permettre aux \u00e9l\u00e8ves d&rsquo;acqu\u00e9rir ou de renforcer leur autonomie, d&rsquo;acc\u00e9der aux savoirs et de participer aux activit\u00e9s de la classe et de l&rsquo;\u00e9cole ou de l&rsquo;\u00e9tablissement, les accompagnants doivent r\u00e9pondre \u00e0 certaines qualit\u00e9 telles que&nbsp;:<\/p>\n\n\n\n<ul class=\"wp-block-list\">\n<li>l&rsquo;\u00e9coute<\/li>\n\n\n\n<li>la patience<\/li>\n\n\n\n<li>l&#8217;empathie<\/li>\n\n\n\n<li>un bon relationnel<\/li>\n\n\n\n<li>un int\u00e9r\u00eat pour le travail avec les enfants ou les adolescents<\/li>\n\n\n\n<li>le go\u00fbt du travail d&rsquo;\u00e9quipe<\/li>\n<\/ul>\n\n\n\n<p><strong>Les accompagnants des \u00e9l\u00e8ves en situation de handicap sont recrut\u00e9s parmi&nbsp;:<\/strong><\/p>\n\n\n\n<ul class=\"wp-block-list\">\n<li>les candidats titulaires d&rsquo;un dipl\u00f4me professionnel dans le domaine de l&rsquo;aide \u00e0 la personne&nbsp;;<\/li>\n\n\n\n<li>les candidats justifiant d&rsquo;une exp\u00e9rience professionnelle d&rsquo;au moins neuf mois dans les domaines de l&rsquo;accompagnement des personnes en situation de handicap, des \u00e9l\u00e8ves en situation de handicap ou des \u00e9tudiants en situation de handicap&nbsp;;<\/li>\n\n\n\n<li>les candidats justifiant d&rsquo;un titre ou dipl\u00f4me class\u00e9 au moins au niveau IV, ou d&rsquo;une qualification reconnue au moins \u00e9quivalente \u00e0 l&rsquo;un de ces titres ou dipl\u00f4me.\u00a0<\/li>\n<\/ul>\n\n\n\n<p>Sources: <a href=\"https:\/\/www.education.gouv.fr\/les-accompagnants-des-eleves-en-situation-de-handicap-aesh-12188\">https:\/\/www.education.gouv.fr\/les-accompagnants-des-eleves-en-situation-de-handicap-aesh-12188<\/a><\/p>\n","protected":false},"excerpt":{"rendered":"<p>Des AESH pour accompagner les \u00e9l\u00e8ves en situation de handicap Les accompagnants d\u2019\u00e9l\u00e8ves en situation de handicap (AESH) sont des personnels charg\u00e9s de l\u2019aide humaine. Ils ont pour mission de [&hellip;]<\/p>\n","protected":false},"author":1,"featured_media":0,"comment_status":"closed","ping_status":"closed","sticky":false,"template":"","format":"standard","meta":{"_lmt_disableupdate":"","_lmt_disable":"","site-sidebar-layout":"default","site-content-layout":"","ast-site-content-layout":"default","site-content-style":"default","site-sidebar-style":"default","ast-global-header-display":"","ast-banner-title-visibility":"","ast-main-header-display":"","ast-hfb-above-header-display":"","ast-hfb-below-header-display":"","ast-hfb-mobile-header-display":"","site-post-title":"","ast-breadcrumbs-content":"","ast-featured-img":"","footer-sml-layout":"","ast-disable-related-posts":"","theme-transparent-header-meta":"","adv-header-id-meta":"","stick-header-meta":"","header-above-stick-meta":"","header-main-stick-meta":"","header-below-stick-meta":"","astra-migrate-meta-layouts":"set","ast-page-background-enabled":"default","ast-page-background-meta":{"desktop":{"background-color":"var(--ast-global-color-4)","background-image":"","background-repeat":"repeat","background-position":"center center","background-size":"auto","background-attachment":"scroll","background-type":"","background-media":"","overlay-type":"","overlay-color":"","overlay-opacity":"","overlay-gradient":""},"tablet":{"background-color":"","background-image":"","background-repeat":"repeat","background-position":"center center","background-size":"auto","background-attachment":"scroll","background-type":"","background-media":"","overlay-type":"","overlay-color":"","overlay-opacity":"","overlay-gradient":""},"mobile":{"background-color":"","background-image":"","background-repeat":"repeat","background-position":"center center","background-size":"auto","background-attachment":"scroll","background-type":"","background-media":"","overlay-type":"","overlay-color":"","overlay-opacity":"","overlay-gradient":""}},"ast-content-background-meta":{"desktop":{"background-color":"var(--ast-global-color-5)","background-image":"","background-repeat":"repeat","background-position":"center center","background-size":"auto","background-attachment":"scroll","background-type":"","background-media":"","overlay-type":"","overlay-color":"","overlay-opacity":"","overlay-gradient":""},"tablet":{"background-color":"var(--ast-global-color-5)","background-image":"","background-repeat":"repeat","background-position":"center center","background-size":"auto","background-attachment":"scroll","background-type":"","background-media":"","overlay-type":"","overlay-color":"","overlay-opacity":"","overlay-gradient":""},"mobile":{"background-color":"var(--ast-global-color-5)","background-image":"","background-repeat":"repeat","background-position":"center center","background-size":"auto","background-attachment":"scroll","background-type":"","background-media":"","overlay-type":"","overlay-color":"","overlay-opacity":"","overlay-gradient":""}},"footnotes":""},"categories":[38,13],"tags":[],"class_list":["post-2054","post","type-post","status-publish","format-standard","hentry","category-actualites-2023-2024","category-aesh"],"modified_by":"slecourtier","_links":{"self":[{"href":"https:\/\/snalc.org\/snalc2023\/index.php?rest_route=\/wp\/v2\/posts\/2054","targetHints":{"allow":["GET"]}}],"collection":[{"href":"https:\/\/snalc.org\/snalc2023\/index.php?rest_route=\/wp\/v2\/posts"}],"about":[{"href":"https:\/\/snalc.org\/snalc2023\/index.php?rest_route=\/wp\/v2\/types\/post"}],"author":[{"embeddable":true,"href":"https:\/\/snalc.org\/snalc2023\/index.php?rest_route=\/wp\/v2\/users\/1"}],"replies":[{"embeddable":true,"href":"https:\/\/snalc.org\/snalc2023\/index.php?rest_route=%2Fwp%2Fv2%2Fcomments&post=2054"}],"version-history":[{"count":1,"href":"https:\/\/snalc.org\/snalc2023\/index.php?rest_route=\/wp\/v2\/posts\/2054\/revisions"}],"predecessor-version":[{"id":2055,"href":"https:\/\/snalc.org\/snalc2023\/index.php?rest_route=\/wp\/v2\/posts\/2054\/revisions\/2055"}],"wp:attachment":[{"href":"https:\/\/snalc.org\/snalc2023\/index.php?rest_route=%2Fwp%2Fv2%2Fmedia&parent=2054"}],"wp:term":[{"taxonomy":"category","embeddable":true,"href":"https:\/\/snalc.org\/snalc2023\/index.php?rest_route=%2Fwp%2Fv2%2Fcategories&post=2054"},{"taxonomy":"post_tag","embeddable":true,"href":"https:\/\/snalc.org\/snalc2023\/index.php?rest_route=%2Fwp%2Fv2%2Ftags&post=2054"}],"curies":[{"name":"wp","href":"https:\/\/api.w.org\/{rel}","templated":true}]}}