{"id":2074,"date":"2023-09-26T20:24:58","date_gmt":"2023-09-26T18:24:58","guid":{"rendered":"https:\/\/snalc.org\/snalc2023\/?p=2074"},"modified":"2023-09-26T20:25:04","modified_gmt":"2023-09-26T18:25:04","slug":"csa-ministeriel-du-26-septembre-2023-declaration-du-snalc","status":"publish","type":"post","link":"https:\/\/snalc.org\/snalc2023\/?p=2074","title":{"rendered":"CSA minist\u00e9riel du 26 septembre 2023 : d\u00e9claration du SNALC"},"content":{"rendered":"\n<figure class=\"wp-block-image\"><img decoding=\"async\" src=\"https:\/\/snalc.fr\/wp-content\/uploads\/csa_istock_piranka-1207360622.jpg\" alt=\"\"\/><figcaption class=\"wp-element-caption\">\u00a9 istock_piranka-1207360622<\/figcaption><\/figure>\n\n\n\n<p>Monsieur le Ministre, Mesdames et Messieurs les repr\u00e9sentants de l\u2019administration, Mesdames et Messieurs les membres \u00e9lus du comit\u00e9,<\/p>\n\n\n\n<p>Un de vos pr\u00e9d\u00e9cesseurs avait compar\u00e9 l\u2019\u00c9ducation nationale \u00e0 un mammouth qu\u2019on devait d\u00e9graisser. Aujourd\u2019hui, le mammouth a surtout perdu ses muscles et ses tendons, mais la graisse est encore l\u00e0, occup\u00e9e \u00e0 envoyer des courriers d\u2019insulte dans l\u2019acad\u00e9mie de Versailles, par exemple. C\u2019est uniquement gr\u00e2ce au d\u00e9vouement des personnels que nous repr\u00e9sentons que la structure tient debout, mais elle est pr\u00e8s de s\u2019effondrer.<\/p>\n\n\n\n<p>Vous pourriez r\u00e9pondre au SNALC que notre organisation dresse un tableau bien sombre, trop apocalyptique pour \u00eatre vrai. Un autre de vos pr\u00e9d\u00e9cesseurs l\u2019affirmait, et allait m\u00eame jusqu\u2019\u00e0 faire porter le chapeau aux syndicats, qui, par leur discours pessimiste, auraient d\u00e9courag\u00e9 les futurs candidats. Toutefois, nous esp\u00e9rons que votre exp\u00e9rience politique et l\u2019\u00e9coute dont vous avez jusqu\u2019\u00e0 pr\u00e9sent fait montre vous permettront d\u2019\u00e9tablir un diagnostic plus proche du r\u00e9el. Car il y a urgence.<\/p>\n\n\n\n<p>L\u2019urgence, c\u2019est une d\u00e9saffection structurelle pour nos m\u00e9tiers. Ce sont plus de 7000 postes non pourvus ces deux derni\u00e8res ann\u00e9es aux concours d\u2019enseignants, ou encore une m\u00e9decine du travail qui aura disparu d\u2019ici 15 ans. Ce sont des titulaires, des stagiaires, des contractuels enseignants, des AESH qui d\u00e9missionnent de plus en plus souvent, \u00e9c\u0153ur\u00e9s. \u00ab&nbsp;\u00c9c\u0153ur\u00e9s&nbsp;\u00bb&nbsp;: le mot qui revenait sous la plume de nos coll\u00e8gues de technologie quand ils ont d\u00e9couvert la suppression de leur discipline en classe de sixi\u00e8me.<\/p>\n\n\n\n<p>Car l\u2019institution et le politique ont une grande part de responsabilit\u00e9 dans cette faillite. Pour ouvrir des parapluies et fabriquer de la com\u2019, il y a du monde&nbsp;; pour reconna\u00eetre les erreurs, les rangs sont clairsem\u00e9s. Notre pays est le dernier en math\u00e9matiques&nbsp;? S\u00fbrement la faute \u00e0 pas de chance, rien \u00e0 voir avec la d\u00e9gradation financi\u00e8re et symbolique de nos professions, avec nos classes parmi les plus charg\u00e9es d\u2019Europe, avec notre gestion au rabais de l\u2019inclusion. Laissez-moi vous proposer une formation apr\u00e8s les cours avec un zeste de \u00ab&nbsp;pilotage&nbsp;\u00bb et un soup\u00e7on de \u00ab&nbsp;gouvernance&nbsp;\u00bb, et tout ira s\u00fbrement mieux. Sauf que non, \u00e7a ne va pas mieux.<\/p>\n\n\n\n<p>C\u2019est pourquoi le SNALC vous demande de faire preuve de bon sens, en stoppant d\u00e9j\u00e0 tous les projets qui d\u00e9gradent objectivement nos conditions de travail. Arr\u00eatons cette fr\u00e9n\u00e9sie autour du remplacement de courte dur\u00e9e et du positionnement hors temps devant \u00e9l\u00e8ve de la formation continue. Le probl\u00e8me majeur est d\u2019avoir un enseignant bien form\u00e9 sur la longue dur\u00e9e, d\u00e9j\u00e0. Cessons les suppressions de postes. Faisons qu\u2019aucun personnel ne perde en pouvoir d\u2019achat, ce que les mesures actuelles ne garantissent pas. Organisons un rattrapage salarial via une loi de programmation pluriannuelle pour donner des perspectives \u00e0 nos futurs coll\u00e8gues, et pour faire que ceux actuellement en poste se voient mieux consid\u00e9r\u00e9s. Faisons un bilan objectif avec toutes les parties prenantes sur le fonctionnement de l\u2019\u00e9cole inclusive, avant de prendre des d\u00e9cisions lors d\u2019un acte II que le SNALC juge compl\u00e8tement d\u00e9connect\u00e9 du quotidien de nos coll\u00e8gues. Offrons une aide humaine aux directions d\u2019\u00e9cole plut\u00f4t que des missions suppl\u00e9mentaires sans temps pour les r\u00e9aliser. Garantissons une \u00e9galit\u00e9 de traitement, par exemple pour le recrutement des assistants d\u2019\u00e9ducation en CDI, o\u00f9 l\u2019arbitraire ne peut tenir lieu de crit\u00e8re unique. Enfin, offrons une r\u00e9elle stabilit\u00e9 \u00e0 des personnels qui en ont besoin pour accomplir leurs missions au mieux, en cr\u00e9ant un statut de la fonction publique pour les AESH et pour les AED. Tout cela aura un bien meilleur effet sur notre syst\u00e8me qu\u2019une \u00e9ni\u00e8me r\u00e9forme du coll\u00e8ge ou des lyc\u00e9es professionnels.<\/p>\n\n\n\n<p><a href=\"https:\/\/snalc.fr\/wp-content\/uploads\/CSAM_decla_SNALC_20230926.pdf\">T\u00e9l\u00e9charger la d\u00e9claration du SNALC<\/a><\/p>\n\n\n\n<h5 class=\"wp-block-heading\">D\u00e9claration intersyndicale suite aux propos tenus contre les \u00e9lus du personnel \u00e0 l&rsquo;Assembl\u00e9e nationale<\/h5>\n\n\n\n<figure class=\"wp-block-image\"><img decoding=\"async\" src=\"https:\/\/snalc.fr\/wp-content\/uploads\/Bandeau_IS_CSAMEN-1-1024x229.jpg\" alt=\"\"\/><\/figure>\n\n\n\n<p>Monsieur le Ministre,<\/p>\n\n\n\n<p>Nos organisations FSU, UNSA Education, Fnec-FP-FO, SGEN-CFDT, CGT Educ\u2019action, SNALC et Sud \u00c9ducation ont particip\u00e9 mercredi 20 septembre \u00e0 une table ronde sur la rentr\u00e9e 2023 dans le 1<sup>er<\/sup> et le 2d degr\u00e9 organis\u00e9e par la commission des affaires culturelles et de l\u2019\u00e9ducation de l\u2019Assembl\u00e9e nationale. Toutes nos organisations ont point\u00e9 les probl\u00e8mes rencontr\u00e9s \u00e0 cette rentr\u00e9e : crise du recrutement, salaires, conditions de travail, inclusion et situation des AESH\u2026<\/p>\n\n\n\n<p>En guise de r\u00e9ponse, nous avons re\u00e7u de la part de d\u00e9put\u00e9s Renaissance et Rassemblement national des propos d\u00e9nigrants, voire insultants. Ainsi Mme Riotton (d\u00e9put\u00e9e Renaissance) a point\u00e9 notre <em>\u00ab&nbsp;ton caricatural&nbsp;\u00bb<\/em> et a remis en cause notre repr\u00e9sentativit\u00e9. Puis M.Odoul (d\u00e9put\u00e9 RN) a compar\u00e9 la s\u00e9quence pendant laquelle nous nous sommes tous exprim\u00e9s \u00e0 <em>\u00ab&nbsp;un sketch des Inconnus&nbsp;\u00bb<\/em>. Enfin, M.Chudeau (d\u00e9put\u00e9 RN) a jug\u00e9 les propos de certains d\u2019entre nous <em>\u00ab&nbsp;ridicules et totalement d\u00e9plac\u00e9s&nbsp;\u00bb,<\/em> nous enjoignant \u00e0 \u00ab&nbsp;nous mettre au niveau&nbsp;\u00bb et <em>\u00ab&nbsp;\u00e0 baisser d\u2019un ton&nbsp;\u00bb<\/em> et mena\u00e7ant de ne pas nous inviter l\u2019an prochain. Tout cela s\u2019est d\u00e9roul\u00e9 sans intervention de la pr\u00e9sidente de la commission, Mme Rauch (Horizons).<\/p>\n\n\n\n<p>Nous avons fait le choix de quitter ensemble la s\u00e9ance. Les propos qui ont \u00e9t\u00e9 tenus \u00e0 notre \u00e9gard sont graves. Ils sont une remise en cause directe et brutale de notre repr\u00e9sentativit\u00e9 pourtant directement issue des \u00e9lections professionnelles. Ces propos sont donc un d\u00e9ni de d\u00e9mocratie que nous ne pouvons tol\u00e9rer.<\/p>\n\n\n\n<p>De plus, moquer les propos que nous tenons, c\u2019est balayer d\u2019un revers de la main ces r\u00e9alit\u00e9s que vivent nos coll\u00e8gues au quotidien, c\u2019est donc m\u00e9priser les personnels que nous repr\u00e9sentons. Ne pas vouloir&nbsp; entendre les r\u00e9alit\u00e9s du terrain, les caricaturer, c\u2019est aggraver le foss\u00e9 entre les personnels et celles et ceux qui exercent des responsabilit\u00e9s politiques, aggravant le sentiment d\u2019abandon&nbsp; des personnels et de l\u2019\u00c9cole publique.<\/p>\n\n\n\n<p>Apr\u00e8s cette s\u00e9quence d\u00e9plorable pour la d\u00e9mocratie et pour l\u2019Ecole, et alors que les organisations syndicales de votre minist\u00e8re ont \u00e9t\u00e9 directement la cible de propos m\u00e9prisants et insultants, nous attendons de vous une r\u00e9ponse forte qui conforte les principes \u00e9l\u00e9mentaires de la d\u00e9mocratie sociale.<\/p>\n\n\n\n<p><em>&nbsp;A Paris, le 26\/09\/2023<\/em><\/p>\n\n\n\n<p><a href=\"https:\/\/snalc.fr\/wp-content\/uploads\/CSAM_decla_IS_20230926.pdf\">T\u00e9l\u00e9charger la d\u00e9claration intersyndicale<\/a><\/p>\n","protected":false},"excerpt":{"rendered":"<p>Monsieur le Ministre, Mesdames et Messieurs les repr\u00e9sentants de l\u2019administration, Mesdames et Messieurs les membres \u00e9lus du comit\u00e9, Un de vos pr\u00e9d\u00e9cesseurs avait compar\u00e9 l\u2019\u00c9ducation nationale \u00e0 un mammouth qu\u2019on [&hellip;]<\/p>\n","protected":false},"author":1,"featured_media":0,"comment_status":"closed","ping_status":"closed","sticky":false,"template":"","format":"standard","meta":{"_lmt_disableupdate":"","_lmt_disable":"","site-sidebar-layout":"default","site-content-layout":"","ast-site-content-layout":"default","site-content-style":"default","site-sidebar-style":"default","ast-global-header-display":"","ast-banner-title-visibility":"","ast-main-header-display":"","ast-hfb-above-header-display":"","ast-hfb-below-header-display":"","ast-hfb-mobile-header-display":"","site-post-title":"","ast-breadcrumbs-content":"","ast-featured-img":"","footer-sml-layout":"","ast-disable-related-posts":"","theme-transparent-header-meta":"","adv-header-id-meta":"","stick-header-meta":"","header-above-stick-meta":"","header-main-stick-meta":"","header-below-stick-meta":"","astra-migrate-meta-layouts":"set","ast-page-background-enabled":"default","ast-page-background-meta":{"desktop":{"background-color":"var(--ast-global-color-4)","background-image":"","background-repeat":"repeat","background-position":"center center","background-size":"auto","background-attachment":"scroll","background-type":"","background-media":"","overlay-type":"","overlay-color":"","overlay-opacity":"","overlay-gradient":""},"tablet":{"background-color":"","background-image":"","background-repeat":"repeat","background-position":"center center","background-size":"auto","background-attachment":"scroll","background-type":"","background-media":"","overlay-type":"","overlay-color":"","overlay-opacity":"","overlay-gradient":""},"mobile":{"background-color":"","background-image":"","background-repeat":"repeat","background-position":"center center","background-size":"auto","background-attachment":"scroll","background-type":"","background-media":"","overlay-type":"","overlay-color":"","overlay-opacity":"","overlay-gradient":""}},"ast-content-background-meta":{"desktop":{"background-color":"var(--ast-global-color-5)","background-image":"","background-repeat":"repeat","background-position":"center center","background-size":"auto","background-attachment":"scroll","background-type":"","background-media":"","overlay-type":"","overlay-color":"","overlay-opacity":"","overlay-gradient":""},"tablet":{"background-color":"var(--ast-global-color-5)","background-image":"","background-repeat":"repeat","background-position":"center center","background-size":"auto","background-attachment":"scroll","background-type":"","background-media":"","overlay-type":"","overlay-color":"","overlay-opacity":"","overlay-gradient":""},"mobile":{"background-color":"var(--ast-global-color-5)","background-image":"","background-repeat":"repeat","background-position":"center center","background-size":"auto","background-attachment":"scroll","background-type":"","background-media":"","overlay-type":"","overlay-color":"","overlay-opacity":"","overlay-gradient":""}},"footnotes":""},"categories":[38],"tags":[],"class_list":["post-2074","post","type-post","status-publish","format-standard","hentry","category-actualites-2023-2024"],"modified_by":"slecourtier","_links":{"self":[{"href":"https:\/\/snalc.org\/snalc2023\/index.php?rest_route=\/wp\/v2\/posts\/2074","targetHints":{"allow":["GET"]}}],"collection":[{"href":"https:\/\/snalc.org\/snalc2023\/index.php?rest_route=\/wp\/v2\/posts"}],"about":[{"href":"https:\/\/snalc.org\/snalc2023\/index.php?rest_route=\/wp\/v2\/types\/post"}],"author":[{"embeddable":true,"href":"https:\/\/snalc.org\/snalc2023\/index.php?rest_route=\/wp\/v2\/users\/1"}],"replies":[{"embeddable":true,"href":"https:\/\/snalc.org\/snalc2023\/index.php?rest_route=%2Fwp%2Fv2%2Fcomments&post=2074"}],"version-history":[{"count":1,"href":"https:\/\/snalc.org\/snalc2023\/index.php?rest_route=\/wp\/v2\/posts\/2074\/revisions"}],"predecessor-version":[{"id":2075,"href":"https:\/\/snalc.org\/snalc2023\/index.php?rest_route=\/wp\/v2\/posts\/2074\/revisions\/2075"}],"wp:attachment":[{"href":"https:\/\/snalc.org\/snalc2023\/index.php?rest_route=%2Fwp%2Fv2%2Fmedia&parent=2074"}],"wp:term":[{"taxonomy":"category","embeddable":true,"href":"https:\/\/snalc.org\/snalc2023\/index.php?rest_route=%2Fwp%2Fv2%2Fcategories&post=2074"},{"taxonomy":"post_tag","embeddable":true,"href":"https:\/\/snalc.org\/snalc2023\/index.php?rest_route=%2Fwp%2Fv2%2Ftags&post=2074"}],"curies":[{"name":"wp","href":"https:\/\/api.w.org\/{rel}","templated":true}]}}