{"id":2085,"date":"2023-09-27T19:17:10","date_gmt":"2023-09-27T17:17:10","guid":{"rendered":"https:\/\/snalc.org\/snalc2023\/?p=2085"},"modified":"2023-09-27T19:17:14","modified_gmt":"2023-09-27T17:17:14","slug":"lettre-dinformation-snalc-27-septembre-2023-professeurs-des-ecoles","status":"publish","type":"post","link":"https:\/\/snalc.org\/snalc2023\/?p=2085","title":{"rendered":"Lettre d&rsquo;information SNALC &#8211; 27 septembre 2023 &#8211; PROFESSEURS DES \u00c9COLES"},"content":{"rendered":"\n<figure class=\"wp-block-table\"><table><tbody><tr><td>Lettre d&rsquo;information SNALC&nbsp;&#8211;&nbsp;27 septembre 2023<\/td><\/tr><\/tbody><\/table><\/figure>\n\n\n\n<figure class=\"wp-block-table\"><table><tbody><tr><td><img decoding=\"async\" src=\"https:\/\/syndicat-snalc.net\/AWURTSJ67\/LOGO_SNALC_ECOLE_CARTOUCHE_BLANC_RVB_0a3346263c.jpg\" alt=\"\"><\/td><\/tr><\/tbody><\/table><\/figure>\n\n\n\n<figure class=\"wp-block-table\"><table><tbody><tr><td><br>PROFESSEURS DES \u00c9COLES<a href=\"https:\/\/oxiforms.com\/form.php?f=3CCEA222-75AC-4C20-96A8-469DA72B26EF\" target=\"_blank\" rel=\"noreferrer noopener\">Nous contacter<\/a><\/td><\/tr><\/tbody><\/table><\/figure>\n\n\n\n<figure class=\"wp-block-table\"><table><tbody><tr><td>\u00ab&nbsp;CE QUI CHANGE POUR VOS ENFANTS&nbsp;\u00bb<\/td><\/tr><\/tbody><\/table><\/figure>\n\n\n\n<figure class=\"wp-block-table\"><table><tbody><tr><td>Si les choses n\u2019ont pas \u00e9t\u00e9 dites en ces termes dans ce <a href=\"https:\/\/snalc.fr\/wp-content\/uploads\/flyer-rentr-e-2023-cole-l-mentaire-ce-qui-change-pour-votre-enfant-157383-1.pdf\" target=\"_blank\" rel=\"noreferrer noopener\">tract de rentr\u00e9e<\/a>, voil\u00e0 comment le SNALC traduit la communication du minist\u00e8re&nbsp;:\u00ab&nbsp;Chers parents,<br>Avant toute chose, sachez qu\u2019en ces temps difficiles pour tous, le professeur de votre enfant va b\u00e9n\u00e9ficier d\u2019une s\u00e9rieuse augmentation&nbsp;! En effet il s\u2019estimait sous-pay\u00e9 et cela avait un impact tr\u00e8s n\u00e9gatif sur son engagement, sur la qualit\u00e9 de son enseignement par cons\u00e9quent sur le niveau des \u00e9l\u00e8ves. D\u00e9sormais, ce probl\u00e8me est r\u00e9solu et les enseignants, pleinement satisfaits, vont pouvoir se consacrer pleinement \u00e0 leur mission. Avec cette augmentation de salaire et les multiples revalorisations mises en place depuis le PPCR, vous avez bien compris que l\u2019enseignant de votre enfant ne sera d\u00e9sormais plus jamais m\u00e9content, plus jamais absent ou en gr\u00e8ve&#8230; Ce serait impensable&nbsp;!&nbsp;\u00bb<br>\u00ab&nbsp;Ce qui change pour vos enfants&nbsp;\u00bb, tract honteux, rappelle au SNALC l\u2019annonce de Najat Vallaud-Belkacem en 2016, selon laquelle les enseignants fran\u00e7ais en fin de carri\u00e8re figureraient, une fois le PPCR mis en place, \u00ab\u00a0parmi les mieux r\u00e9mun\u00e9r\u00e9s de l&rsquo;OCDE, comme l&rsquo;Allemagne\u00a0\u00bb\u2026<br>C\u2019est toujours la m\u00eame technique consistant \u00e0 pr\u00e9senter les enseignants comme des privil\u00e9gi\u00e9s et des nantis. Alors que la conjoncture internationale \u00e9conomique et sociale p\u00e8se lourdement sur le moral des Fran\u00e7ais, cela ne fait qu\u2019empirer les tensions entre les parents et des enseignants, pr\u00e9sent\u00e9s comme des enfants g\u00e2t\u00e9s et jamais satisfaits. Publier ce flyer de la honte et le faire distribuer de surcro\u00eet par l\u2019\u00e9cole, c\u2019est plus qu\u2019insultant pour les professeurs.<br>On appr\u00e9ciera \u00e9galement le petit clin d\u2019\u0153il aux enseignants, car le verso du tract \u00e9num\u00e8re malicieusement tout ce qui est mis en place et qui fait que nos 108 heures se transforment peu \u00e0 peu en 120 heures, 130 heures, des heures et des heures suppl\u00e9mentaires en contrepartie de cette s\u00e9rieuse augmentation (que nous n\u2019aurons pas&nbsp;!)<br>Chers parents, ce qui ne change pas, c\u2019est qu&rsquo;on continue encore et toujours \u00e0 prendre les professeurs de vos enfants pour des idiots&nbsp;!<br>Chers coll\u00e8gues, ce qui ne changera pas, c\u2019est que le SNALC continuera encore et toujours de r\u00e9tablir la v\u00e9rit\u00e9 pour vous d\u00e9fendre.<\/td><\/tr><\/tbody><\/table><\/figure>\n\n\n\n<figure class=\"wp-block-table\"><table><tbody><tr><td>Christophe <strong>GRUSON<\/strong>secr\u00e9taire national charg\u00e9 du premier degr\u00e9<\/td><\/tr><\/tbody><\/table><\/figure>\n\n\n\n<figure class=\"wp-block-table\"><table><tbody><tr><td><img decoding=\"async\" src=\"https:\/\/syndicat-snalc.net\/AWURTSJ67\/shadow-money-business-close-up-cash-bank-104_38ec28bdff.jpg\" alt=\"\"><strong>GRILLES DE SALAIRES AU 1er SEPTEMBRE 2023<\/strong><strong><br><\/strong>Prime d\u2019attractivit\u00e9, hausse du point d\u2019indice, ISAE doubl\u00e9e&nbsp;: entre annonces gouvernementales et r\u00e9alit\u00e9 de la fiche de paye, le SNALC vous pr\u00e9sente les nouvelles grilles de traitement.<br>[<a href=\"https:\/\/snalc.fr\/grilles-de-salaires-au-1er-septembre-2023\/\" target=\"_blank\" rel=\"noreferrer noopener\">Lire la suite<\/a>]<\/td><\/tr><\/tbody><\/table><\/figure>\n\n\n\n<figure class=\"wp-block-table\"><table><tbody><tr><td><img decoding=\"async\" src=\"https:\/\/syndicat-snalc.net\/AWURTSJ67\/blue-art-triangle-creative-arts-font-line-16_9a61c92a11.jpg\" alt=\"\"><strong>LES INDISPENSABLES DE LA RENTR\u00c9E ET DES JOURS QUI SUIVENT<\/strong><strong><br><\/strong>M\u00eame si la rentr\u00e9e est pass\u00e9e, parmi toutes les informations que nous recevons en ce d\u00e9but d\u2019ann\u00e9e, nous nous posons toujours la question des documents essentiels ou obligatoires \u00e0 d\u00e9tenir. Le SNALC vous propose un petit rappel sur les indispensables \u00e0 avoir et \u00e0 savoir.<br>[<a href=\"https:\/\/snalc.fr\/les-indispensables-de-la-rentree-et-des-jours-qui-suivent\/\" target=\"_blank\" rel=\"noreferrer noopener\">Lire la suite<\/a>]<\/td><\/tr><\/tbody><\/table><\/figure>\n\n\n\n<figure class=\"wp-block-table\"><table><tbody><tr><td><img decoding=\"async\" src=\"https:\/\/syndicat-snalc.net\/AWURTSJ67\/editedimg_c2001d581d.png\" alt=\"\"><strong>NE MANQUEZ PAS LES AIDES DE LA RENTR\u00c9E 2023<\/strong><br>Certaines aides, notamment de l\u2019action sociale, sont particuli\u00e8rement bienvenues au moment de la rentr\u00e9e scolaire. Elles ne sont pas toutes soumises \u00e0 conditions de revenus. Il ne faut pas h\u00e9siter \u00e0 contacter le service social de la DSDEN ou \u00e0 se renseigner sur le site du rectorat. Le SNALC vous pr\u00e9sente dans cet article les aides auxquelles il faut penser au moment de la rentr\u00e9e scolaire.<br>[<a href=\"https:\/\/snalc.fr\/ne-manquez-pas-les-aides-de-la-rentree\/\" target=\"_blank\" rel=\"noreferrer noopener\">Lire la suite<\/a>]<\/td><\/tr><\/tbody><\/table><\/figure>\n\n\n\n<figure class=\"wp-block-table\"><table><tbody><tr><td><img decoding=\"async\" src=\"https:\/\/syndicat-snalc.net\/AWURTSJ67\/game-recreation-board-game-sports-chess-pawn_cb8d88629e.jpg\" alt=\"\"><strong>DOSSIER SP\u00c9CIAL REMPLA\u00c7ANTS<\/strong>Que l\u2019on devienne rempla\u00e7ant par choix ou que l\u2019on se retrouve rempla\u00e7ant par d\u00e9faut, il convient de savoir \u00e0 quoi s\u2019attendre et ce \u00e0 quoi on a droit. Le SNALC vous expose les principales informations \u00e0 conna\u00eetre.<br>[<a href=\"https:\/\/snalc.fr\/dossier-special-remplacants\/\" target=\"_blank\" rel=\"noreferrer noopener\">Lire la suite<\/a>]<\/td><\/tr><\/tbody><\/table><\/figure>\n\n\n\n<figure class=\"wp-block-table\"><table><tbody><tr><td><img decoding=\"async\" src=\"https:\/\/syndicat-snalc.net\/AWURTSJ67\/Capture_d_ecran_2023-09-19_a_11.13.52_8f3b0078c3.jpg\" alt=\"\"><strong>STAGIAIRES&nbsp;: LES CONDITIONS D&rsquo;AFFECTATION CHANGENT<br><\/strong><br>Alors que le nouveau ministre de l\u2019\u00c9ducation nationale a pris ses fonctions et fait ses premi\u00e8res annonces au c\u0153ur de l\u2019\u00e9t\u00e9, le d\u00e9cret n\u00b02023-636 du 20 juillet 2023 a \u00e9t\u00e9 publi\u00e9, ent\u00e9rinant, bien trop tardivement aux yeux du SNALC, les nouvelles conditions d\u2019affectation des laur\u00e9ats du CRPE.<br>[<a href=\"https:\/\/snalc.fr\/stagiaires-les-conditions-daffectation-changent\/\" target=\"_blank\" rel=\"noreferrer noopener\">Lire la suite<\/a>]<\/td><\/tr><\/tbody><\/table><\/figure>\n\n\n\n<figure class=\"wp-block-table\"><table><tbody><tr><td>Et pendant ce temps\u2026<\/td><\/tr><\/tbody><\/table><\/figure>\n\n\n\n<figure class=\"wp-block-table\"><table><tbody><tr><td><img decoding=\"async\" src=\"https:\/\/syndicat-snalc.net\/AWURTSJ67\/editedimg_18f058d191.png\" alt=\"\"><\/td><\/tr><\/tbody><\/table><\/figure>\n\n\n\n<figure class=\"wp-block-table\"><table><tbody><tr><td><strong>Indemnit\u00e9s GIPA&nbsp;: reconduction en 2023<\/strong><br>La Garantie Individuelle du Pouvoir d\u2019Achat (GIPA) est destin\u00e9e \u00e0 compenser la perte de pouvoir d\u2019achat du fait de l\u2019inflation, et ainsi contrebalancer les absences de revalorisation annuelle du point d\u2019indice de la fonction publique.&nbsp;&nbsp;[<a href=\"https:\/\/snalc.fr\/et-pendant-ce-temps-lettre-septembre-2023\/\" target=\"_blank\" rel=\"noreferrer noopener\">Lire la suite<\/a>]<br><strong>Prime pouvoir d&rsquo;achat<\/strong><br>En dehors des annonces de revalorisation salariale (toutes relatives), un d\u00e9cret portant sur \u00ab&nbsp;la cr\u00e9ation d&rsquo;une prime de pouvoir d&rsquo;achat exceptionnelle&nbsp;\u00bb, toute relative \u00e9galement, a \u00e9t\u00e9 publi\u00e9 le 31 juillet 2023.&nbsp; Pour en b\u00e9n\u00e9ficier, il faut&nbsp;: [<a href=\"https:\/\/snalc.fr\/et-pendant-ce-temps-lettre-septembre-2023\/\" target=\"_blank\" rel=\"noreferrer noopener\">Lire la suite<\/a>]<a href=\"https:\/\/snalc.fr\/le-rendez-vous-de-carriere-serez-vous-eligible-en-2023-2024\/\" target=\"_blank\" rel=\"noreferrer noopener\"><br><\/a><\/td><\/tr><\/tbody><\/table><\/figure>\n\n\n\n<figure class=\"wp-block-table\"><table><tbody><tr><td><\/td><\/tr><\/tbody><\/table><\/figure>\n\n\n\n<figure class=\"wp-block-table\"><table><tbody><tr><td>LES 10 RECOMMANDATIONS DU SNALC POUR \u00caTRE PLUS FORT AU TRAVAIL<\/td><\/tr><\/tbody><\/table><\/figure>\n\n\n\n<figure class=\"wp-block-table\"><table><tbody><tr><td><img decoding=\"async\" src=\"https:\/\/syndicat-snalc.net\/AWURTSJ67\/Capture_d_ecran_2019-11-29_a_16.42.10_588ebd6952.png\" alt=\"\">M\u00eame si \u00ab&nbsp;cela n\u2019arrive qu\u2019aux autres&nbsp;\u00bb, nous vous invitons \u00e0 prendre connaissance des 10 recommandations du SNALC&nbsp;: autant d\u2019erreurs \u00e0 ne pas commettre, de conseils \u00e0 appliquer, de pi\u00e8ges \u00e0 rep\u00e9rer&#8230;<br><strong>[<\/strong><a href=\"https:\/\/snalc.fr\/10-recommandations-pour-etre-plus-fort-au-travail\/\" target=\"_blank\" rel=\"noreferrer noopener\"><strong>Lire la suite<\/strong><\/a><strong>]<\/strong><\/td><\/tr><\/tbody><\/table><\/figure>\n\n\n\n<figure class=\"wp-block-table\"><table><tbody><tr><td><strong>POURQUOI REJOINDRE LE SNALC&nbsp;?<\/strong><\/td><\/tr><\/tbody><\/table><\/figure>\n\n\n\n<figure class=\"wp-block-table\"><table><tbody><tr><td><img decoding=\"async\" src=\"https:\/\/syndicat-snalc.net\/AWURTSJ67\/9e6ddc209f1392fb4e74a82609409d7db2ec8759_ed5df3d865.jpg\" alt=\"\"><strong>AU MOINS 7 BONNES RAISONS<\/strong><br>1-L&rsquo;ind\u00e9pendance du SNALC2-La repr\u00e9sentativit\u00e9 du SNALC3-Au SNALC, pas de langue de bois4-Des ressources \u00e0 votre disposition5-Avantages SNALC&nbsp;: exclusif pour les adh\u00e9rents6-Une vraie assistance juridique avec l&rsquo;adh\u00e9sion7-Le syndicat le moins cher de l&rsquo;\u00c9ducation nationale<br><strong>[<\/strong><a href=\"https:\/\/snalc.fr\/7-bonnes-raisons\/\" target=\"_blank\" rel=\"noreferrer noopener\"><strong>Lire la suite<\/strong><\/a><strong>]<\/strong><\/td><\/tr><\/tbody><\/table><\/figure>\n\n\n\n<figure class=\"wp-block-table\"><table><tbody><tr><td><br>L&rsquo;ADHESION AU SNALC<br>90 \u20ac pour un an<\/td><\/tr><\/tbody><\/table><\/figure>\n\n\n\n<figure class=\"wp-block-table\"><table><tbody><tr><td><strong>Le SNALC est le syndicat le moins cher de l&rsquo;Education nationale<\/strong> (<a href=\"https:\/\/www.snalc.fr\/uploads\/adhesion.pdf\" target=\"_blank\" rel=\"noreferrer noopener\">comparons<\/a>&#8230;). Assistance et protection juridiques p\u00e9nales comprises (agressions, diffamation, harc\u00e8lement&#8230;). Dispositif exclusif d&rsquo;aide \u00e0 la mobilit\u00e9&nbsp;: mobi-SNALC. Tarifs n\u00e9goci\u00e9s aupr\u00e8s de nombreux partenaires&nbsp;: \u00ab\u00a0Avantages-SNALC\u00a0\u00bb. <strong>Le SNALC n&rsquo;a pas augment\u00e9 ses cotisations pour la 13e ann\u00e9e cons\u00e9cutive<\/strong> \u00e9tant donn\u00e9 que nos salaires n&rsquo;\u00e9voluent pas.<strong>Le SNALC est totalement ind\u00e9pendant<\/strong>&nbsp;: les cotisations sont ses seules ressources. Il n&rsquo;a de compte \u00e0 rendre qu&rsquo;\u00e0 ses adh\u00e9rents.<\/td><\/tr><\/tbody><\/table><\/figure>\n\n\n\n<figure class=\"wp-block-table\"><table><tbody><tr><td><img decoding=\"async\" src=\"http:\/\/syndicat-snalc.net\/AWURTSJ67\/editedimg_361b042f34.jpg\" alt=\"\"><a href=\"https:\/\/www.snalc.fr\/adhesion-carte\/\" target=\"_blank\" rel=\"noreferrer noopener\">carte bancaire<\/a><img decoding=\"async\" src=\"http:\/\/syndicat-snalc.net\/AWURTSJ67\/adhesion_prelevements_0703b426ca.JPG\" alt=\"\"><a href=\"https:\/\/www.snalc.fr\/adhesion\/\" target=\"_blank\" rel=\"noreferrer noopener\">pr\u00e9l\u00e8vements mensuels<\/a><img decoding=\"async\" src=\"https:\/\/syndicat-snalc.net\/AWURTSJ67\/editedimg_c6a21d792d.png\" alt=\"\"><a href=\"https:\/\/www.snalc.fr\/adhesion-virement\/\" target=\"_blank\" rel=\"noreferrer noopener\">virement<\/a><img decoding=\"async\" src=\"http:\/\/syndicat-snalc.net\/AWURTSJ67\/adhesion_cheque_699976dc59.JPG\" alt=\"\"><a href=\"https:\/\/www.snalc.fr\/uploads\/bulletin.pdf\" target=\"_blank\" rel=\"noreferrer noopener\">ch\u00e8que<\/a><\/td><\/tr><\/tbody><\/table><\/figure>\n\n\n\n<figure class=\"wp-block-table\"><table><tbody><tr><td><a href=\"https:\/\/snalc.fr\/contact\/\" target=\"_blank\" rel=\"noreferrer noopener\">Toutes nos coordonn\u00e9es<\/a><\/td><\/tr><\/tbody><\/table><\/figure>\n\n\n\n<figure class=\"wp-block-table\"><table><tbody><tr><td>Cr\u00e9dits sur les articles en lien<\/td><\/tr><\/tbody><\/table><\/figure>\n","protected":false},"excerpt":{"rendered":"<p>Lettre d&rsquo;information SNALC&nbsp;&#8211;&nbsp;27 septembre 2023 PROFESSEURS DES \u00c9COLESNous contacter \u00ab&nbsp;CE QUI CHANGE POUR VOS ENFANTS&nbsp;\u00bb Si les choses n\u2019ont pas \u00e9t\u00e9 dites en ces termes dans ce tract de rentr\u00e9e, [&hellip;]<\/p>\n","protected":false},"author":1,"featured_media":0,"comment_status":"closed","ping_status":"closed","sticky":false,"template":"","format":"standard","meta":{"_lmt_disableupdate":"","_lmt_disable":"","site-sidebar-layout":"default","site-content-layout":"","ast-site-content-layout":"default","site-content-style":"default","site-sidebar-style":"default","ast-global-header-display":"","ast-banner-title-visibility":"","ast-main-header-display":"","ast-hfb-above-header-display":"","ast-hfb-below-header-display":"","ast-hfb-mobile-header-display":"","site-post-title":"","ast-breadcrumbs-content":"","ast-featured-img":"","footer-sml-layout":"","ast-disable-related-posts":"","theme-transparent-header-meta":"","adv-header-id-meta":"","stick-header-meta":"","header-above-stick-meta":"","header-main-stick-meta":"","header-below-stick-meta":"","astra-migrate-meta-layouts":"set","ast-page-background-enabled":"default","ast-page-background-meta":{"desktop":{"background-color":"var(--ast-global-color-4)","background-image":"","background-repeat":"repeat","background-position":"center center","background-size":"auto","background-attachment":"scroll","background-type":"","background-media":"","overlay-type":"","overlay-color":"","overlay-opacity":"","overlay-gradient":""},"tablet":{"background-color":"","background-image":"","background-repeat":"repeat","background-position":"center center","background-size":"auto","background-attachment":"scroll","background-type":"","background-media":"","overlay-type":"","overlay-color":"","overlay-opacity":"","overlay-gradient":""},"mobile":{"background-color":"","background-image":"","background-repeat":"repeat","background-position":"center center","background-size":"auto","background-attachment":"scroll","background-type":"","background-media":"","overlay-type":"","overlay-color":"","overlay-opacity":"","overlay-gradient":""}},"ast-content-background-meta":{"desktop":{"background-color":"var(--ast-global-color-5)","background-image":"","background-repeat":"repeat","background-position":"center center","background-size":"auto","background-attachment":"scroll","background-type":"","background-media":"","overlay-type":"","overlay-color":"","overlay-opacity":"","overlay-gradient":""},"tablet":{"background-color":"var(--ast-global-color-5)","background-image":"","background-repeat":"repeat","background-position":"center center","background-size":"auto","background-attachment":"scroll","background-type":"","background-media":"","overlay-type":"","overlay-color":"","overlay-opacity":"","overlay-gradient":""},"mobile":{"background-color":"var(--ast-global-color-5)","background-image":"","background-repeat":"repeat","background-position":"center center","background-size":"auto","background-attachment":"scroll","background-type":"","background-media":"","overlay-type":"","overlay-color":"","overlay-opacity":"","overlay-gradient":""}},"footnotes":""},"categories":[38,23],"tags":[],"class_list":["post-2085","post","type-post","status-publish","format-standard","hentry","category-actualites-2023-2024","category-professeurs-1er-degre"],"modified_by":"slecourtier","_links":{"self":[{"href":"https:\/\/snalc.org\/snalc2023\/index.php?rest_route=\/wp\/v2\/posts\/2085","targetHints":{"allow":["GET"]}}],"collection":[{"href":"https:\/\/snalc.org\/snalc2023\/index.php?rest_route=\/wp\/v2\/posts"}],"about":[{"href":"https:\/\/snalc.org\/snalc2023\/index.php?rest_route=\/wp\/v2\/types\/post"}],"author":[{"embeddable":true,"href":"https:\/\/snalc.org\/snalc2023\/index.php?rest_route=\/wp\/v2\/users\/1"}],"replies":[{"embeddable":true,"href":"https:\/\/snalc.org\/snalc2023\/index.php?rest_route=%2Fwp%2Fv2%2Fcomments&post=2085"}],"version-history":[{"count":1,"href":"https:\/\/snalc.org\/snalc2023\/index.php?rest_route=\/wp\/v2\/posts\/2085\/revisions"}],"predecessor-version":[{"id":2086,"href":"https:\/\/snalc.org\/snalc2023\/index.php?rest_route=\/wp\/v2\/posts\/2085\/revisions\/2086"}],"wp:attachment":[{"href":"https:\/\/snalc.org\/snalc2023\/index.php?rest_route=%2Fwp%2Fv2%2Fmedia&parent=2085"}],"wp:term":[{"taxonomy":"category","embeddable":true,"href":"https:\/\/snalc.org\/snalc2023\/index.php?rest_route=%2Fwp%2Fv2%2Fcategories&post=2085"},{"taxonomy":"post_tag","embeddable":true,"href":"https:\/\/snalc.org\/snalc2023\/index.php?rest_route=%2Fwp%2Fv2%2Ftags&post=2085"}],"curies":[{"name":"wp","href":"https:\/\/api.w.org\/{rel}","templated":true}]}}