{"id":2107,"date":"2023-10-04T20:23:20","date_gmt":"2023-10-04T18:23:20","guid":{"rendered":"https:\/\/snalc.org\/snalc2023\/?p=2107"},"modified":"2023-10-04T20:23:24","modified_gmt":"2023-10-04T18:23:24","slug":"lettre-dinformation-snalc-professeurs-agreges-3-octobre-2023","status":"publish","type":"post","link":"https:\/\/snalc.org\/snalc2023\/?p=2107","title":{"rendered":"Lettre d&rsquo;information SNALC Professeurs agr\u00e9g\u00e9s &#8211; 3 octobre 2023"},"content":{"rendered":"\n<figure class=\"wp-block-table\"><table><tbody><tr><td>Lettre d&rsquo;information SNALC Professeurs agr\u00e9g\u00e9s&nbsp;&#8211; 3 octobre 2023<\/td><\/tr><\/tbody><\/table><\/figure>\n\n\n\n<figure class=\"wp-block-table\"><table><tbody><tr><td><img decoding=\"async\" src=\"https:\/\/syndicat-snalc.net\/AWURTSJ67\/editedimg_69d3980ac7.png\" alt=\"\"><\/td><\/tr><\/tbody><\/table><\/figure>\n\n\n\n<figure class=\"wp-block-table\"><table><tbody><tr><td>Syndicat national des lyc\u00e9es, coll\u00e8ges, \u00e9coles et du sup\u00e9rieur<\/td><\/tr><\/tbody><\/table><\/figure>\n\n\n\n<figure class=\"wp-block-table\"><table><tbody><tr><td><strong>@&nbsp;:&nbsp;<a href=\"https:\/\/snalc.fr\/contact\/\" target=\"_blank\" rel=\"noreferrer noopener\">contact<\/a>&nbsp;&nbsp; &#8211;&nbsp; &nbsp;site&nbsp;: <a href=\"https:\/\/snalc.fr\" target=\"_blank\" rel=\"noreferrer noopener\">snalc.fr<\/a>&nbsp;&nbsp;&nbsp;<\/strong><\/td><\/tr><\/tbody><\/table><\/figure>\n\n\n\n<figure class=\"wp-block-table\"><table><tbody><tr><td>Agr\u00e9g\u00e9s&nbsp;: le SNALC \u00e0 vos c\u00f4t\u00e9s<\/td><\/tr><\/tbody><\/table><\/figure>\n\n\n\n<figure class=\"wp-block-table\"><table><tbody><tr><td>Le <strong>SNALC<\/strong>, syndicat des agr\u00e9g\u00e9s&nbsp;? C\u2019est ce que ses concurrents ont souvent affirm\u00e9 dans l\u2019id\u00e9e de le d\u00e9nigrer, eux qui n\u2019ont eu de cesse de r\u00e9clamer l\u2019alignement des corps enseignants, voire leur effacement dans un corps unique.Le <strong>SNALC<\/strong> syndique et d\u00e9fend l\u2019ensemble des personnels de l\u2019\u00c9ducation nationale. Et, oui, il d\u00e9fend donc les agr\u00e9g\u00e9s, et il en est fier. Il d\u00e9fend leur concours exigeant, il revendique leur expertise, et il r\u00e9clame de fait une augmentation substantielle de leur traitement.<br>Oubli\u00e9s des revalorisations salariales et davantage touch\u00e9s par la perte de pouvoir d\u2019achat et le d\u00e9classement des enseignants, d\u00e9nigr\u00e9s en raison de l\u2019anti-intellectualisme ambiant et attaqu\u00e9s dans leurs savoir-faire, les agr\u00e9g\u00e9s peuvent compter sur le <strong>SNALC<\/strong> pour d\u00e9fendre leur statut aupr\u00e8s du minist\u00e8re. Ils peuvent aussi compter sur le <strong>SNALC<\/strong> pour d\u00e9fendre le concours de l\u2019agr\u00e9gation, qui traduit une exigence disciplinaire plus n\u00e9cessaire que jamais, et reste une cl\u00e9 importante pour \u00e9voluer dans l\u2019\u00c9ducation nationale.<\/td><\/tr><\/tbody><\/table><\/figure>\n\n\n\n<figure class=\"wp-block-table\"><table><tbody><tr><td><strong>Anne MUGNIER,<\/strong>responsable du SNALC charg\u00e9e des professeurs agr\u00e9g\u00e9s<a href=\"mailto:agreges@snalc.fr?subject=Lettre%20agr%C3%A9g%C3%A9s\">Nous contacter<\/a><\/td><\/tr><\/tbody><\/table><\/figure>\n\n\n\n<figure class=\"wp-block-table\"><table><tbody><tr><td><img decoding=\"async\" src=\"https:\/\/syndicat-snalc.net\/AWURTSJ67\/Capture_d_ecran_2023-09-27_a_07.32.13_b707b9d4b5.jpg\" alt=\"\"><strong>R\u00c9MUN\u00c9RATIONS AU 1\/09&nbsp;: LES AGR\u00c9G\u00c9S, TOUJOURS PLUS&nbsp;&nbsp;N\u00c9GLIG\u00c9S<\/strong><br>Apr\u00e8s la hausse de 1,5% du point d\u2019indice le 1\/07\/2023, les professeurs agr\u00e9g\u00e9s pourront constater quelques changements sur leur fiche de paie \u00e0 partir de fin septembre, via la revalorisation de plusieurs indemnit\u00e9s. Pour autant, les 10% d\u2019augmentation promis par le candidat Emmanuel Macron lors de la campagne pr\u00e9sidentielle de 2022 seront-ils effectifs&nbsp;? Malheureusement, le compte n\u2019y est toujours pas, et apr\u00e8s des d\u00e9cennies de d\u00e9gringolade, les r\u00e9mun\u00e9rations des agr\u00e9g\u00e9s sont toujours en berne.<br>[&#8230;<a href=\"https:\/\/snalc.fr\/remunerations-au-1-09-les-agreges-toujours-plus-negliges\/\" target=\"_blank\" rel=\"noreferrer noopener\">Lire la suite<\/a>]<\/td><\/tr><\/tbody><\/table><\/figure>\n\n\n\n<figure class=\"wp-block-table\"><table><tbody><tr><td><img decoding=\"async\" src=\"https:\/\/syndicat-snalc.net\/AWURTSJ67\/Capture_d_ecran_2023-09-27_a_07.39.23_4c59be9563.jpg\" alt=\"\"><strong>RENDEZ-VOUS DE CARRI\u00c8RE DES AGR\u00c9G\u00c9S&nbsp;: CONTESTER SON APPR\u00c9CIATION<\/strong>Les professeurs agr\u00e9g\u00e9s qui ont eu un rendez-vous de carri\u00e8re en 2022-2023 viennent de se voir notifier leur appr\u00e9ciation finale.<br>L\u2019appr\u00e9ciation finale aux 6\u1d49 et 8\u1d49 \u00e9chelons sera prise en compte pour le passage \u00e0 l\u2019\u00e9chelon sup\u00e9rieur au titre de l\u2019ann\u00e9e 2023-2024. L\u2019appr\u00e9ciation finale au 9\u1d49 \u00e9chelon sera utilis\u00e9e pour les op\u00e9rations de promotion de grade \u00e0 la hors classe au titre de l\u2019ann\u00e9e&nbsp; scolaire 2023-2024, \u00e0 la date d\u2019effet du 1\/09\/2024.En cas de d\u00e9saccord, les agents disposent d\u2019un d\u00e9lai de 30 jours francs pour former un recours gracieux (appel\u00e9 aussi recours pr\u00e9alable) aupr\u00e8s du ministre, qu\u2019ils peuvent doubler d\u2019une saisine de la CAPA si ce premier recours n\u2019aboutit pas.<br>[&#8230;<a href=\"https:\/\/snalc.fr\/rv-carriere-agreges-contester-son-appreciation\/\" target=\"_blank\" rel=\"noreferrer noopener\">Lire la suite<\/a>]<\/td><\/tr><\/tbody><\/table><\/figure>\n\n\n\n<figure class=\"wp-block-table\"><table><tbody><tr><td><img decoding=\"async\" src=\"https:\/\/syndicat-snalc.net\/AWURTSJ67\/Capture_d_ecran_2023-09-27_a_07.46.54_c8ee28c939.jpg\" alt=\"\"><strong>STAGIAIRES&nbsp;: VOTRE RECLASSEMENT DANS LE CORPS DES AGR\u00c9G\u00c9S<\/strong>Les professeurs stagiaires constituent actuellement leur dossier de reclassement afin que les services qu\u2019ils ont \u00e9ventuellement effectu\u00e9s ant\u00e9rieurement \u00e0 leur ann\u00e9e de stage puissent \u00eatre pris en compte dans le calcul de leur anciennet\u00e9 de service. Voici un aper\u00e7u du fonctionnement de ce reclassement, dont les modalit\u00e9s sont largement remani\u00e9es pour cette rentr\u00e9e.<br>[&#8230;<a href=\"https:\/\/snalc.fr\/stagiaires-votre-reclassement-dans-le-corps-des-agreges\/\" target=\"_blank\" rel=\"noreferrer noopener\">Lire la suite<\/a>]<\/td><\/tr><\/tbody><\/table><\/figure>\n\n\n\n<figure class=\"wp-block-table\"><table><tbody><tr><td><img decoding=\"async\" src=\"https:\/\/syndicat-snalc.net\/AWURTSJ67\/Capture_d_ecran_2023-09-25_a_19.13.40_6a8d8a167b.jpg\" alt=\"\"><strong>ATTRACTIVIT\u00c9 DU M\u00c9TIER D\u2019ENSEIGNANT&nbsp;: AUDIENCE DU 19\/09\/2023<\/strong>Le SNALC a \u00e9t\u00e9 re\u00e7u par le minist\u00e8re (avec pr\u00e9sence du ministre) suite \u00e0 la r\u00e9union du 13 septembre.Le SNALC a pr\u00e9sent\u00e9 ses priorit\u00e9s et ses propositions sur la question de l\u2019attractivit\u00e9, et donn\u00e9 ses positions sur certains sujets compl\u00e9mentaires propos\u00e9s par le minist\u00e8re.Les grands points abord\u00e9s ont \u00e9t\u00e9 la r\u00e9mun\u00e9ration, la carri\u00e8re, les mutations, le recrutement, la formation, les conditions de travail.<br>[&#8230;<a href=\"https:\/\/snalc.fr\/attractivite-du-metier-denseignant-audience-du-19-septembre-2023\/\" target=\"_blank\" rel=\"noreferrer noopener\">Lire la suite<\/a>]<\/td><\/tr><\/tbody><\/table><\/figure>\n\n\n\n<figure class=\"wp-block-table\"><table><tbody><tr><td><img decoding=\"async\" src=\"https:\/\/syndicat-snalc.net\/AWURTSJ67\/Capture_d_ecran_2023-09-25_a_19.17.53_bfc63c4c20.jpg\" alt=\"\"><strong>RENTR\u00c9E SCOLAIRE&nbsp;: DES MESURES ATTENDUES<\/strong>Le SNALC a pris connaissance des annonces faites en plusieurs temps par le ministre de l\u2019\u00c9ducation nationale. Pour le SNALC, l\u2019annonce la plus importante est celle du report en juin des \u00e9preuves de sp\u00e9cialit\u00e9. Nous le demandions depuis le d\u00e9but et les r\u00e9sultats de notre enqu\u00eate men\u00e9e aupr\u00e8s de plus de 4000 professeurs de lyc\u00e9e \u00e9taient inattaquables.<br>[&#8230;<a href=\"https:\/\/snalc.fr\/rentree-scolaire-des-mesures-attendues\/\" target=\"_blank\" rel=\"noreferrer noopener\">Lire la suite<\/a>]<\/td><\/tr><\/tbody><\/table><\/figure>\n\n\n\n<figure class=\"wp-block-table\"><table><tbody><tr><td><img decoding=\"async\" src=\"https:\/\/syndicat-snalc.net\/AWURTSJ67\/examen_istock_JohnnyGreig-827810826_29e187c1af.jpg\" alt=\"\"><strong>CALENDRIER DU BACCAUR\u00c9AT&nbsp;: COMPTE RENDU DU SNALC<\/strong>Le SNALC a particip\u00e9 \u00e0 une consultation sur le calendrier du baccalaur\u00e9at 2024 et sur les changements apport\u00e9s aux \u00e9preuves anticip\u00e9es de Fran\u00e7ais (EAF) et \u00e0 l\u2019\u00e9preuve du Grand Oral.<br>[&#8230;<a href=\"https:\/\/snalc.fr\/calendrier-du-baccalaureat-compte-rendu-du-snalc\/\" target=\"_blank\" rel=\"noreferrer noopener\">Lire la suite<\/a>]<\/td><\/tr><\/tbody><\/table><\/figure>\n\n\n\n<figure class=\"wp-block-table\"><table><tbody><tr><td><img decoding=\"async\" src=\"https:\/\/syndicat-snalc.net\/AWURTSJ67\/Capture_d_ecran_2023-09-27_a_07.55.37_a3fdd54cc0.jpg\" alt=\"\"><strong>ENJEU ET URGENCE D\u2019UN RESSAISISSEMENT LA\u00cfQUE<\/strong>L\u2019urgence d\u2019un ressaisissement la\u00efque \u00e0 l\u2019\u00c9cole est d\u2019une \u00e9vidence criante. Une r\u00e9cente note des services de l\u2019\u00c9tat r\u00e9v\u00e8le que les atteintes \u00e0 la la\u00efcit\u00e9 ont plus que doubl\u00e9 en 2022-2023 par rapport \u00e0 l\u2019ann\u00e9e pr\u00e9c\u00e9dente. Sur les 4710 atteintes recens\u00e9es, pr\u00e8s de la moiti\u00e9 d\u2019entre elles concernent le port de tenues manifestant une appartenance religieuse. Les abayas constituent la grande majorit\u00e9 des infractions au principe de la\u00efcit\u00e9.<br>[&#8230;<a href=\"https:\/\/snalc.fr\/enjeu-et-urgence-dun-ressaisissement-laique\/\" target=\"_blank\" rel=\"noreferrer noopener\">Lire la suite<\/a>]<\/td><\/tr><\/tbody><\/table><\/figure>\n\n\n\n<figure class=\"wp-block-table\"><table><tbody><tr><td><strong>LES 10 RECOMMANDATIONS DU SNALC <\/strong><strong>POUR \u00caTRE PLUS FORT AU TRAVAIL<\/strong><\/td><\/tr><\/tbody><\/table><\/figure>\n\n\n\n<figure class=\"wp-block-table\"><table><tbody><tr><td><img decoding=\"async\" src=\"https:\/\/syndicat-snalc.net\/AWURTSJ67\/Capture_d_ecran_2019-11-29_a_16.42.10_588ebd6952.png\" alt=\"\">M\u00eame si \u00abcela n\u2019arrive qu\u2019aux autres&nbsp;\u00bb, nous vous invitons \u00e0 prendre connaissance des 10 recommandations du SNALC&nbsp;: autant d\u2019erreurs \u00e0 ne pas commettre, de conseils \u00e0 appliquer, de pi\u00e8ges \u00e0 rep\u00e9rer&#8230;<br>[&#8230;<a href=\"https:\/\/snalc.fr\/10-recommandations-pour-etre-plus-fort-au-travail\/\" target=\"_blank\" rel=\"noreferrer noopener\">en savoir plus<\/a>]<\/td><\/tr><\/tbody><\/table><\/figure>\n\n\n\n<figure class=\"wp-block-table\"><table><tbody><tr><td><\/td><\/tr><\/tbody><\/table><\/figure>\n\n\n\n<figure class=\"wp-block-table\"><table><tbody><tr><td>L\u2019ADH\u00c9SION AU SNALC<\/td><\/tr><\/tbody><\/table><\/figure>\n\n\n\n<figure class=\"wp-block-table\"><table><tbody><tr><td><strong>LE SNALC EST LE SYNDICAT REPR\u00c9SENTATIF<\/strong><strong>LE MOINS CHER DE L\u2019\u00c9DUCATION NATIONALE<\/strong><strong>Nos salaires sont trop bas. Le point d\u2019indice est gel\u00e9.<\/strong><strong>Logiquement, le SNALC n\u2019augmente pas ses tarifs pour la 13\u00e8me ann\u00e9e cons\u00e9cutive.<\/strong><strong>Et mieux encore&nbsp;: le SNALC baisse ses tarifs dans la plupart des cat\u00e9gories&nbsp;!<\/strong><a href=\"https:\/\/snalc.fr\/wp-content\/uploads\/tarifs.pdf\" target=\"_blank\" rel=\"noreferrer noopener\">Consulter les tarifs et r\u00e9ductions<\/a><br><strong>CHOISISSEZ LIBREMENT VOTRE MOYEN DE PAIEMENT, RAPIDE ET S\u00c9CURIS\u00c9<\/strong><\/td><\/tr><\/tbody><\/table><\/figure>\n\n\n\n<figure class=\"wp-block-table\"><table><tbody><tr><td><img decoding=\"async\" src=\"http:\/\/syndicat-snalc.net\/AWURTSJ67\/editedimg_361b042f34.jpg\" alt=\"\"><a href=\"https:\/\/snalc.fr\/adhesion-carte\/\" target=\"_blank\" rel=\"noreferrer noopener\">carte bancaire<\/a><img decoding=\"async\" src=\"http:\/\/syndicat-snalc.net\/AWURTSJ67\/adhesion_prelevements_0703b426ca.JPG\" alt=\"\"><a href=\"https:\/\/snalc.fr\/adhesion\/\" target=\"_blank\" rel=\"noreferrer noopener\">pr\u00e9l\u00e8vements mensuels<\/a><img decoding=\"async\" src=\"https:\/\/syndicat-snalc.net\/AWURTSJ67\/editedimg_c6a21d792d.png\" alt=\"\"><a href=\"https:\/\/snalc.fr\/adhesion-virement\/\" target=\"_blank\" rel=\"noreferrer noopener\">virement<\/a><img decoding=\"async\" src=\"http:\/\/syndicat-snalc.net\/AWURTSJ67\/adhesion_cheque_699976dc59.JPG\" alt=\"\"><a href=\"https:\/\/snalc.fr\/adhesion-cheque\/\" target=\"_blank\" rel=\"noreferrer noopener\">ch\u00e8que<\/a><\/td><\/tr><\/tbody><\/table><\/figure>\n\n\n\n<figure class=\"wp-block-table\"><table><tbody><tr><td><strong>L&rsquo;adh\u00e9sion comprend<\/strong>&nbsp;: l&rsquo;assistance et la protection juridiques p\u00e9nales aupr\u00e8s de la GMF (agressions, diffamation&#8230;) ;&nbsp;le dispositif exclusif d&rsquo;accompagnement et d&rsquo;aide \u00e0 la mobilit\u00e9&nbsp;: <a href=\"https:\/\/snalc.fr\/mobi-snalc-presentation-et-acces\/\" target=\"_blank\" rel=\"noreferrer noopener\">mobi-SNALC<\/a>&nbsp;; et des tarifs n\u00e9goci\u00e9s aupr\u00e8s de nombreux partenaires&nbsp;: <a href=\"https:\/\/snalc.fr\/avantages-snalc\/\" target=\"_blank\" rel=\"noreferrer noopener\">avantages-SNALC<\/a>.<\/td><\/tr><\/tbody><\/table><\/figure>\n\n\n\n<figure class=\"wp-block-table\"><table><tbody><tr><td><a href=\"https:\/\/snalc.fr\/contact\" target=\"_blank\" rel=\"noreferrer noopener\">nos coordonn\u00e9es<\/a><\/td><\/tr><\/tbody><\/table><\/figure>\n\n\n\n<figure class=\"wp-block-table\"><table><tbody><tr><td><a href=\"https:\/\/www.facebook.com\/SNALCNational\/\" target=\"_blank\" rel=\"noreferrer noopener\"><\/a><a href=\"https:\/\/twitter.com\/snalc_national\" target=\"_blank\" rel=\"noreferrer noopener\"><\/a><a href=\"mailto:info@snalc.fr\"><\/a><a href=\"https:\/\/snalc.fr\/\" target=\"_blank\" rel=\"noreferrer noopener\"><\/a><\/td><\/tr><\/tbody><\/table><\/figure>\n\n\n\n<figure class=\"wp-block-table\"><table><tbody><tr><td><\/td><\/tr><\/tbody><\/table><\/figure>\n\n\n\n<figure class=\"wp-block-table\"><table><tbody><tr><td>cr\u00e9dits&nbsp;: sur las articles en lien<\/td><\/tr><\/tbody><\/table><\/figure>\n","protected":false},"excerpt":{"rendered":"<p>Lettre d&rsquo;information SNALC Professeurs agr\u00e9g\u00e9s&nbsp;&#8211; 3 octobre 2023 Syndicat national des lyc\u00e9es, coll\u00e8ges, \u00e9coles et du sup\u00e9rieur @&nbsp;:&nbsp;contact&nbsp;&nbsp; &#8211;&nbsp; &nbsp;site&nbsp;: snalc.fr&nbsp;&nbsp;&nbsp; Agr\u00e9g\u00e9s&nbsp;: le SNALC \u00e0 vos c\u00f4t\u00e9s Le SNALC, syndicat [&hellip;]<\/p>\n","protected":false},"author":1,"featured_media":0,"comment_status":"closed","ping_status":"closed","sticky":false,"template":"","format":"standard","meta":{"_lmt_disableupdate":"","_lmt_disable":"","site-sidebar-layout":"default","site-content-layout":"","ast-site-content-layout":"default","site-content-style":"default","site-sidebar-style":"default","ast-global-header-display":"","ast-banner-title-visibility":"","ast-main-header-display":"","ast-hfb-above-header-display":"","ast-hfb-below-header-display":"","ast-hfb-mobile-header-display":"","site-post-title":"","ast-breadcrumbs-content":"","ast-featured-img":"","footer-sml-layout":"","ast-disable-related-posts":"","theme-transparent-header-meta":"","adv-header-id-meta":"","stick-header-meta":"","header-above-stick-meta":"","header-main-stick-meta":"","header-below-stick-meta":"","astra-migrate-meta-layouts":"set","ast-page-background-enabled":"default","ast-page-background-meta":{"desktop":{"background-color":"var(--ast-global-color-4)","background-image":"","background-repeat":"repeat","background-position":"center center","background-size":"auto","background-attachment":"scroll","background-type":"","background-media":"","overlay-type":"","overlay-color":"","overlay-opacity":"","overlay-gradient":""},"tablet":{"background-color":"","background-image":"","background-repeat":"repeat","background-position":"center center","background-size":"auto","background-attachment":"scroll","background-type":"","background-media":"","overlay-type":"","overlay-color":"","overlay-opacity":"","overlay-gradient":""},"mobile":{"background-color":"","background-image":"","background-repeat":"repeat","background-position":"center center","background-size":"auto","background-attachment":"scroll","background-type":"","background-media":"","overlay-type":"","overlay-color":"","overlay-opacity":"","overlay-gradient":""}},"ast-content-background-meta":{"desktop":{"background-color":"var(--ast-global-color-5)","background-image":"","background-repeat":"repeat","background-position":"center center","background-size":"auto","background-attachment":"scroll","background-type":"","background-media":"","overlay-type":"","overlay-color":"","overlay-opacity":"","overlay-gradient":""},"tablet":{"background-color":"var(--ast-global-color-5)","background-image":"","background-repeat":"repeat","background-position":"center center","background-size":"auto","background-attachment":"scroll","background-type":"","background-media":"","overlay-type":"","overlay-color":"","overlay-opacity":"","overlay-gradient":""},"mobile":{"background-color":"var(--ast-global-color-5)","background-image":"","background-repeat":"repeat","background-position":"center center","background-size":"auto","background-attachment":"scroll","background-type":"","background-media":"","overlay-type":"","overlay-color":"","overlay-opacity":"","overlay-gradient":""}},"footnotes":""},"categories":[38],"tags":[],"class_list":["post-2107","post","type-post","status-publish","format-standard","hentry","category-actualites-2023-2024"],"modified_by":"slecourtier","_links":{"self":[{"href":"https:\/\/snalc.org\/snalc2023\/index.php?rest_route=\/wp\/v2\/posts\/2107","targetHints":{"allow":["GET"]}}],"collection":[{"href":"https:\/\/snalc.org\/snalc2023\/index.php?rest_route=\/wp\/v2\/posts"}],"about":[{"href":"https:\/\/snalc.org\/snalc2023\/index.php?rest_route=\/wp\/v2\/types\/post"}],"author":[{"embeddable":true,"href":"https:\/\/snalc.org\/snalc2023\/index.php?rest_route=\/wp\/v2\/users\/1"}],"replies":[{"embeddable":true,"href":"https:\/\/snalc.org\/snalc2023\/index.php?rest_route=%2Fwp%2Fv2%2Fcomments&post=2107"}],"version-history":[{"count":1,"href":"https:\/\/snalc.org\/snalc2023\/index.php?rest_route=\/wp\/v2\/posts\/2107\/revisions"}],"predecessor-version":[{"id":2108,"href":"https:\/\/snalc.org\/snalc2023\/index.php?rest_route=\/wp\/v2\/posts\/2107\/revisions\/2108"}],"wp:attachment":[{"href":"https:\/\/snalc.org\/snalc2023\/index.php?rest_route=%2Fwp%2Fv2%2Fmedia&parent=2107"}],"wp:term":[{"taxonomy":"category","embeddable":true,"href":"https:\/\/snalc.org\/snalc2023\/index.php?rest_route=%2Fwp%2Fv2%2Fcategories&post=2107"},{"taxonomy":"post_tag","embeddable":true,"href":"https:\/\/snalc.org\/snalc2023\/index.php?rest_route=%2Fwp%2Fv2%2Ftags&post=2107"}],"curies":[{"name":"wp","href":"https:\/\/api.w.org\/{rel}","templated":true}]}}