{"id":2109,"date":"2023-10-04T21:14:08","date_gmt":"2023-10-04T19:14:08","guid":{"rendered":"https:\/\/snalc.org\/snalc2023\/?p=2109"},"modified":"2023-10-04T21:14:11","modified_gmt":"2023-10-04T19:14:11","slug":"evolution-du-metier-de-conseiller-en-formation-continue-lettre-au-ministre","status":"publish","type":"post","link":"https:\/\/snalc.org\/snalc2023\/?p=2109","title":{"rendered":"\u00c9volution du m\u00e9tier de conseiller en formation continue\u00a0: lettre au ministre"},"content":{"rendered":"\n<ul class=\"wp-block-list\">\n<li><a href=\"https:\/\/snalc.fr\/category\/actualites\/\"><\/a><\/li>\n<\/ul>\n\n\n\n<figure class=\"wp-block-image\"><img decoding=\"async\" src=\"https:\/\/snalc.fr\/wp-content\/uploads\/courrier_AdobeStock_505912269.jpg\" alt=\"\"\/><figcaption class=\"wp-element-caption\">\u00a9 AdobeStock_505912269<\/figcaption><\/figure>\n\n\n\n<figure class=\"wp-block-image\"><img decoding=\"async\" src=\"https:\/\/snalc.fr\/wp-content\/uploads\/bandeau_IS_cfc-1024x176.jpg\" alt=\"\"\/><\/figure>\n\n\n\n<p>Madame, Monsieur,<\/p>\n\n\n\n<p>Le 8 juin dernier, vous avez re\u00e7u les membres du Bureau de l\u2019ANACFOC Nationale au sujet de l\u2019\u00e9volution de la fonction de Conseiller en Formation Continue vers celle de Conseiller en Formation Professionnelle.<\/p>\n\n\n\n<p>Nous avions alors convenu que, suite au d\u00e9ploiement, anticip\u00e9 d\u00e9but 2023, du nouveau<br>r\u00e9f\u00e9rentiel des Conseillers en Formation Professionnelle, il \u00e9tait n\u00e9cessaire d\u2019adosser tr\u00e8s vite :<\/p>\n\n\n\n<ul class=\"wp-block-list\">\n<li><strong>un r\u00e9f\u00e9rentiel complet<\/strong> de formation et de validation de l\u2019ann\u00e9e probatoire, pour s\u00e9curiser les emplois des n\u00e9o-CFP entrant dans les acad\u00e9mies,<\/li>\n\n\n\n<li>mais aussi, <strong>les textes RH<\/strong> ad hoc afin d\u2019apporter un cadrage national et guider la mise en place de ce nouveau m\u00e9tier sur l\u2019ensemble du territoire.<\/li>\n<\/ul>\n\n\n\n<p>Nous avions bien retenu notre accord r\u00e9ciproque d\u2019y travailler conjointement avec l\u2019appui des organisations syndicales Snes FSU, Sgen CFDT, SNALC, SE-Unsa et CGT Education.<\/p>\n\n\n\n<p>En cette rentr\u00e9e, suite au courrier de la Dgesco, les Acad\u00e9mies d\u00e9cident (ou pas) de d\u00e9ployer le r\u00e9f\u00e9rentiel m\u00e9tier de CFP, qui est pourtant toujours \u00e0 l\u2019\u00e9tat de document de travail. Sans aucun texte et sans aucune base l\u00e9gale, ces derni\u00e8res organisent diff\u00e9remment les formations, la validation et la contractualisation des CFP stagiaires avec le risque d\u2019une iniquit\u00e9 de traitement.<\/p>\n\n\n\n<p>Il nous appara\u00eet donc important et urgent que vous puissiez nous pr\u00e9senter les \u00e9l\u00e9ments sur le r\u00e9f\u00e9rentiel de formation qui ont \u00e9t\u00e9 communiqu\u00e9s aux acad\u00e9mies et que l\u2019on puisse \u00e9changer sur la d\u00e9finition des degr\u00e9s de ma\u00eetrise qui nous semblent infl\u00e9chir la posture vers une fonction commerciale.<\/p>\n\n\n\n<p>Nous voulons aussi confirmer les \u00e9l\u00e9ments de gestion qui seront importants de pr\u00e9ciser dans les textes \u00e0 venir.<\/p>\n\n\n\n<p>Pour votre bonne information, notre assembl\u00e9e g\u00e9n\u00e9rale nationale se d\u00e9roule les 9 et 10 novembre prochains et nous savons l\u2019ensemble de nos adh\u00e9rents en forte attente de l\u2019avanc\u00e9e des travaux ci-dessus \u00e9voqu\u00e9s et depuis si longtemps promis.<\/p>\n\n\n\n<p>L\u2019intersyndicale et le Bureau de l\u2019ANACFOC national vous remercient de prendre en consid\u00e9ration la demande jointe et nous attendons vos propositions de dates.<\/p>\n\n\n\n<p>Nous vous prions d\u2019agr\u00e9er, Madame, Monsieur, nos respectueuses et sinc\u00e8res salutations.<\/p>\n\n\n\n<p><a href=\"https:\/\/snalc.fr\/wp-content\/uploads\/CFC_courrier_IS_anacfoc_20231003.pdf\">T\u00e9l\u00e9charger<\/a><\/p>\n","protected":false},"excerpt":{"rendered":"<p>Madame, Monsieur, Le 8 juin dernier, vous avez re\u00e7u les membres du Bureau de l\u2019ANACFOC Nationale au sujet de l\u2019\u00e9volution de la fonction de Conseiller en Formation Continue vers celle [&hellip;]<\/p>\n","protected":false},"author":1,"featured_media":0,"comment_status":"closed","ping_status":"closed","sticky":false,"template":"","format":"standard","meta":{"_lmt_disableupdate":"","_lmt_disable":"","site-sidebar-layout":"default","site-content-layout":"","ast-site-content-layout":"default","site-content-style":"default","site-sidebar-style":"default","ast-global-header-display":"","ast-banner-title-visibility":"","ast-main-header-display":"","ast-hfb-above-header-display":"","ast-hfb-below-header-display":"","ast-hfb-mobile-header-display":"","site-post-title":"","ast-breadcrumbs-content":"","ast-featured-img":"","footer-sml-layout":"","ast-disable-related-posts":"","theme-transparent-header-meta":"","adv-header-id-meta":"","stick-header-meta":"","header-above-stick-meta":"","header-main-stick-meta":"","header-below-stick-meta":"","astra-migrate-meta-layouts":"set","ast-page-background-enabled":"default","ast-page-background-meta":{"desktop":{"background-color":"var(--ast-global-color-4)","background-image":"","background-repeat":"repeat","background-position":"center center","background-size":"auto","background-attachment":"scroll","background-type":"","background-media":"","overlay-type":"","overlay-color":"","overlay-opacity":"","overlay-gradient":""},"tablet":{"background-color":"","background-image":"","background-repeat":"repeat","background-position":"center center","background-size":"auto","background-attachment":"scroll","background-type":"","background-media":"","overlay-type":"","overlay-color":"","overlay-opacity":"","overlay-gradient":""},"mobile":{"background-color":"","background-image":"","background-repeat":"repeat","background-position":"center center","background-size":"auto","background-attachment":"scroll","background-type":"","background-media":"","overlay-type":"","overlay-color":"","overlay-opacity":"","overlay-gradient":""}},"ast-content-background-meta":{"desktop":{"background-color":"var(--ast-global-color-5)","background-image":"","background-repeat":"repeat","background-position":"center center","background-size":"auto","background-attachment":"scroll","background-type":"","background-media":"","overlay-type":"","overlay-color":"","overlay-opacity":"","overlay-gradient":""},"tablet":{"background-color":"var(--ast-global-color-5)","background-image":"","background-repeat":"repeat","background-position":"center center","background-size":"auto","background-attachment":"scroll","background-type":"","background-media":"","overlay-type":"","overlay-color":"","overlay-opacity":"","overlay-gradient":""},"mobile":{"background-color":"var(--ast-global-color-5)","background-image":"","background-repeat":"repeat","background-position":"center center","background-size":"auto","background-attachment":"scroll","background-type":"","background-media":"","overlay-type":"","overlay-color":"","overlay-opacity":"","overlay-gradient":""}},"footnotes":""},"categories":[38],"tags":[],"class_list":["post-2109","post","type-post","status-publish","format-standard","hentry","category-actualites-2023-2024"],"modified_by":"slecourtier","_links":{"self":[{"href":"https:\/\/snalc.org\/snalc2023\/index.php?rest_route=\/wp\/v2\/posts\/2109","targetHints":{"allow":["GET"]}}],"collection":[{"href":"https:\/\/snalc.org\/snalc2023\/index.php?rest_route=\/wp\/v2\/posts"}],"about":[{"href":"https:\/\/snalc.org\/snalc2023\/index.php?rest_route=\/wp\/v2\/types\/post"}],"author":[{"embeddable":true,"href":"https:\/\/snalc.org\/snalc2023\/index.php?rest_route=\/wp\/v2\/users\/1"}],"replies":[{"embeddable":true,"href":"https:\/\/snalc.org\/snalc2023\/index.php?rest_route=%2Fwp%2Fv2%2Fcomments&post=2109"}],"version-history":[{"count":1,"href":"https:\/\/snalc.org\/snalc2023\/index.php?rest_route=\/wp\/v2\/posts\/2109\/revisions"}],"predecessor-version":[{"id":2110,"href":"https:\/\/snalc.org\/snalc2023\/index.php?rest_route=\/wp\/v2\/posts\/2109\/revisions\/2110"}],"wp:attachment":[{"href":"https:\/\/snalc.org\/snalc2023\/index.php?rest_route=%2Fwp%2Fv2%2Fmedia&parent=2109"}],"wp:term":[{"taxonomy":"category","embeddable":true,"href":"https:\/\/snalc.org\/snalc2023\/index.php?rest_route=%2Fwp%2Fv2%2Fcategories&post=2109"},{"taxonomy":"post_tag","embeddable":true,"href":"https:\/\/snalc.org\/snalc2023\/index.php?rest_route=%2Fwp%2Fv2%2Ftags&post=2109"}],"curies":[{"name":"wp","href":"https:\/\/api.w.org\/{rel}","templated":true}]}}