{"id":2125,"date":"2023-10-06T21:05:40","date_gmt":"2023-10-06T19:05:40","guid":{"rendered":"https:\/\/snalc.org\/snalc2023\/?p=2125"},"modified":"2023-10-06T21:05:43","modified_gmt":"2023-10-06T19:05:43","slug":"lettre-dinformation-snalc-6-octobre-2023-personnels-administratifs-personnels-de-sante-et-sociaux","status":"publish","type":"post","link":"https:\/\/snalc.org\/snalc2023\/?p=2125","title":{"rendered":"Lettre d&rsquo;information SNALC &#8211; 6 octobre 2023 &#8211; Personnels administratifs Personnels de sant\u00e9 et sociaux"},"content":{"rendered":"\n<p>Personnels administratifs<\/p>\n\n\n\n<p>Personnels de sant\u00e9 et sociaux<\/p>\n\n\n\n<figure class=\"wp-block-table\"><table><tbody><tr><td><strong>Lettre d&rsquo;information SNALC&nbsp;&#8211;&nbsp;&nbsp;6 octobre 2023<\/strong><br>Personnels administratifsPersonnels de sant\u00e9 et sociaux<\/td><\/tr><\/tbody><\/table><\/figure>\n\n\n\n<figure class=\"wp-block-table\"><table><tbody><tr><td><img decoding=\"async\" src=\"https:\/\/syndicat-snalc.net\/AWURTSJ67\/editedimg_69d3980ac7.png\" alt=\"\"><\/td><\/tr><\/tbody><\/table><\/figure>\n\n\n\n<figure class=\"wp-block-table\"><table><tbody><tr><td>Syndicat national des lyc\u00e9es, coll\u00e8ges, \u00e9coles et du sup\u00e9rieur<\/td><\/tr><\/tbody><\/table><\/figure>\n\n\n\n<figure class=\"wp-block-table\"><table><tbody><tr><td>UN BIEN MAIGRE BILAN<\/td><\/tr><\/tbody><\/table><\/figure>\n\n\n\n<figure class=\"wp-block-table\"><table><tbody><tr><td><img decoding=\"async\" src=\"https:\/\/snalc.fr\/wp-content\/uploads\/argent_istock_clu-170041908.jpg\" alt=\"\"><\/td><\/tr><\/tbody><\/table><\/figure>\n\n\n\n<figure class=\"wp-block-table\"><table><tbody><tr><td>Depuis la fin de l\u2019ann\u00e9e scolaire pr\u00e9c\u00e9dente une tr\u00e8s grande activit\u00e9 a \u00e9t\u00e9 d\u00e9ploy\u00e9e, de nombreux textes ont \u00e9t\u00e9 produits, un grand nombre de r\u00e9unions se sont tenues au minist\u00e8re, pour un bien maigre bilan au profit des personnels administratifs, de sant\u00e9 et sociaux &nbsp;:des grilles de traitements retouch\u00e9es a minima pour les personnels de cat\u00e9gorie C et B, qui \u00e9tant donn\u00e9 l\u2019inflation persistante ne tarderont pas \u00e0 devenir obsol\u00e8tes, une bien modique revalorisation d\u2019IFSE r\u00e9serv\u00e9e aux seuls ADJAENES, rien du tout pour les SAENES et AAE ;une prime exceptionnelle de pouvoir d\u2019achat excluant une partie des personnels, ceux-l\u00e0 m\u00eames qui n\u2019ont pas b\u00e9n\u00e9fici\u00e9 de l\u2019augmentation de l\u2019IFSE\u2026Du c\u00f4t\u00e9 des personnels de sant\u00e9 et sociaux, rien de nouveau. Nos INFENES n\u2019ont toujours pas vu la couleur du C.T.I. et nos ASSAE, bien qu\u2019appartenant \u00e0 la cat\u00e9gorie A, ont une grille de traitement bien \u00e9loign\u00e9e de ce qu\u2019elle devrait \u00eatre.<br>Le seul motif de satisfaction se trouve \u00eatre \u00e0 nos yeux la conclusion d\u2019un accord cadre majoritaire (cosign\u00e9 par le SNALC et les autres OS repr\u00e9sentatives) qui ouvre la possibilit\u00e9 de t\u00e9l\u00e9travailler pour les personnels administratifs, de sant\u00e9 et sociaux affect\u00e9s en EPLE. Nous sommes en attente de sa d\u00e9clinaison concr\u00e8te dans les acad\u00e9mies.<br>Il est grand temps que le minist\u00e8re prenne la mesure des efforts fournis par l\u2019ensemble de nos personnels qui travaillent dans des conditions de plus en plus difficiles, assumant des t\u00e2ches toujours plus complexes. Ce sont eux qui, avec leur sens du devoir et leur conscience professionnelle, permettent au syst\u00e8me de ne pas craquer.<br>Le SNALC leur souhaite malgr\u00e9 tout la meilleure ann\u00e9e scolaire possible, et les assure de son soutien ind\u00e9fectible.<\/td><\/tr><\/tbody><\/table><\/figure>\n\n\n\n<figure class=\"wp-block-table\"><table><tbody><tr><td><strong>Lucien BARBOLOSI<\/strong>Secr\u00e9taire national du SNALC charg\u00e9 des personnels BIATSS<\/td><\/tr><\/tbody><\/table><\/figure>\n\n\n\n<figure class=\"wp-block-table\"><table><tbody><tr><td><a href=\"https:\/\/oxiforms.com\/?8CrEa\">Contacter le secteur SNALC BIATSS<\/a><\/td><\/tr><\/tbody><\/table><\/figure>\n\n\n\n<figure class=\"wp-block-table\"><table><tbody><tr><td><\/td><\/tr><\/tbody><\/table><\/figure>\n\n\n\n<figure class=\"wp-block-table\"><table><tbody><tr><td><img decoding=\"async\" src=\"https:\/\/snalc.fr\/wp-content\/uploads\/argent_istock_NatalyHanin-1481539121.jpg\" alt=\"\"><strong>Prime de pouvoir d\u2019achat exceptionnelle<\/strong>Annonc\u00e9e le 12 juin dernier par le minist\u00e8re de la fonction publique, cette prime devrait concerner une tr\u00e8s grande partie des personnels BIATSS, surtout les ADJAENES et SAENES, ATRF et TRF, BIBAS et magasiniers de biblioth\u00e8ques \u00e9tant donn\u00e9 la modicit\u00e9 de leurs traitements.<strong>[<a href=\"https:\/\/snalc.fr\/prime-de-pouvoir-dachat-exceptionnelle-pour-les-personnels-biatss\/\">Lire l&rsquo;article<\/a>]<\/strong><\/td><\/tr><\/tbody><\/table><\/figure>\n\n\n\n<figure class=\"wp-block-table\"><table><tbody><tr><td><img decoding=\"async\" src=\"https:\/\/syndicat-snalc.net\/AWURTSJ67\/argent_istock_BsWei-629592194_opt_463d9a1318.jpg\" alt=\"\"><strong>Grilles des cat\u00e9gories B et C&nbsp;: la poursuite infernale<\/strong>Le SNALC&nbsp; tient \u00e0 d\u00e9noncer le fait que tous les personnels des cat\u00e9gories C et B ne vont pas b\u00e9n\u00e9ficier de revalorisation puisque seuls les premiers \u00e9chelons sont concern\u00e9s par ces mesures qui, de plus, risquent de rapidement se trouver d\u00e9pass\u00e9es par l\u2019inflation.<strong>[<a href=\"https:\/\/snalc.fr\/grilles-des-categories-b-et-c-la-poursuite-infernale\/\">Lire l&rsquo;article<\/a>]<\/strong><\/td><\/tr><\/tbody><\/table><\/figure>\n\n\n\n<figure class=\"wp-block-table\"><table><tbody><tr><td><img decoding=\"async\" src=\"https:\/\/snalc.fr\/wp-content\/uploads\/plafond_istock_Gearstd-591410116.jpg\" alt=\"\"><strong>Le plafond c\u2019est bien, mais le plancher c\u2019est mieux!<\/strong>Le 20 septembre dernier, deux arr\u00eat\u00e9s ont \u00e9t\u00e9 publi\u00e9s au JORF, qui modifient les plafonds \u00e0 la hausse des montants de l\u2019IFSE pour le corps des m\u00e9decins de l\u2019\u00c9ducation nationale et pour l\u2019emploi de m\u00e9decin-conseiller technique.<strong>[<a href=\"https:\/\/snalc.fr\/le-plafond-cest-bien-mais-le-plancher-cest-mieux\/\">Lire l&rsquo;article<\/a>]<\/strong><\/td><\/tr><\/tbody><\/table><\/figure>\n\n\n\n<figure class=\"wp-block-table\"><table><tbody><tr><td><img decoding=\"async\" src=\"https:\/\/snalc.fr\/wp-content\/uploads\/concours_iStock_AdamGregor.jpg\" alt=\"\"><strong>ATSS&nbsp;: Concours de recrutement et examens professionnels 2024<\/strong>Les diff\u00e9rents arr\u00eat\u00e9s du 18 septembre 2023 relatifs \u00e0 l\u2019ouverture des concours et examens professionnels au titre de l\u2019ann\u00e9e 2024 pour la fili\u00e8re administrative, sant\u00e9 et sociale sont parus au JORF du 30 septembre dernier.<strong>[<a href=\"https:\/\/snalc.fr\/atss-concours-de-recrutement-et-examens-professionnels-2024\/\">Lire l&rsquo;article<\/a>]<\/strong><\/td><\/tr><\/tbody><\/table><\/figure>\n\n\n\n<figure class=\"wp-block-table\"><table><tbody><tr><td><img decoding=\"async\" src=\"https:\/\/snalc.fr\/wp-content\/uploads\/pont_istock_ilkercelik-1177599254.jpg\" alt=\"\"><strong>Le dispositif Passerelle<\/strong>Le \u00ab&nbsp;parcours passerelle&nbsp;\u00bb&nbsp;permet de proposer une reconversion professionnelle \u00e0 des enseignants, mais aussi des CPE et des Psy-EN volontaires. 104 enseignants ont \u00e9t\u00e9 accueillis \u00e0 la rentr\u00e9e 2022 en d\u00e9tachement dans le corps des attach\u00e9s des administrations de l\u2019\u00c9tat (AAE)<strong>[<a href=\"https:\/\/snalc.fr\/le-dispositif-passerelle\/\">Lire l&rsquo;article<\/a>]<\/strong><\/td><\/tr><\/tbody><\/table><\/figure>\n\n\n\n<figure class=\"wp-block-table\"><table><tbody><tr><td><img decoding=\"async\" src=\"https:\/\/snalc.fr\/wp-content\/uploads\/administration_istock_OlivierLeMoal.jpg\" alt=\"\"><strong>Reclassement d\u2019un enseignant sur un poste de personnel administratif<\/strong>Lorsqu\u2019un professeur est reconnu inapte \u00e0 sa fonction d\u2019enseignant mais pas \u00e0 toute fonction, une proc\u00e9dure de reclassement existe. Elle d\u00e9bute par une p\u00e9riode pr\u00e9paratoire au reclassement (PPR) d\u2019une dur\u00e9e maximale de 1 an, qui lui permet&nbsp; de b\u00e9n\u00e9ficier de formations <strong>[<a href=\"https:\/\/snalc.fr\/reclassement-dun-enseignant-sur-un-poste-de-personnel-administratif\/\">Lire l&rsquo;article<\/a>]<\/strong><\/td><\/tr><\/tbody><\/table><\/figure>\n\n\n\n<figure class=\"wp-block-table\"><table><tbody><tr><td><\/td><\/tr><\/tbody><\/table><\/figure>\n\n\n\n<figure class=\"wp-block-table\"><table><tbody><tr><td>POURQUOI REJOINDRE LE SNALC&nbsp;?<\/td><\/tr><\/tbody><\/table><\/figure>\n\n\n\n<figure class=\"wp-block-table\"><table><tbody><tr><td><img decoding=\"async\" src=\"https:\/\/syndicat-snalc.net\/AWURTSJ67\/9e6ddc209f1392fb4e74a82609409d7db2ec8759_ed5df3d865.jpg\" alt=\"\"><strong>AU MOINS 7 BONNES RAISONS<\/strong><br>1-L&rsquo;ind\u00e9pendance du SNALC2-La repr\u00e9sentativit\u00e9 du SNALC3-Au SNALC, pas de langue de bois4-Des ressources \u00e0 votre disposition5-Avantages SNALC&nbsp;: exclusif pour les adh\u00e9rents6-Une vraie assistance juridique avec l&rsquo;adh\u00e9sion7-Le syndicat le moins cher de l&rsquo;\u00c9ducation nationale [<a href=\"https:\/\/snalc.fr\/7-bonnes-raisons\/\">Lire la suite<\/a>]<\/td><\/tr><\/tbody><\/table><\/figure>\n\n\n\n<figure class=\"wp-block-table\"><table><tbody><tr><td>L\u2019ADH\u00c9SION AU SNALC<\/td><\/tr><\/tbody><\/table><\/figure>\n\n\n\n<figure class=\"wp-block-table\"><table><tbody><tr><td><strong>LE SNALC EST LE SYNDICAT REPR\u00c9SENTATIF<\/strong><strong>LE MOINS CHER DE L\u2019\u00c9DUCATION NATIONALE<\/strong><strong>Nos salaires sont trop bas. Le point d\u2019indice est gel\u00e9.<\/strong><strong>Logiquement, le SNALC n\u2019augmente pas ses tarifs pour la 13\u00e8me ann\u00e9e cons\u00e9cutive.<\/strong><strong>Et mieux encore&nbsp;: le SNALC baisse ses tarifs dans la plupart des cat\u00e9gories&nbsp;!<\/strong><a href=\"https:\/\/snalc.fr\/wp-content\/uploads\/tarifs.pdf\">Consulter les tarifs et r\u00e9ductions<\/a><br><strong>CHOISISSEZ LIBREMENT VOTRE MOYEN DE PAIEMENT, RAPIDE ET S\u00c9CURIS\u00c9<\/strong><\/td><\/tr><\/tbody><\/table><\/figure>\n\n\n\n<figure class=\"wp-block-table\"><table><tbody><tr><td><img decoding=\"async\" src=\"http:\/\/syndicat-snalc.net\/AWURTSJ67\/editedimg_361b042f34.jpg\" alt=\"\"><a href=\"https:\/\/snalc.fr\/adhesion-carte\/\">carte bancaire<\/a><img decoding=\"async\" src=\"http:\/\/syndicat-snalc.net\/AWURTSJ67\/adhesion_prelevements_0703b426ca.JPG\" alt=\"\"><a href=\"https:\/\/snalc.fr\/adhesion\/\">pr\u00e9l\u00e8vements mensuels<\/a><img decoding=\"async\" src=\"https:\/\/syndicat-snalc.net\/AWURTSJ67\/editedimg_c6a21d792d.png\" alt=\"\"><a href=\"https:\/\/snalc.fr\/adhesion-virement\/\">virement<\/a><img decoding=\"async\" src=\"http:\/\/syndicat-snalc.net\/AWURTSJ67\/adhesion_cheque_699976dc59.JPG\" alt=\"\"><a href=\"https:\/\/snalc.fr\/adhesion-cheque\/\">ch\u00e8que<\/a><\/td><\/tr><\/tbody><\/table><\/figure>\n\n\n\n<figure class=\"wp-block-table\"><table><tbody><tr><td><strong>L&rsquo;adh\u00e9sion comprend<\/strong>&nbsp;: <a href=\"https:\/\/snalc.fr\/gmf-protection-juridique\/\">l&rsquo;assistance et la protection<\/a> juridiques p\u00e9nales aupr\u00e8s de la GMF (agressions, diffamation&#8230;) ;&nbsp;le dispositif exclusif d&rsquo;accompagnement et d&rsquo;aide \u00e0 la mobilit\u00e9&nbsp;: <a href=\"https:\/\/snalc.fr\/mobi-snalc-presentation-et-acces\/\">mobi-SNALC<\/a>&nbsp;; et des tarifs n\u00e9goci\u00e9s aupr\u00e8s de nombreux partenaires&nbsp;: <a href=\"https:\/\/snalc.fr\/avantages-snalc\/\">avantages-SNALC<\/a>.<\/td><\/tr><\/tbody><\/table><\/figure>\n\n\n\n<figure class=\"wp-block-table\"><table><tbody><tr><td><a href=\"https:\/\/oxiforms.com\/?8CrEa\">Contacter le secteur SNALC BIATSS<\/a><\/td><\/tr><\/tbody><\/table><\/figure>\n\n\n\n<figure class=\"wp-block-table\"><table><tbody><tr><td><a href=\"https:\/\/www.facebook.com\/SNALCNational\/\"><\/a><a href=\"https:\/\/twitter.com\/snalc_national\"><\/a><a href=\"https:\/\/www.snalc.fr\/\"><\/a><\/td><\/tr><\/tbody><\/table><\/figure>\n\n\n\n<figure class=\"wp-block-table\"><table><tbody><tr><td>Cr\u00e9dits dans les articles en lien<\/td><\/tr><\/tbody><\/table><\/figure>\n","protected":false},"excerpt":{"rendered":"<p>Personnels administratifs Personnels de sant\u00e9 et sociaux Lettre d&rsquo;information SNALC&nbsp;&#8211;&nbsp;&nbsp;6 octobre 2023Personnels administratifsPersonnels de sant\u00e9 et sociaux Syndicat national des lyc\u00e9es, coll\u00e8ges, \u00e9coles et du sup\u00e9rieur UN BIEN MAIGRE BILAN [&hellip;]<\/p>\n","protected":false},"author":1,"featured_media":0,"comment_status":"closed","ping_status":"closed","sticky":false,"template":"","format":"standard","meta":{"_lmt_disableupdate":"","_lmt_disable":"","site-sidebar-layout":"default","site-content-layout":"","ast-site-content-layout":"default","site-content-style":"default","site-sidebar-style":"default","ast-global-header-display":"","ast-banner-title-visibility":"","ast-main-header-display":"","ast-hfb-above-header-display":"","ast-hfb-below-header-display":"","ast-hfb-mobile-header-display":"","site-post-title":"","ast-breadcrumbs-content":"","ast-featured-img":"","footer-sml-layout":"","ast-disable-related-posts":"","theme-transparent-header-meta":"","adv-header-id-meta":"","stick-header-meta":"","header-above-stick-meta":"","header-main-stick-meta":"","header-below-stick-meta":"","astra-migrate-meta-layouts":"set","ast-page-background-enabled":"default","ast-page-background-meta":{"desktop":{"background-color":"var(--ast-global-color-4)","background-image":"","background-repeat":"repeat","background-position":"center center","background-size":"auto","background-attachment":"scroll","background-type":"","background-media":"","overlay-type":"","overlay-color":"","overlay-opacity":"","overlay-gradient":""},"tablet":{"background-color":"","background-image":"","background-repeat":"repeat","background-position":"center center","background-size":"auto","background-attachment":"scroll","background-type":"","background-media":"","overlay-type":"","overlay-color":"","overlay-opacity":"","overlay-gradient":""},"mobile":{"background-color":"","background-image":"","background-repeat":"repeat","background-position":"center center","background-size":"auto","background-attachment":"scroll","background-type":"","background-media":"","overlay-type":"","overlay-color":"","overlay-opacity":"","overlay-gradient":""}},"ast-content-background-meta":{"desktop":{"background-color":"var(--ast-global-color-5)","background-image":"","background-repeat":"repeat","background-position":"center center","background-size":"auto","background-attachment":"scroll","background-type":"","background-media":"","overlay-type":"","overlay-color":"","overlay-opacity":"","overlay-gradient":""},"tablet":{"background-color":"var(--ast-global-color-5)","background-image":"","background-repeat":"repeat","background-position":"center center","background-size":"auto","background-attachment":"scroll","background-type":"","background-media":"","overlay-type":"","overlay-color":"","overlay-opacity":"","overlay-gradient":""},"mobile":{"background-color":"var(--ast-global-color-5)","background-image":"","background-repeat":"repeat","background-position":"center center","background-size":"auto","background-attachment":"scroll","background-type":"","background-media":"","overlay-type":"","overlay-color":"","overlay-opacity":"","overlay-gradient":""}},"footnotes":""},"categories":[38,16],"tags":[],"class_list":["post-2125","post","type-post","status-publish","format-standard","hentry","category-actualites-2023-2024","category-biatss"],"modified_by":"slecourtier","_links":{"self":[{"href":"https:\/\/snalc.org\/snalc2023\/index.php?rest_route=\/wp\/v2\/posts\/2125","targetHints":{"allow":["GET"]}}],"collection":[{"href":"https:\/\/snalc.org\/snalc2023\/index.php?rest_route=\/wp\/v2\/posts"}],"about":[{"href":"https:\/\/snalc.org\/snalc2023\/index.php?rest_route=\/wp\/v2\/types\/post"}],"author":[{"embeddable":true,"href":"https:\/\/snalc.org\/snalc2023\/index.php?rest_route=\/wp\/v2\/users\/1"}],"replies":[{"embeddable":true,"href":"https:\/\/snalc.org\/snalc2023\/index.php?rest_route=%2Fwp%2Fv2%2Fcomments&post=2125"}],"version-history":[{"count":1,"href":"https:\/\/snalc.org\/snalc2023\/index.php?rest_route=\/wp\/v2\/posts\/2125\/revisions"}],"predecessor-version":[{"id":2126,"href":"https:\/\/snalc.org\/snalc2023\/index.php?rest_route=\/wp\/v2\/posts\/2125\/revisions\/2126"}],"wp:attachment":[{"href":"https:\/\/snalc.org\/snalc2023\/index.php?rest_route=%2Fwp%2Fv2%2Fmedia&parent=2125"}],"wp:term":[{"taxonomy":"category","embeddable":true,"href":"https:\/\/snalc.org\/snalc2023\/index.php?rest_route=%2Fwp%2Fv2%2Fcategories&post=2125"},{"taxonomy":"post_tag","embeddable":true,"href":"https:\/\/snalc.org\/snalc2023\/index.php?rest_route=%2Fwp%2Fv2%2Ftags&post=2125"}],"curies":[{"name":"wp","href":"https:\/\/api.w.org\/{rel}","templated":true}]}}