{"id":2150,"date":"2023-10-12T07:07:50","date_gmt":"2023-10-12T05:07:50","guid":{"rendered":"https:\/\/snalc.org\/snalc2023\/?p=2150"},"modified":"2023-10-12T07:07:51","modified_gmt":"2023-10-12T05:07:51","slug":"lettre-dinformation-du-snalc-11-octobre-2023-professeurs-certifies","status":"publish","type":"post","link":"https:\/\/snalc.org\/snalc2023\/?p=2150","title":{"rendered":"Lettre d&rsquo;information du SNALC &#8211; 11 octobre 2023 Professeurs certifi\u00e9s"},"content":{"rendered":"\n<figure class=\"wp-block-table\"><table><tbody><tr><td><strong>Lettre d&rsquo;information du SNALC &#8211; 11 octobre 2023<\/strong><br>Professeurs certifi\u00e9s<\/td><\/tr><\/tbody><\/table><\/figure>\n\n\n\n<figure class=\"wp-block-table\"><table><tbody><tr><td><img decoding=\"async\" src=\"https:\/\/syndicat-snalc.net\/AWURTSJ67\/editedimg_69d3980ac7.png\" alt=\"\"><\/td><\/tr><\/tbody><\/table><\/figure>\n\n\n\n<figure class=\"wp-block-table\"><table><tbody><tr><td>Syndicat national des lyc\u00e9es, coll\u00e8ges, \u00e9coles et du sup\u00e9rieur<\/td><\/tr><\/tbody><\/table><\/figure>\n\n\n\n<figure class=\"wp-block-table\"><table><tbody><tr><td><strong>@&nbsp;:&nbsp;<a href=\"https:\/\/snalc.fr\/contact\/\" target=\"_blank\" rel=\"noreferrer noopener\">contact<\/a>&nbsp;&nbsp; &#8211;&nbsp; &nbsp;site&nbsp;: <a href=\"https:\/\/snalc.fr\" target=\"_blank\" rel=\"noreferrer noopener\">snalc.fr<\/a>&nbsp;&nbsp;&nbsp;<\/strong><\/td><\/tr><\/tbody><\/table><\/figure>\n\n\n\n<figure class=\"wp-block-table\"><table><tbody><tr><td>LES PROFESSEURS CERTIFI\u00c9S ET LA RENTR\u00c9E<\/td><\/tr><\/tbody><\/table><\/figure>\n\n\n\n<figure class=\"wp-block-table\"><table><tbody><tr><td>Sans les professeurs certifi\u00e9s, l\u2019\u00c9ducation nationale ne pourrait fonctionner car ils forment le corps enseignant num\u00e9riquement le plus important de l\u2019Education nationale. C\u2019est pour cela que le SNALC les a toujours d\u00e9fendus et les d\u00e9fendra encore.<br>La revalorisation salariale annonc\u00e9e est loin d\u2019\u00eatre \u00e0 la hauteur de l\u2019inflation. La montagne a donc encore accouch\u00e9 d\u2019une souris. Pour les professeurs certifi\u00e9s, le SNALC r\u00e9clame un rattrapage salarial sans contrepartie.<br>Quant au pacte, c\u2019est une fausse-bonne id\u00e9e pour gagner plus. Non seulement, il est hors de question pour les certifi\u00e9s de \u00ab&nbsp;travailler plus pour perdre moins&nbsp;\u00bb, selon Jean-R\u00e9mi Girard, le pr\u00e9sident du SNALC, mais en plus le pacte aura un impact n\u00e9gatif pour tous.<br>Il y a tout de m\u00eame quelques bonnes nouvelles. Les coll\u00e8gues appr\u00e9cieront la volont\u00e9 du Minist\u00e8re de tenir les \u00e9preuves de sp\u00e9cialit\u00e9 en juin, selon la demande du SNALC. Cependant, l\u2019annonce du calendrier de l\u2019ann\u00e9e scolaire pose plusieurs probl\u00e8mes.<br>Il \u00e9tait temps par ailleurs d\u2019avoir une position minist\u00e9rielle claire pour l\u2019application parfois difficile par les professeurs de la loi du 15 mars 2004, sur les signes religieux ostensibles dans les \u00e9tablissements, en raison de la hausse des atteintes au principe de la\u00efcit\u00e9.<br>Pour vous d\u00e9fendre et vous accompagner chaque jour, vous pourrez compter sur le SNALC, son exp\u00e9rience syndicale, son ind\u00e9pendance, ses tarifs imbattables&nbsp;: le SNALC n\u2019augmente pas les montants des cotisations pour la 13\u00e8me ann\u00e9e cons\u00e9cutive. Et mieux encore&nbsp;: il les a baiss\u00e9s pour la plupart des professeurs certifi\u00e9s&nbsp;!<\/td><\/tr><\/tbody><\/table><\/figure>\n\n\n\n<figure class=\"wp-block-table\"><table><tbody><tr><td>Eug\u00e9nie de Zutter<br>Responsable nationale du SNALC pour les professeurs certifi\u00e9s<img decoding=\"async\" src=\"https:\/\/syndicat-snalc.net\/AWURTSJ67\/editedimg_8327499d64.png\" alt=\"St\u00e9phanie Hamm SNALC\"><\/td><\/tr><\/tbody><\/table><\/figure>\n\n\n\n<figure class=\"wp-block-table\"><table><tbody><tr><td><img decoding=\"async\" src=\"https:\/\/syndicat-snalc.net\/AWURTSJ67\/iStock-654636444-_Dmytro_Lastovych-1472-web_c67317fec7.jpg\" alt=\"\"><strong>R\u00c9MUN\u00c9RATIONS DES CERTIFI\u00c9S AU&nbsp;1er SEPTEMBRE&nbsp;: LE COMPTE N\u2019Y EST PAS&nbsp;!<br><\/strong><br>Pour la rentr\u00e9e 2023, des revalorisations ont \u00e9t\u00e9 conc\u00e9d\u00e9es par le Minist\u00e8re mais h\u00e9las, le compte n\u2019y est toujours pas. Le SNALC continuera \u00e0 d\u00e9fendre ses propositions en faveur d\u2019un meilleur traitement des certifi\u00e9s.<br>[&#8230;<a href=\"https:\/\/snalc.fr\/remunerations-des-certifies-au-01-09-23-le-compte-ny-est-pas\/\" target=\"_blank\" rel=\"noreferrer noopener\">Lire la suite<\/a>]<\/td><\/tr><\/tbody><\/table><\/figure>\n\n\n\n<figure class=\"wp-block-table\"><table><tbody><tr><td><img decoding=\"async\" src=\"https:\/\/syndicat-snalc.net\/AWURTSJ67\/man-person-group-people-woman-play-1236297-p_51f2713753.jpg\" alt=\"\"><strong>LE PACTE NOUS IMPACTE TOUS<\/strong>M\u00eame s\u2019il s\u2019agit d\u2019un choix individuel, signer un pacte n\u2019est pas un geste qui ne concernera que le signataire. En effet, \u00e0 une autre \u00e9chelle, le pacte aura des cons\u00e9quences n\u00e9gatives pour tous les coll\u00e8gues de France et de Navarre.<br>[&#8230;<a href=\"https:\/\/snalc.fr\/le-pacte-nous-impacte-tous\/\" target=\"_blank\" rel=\"noreferrer noopener\">Lire la suite<\/a>]<\/td><\/tr><\/tbody><\/table><\/figure>\n\n\n\n<figure class=\"wp-block-table\"><table><tbody><tr><td><img decoding=\"async\" src=\"https:\/\/syndicat-snalc.net\/AWURTSJ67\/calendrier_iStock_kiddy0265_67a1e6b1a3.jpg\" alt=\"\"><strong>CALENDRIER DES EXAMENS&nbsp;: LE SNALC POINTE DE NOMBREUX PROBL\u00c8MES<\/strong>Le SNALC avait accueilli positivement l\u2019annonce de la tenue des \u00e9preuves de sp\u00e9cialit\u00e9s en juin. Quand des d\u00e9cisions sont bonnes, il faut savoir les saluer.<br>[&#8230;<a href=\"https:\/\/snalc.fr\/calendrier-des-examens-le-snalc-pointe-de-nombreux-problemes\/\" target=\"_blank\" rel=\"noreferrer noopener\">Lire la suite<\/a>]<\/td><\/tr><\/tbody><\/table><\/figure>\n\n\n\n<figure class=\"wp-block-table\"><table><tbody><tr><td><img decoding=\"async\" src=\"https:\/\/syndicat-snalc.net\/AWURTSJ67\/eleves_istock_Vladimir-Vladimirov-1425154822_429081f9f1.jpg\" alt=\"\"><strong>ENJEU ET URGENCE D\u2019UN RESSAISISSEMENT LA\u00cfQUE<\/strong>L\u2019urgence d\u2019un ressaisissement la\u00efque \u00e0 l\u2019\u00c9cole est d\u2019une \u00e9vidence criante. Une r\u00e9cente note des services de l\u2019\u00c9tat r\u00e9v\u00e8le que les atteintes \u00e0 la la\u00efcit\u00e9 ont plus que doubl\u00e9 en 2022-2023 par rapport \u00e0 l\u2019ann\u00e9e pr\u00e9c\u00e9dente. [&#8230;<a href=\"https:\/\/snalc.fr\/enjeu-et-urgence-dun-ressaisissement-laique\/\" target=\"_blank\" rel=\"noreferrer noopener\">Lire la suite<\/a>]<\/td><\/tr><\/tbody><\/table><\/figure>\n\n\n\n<figure class=\"wp-block-table\"><table><tbody><tr><td><img decoding=\"async\" src=\"https:\/\/syndicat-snalc.net\/AWURTSJ67\/ball-1845546_640_270821b518.jpg\" alt=\"\"><strong>GOUTEZ AU SNALC&nbsp;!<\/strong>Loin des formules creuses, le SNALC est un syndicat qui offre une exp\u00e9rience tr\u00e8s originale. En effet, outre son accompagnement, ses conseils et son expertise pour toutes les situations rencontr\u00e9es, son ind\u00e9pendance politique et financi\u00e8re en font un syndicat totalement libre.<br>[&#8230;<a href=\"https:\/\/snalc.fr\/goutez-au-snalc\/\" target=\"_blank\" rel=\"noreferrer noopener\">Lire la suite<\/a>]<\/td><\/tr><\/tbody><\/table><\/figure>\n\n\n\n<figure class=\"wp-block-table\"><table><tbody><tr><td><strong>LES 10 RECOMMANDATIONS DU SNALC <\/strong><strong>POUR \u00caTRE PLUS FORT AU TRAVAIL<\/strong><\/td><\/tr><\/tbody><\/table><\/figure>\n\n\n\n<figure class=\"wp-block-table\"><table><tbody><tr><td><img decoding=\"async\" src=\"https:\/\/syndicat-snalc.net\/AWURTSJ67\/editedimg_7bf72702d8.png\" alt=\"\">M\u00eame si \u00ab<em>cela n\u2019arrive qu\u2019aux autres<\/em>&nbsp;\u00bb, nous vous invitons \u00e0 prendre connaissance des 10 recommandations du SNALC&nbsp;: autant d\u2019erreurs \u00e0 ne pas commettre, de conseils \u00e0 appliquer, de pi\u00e8ges \u00e0 rep\u00e9rer&#8230;[&#8230;<a href=\"https:\/\/snalc.fr\/10-recommandations-pour-etre-plus-fort-au-travail\/\" target=\"_blank\" rel=\"noreferrer noopener\">en savoir plus<\/a>]<\/td><\/tr><\/tbody><\/table><\/figure>\n\n\n\n<figure class=\"wp-block-table\"><table><tbody><tr><td><strong>POURQUOI REJOINDRE LE SNALC&nbsp;?<\/strong><strong>AU MOINS 7 BONNES RAISONS<\/strong><br>1-L&rsquo;ind\u00e9pendance du SNALC2-La repr\u00e9sentativit\u00e9 du SNALC3-Au SNALC, pas de langue de bois4-Des ressources \u00e0 votre disposition5-Avantages SNALC&nbsp;: exclusif pour les adh\u00e9rents6-Une vraie assistance juridique avec l&rsquo;adh\u00e9sion7-Le syndicat le moins cher de l&rsquo;\u00c9ducation nationale[&#8230;<a href=\"https:\/\/snalc.fr\/7-bonnes-raisons\/\" target=\"_blank\" rel=\"noreferrer noopener\">en savoir plus<\/a>]<\/td><\/tr><\/tbody><\/table><\/figure>\n\n\n\n<figure class=\"wp-block-table\"><table><tbody><tr><td>L\u2019ADH\u00c9SION AU SNALC<\/td><\/tr><\/tbody><\/table><\/figure>\n\n\n\n<figure class=\"wp-block-table\"><table><tbody><tr><td><strong>LE SNALC EST LE SYNDICAT REPR\u00c9SENTATIF<\/strong><strong>LE MOINS CHER DE L\u2019\u00c9DUCATION NATIONALE<\/strong><strong>Nos salaires sont trop bas. Le point d\u2019indice est gel\u00e9.<\/strong><strong>Logiquement, le SNALC n\u2019augmente pas ses tarifs pour la 13\u00e8me ann\u00e9e cons\u00e9cutive.<\/strong><strong>Et mieux encore&nbsp;: le SNALC baisse ses tarifs dans la plupart des cat\u00e9gories&nbsp;!<\/strong><a href=\"https:\/\/snalc.fr\/wp-content\/uploads\/tarifs.pdf\" target=\"_blank\" rel=\"noreferrer noopener\">Consulter les tarifs et r\u00e9ductions<\/a><br><strong>CHOISISSEZ LIBREMENT VOTRE MOYEN DE PAIEMENT, RAPIDE ET S\u00c9CURIS\u00c9<\/strong><\/td><\/tr><\/tbody><\/table><\/figure>\n\n\n\n<figure class=\"wp-block-table\"><table><tbody><tr><td><img decoding=\"async\" src=\"http:\/\/syndicat-snalc.net\/AWURTSJ67\/editedimg_361b042f34.jpg\" alt=\"\"><a href=\"https:\/\/snalc.fr\/adhesion-carte\/\" target=\"_blank\" rel=\"noreferrer noopener\">carte bancaire<\/a><img decoding=\"async\" src=\"http:\/\/syndicat-snalc.net\/AWURTSJ67\/adhesion_prelevements_0703b426ca.JPG\" alt=\"\"><a href=\"https:\/\/snalc.fr\/adhesion\/\" target=\"_blank\" rel=\"noreferrer noopener\">pr\u00e9l\u00e8vements mensuels<\/a><img decoding=\"async\" src=\"https:\/\/syndicat-snalc.net\/AWURTSJ67\/editedimg_c6a21d792d.png\" alt=\"\"><a href=\"https:\/\/snalc.fr\/adhesion-virement\/\" target=\"_blank\" rel=\"noreferrer noopener\">virement<\/a><img decoding=\"async\" src=\"http:\/\/syndicat-snalc.net\/AWURTSJ67\/adhesion_cheque_699976dc59.JPG\" alt=\"\"><a href=\"https:\/\/snalc.fr\/adhesion-cheque\/\" target=\"_blank\" rel=\"noreferrer noopener\">ch\u00e8que<\/a><\/td><\/tr><\/tbody><\/table><\/figure>\n\n\n\n<figure class=\"wp-block-table\"><table><tbody><tr><td><strong>L&rsquo;adh\u00e9sion comprend<\/strong>&nbsp;: <a href=\"https:\/\/snalc.fr\/gmf-protection-juridique\/\" target=\"_blank\" rel=\"noreferrer noopener\">l&rsquo;assistance et la protection<\/a> juridiques p\u00e9nales aupr\u00e8s de la GMF (agressions, diffamation&#8230;) ;&nbsp;le dispositif exclusif d&rsquo;accompagnement et d&rsquo;aide \u00e0 la mobilit\u00e9&nbsp;: <a href=\"https:\/\/snalc.fr\/mobi-snalc-presentation-et-acces\/\" target=\"_blank\" rel=\"noreferrer noopener\">mobi-SNALC<\/a>&nbsp;; et des tarifs n\u00e9goci\u00e9s aupr\u00e8s de nombreux partenaires&nbsp;: <a href=\"https:\/\/snalc.fr\/avantages-snalc\/\" target=\"_blank\" rel=\"noreferrer noopener\">avantages-SNALC<\/a>.<\/td><\/tr><\/tbody><\/table><\/figure>\n\n\n\n<figure class=\"wp-block-table\"><table><tbody><tr><td><a href=\"https:\/\/snalc.fr\/contact\" target=\"_blank\" rel=\"noreferrer noopener\">VOS CORRESPONDANTS ACAD\u00c9MIQUES &#8211; Toutes leurs coordonn\u00e9es<\/a><\/td><\/tr><\/tbody><\/table><\/figure>\n\n\n\n<figure class=\"wp-block-table\"><table><tbody><tr><td><a href=\"https:\/\/www.facebook.com\/SNALCNational\/\" target=\"_blank\" rel=\"noreferrer noopener\"><\/a><a href=\"https:\/\/twitter.com\/snalc_national\" target=\"_blank\" rel=\"noreferrer noopener\"><\/a><a href=\"mailto:info@snalc.fr\"><\/a><a href=\"https:\/\/snalc.fr\/\" target=\"_blank\" rel=\"noreferrer noopener\"><\/a><\/td><\/tr><\/tbody><\/table><\/figure>\n\n\n\n<figure class=\"wp-block-table\"><table><tbody><tr><td><\/td><\/tr><\/tbody><\/table><\/figure>\n\n\n\n<figure class=\"wp-block-table\"><table><tbody><tr><td>cr\u00e9dits&nbsp;: sur les articles en lien<\/td><\/tr><\/tbody><\/table><\/figure>\n","protected":false},"excerpt":{"rendered":"<p>Lettre d&rsquo;information du SNALC &#8211; 11 octobre 2023Professeurs certifi\u00e9s Syndicat national des lyc\u00e9es, coll\u00e8ges, \u00e9coles et du sup\u00e9rieur @&nbsp;:&nbsp;contact&nbsp;&nbsp; &#8211;&nbsp; &nbsp;site&nbsp;: snalc.fr&nbsp;&nbsp;&nbsp; LES PROFESSEURS CERTIFI\u00c9S ET LA RENTR\u00c9E Sans les [&hellip;]<\/p>\n","protected":false},"author":1,"featured_media":0,"comment_status":"closed","ping_status":"closed","sticky":false,"template":"","format":"standard","meta":{"_lmt_disableupdate":"","_lmt_disable":"","site-sidebar-layout":"default","site-content-layout":"","ast-site-content-layout":"default","site-content-style":"default","site-sidebar-style":"default","ast-global-header-display":"","ast-banner-title-visibility":"","ast-main-header-display":"","ast-hfb-above-header-display":"","ast-hfb-below-header-display":"","ast-hfb-mobile-header-display":"","site-post-title":"","ast-breadcrumbs-content":"","ast-featured-img":"","footer-sml-layout":"","ast-disable-related-posts":"","theme-transparent-header-meta":"","adv-header-id-meta":"","stick-header-meta":"","header-above-stick-meta":"","header-main-stick-meta":"","header-below-stick-meta":"","astra-migrate-meta-layouts":"set","ast-page-background-enabled":"default","ast-page-background-meta":{"desktop":{"background-color":"var(--ast-global-color-4)","background-image":"","background-repeat":"repeat","background-position":"center center","background-size":"auto","background-attachment":"scroll","background-type":"","background-media":"","overlay-type":"","overlay-color":"","overlay-opacity":"","overlay-gradient":""},"tablet":{"background-color":"","background-image":"","background-repeat":"repeat","background-position":"center center","background-size":"auto","background-attachment":"scroll","background-type":"","background-media":"","overlay-type":"","overlay-color":"","overlay-opacity":"","overlay-gradient":""},"mobile":{"background-color":"","background-image":"","background-repeat":"repeat","background-position":"center center","background-size":"auto","background-attachment":"scroll","background-type":"","background-media":"","overlay-type":"","overlay-color":"","overlay-opacity":"","overlay-gradient":""}},"ast-content-background-meta":{"desktop":{"background-color":"var(--ast-global-color-5)","background-image":"","background-repeat":"repeat","background-position":"center center","background-size":"auto","background-attachment":"scroll","background-type":"","background-media":"","overlay-type":"","overlay-color":"","overlay-opacity":"","overlay-gradient":""},"tablet":{"background-color":"var(--ast-global-color-5)","background-image":"","background-repeat":"repeat","background-position":"center center","background-size":"auto","background-attachment":"scroll","background-type":"","background-media":"","overlay-type":"","overlay-color":"","overlay-opacity":"","overlay-gradient":""},"mobile":{"background-color":"var(--ast-global-color-5)","background-image":"","background-repeat":"repeat","background-position":"center center","background-size":"auto","background-attachment":"scroll","background-type":"","background-media":"","overlay-type":"","overlay-color":"","overlay-opacity":"","overlay-gradient":""}},"footnotes":""},"categories":[38],"tags":[],"class_list":["post-2150","post","type-post","status-publish","format-standard","hentry","category-actualites-2023-2024"],"modified_by":"slecourtier","_links":{"self":[{"href":"https:\/\/snalc.org\/snalc2023\/index.php?rest_route=\/wp\/v2\/posts\/2150","targetHints":{"allow":["GET"]}}],"collection":[{"href":"https:\/\/snalc.org\/snalc2023\/index.php?rest_route=\/wp\/v2\/posts"}],"about":[{"href":"https:\/\/snalc.org\/snalc2023\/index.php?rest_route=\/wp\/v2\/types\/post"}],"author":[{"embeddable":true,"href":"https:\/\/snalc.org\/snalc2023\/index.php?rest_route=\/wp\/v2\/users\/1"}],"replies":[{"embeddable":true,"href":"https:\/\/snalc.org\/snalc2023\/index.php?rest_route=%2Fwp%2Fv2%2Fcomments&post=2150"}],"version-history":[{"count":1,"href":"https:\/\/snalc.org\/snalc2023\/index.php?rest_route=\/wp\/v2\/posts\/2150\/revisions"}],"predecessor-version":[{"id":2151,"href":"https:\/\/snalc.org\/snalc2023\/index.php?rest_route=\/wp\/v2\/posts\/2150\/revisions\/2151"}],"wp:attachment":[{"href":"https:\/\/snalc.org\/snalc2023\/index.php?rest_route=%2Fwp%2Fv2%2Fmedia&parent=2150"}],"wp:term":[{"taxonomy":"category","embeddable":true,"href":"https:\/\/snalc.org\/snalc2023\/index.php?rest_route=%2Fwp%2Fv2%2Fcategories&post=2150"},{"taxonomy":"post_tag","embeddable":true,"href":"https:\/\/snalc.org\/snalc2023\/index.php?rest_route=%2Fwp%2Fv2%2Ftags&post=2150"}],"curies":[{"name":"wp","href":"https:\/\/api.w.org\/{rel}","templated":true}]}}