{"id":2152,"date":"2023-10-12T20:00:30","date_gmt":"2023-10-12T18:00:30","guid":{"rendered":"https:\/\/snalc.org\/snalc2023\/?p=2152"},"modified":"2023-10-12T20:00:33","modified_gmt":"2023-10-12T18:00:33","slug":"info-s1-premier-degre-12-octobre-2023","status":"publish","type":"post","link":"https:\/\/snalc.org\/snalc2023\/?p=2152","title":{"rendered":"INFO S1 Premier degr\u00e9 &#8211; 12 octobre 2023"},"content":{"rendered":"\n<figure class=\"wp-block-table\"><table><tbody><tr><td>INFO S1&nbsp;Premier degr\u00e9 &#8211;&nbsp;12 octobre 2023<\/td><\/tr><\/tbody><\/table><\/figure>\n\n\n\n<figure class=\"wp-block-table\"><table><tbody><tr><td><img decoding=\"async\" src=\"https:\/\/syndicat-snalc.net\/AWURTSJ67\/editedimg_f3c1b374be.png\" alt=\"\"><\/td><\/tr><\/tbody><\/table><\/figure>\n\n\n\n<figure class=\"wp-block-table\"><table><tbody><tr><td><\/td><\/tr><\/tbody><\/table><\/figure>\n\n\n\n<figure class=\"wp-block-table\"><table><tbody><tr><td><img decoding=\"async\" src=\"https:\/\/syndicat-snalc.net\/AWURTSJ67\/editedimg_9644586f08.png\" alt=\"\"><\/td><\/tr><\/tbody><\/table><\/figure>\n\n\n\n<figure class=\"wp-block-table\"><table><tbody><tr><td><\/td><\/tr><\/tbody><\/table><\/figure>\n\n\n\n<figure class=\"wp-block-table\"><table><tbody><tr><td>INFORMATION S1<\/td><\/tr><\/tbody><\/table><\/figure>\n\n\n\n<figure class=\"wp-block-table\"><table><tbody><tr><td>\u00c0 vous tous, sans qui le SNALC n\u2019existerait pas, nous vous adressons nos chaleureux et sinc\u00e8res remerciements. Votre engagement, fid\u00e8le \u00e0 notre conception de ce que doit \u00eatre le syndicalisme, proche des personnes et exclusivement consacr\u00e9 \u00e0 la d\u00e9fense de leurs int\u00e9r\u00eats, fait notre diff\u00e9rence.<\/td><\/tr><\/tbody><\/table><\/figure>\n\n\n\n<figure class=\"wp-block-table\"><table><tbody><tr><td><strong>\u00c0 LA UNE<\/strong><\/td><\/tr><\/tbody><\/table><\/figure>\n\n\n\n<figure class=\"wp-block-table\"><table><tbody><tr><td><img decoding=\"async\" src=\"https:\/\/syndicat-snalc.net\/AWURTSJ67\/editedimg_opt_2dab3c20ab.png\" alt=\"\"><strong>\u00c9DITO&nbsp;: Besoin d\u2019humain<\/strong><br>L\u2019un des pr\u00e9d\u00e9cesseurs de Gabriel Attal avait compar\u00e9 l\u2019\u00c9ducation nationale \u00e0 un mammouth qu\u2019on devait d\u00e9graisser. Aujourd\u2019hui, le mammouth a surtout perdu ses muscles et ses tendons, mais la graisse est encore l\u00e0, occup\u00e9e \u00e0 envoyer des courriers d\u2019insulte dans l\u2019acad\u00e9mie de Versailles, par exemple. C\u2019est uniquement gr\u00e2ce au d\u00e9vouement des personnels que nous repr\u00e9sentons que la structure tient debout, mais elle est pr\u00e8s de s\u2019effondrer.<a href=\"https:\/\/snalc.fr\/besoin-dhumain\/\" target=\"_blank\" rel=\"noreferrer noopener\">Lire la suite<\/a><\/td><\/tr><\/tbody><\/table><\/figure>\n\n\n\n<figure class=\"wp-block-table\"><table><tbody><tr><td><img decoding=\"async\" src=\"https:\/\/snalc.fr\/wp-content\/uploads\/mensonge_istock_AaronAmat-1212529068-768x555.jpg\" alt=\"\"><strong>Budget 2024&nbsp;: \u00ab&nbsp;historique&nbsp;\u00bb, mon \u0153il&nbsp;!<\/strong><br>Le SNALC demande que l\u2019on cesse d\u2019utiliser le mot \u00ab&nbsp;historique&nbsp;\u00bb dans la communication politique. Le projet de loi de finances n\u2019a en effet rien d\u2019historique, contrairement \u00e0 ce qu\u2019affirme le minist\u00e8re. L\u2019essentiel de la hausse budg\u00e9taire est compl\u00e8tement m\u00e9canique, puisque cette derni\u00e8re a lieu pour financer la mesure socle et le pacte enseignant sur une ann\u00e9e compl\u00e8te. <a href=\"https:\/\/snalc.fr\/budget-2024-historique-mon-oeil\/\" target=\"_blank\" rel=\"noreferrer noopener\">Lire la suite<\/a><\/td><\/tr><\/tbody><\/table><\/figure>\n\n\n\n<figure class=\"wp-block-table\"><table><tbody><tr><td><img decoding=\"async\" src=\"https:\/\/snalc.fr\/wp-content\/uploads\/chaleur_pixabay_Gerd-Altmann.jpg\" alt=\"\"><strong>Adaptation de l\u2019\u00e9cole aux enjeux climatiques&nbsp;: compte rendu du SNALC<\/strong><br>Cette audition des syndicats repr\u00e9sentatifs de l\u2019\u00c9ducation nationale se&nbsp;tient&nbsp;dans le cadre d\u2019une mission d\u2019information parlementaire sur l\u2019adaptation de l\u2019\u00e9cole aux enjeux climatiques. Le SNALC est&nbsp;interrog\u00e9 sur les contenus p\u00e9dagogiques, le b\u00e2ti scolaire et les mobilit\u00e9s actives.<a href=\"https:\/\/snalc.fr\/adaptation-de-lecole-aux-enjeux-climatiques-compte-rendu-du-snalc\/\" target=\"_blank\" rel=\"noreferrer noopener\">Lire la suite<\/a><\/td><\/tr><\/tbody><\/table><\/figure>\n\n\n\n<figure class=\"wp-block-table\"><table><tbody><tr><td><\/td><\/tr><\/tbody><\/table><\/figure>\n\n\n\n<figure class=\"wp-block-table\"><table><tbody><tr><td>LE SNALC DANS LES MEDIAS<\/td><\/tr><\/tbody><\/table><\/figure>\n\n\n\n<figure class=\"wp-block-table\"><table><tbody><tr><td><\/td><\/tr><\/tbody><\/table><\/figure>\n\n\n\n<figure class=\"wp-block-table\"><table><tbody><tr><td><img decoding=\"async\" src=\"https:\/\/syndicat-snalc.net\/AWURTSJ67\/editedimg_6595ede3cb.png\" alt=\"\"><\/td><\/tr><\/tbody><\/table><\/figure>\n\n\n\n<figure class=\"wp-block-table\"><table><tbody><tr><td><a href=\"https:\/\/snalc.fr\/bfmtv-harcelement-scolaire-letat-impuissant\/\" target=\"_blank\" rel=\"noreferrer noopener\">20 septembre 2023&nbsp;: BFMTV \u2013 harc\u00e8lement scolaire&nbsp;: l\u2019\u00e9tat impuissant&nbsp;?<\/a><\/td><\/tr><\/tbody><\/table><\/figure>\n\n\n\n<figure class=\"wp-block-table\"><table><tbody><tr><td><a href=\"https:\/\/snalc.fr\/category\/le-snalc\/medias\/\" target=\"_blank\" rel=\"noreferrer noopener\">Consulter la rubrique M\u00e9dias<\/a><\/td><\/tr><\/tbody><\/table><\/figure>\n\n\n\n<figure class=\"wp-block-table\"><table><tbody><tr><td>LE DOSSIER DU MOIS<\/td><\/tr><\/tbody><\/table><\/figure>\n\n\n\n<figure class=\"wp-block-table\"><table><tbody><tr><td><a href=\"https:\/\/snalc.fr\/pour-que-vive-lecole-laique\/\" target=\"_blank\" rel=\"noreferrer noopener\"><\/a><a href=\"https:\/\/snalc.fr\/pour-que-vive-lecole-laique\/\" target=\"_blank\" rel=\"noreferrer noopener\">\u00ab&nbsp;Pour que vive l\u2019\u00e9cole la\u00efque&nbsp;\u00bb<\/a><\/td><\/tr><\/tbody><\/table><\/figure>\n\n\n\n<figure class=\"wp-block-table\"><table><tbody><tr><td>\u00c9GALEMENT SUR NOS SITES<\/td><\/tr><\/tbody><\/table><\/figure>\n\n\n\n<figure class=\"wp-block-table\"><table><tbody><tr><td><img decoding=\"async\" src=\"https:\/\/syndicat-snalc.net\/AWURTSJ67\/editedimg_590a71fe02.png\" alt=\"\"><a href=\"https:\/\/snalc.fr\/une-froideur-meprisante\/\" target=\"_blank\" rel=\"noreferrer noopener\">Une froideur m\u00e9prisante<\/a><img decoding=\"async\" src=\"https:\/\/syndicat-snalc.net\/AWURTSJ67\/editedimg_a69ed27f1d.png\" alt=\"\"><a href=\"https:\/\/snalc.fr\/revalorisation-des-enseignants-la-promesse-nest-toujours-pas-tenue\/\" target=\"_blank\" rel=\"noreferrer noopener\">Revalorisation des enseignants&nbsp;: la promesse n\u2019est toujours pas tenue<\/a><img decoding=\"async\" src=\"https:\/\/syndicat-snalc.net\/AWURTSJ67\/editedimg_opt_85734c21b3.png\" alt=\"\"><a href=\"https:\/\/snalc.fr\/nouvelles-grilles-de-salaire-au-1er-septembre-2023\/\" target=\"_blank\" rel=\"noreferrer noopener\">Nouvelles grilles de salaire au 1er septembre 2023<\/a><img decoding=\"async\" src=\"https:\/\/snalc.fr\/wp-content\/uploads\/QU1481-1D-evolution_indemnites.jpg\" alt=\"\"><a href=\"https:\/\/snalc.fr\/evolution-des-indemnites-1er-et-2nd-degres\/\" target=\"_blank\" rel=\"noreferrer noopener\">\u00c9volution des indemnit\u00e9s \u2013 1er et 2nd degr\u00e9s<\/a><\/td><\/tr><\/tbody><\/table><\/figure>\n\n\n\n<figure class=\"wp-block-table\"><table><tbody><tr><td><img decoding=\"async\" src=\"https:\/\/snalc.fr\/wp-content\/uploads\/argent_promotion_istock_DNY59-1408248110.jpg\" alt=\"\"><a href=\"https:\/\/snalc.fr\/hors-classe-classe-exceptionnelle-ce-qui-change-pour-2023-et-2024\/\" target=\"_blank\" rel=\"noreferrer noopener\">Hors classe, classe exceptionnelle&nbsp;: ce qui change pour 2023 et 2024<\/a><img decoding=\"async\" src=\"https:\/\/snalc.fr\/wp-content\/uploads\/argent_istock_AndreyPopov-1174295678.jpg\" alt=\"\"><a href=\"https:\/\/snalc.fr\/incidences-financieres-apres-changement-de-grade\/\" target=\"_blank\" rel=\"noreferrer noopener\">Incidences financi\u00e8res apr\u00e8s changement de grade<\/a><img decoding=\"async\" src=\"https:\/\/snalc.fr\/wp-content\/uploads\/echelle_istock_DNY59-1387928668.jpg\" alt=\"\"><a href=\"https:\/\/snalc.fr\/quest-ce-que-le-reclassement\/\" target=\"_blank\" rel=\"noreferrer noopener\">Qu\u2019est-ce que le reclassement&nbsp;?<\/a><img decoding=\"async\" src=\"https:\/\/snalc.fr\/wp-content\/uploads\/concours_istock_oonal-526492319.jpg\" alt=\"\"><a href=\"https:\/\/snalc.fr\/modifications-du-reclassement-pour-les-laureats-du-concours\/\" target=\"_blank\" rel=\"noreferrer noopener\">Modifications du reclassement pour les laur\u00e9ats du concours<\/a><\/td><\/tr><\/tbody><\/table><\/figure>\n\n\n\n<figure class=\"wp-block-table\"><table><tbody><tr><td><img decoding=\"async\" src=\"https:\/\/syndicat-snalc.net\/AWURTSJ67\/editedimg_076e4b6f3b.png\" alt=\"\"><a href=\"https:\/\/snalc.fr\/wp-content\/uploads\/QU1481-NLOP.jpg\" target=\"_blank\" rel=\"noreferrer noopener\">Ne l&rsquo;oubliez pas&nbsp;!<\/a><img decoding=\"async\" src=\"https:\/\/snalc.fr\/wp-content\/uploads\/malade_pexels_polina-tankilevitch-3873188.jpg\" alt=\"\"><a href=\"https:\/\/snalc.fr\/les-absences-pour-enfant-malade\/\" target=\"_blank\" rel=\"noreferrer noopener\">Les absences pour enfant malade<\/a><img decoding=\"async\" src=\"https:\/\/snalc.fr\/wp-content\/uploads\/corbeille_istock_SamBurt-154918004.jpg\" alt=\"\"><a href=\"https:\/\/snalc.fr\/evaluez-il-en-restera-toujours-quelque-chose-en-fait-non\/\" target=\"_blank\" rel=\"noreferrer noopener\">\u00c9valuez&nbsp;: il en restera toujours quelque chose (en fait, non)<\/a><img decoding=\"async\" src=\"https:\/\/syndicat-snalc.net\/AWURTSJ67\/editedimg_ac7d408dc2.png\" alt=\"\"><a href=\"https:\/\/snalc.fr\/mettre-le-paquet-sur-les-savoirs-fondamentaux\/\" target=\"_blank\" rel=\"noreferrer noopener\">Mettre le paquet sur les savoirs fondamentaux&nbsp;? Chiche, monsieur le ministre!<\/a><\/td><\/tr><\/tbody><\/table><\/figure>\n\n\n\n<figure class=\"wp-block-table\"><table><tbody><tr><td><img decoding=\"async\" src=\"https:\/\/syndicat-snalc.net\/AWURTSJ67\/editedimg_b97568d467.png\" alt=\"\"><a href=\"https:\/\/snalc.fr\/ecole-inclusive-compte-rendu-de-la-reunion-du-18-septembre-2023\/\" target=\"_blank\" rel=\"noreferrer noopener\">\u00c9cole inclusive&nbsp;: compte rendu de la r\u00e9union du 18 septembre 2023<\/a><img decoding=\"async\" src=\"https:\/\/syndicat-snalc.net\/AWURTSJ67\/editedimg_12bf13ab1d.png\" alt=\"\"><a href=\"https:\/\/snalc.fr\/dans-le-1er-degre-la-multiplication-contre-productive-des-plans\/\" target=\"_blank\" rel=\"noreferrer noopener\">La multiplication contre-productive des plans<\/a><img decoding=\"async\" src=\"https:\/\/syndicat-snalc.net\/AWURTSJ67\/editedimg_8c293d3c5b.png\" alt=\"\"><a href=\"https:\/\/snalc.fr\/majoration-de-pension\/\" target=\"_blank\" rel=\"noreferrer noopener\">Majoration de pension<\/a><img decoding=\"async\" src=\"https:\/\/syndicat-snalc.net\/AWURTSJ67\/editedimg_e210b28411.png\" alt=\"\"><a href=\"https:\/\/snalc.fr\/wp-content\/uploads\/QU1481-Osez-ecrire.jpg\" target=\"_blank\" rel=\"noreferrer noopener\">Le SNALC vous recommande Osez \u00e9crire<\/a><\/td><\/tr><\/tbody><\/table><\/figure>\n\n\n\n<figure class=\"wp-block-table\"><table><tbody><tr><td><\/td><\/tr><\/tbody><\/table><\/figure>\n\n\n\n<figure class=\"wp-block-table\"><table><tbody><tr><td>LES DERNI\u00c8RES PUBLICATIONS<\/td><\/tr><\/tbody><\/table><\/figure>\n\n\n\n<figure class=\"wp-block-table\"><table><tbody><tr><td><\/td><\/tr><\/tbody><\/table><\/figure>\n\n\n\n<figure class=\"wp-block-table\"><table><tbody><tr><td>QUINZAINE UNIVERSITAIRE&nbsp;: LA REVUE DU SNALC<\/td><\/tr><\/tbody><\/table><\/figure>\n\n\n\n<figure class=\"wp-block-table\"><table><tbody><tr><td><a href=\"https:\/\/snalc.fr\/quinzaine-universitaire-n1481-1d\/\" target=\"_blank\" rel=\"noreferrer noopener\"><\/a><a href=\"https:\/\/snalc.fr\/quinzaine-universitaire-n1481\/\" target=\"_blank\" rel=\"noreferrer noopener\"><\/a><a href=\"https:\/\/snalc.fr\/quinzaine-universitaire-n1480-1D\/\" target=\"_blank\" rel=\"noreferrer noopener\"><\/a><a href=\"https:\/\/snalc.fr\/quinzaine-universitaire-n1480\/\" target=\"_blank\" rel=\"noreferrer noopener\"><\/a><\/td><\/tr><\/tbody><\/table><\/figure>\n\n\n\n<figure class=\"wp-block-table\"><table><tbody><tr><td><img decoding=\"async\" src=\"https:\/\/syndicat-snalc.net\/AWURTSJ67\/QU1481_InfoUne_opt_c47c70cf59.jpg\" alt=\"Inscription aux concours\"><\/td><\/tr><\/tbody><\/table><\/figure>\n\n\n\n<figure class=\"wp-block-table\"><table><tbody><tr><td><\/td><\/tr><\/tbody><\/table><\/figure>\n\n\n\n<figure class=\"wp-block-table\"><table><tbody><tr><td>LA LETTRE \u00c9LECTRONIQUE<\/td><\/tr><\/tbody><\/table><\/figure>\n\n\n\n<figure class=\"wp-block-table\"><table><tbody><tr><td><a href=\"https:\/\/snalc.fr\/lettre-electronique-ecoles\/\" target=\"_blank\" rel=\"noreferrer noopener\"><\/a><\/td><\/tr><\/tbody><\/table><\/figure>\n\n\n\n<figure class=\"wp-block-table\"><table><tbody><tr><td><\/td><\/tr><\/tbody><\/table><\/figure>\n\n\n\n<figure class=\"wp-block-table\"><table><tbody><tr><td>LES GUIDES<\/td><\/tr><\/tbody><\/table><\/figure>\n\n\n\n<figure class=\"wp-block-table\"><table><tbody><tr><td><img decoding=\"async\" src=\"https:\/\/syndicat-snalc.net\/AWURTSJ67\/editedimg_opt_7f7475001a.png\" alt=\"\"><a href=\"https:\/\/snalc.fr\/les-incontournables-du-snalc\/\" target=\"_blank\" rel=\"noreferrer noopener\">LES INCONTOURNABLES DU SNALC<\/a><img decoding=\"async\" src=\"https:\/\/syndicat-snalc.net\/AWURTSJ67\/vademecum_opt_c0b50d15af.jpg\" alt=\"\"><a href=\"https:\/\/snalc.fr\/vademecum-profs-cpe-psy\/\" target=\"_blank\" rel=\"noreferrer noopener\">VADEMECUM DES PROFESSEURS, CPE, PSYEN<\/a><img decoding=\"async\" src=\"https:\/\/snalc.fr\/wp-content\/uploads\/Guide_PE_2021.jpg\" alt=\"\"><a href=\"https:\/\/snalc.fr\/guide-du-professeur-des-ecoles\/\" target=\"_blank\" rel=\"noreferrer noopener\">GUIDE DU PROFESSEUR DES \u00c9COLES<\/a><\/td><\/tr><\/tbody><\/table><\/figure>\n\n\n\n<figure class=\"wp-block-table\"><table><tbody><tr><td><\/td><\/tr><\/tbody><\/table><\/figure>\n\n\n\n<figure class=\"wp-block-table\"><table><tbody><tr><td>LES FICHES INFO-SNALC<\/td><\/tr><\/tbody><\/table><\/figure>\n\n\n\n<figure class=\"wp-block-table\"><table><tbody><tr><td><a href=\"https:\/\/snalc.fr\/info-snalc-changement-de-residence\/\" target=\"_blank\" rel=\"noreferrer noopener\">INDEMNIT\u00c9S DE CHANGEMENT DE R\u00c9SIDENCE<\/a><a href=\"https:\/\/snalc.fr\/info-snalc-le-dossier-administratif\/\" target=\"_blank\" rel=\"noreferrer noopener\">LE DOSSIER ADMINISTRATIF<\/a><a href=\"https:\/\/snalc.fr\/info-snalc-compte-personnel-de-formation\/\" target=\"_blank\" rel=\"noreferrer noopener\">LE COMPTE PERSONNEL DE FORMATION<\/a><a href=\"https:\/\/snalc.fr\/fiche-info-snalc-droit-a-la-deconnexion\/\" target=\"_blank\" rel=\"noreferrer noopener\">LE DROIT A LA DECONNEXION<\/a><\/td><\/tr><\/tbody><\/table><\/figure>\n\n\n\n<figure class=\"wp-block-table\"><table><tbody><tr><td><\/td><\/tr><\/tbody><\/table><\/figure>\n\n\n\n<figure class=\"wp-block-table\"><table><tbody><tr><td><a href=\"https:\/\/snalc.fr\/category\/publications\/fiches-info\/\" target=\"_blank\" rel=\"noreferrer noopener\">D&rsquo;AUTRES FICHES INFO-SNALC<\/a><\/td><\/tr><\/tbody><\/table><\/figure>\n\n\n\n<figure class=\"wp-block-table\"><table><tbody><tr><td>LES INCONTOURNABLES<\/td><\/tr><\/tbody><\/table><\/figure>\n\n\n\n<figure class=\"wp-block-table\"><table><tbody><tr><td><a href=\"https:\/\/snalc.fr\/10-recommandations-pour-etre-plus-fort-au-travail\/\" target=\"_blank\" rel=\"noreferrer noopener\"><\/a>10 RECOMMANDATIONS POUR \u00caTRE PLUS FORT AU TRAVAIL<a href=\"mailto:communication@snalc.fr?subject=Demande%20de%20guide%20S1&amp;body=NOM%20%3A%0D%0APr%C3%A9nom%20%3A%0D%0AAcad%C3%A9mie%20%3A%0D%0AEtablissement%20%3A%0D%0A%0D%0AMessage%20%3A\"><\/a>REPR\u00c9SENTER LE SNALC DANS L&rsquo;\u00c9TABLISSEMENT &#8211; Petit guide \u00e0 l&rsquo;usage des S1<a href=\"https:\/\/snalc.fr\/7-bonnes-raisons\/\" target=\"_blank\" rel=\"noreferrer noopener\"><\/a>POURQUOI REJOINDRE LE SNALC&nbsp;? Au moins 7 bonnes raisons&nbsp;!<\/td><\/tr><\/tbody><\/table><\/figure>\n\n\n\n<figure class=\"wp-block-table\"><table><tbody><tr><td><\/td><\/tr><\/tbody><\/table><\/figure>\n\n\n\n<figure class=\"wp-block-table\"><table><tbody><tr><td><a href=\"https:\/\/snalc.fr\/contact\" target=\"_blank\" rel=\"noreferrer noopener\">Contacter le SNALC<\/a><\/td><\/tr><\/tbody><\/table><\/figure>\n","protected":false},"excerpt":{"rendered":"<p>INFO S1&nbsp;Premier degr\u00e9 &#8211;&nbsp;12 octobre 2023 INFORMATION S1 \u00c0 vous tous, sans qui le SNALC n\u2019existerait pas, nous vous adressons nos chaleureux et sinc\u00e8res remerciements. Votre engagement, fid\u00e8le \u00e0 notre [&hellip;]<\/p>\n","protected":false},"author":1,"featured_media":0,"comment_status":"closed","ping_status":"closed","sticky":false,"template":"","format":"standard","meta":{"_lmt_disableupdate":"","_lmt_disable":"","site-sidebar-layout":"default","site-content-layout":"","ast-site-content-layout":"default","site-content-style":"default","site-sidebar-style":"default","ast-global-header-display":"","ast-banner-title-visibility":"","ast-main-header-display":"","ast-hfb-above-header-display":"","ast-hfb-below-header-display":"","ast-hfb-mobile-header-display":"","site-post-title":"","ast-breadcrumbs-content":"","ast-featured-img":"","footer-sml-layout":"","ast-disable-related-posts":"","theme-transparent-header-meta":"","adv-header-id-meta":"","stick-header-meta":"","header-above-stick-meta":"","header-main-stick-meta":"","header-below-stick-meta":"","astra-migrate-meta-layouts":"set","ast-page-background-enabled":"default","ast-page-background-meta":{"desktop":{"background-color":"var(--ast-global-color-4)","background-image":"","background-repeat":"repeat","background-position":"center center","background-size":"auto","background-attachment":"scroll","background-type":"","background-media":"","overlay-type":"","overlay-color":"","overlay-opacity":"","overlay-gradient":""},"tablet":{"background-color":"","background-image":"","background-repeat":"repeat","background-position":"center center","background-size":"auto","background-attachment":"scroll","background-type":"","background-media":"","overlay-type":"","overlay-color":"","overlay-opacity":"","overlay-gradient":""},"mobile":{"background-color":"","background-image":"","background-repeat":"repeat","background-position":"center center","background-size":"auto","background-attachment":"scroll","background-type":"","background-media":"","overlay-type":"","overlay-color":"","overlay-opacity":"","overlay-gradient":""}},"ast-content-background-meta":{"desktop":{"background-color":"var(--ast-global-color-5)","background-image":"","background-repeat":"repeat","background-position":"center center","background-size":"auto","background-attachment":"scroll","background-type":"","background-media":"","overlay-type":"","overlay-color":"","overlay-opacity":"","overlay-gradient":""},"tablet":{"background-color":"var(--ast-global-color-5)","background-image":"","background-repeat":"repeat","background-position":"center center","background-size":"auto","background-attachment":"scroll","background-type":"","background-media":"","overlay-type":"","overlay-color":"","overlay-opacity":"","overlay-gradient":""},"mobile":{"background-color":"var(--ast-global-color-5)","background-image":"","background-repeat":"repeat","background-position":"center center","background-size":"auto","background-attachment":"scroll","background-type":"","background-media":"","overlay-type":"","overlay-color":"","overlay-opacity":"","overlay-gradient":""}},"footnotes":""},"categories":[38,23],"tags":[],"class_list":["post-2152","post","type-post","status-publish","format-standard","hentry","category-actualites-2023-2024","category-professeurs-1er-degre"],"modified_by":"slecourtier","_links":{"self":[{"href":"https:\/\/snalc.org\/snalc2023\/index.php?rest_route=\/wp\/v2\/posts\/2152","targetHints":{"allow":["GET"]}}],"collection":[{"href":"https:\/\/snalc.org\/snalc2023\/index.php?rest_route=\/wp\/v2\/posts"}],"about":[{"href":"https:\/\/snalc.org\/snalc2023\/index.php?rest_route=\/wp\/v2\/types\/post"}],"author":[{"embeddable":true,"href":"https:\/\/snalc.org\/snalc2023\/index.php?rest_route=\/wp\/v2\/users\/1"}],"replies":[{"embeddable":true,"href":"https:\/\/snalc.org\/snalc2023\/index.php?rest_route=%2Fwp%2Fv2%2Fcomments&post=2152"}],"version-history":[{"count":1,"href":"https:\/\/snalc.org\/snalc2023\/index.php?rest_route=\/wp\/v2\/posts\/2152\/revisions"}],"predecessor-version":[{"id":2153,"href":"https:\/\/snalc.org\/snalc2023\/index.php?rest_route=\/wp\/v2\/posts\/2152\/revisions\/2153"}],"wp:attachment":[{"href":"https:\/\/snalc.org\/snalc2023\/index.php?rest_route=%2Fwp%2Fv2%2Fmedia&parent=2152"}],"wp:term":[{"taxonomy":"category","embeddable":true,"href":"https:\/\/snalc.org\/snalc2023\/index.php?rest_route=%2Fwp%2Fv2%2Fcategories&post=2152"},{"taxonomy":"post_tag","embeddable":true,"href":"https:\/\/snalc.org\/snalc2023\/index.php?rest_route=%2Fwp%2Fv2%2Ftags&post=2152"}],"curies":[{"name":"wp","href":"https:\/\/api.w.org\/{rel}","templated":true}]}}