{"id":2155,"date":"2023-10-12T20:03:26","date_gmt":"2023-10-12T18:03:26","guid":{"rendered":"https:\/\/snalc.org\/snalc2023\/?p=2155"},"modified":"2023-10-12T20:03:30","modified_gmt":"2023-10-12T18:03:30","slug":"info-s1-12-octobre-2023","status":"publish","type":"post","link":"https:\/\/snalc.org\/snalc2023\/?p=2155","title":{"rendered":"INFO S1 &#8211; 12 octobre 2023"},"content":{"rendered":"\n<figure class=\"wp-block-table\"><table><tbody><tr><td>INFO S1&nbsp;&#8211;&nbsp;12 octobre 2023<\/td><\/tr><\/tbody><\/table><\/figure>\n\n\n\n<figure class=\"wp-block-table\"><table><tbody><tr><td><img decoding=\"async\" src=\"https:\/\/syndicat-snalc.net\/AWURTSJ67\/editedimg_42f466d22f.png\" alt=\"\"><\/td><\/tr><\/tbody><\/table><\/figure>\n\n\n\n<figure class=\"wp-block-table\"><table><tbody><tr><td><\/td><\/tr><\/tbody><\/table><\/figure>\n\n\n\n<figure class=\"wp-block-table\"><table><tbody><tr><td><img decoding=\"async\" src=\"https:\/\/syndicat-snalc.net\/AWURTSJ67\/editedimg_9644586f08.png\" alt=\"\"><\/td><\/tr><\/tbody><\/table><\/figure>\n\n\n\n<figure class=\"wp-block-table\"><table><tbody><tr><td><\/td><\/tr><\/tbody><\/table><\/figure>\n\n\n\n<figure class=\"wp-block-table\"><table><tbody><tr><td>INFORMATION S1<\/td><\/tr><\/tbody><\/table><\/figure>\n\n\n\n<figure class=\"wp-block-table\"><table><tbody><tr><td>\u00c0 vous tous, sans qui le SNALC n\u2019existerait pas, nous vous adressons nos chaleureux et sinc\u00e8res remerciements. Votre engagement, fid\u00e8le \u00e0 notre conception de ce que doit \u00eatre le syndicalisme, proche des personnes et exclusivement consacr\u00e9 \u00e0 la d\u00e9fense de leurs int\u00e9r\u00eats, fait notre diff\u00e9rence.<\/td><\/tr><\/tbody><\/table><\/figure>\n\n\n\n<figure class=\"wp-block-table\"><table><tbody><tr><td><strong>\u00c0 LA UNE<\/strong><\/td><\/tr><\/tbody><\/table><\/figure>\n\n\n\n<figure class=\"wp-block-table\"><table><tbody><tr><td><img decoding=\"async\" src=\"https:\/\/syndicat-snalc.net\/AWURTSJ67\/editedimg_opt_8d304de065.png\" alt=\"\"><strong>\u00c9DITO&nbsp;: URGENCE<\/strong><br>L\u2019un des pr\u00e9d\u00e9cesseurs de Gabriel Attal avait compar\u00e9 l\u2019\u00c9ducation nationale \u00e0 un mammouth qu\u2019on devait d\u00e9graisser. Aujourd\u2019hui, le mammouth a surtout perdu ses muscles et ses tendons, mais la graisse est encore l\u00e0, occup\u00e9e \u00e0 envoyer des courriers d\u2019insulte dans l\u2019acad\u00e9mie de Versailles, par exemple. C\u2019est uniquement gr\u00e2ce au d\u00e9vouement des personnels que nous repr\u00e9sentons que la structure tient debout, mais elle est pr\u00e8s de s\u2019effondrer.<a href=\"https:\/\/snalc.fr\/urgence\/\" target=\"_blank\" rel=\"noreferrer noopener\">Lire la suite<\/a><\/td><\/tr><\/tbody><\/table><\/figure>\n\n\n\n<figure class=\"wp-block-table\"><table><tbody><tr><td><img decoding=\"async\" src=\"https:\/\/syndicat-snalc.net\/AWURTSJ67\/editedimg_9858ff688b.png\" alt=\"\"><strong>Formation continue des professeurs&nbsp;: la mauvaise direction<\/strong><br>Le <strong>SNALC<\/strong> d\u00e9nonce la politique que le minist\u00e8re est en train de mener \u00e0 marche forc\u00e9e sur l\u2019organisation de la formation continue des enseignants du second degr\u00e9. Pour des raisons de pure communication, le minist\u00e8re s\u2019est fix\u00e9 comme objectif que 100 % de cette derni\u00e8re ait lieu hors temps devant \u00e9l\u00e8ve \u00e0 la rentr\u00e9e 2024.<a href=\"https:\/\/snalc.fr\/formation-continue-des-professeurs-la-mauvaise-direction\/\" target=\"_blank\" rel=\"noreferrer noopener\">Lire la suite<\/a><\/td><\/tr><\/tbody><\/table><\/figure>\n\n\n\n<figure class=\"wp-block-table\"><table><tbody><tr><td><img decoding=\"async\" src=\"https:\/\/snalc.fr\/wp-content\/uploads\/mensonge_istock_AaronAmat-1212529068-768x555.jpg\" alt=\"\"><strong>Budget 2024&nbsp;: \u00ab&nbsp;historique&nbsp;\u00bb, mon \u0153il&nbsp;!<\/strong><br>Le SNALC demande que l\u2019on cesse d\u2019utiliser le mot \u00ab&nbsp;historique&nbsp;\u00bb dans la communication politique. Le projet de loi de finances n\u2019a en effet rien d\u2019historique, contrairement \u00e0 ce qu\u2019affirme le minist\u00e8re. L\u2019essentiel de la hausse budg\u00e9taire est compl\u00e8tement m\u00e9canique, puisque cette derni\u00e8re a lieu pour financer la mesure socle et le pacte enseignant sur une ann\u00e9e compl\u00e8te. <a href=\"https:\/\/snalc.fr\/budget-2024-historique-mon-oeil\/\" target=\"_blank\" rel=\"noreferrer noopener\">Lire la suite<\/a><\/td><\/tr><\/tbody><\/table><\/figure>\n\n\n\n<figure class=\"wp-block-table\"><table><tbody><tr><td><img decoding=\"async\" src=\"https:\/\/snalc.fr\/wp-content\/uploads\/chaleur_pixabay_Gerd-Altmann.jpg\" alt=\"\"><strong>Adaptation de l\u2019\u00e9cole aux enjeux climatiques&nbsp;: compte rendu du SNALC<\/strong><br>Cette audition des syndicats repr\u00e9sentatifs de l\u2019\u00c9ducation nationale se&nbsp;tient&nbsp;dans le cadre d\u2019une mission d\u2019information parlementaire sur l\u2019adaptation de l\u2019\u00e9cole aux enjeux climatiques. Le SNALC est&nbsp;interrog\u00e9 sur les contenus p\u00e9dagogiques, le b\u00e2ti scolaire et les mobilit\u00e9s actives.<a href=\"https:\/\/snalc.fr\/adaptation-de-lecole-aux-enjeux-climatiques-compte-rendu-du-snalc\/\" target=\"_blank\" rel=\"noreferrer noopener\">Lire la suite<\/a><\/td><\/tr><\/tbody><\/table><\/figure>\n\n\n\n<figure class=\"wp-block-table\"><table><tbody><tr><td><img decoding=\"async\" src=\"https:\/\/snalc.fr\/wp-content\/uploads\/classe_Pixabay_dschap.jpg\" alt=\"\"><strong>R\u00e9forme des lyc\u00e9es professionnels&nbsp;: compte rendu d\u2019audience<\/strong><br>Audience avec Carole Grandjean le 5 octobre 2023 sur la mise en \u0153uvre de la r\u00e9forme des lyc\u00e9es professionnels \u00e0 la rentr\u00e9e 2023.<a href=\"https:\/\/snalc.fr\/reforme-des-lycees-professionnels-compte-rendu-daudience-du-snalc\/\" target=\"_blank\" rel=\"noreferrer noopener\">Lire la suite<\/a><\/td><\/tr><\/tbody><\/table><\/figure>\n\n\n\n<figure class=\"wp-block-table\"><table><tbody><tr><td><img decoding=\"async\" src=\"https:\/\/snalc.fr\/wp-content\/uploads\/calendrier_iStock_kiddy0265.jpg\" alt=\"\"><strong>Calendrier des examens&nbsp;: le SNALC pointe de nombreux probl\u00e8mes<\/strong><br>Le SNALC avait accueilli positivement l\u2019annonce de la tenue des \u00e9preuves de sp\u00e9cialit\u00e9s en juin. Quand des d\u00e9cisions sont bonnes, il faut savoir les saluer. Mais l\u2019annonce du calendrier du baccalaur\u00e9at et plus largement du calendrier de la fin de l\u2019ann\u00e9e scolaire au lyc\u00e9e g\u00e9n\u00e9ral et technologique pose plusieurs probl\u00e8mes.<a href=\"https:\/\/snalc.fr\/calendrier-des-examens-le-snalc-pointe-de-nombreux-problemes\/\" target=\"_blank\" rel=\"noreferrer noopener\">Lire la suite<\/a><\/td><\/tr><\/tbody><\/table><\/figure>\n\n\n\n<figure class=\"wp-block-table\"><table><tbody><tr><td><img decoding=\"async\" src=\"https:\/\/syndicat-snalc.net\/AWURTSJ67\/courrier_AdobeStock_505912269_opt_a3fa7db048.jpg\" alt=\"\"><strong>\u00c9volution du m\u00e9tier de conseiller en formation continue&nbsp;: lettre au ministre<\/strong><br>Il nous appara\u00eet donc important et urgent que vous puissiez nous pr\u00e9senter les \u00e9l\u00e9ments sur le r\u00e9f\u00e9rentiel de formation qui ont \u00e9t\u00e9 communiqu\u00e9s aux acad\u00e9mies et que l\u2019on puisse \u00e9changer sur la d\u00e9finition des degr\u00e9s de ma\u00eetrise qui nous semblent infl\u00e9chir la posture vers une fonction commerciale.<a href=\"https:\/\/snalc.fr\/evolution-du-metier-de-conseiller-en-formation-continue-lettre-au-ministre\/\" target=\"_blank\" rel=\"noreferrer noopener\">Lire la suite<\/a><\/td><\/tr><\/tbody><\/table><\/figure>\n\n\n\n<figure class=\"wp-block-table\"><table><tbody><tr><td><img decoding=\"async\" src=\"https:\/\/snalc.fr\/wp-content\/uploads\/techno_istock_SDI-Productions-874565216.jpg\" alt=\"\"><strong>Programme de technologie&nbsp;: compte rendu du SNALC<\/strong><br>Si le projet de programme n\u2019est pas inint\u00e9ressant et dispose de rep\u00e8res annuels plus clairs, il est difficile d\u2019en parler hors du cadre g\u00e9n\u00e9ral dans lequel le minist\u00e8re a plac\u00e9 la discipline technologie.<br>Pour le <strong>SNALC<\/strong>, la gestion humaine a \u00e9t\u00e9 indigne, et les professeurs de technologie sont victimes d\u2019une forme grave de maltraitance.<a href=\"https:\/\/snalc.fr\/programmes-de-technologie-cr-snalc-2oct23\/\" target=\"_blank\" rel=\"noreferrer noopener\">Lire la suite<\/a><\/td><\/tr><\/tbody><\/table><\/figure>\n\n\n\n<figure class=\"wp-block-table\"><table><tbody><tr><td><\/td><\/tr><\/tbody><\/table><\/figure>\n\n\n\n<figure class=\"wp-block-table\"><table><tbody><tr><td>LE SNALC DANS LES MEDIAS<\/td><\/tr><\/tbody><\/table><\/figure>\n\n\n\n<figure class=\"wp-block-table\"><table><tbody><tr><td><\/td><\/tr><\/tbody><\/table><\/figure>\n\n\n\n<figure class=\"wp-block-table\"><table><tbody><tr><td><img decoding=\"async\" src=\"https:\/\/syndicat-snalc.net\/AWURTSJ67\/editedimg_6595ede3cb.png\" alt=\"\"><\/td><\/tr><\/tbody><\/table><\/figure>\n\n\n\n<figure class=\"wp-block-table\"><table><tbody><tr><td><a href=\"https:\/\/snalc.fr\/college-une-heure-par-semaine-de-renforcement-en-maths-ou-en-francais-en-college-la-bonne-solution\/\" target=\"_blank\" rel=\"noreferrer noopener\">23 septembre2023&nbsp;: Coll\u00e8ge&nbsp;: une heure par semaine de renforcement en maths ou en fran\u00e7ais en coll\u00e8ge, la bonne solution&nbsp;?<\/a><\/td><\/tr><\/tbody><\/table><\/figure>\n\n\n\n<figure class=\"wp-block-table\"><table><tbody><tr><td><a href=\"https:\/\/snalc.fr\/bfmtv-harcelement-scolaire-letat-impuissant\/\" target=\"_blank\" rel=\"noreferrer noopener\">20 septembre 2023&nbsp;: BFMTV \u2013 harc\u00e8lement scolaire&nbsp;: l\u2019\u00e9tat impuissant&nbsp;?<\/a><\/td><\/tr><\/tbody><\/table><\/figure>\n\n\n\n<figure class=\"wp-block-table\"><table><tbody><tr><td><a href=\"https:\/\/snalc.fr\/category\/le-snalc\/medias\/\" target=\"_blank\" rel=\"noreferrer noopener\">Consulter la rubrique M\u00e9dias<\/a><\/td><\/tr><\/tbody><\/table><\/figure>\n\n\n\n<figure class=\"wp-block-table\"><table><tbody><tr><td>LE DOSSIER DU MOIS<\/td><\/tr><\/tbody><\/table><\/figure>\n\n\n\n<figure class=\"wp-block-table\"><table><tbody><tr><td><a href=\"https:\/\/snalc.fr\/pour-que-vive-lecole-laique\/\" target=\"_blank\" rel=\"noreferrer noopener\"><\/a><a href=\"https:\/\/snalc.fr\/pour-que-vive-lecole-laique\/\" target=\"_blank\" rel=\"noreferrer noopener\">\u00ab&nbsp;Pour que vive l\u2019\u00e9cole la\u00efque&nbsp;\u00bb<\/a><\/td><\/tr><\/tbody><\/table><\/figure>\n\n\n\n<figure class=\"wp-block-table\"><table><tbody><tr><td>\u00c9GALEMENT SUR NOS SITES<\/td><\/tr><\/tbody><\/table><\/figure>\n\n\n\n<figure class=\"wp-block-table\"><table><tbody><tr><td><a href=\"https:\/\/snalc.fr\/conditions-de-travail-a-quand-la-fin-du-deni\/\" target=\"_blank\" rel=\"noreferrer noopener\"><\/a><a href=\"https:\/\/snalc.fr\/temps-de-travail-des-personnels-de-direction-la-grande-omerta\/\" target=\"_blank\" rel=\"noreferrer noopener\">Conditions de travail&nbsp;: \u00e0 quand la fin du d\u00e9ni&nbsp;? de la servitude volontaire&nbsp;!<\/a><img decoding=\"async\" src=\"https:\/\/syndicat-snalc.net\/AWURTSJ67\/editedimg_076e4b6f3b.png\" alt=\"\"><a href=\"https:\/\/snalc.fr\/wp-content\/uploads\/QU1481-NLOP.jpg\" target=\"_blank\" rel=\"noreferrer noopener\">Ne l&rsquo;oubliez pas&nbsp;!<\/a><img decoding=\"async\" src=\"https:\/\/syndicat-snalc.net\/AWURTSJ67\/editedimg_37b4cd58fe.png\" alt=\"\"><a href=\"https:\/\/snalc.fr\/le-plafond-cest-bien-mais-le-plancher-cest-mieux\/\" target=\"_blank\" rel=\"noreferrer noopener\">Le plafond c\u2019est bien, mais le plancher c\u2019est mieux&nbsp;!<\/a><img decoding=\"async\" src=\"https:\/\/syndicat-snalc.net\/AWURTSJ67\/editedimg_8c293d3c5b.png\" alt=\"\"><a href=\"https:\/\/snalc.fr\/majoration-de-pension\/\" target=\"_blank\" rel=\"noreferrer noopener\">Majoration de pension<\/a><\/td><\/tr><\/tbody><\/table><\/figure>\n\n\n\n<figure class=\"wp-block-table\"><table><tbody><tr><td><img decoding=\"async\" src=\"https:\/\/syndicat-snalc.net\/AWURTSJ67\/editedimg_dcfb38611d.png\" alt=\"\"><a href=\"https:\/\/snalc.fr\/tout-ce-que-vous-napprendrez-peut-etre-pas-a-linspe\/\" target=\"_blank\" rel=\"noreferrer noopener\">Tout ce que vous n\u2019apprendrez (peut-\u00eatre) pas \u00e0 l\u2019INSPE<\/a><img decoding=\"async\" src=\"https:\/\/syndicat-snalc.net\/AWURTSJ67\/editedimg_3fffc94171.png\" alt=\"\"><a href=\"https:\/\/snalc.fr\/contractuels-lemployeur-contraint-a-de-nouvelles-obligations-dinformation\/\" target=\"_blank\" rel=\"noreferrer noopener\">Contractuels&nbsp;: l\u2019employeur contraint \u00e0 de nouvelles obligations d\u2019information<\/a><img decoding=\"async\" src=\"https:\/\/syndicat-snalc.net\/AWURTSJ67\/editedimg_opt_6472a0d1f0.png\" alt=\"\"><a href=\"https:\/\/snalc.fr\/des-etudiants-contractuels-2\/\" target=\"_blank\" rel=\"noreferrer noopener\">Des \u00e9tudiants contractuels<\/a><img decoding=\"async\" src=\"https:\/\/syndicat-snalc.net\/AWURTSJ67\/editedimg_f00964d51e.png\" alt=\"\"><a href=\"https:\/\/snalc.fr\/pacte-enquete-du-snalc\/\" target=\"_blank\" rel=\"noreferrer noopener\">Le Pacte ne passe pas<\/a><\/td><\/tr><\/tbody><\/table><\/figure>\n\n\n\n<figure class=\"wp-block-table\"><table><tbody><tr><td><img decoding=\"async\" src=\"https:\/\/syndicat-snalc.net\/AWURTSJ67\/editedimg_ac7d408dc2.png\" alt=\"\"><a href=\"https:\/\/snalc.fr\/mettre-le-paquet-sur-les-savoirs-fondamentaux\/\" target=\"_blank\" rel=\"noreferrer noopener\">Mettre le paquet sur les savoirs fondamentaux&nbsp;? Chiche, monsieur le ministre&nbsp;!<\/a><img decoding=\"async\" src=\"https:\/\/syndicat-snalc.net\/AWURTSJ67\/editedimg_c5755a1a33.png\" alt=\"\"><a href=\"https:\/\/snalc.fr\/halte-a-la-dispersion\/\" target=\"_blank\" rel=\"noreferrer noopener\">Halte \u00e0 la dispersion&nbsp;!<\/a><img decoding=\"async\" src=\"https:\/\/syndicat-snalc.net\/AWURTSJ67\/editedimg_1c7c1a1b96.png\" alt=\"\"><a href=\"https:\/\/snalc.fr\/comment-tuer-la-formation\/\" target=\"_blank\" rel=\"noreferrer noopener\">Comment tuer la formation&nbsp;?<\/a><img decoding=\"async\" src=\"https:\/\/syndicat-snalc.net\/AWURTSJ67\/editedimg_opt_cd06093ab6.png\" alt=\"\"><a href=\"https:\/\/snalc.fr\/rentree-2023-bureau-des-entreprises-et-pfmp\/\" target=\"_blank\" rel=\"noreferrer noopener\">Rentr\u00e9e 2023&nbsp;: Bureau des Entreprises et PFMP<\/a><\/td><\/tr><\/tbody><\/table><\/figure>\n\n\n\n<figure class=\"wp-block-table\"><table><tbody><tr><td><img decoding=\"async\" src=\"https:\/\/syndicat-snalc.net\/AWURTSJ67\/editedimg_b97568d467.png\" alt=\"\"><a href=\"https:\/\/snalc.fr\/ecole-inclusive-compte-rendu-de-la-reunion-du-18-septembre-2023\/\" target=\"_blank\" rel=\"noreferrer noopener\">\u00c9cole inclusive&nbsp;: compte rendu de la r\u00e9union du 18 septembre 2023<\/a><img decoding=\"async\" src=\"https:\/\/syndicat-snalc.net\/AWURTSJ67\/editedimg_12bf13ab1d.png\" alt=\"\"><a href=\"https:\/\/snalc.fr\/dans-le-1er-degre-la-multiplication-contre-productive-des-plans\/\" target=\"_blank\" rel=\"noreferrer noopener\">Dans le 1er degr\u00e9 \u2013 La multiplication contre-productive des plans<\/a><img decoding=\"async\" src=\"https:\/\/syndicat-snalc.net\/AWURTSJ67\/editedimg_33835d1248.png\" alt=\"\"><a href=\"https:\/\/snalc.fr\/eps-parole-de-president\/\" target=\"_blank\" rel=\"noreferrer noopener\">EPS&nbsp;: parole de pr\u00e9sident&nbsp;!<\/a><img decoding=\"async\" src=\"https:\/\/syndicat-snalc.net\/AWURTSJ67\/editedimg_e210b28411.png\" alt=\"\"><a href=\"https:\/\/snalc.fr\/wp-content\/uploads\/QU1481-Osez-ecrire.jpg\" target=\"_blank\" rel=\"noreferrer noopener\">Le SNALC vous recommande Osez \u00e9crire<\/a><\/td><\/tr><\/tbody><\/table><\/figure>\n\n\n\n<figure class=\"wp-block-table\"><table><tbody><tr><td><\/td><\/tr><\/tbody><\/table><\/figure>\n\n\n\n<figure class=\"wp-block-table\"><table><tbody><tr><td>LES DERNI\u00c8RES PUBLICATIONS<\/td><\/tr><\/tbody><\/table><\/figure>\n\n\n\n<figure class=\"wp-block-table\"><table><tbody><tr><td><\/td><\/tr><\/tbody><\/table><\/figure>\n\n\n\n<figure class=\"wp-block-table\"><table><tbody><tr><td>QUINZAINE UNIVERSITAIRE&nbsp;: LA REVUE DU SNALC<\/td><\/tr><\/tbody><\/table><\/figure>\n\n\n\n<figure class=\"wp-block-table\"><table><tbody><tr><td><a href=\"https:\/\/snalc.fr\/quinzaine-universitaire-n1481\/\" target=\"_blank\" rel=\"noreferrer noopener\"><\/a><a href=\"https:\/\/snalc.fr\/quinzaine-universitaire-n1481-1d\/\" target=\"_blank\" rel=\"noreferrer noopener\"><\/a><a href=\"https:\/\/snalc.fr\/quinzaine-universitaire-n1480\/\" target=\"_blank\" rel=\"noreferrer noopener\"><\/a><a href=\"https:\/\/snalc.fr\/quinzaine-universitaire-n1480-1D\/\" target=\"_blank\" rel=\"noreferrer noopener\"><\/a><\/td><\/tr><\/tbody><\/table><\/figure>\n\n\n\n<figure class=\"wp-block-table\"><table><tbody><tr><td><img decoding=\"async\" src=\"https:\/\/syndicat-snalc.net\/AWURTSJ67\/QU1481_InfoUne_opt_c47c70cf59.jpg\" alt=\"Inscription aux concours\"><\/td><\/tr><\/tbody><\/table><\/figure>\n\n\n\n<figure class=\"wp-block-table\"><table><tbody><tr><td><\/td><\/tr><\/tbody><\/table><\/figure>\n\n\n\n<figure class=\"wp-block-table\"><table><tbody><tr><td><a href=\"https:\/\/snalc.fr\/category\/publications\/revue\/\" target=\"_blank\" rel=\"noreferrer noopener\">LES LETTRES \u00c9LECTRONIQUES<\/a><\/td><\/tr><\/tbody><\/table><\/figure>\n\n\n\n<figure class=\"wp-block-table\"><table><tbody><tr><td><a href=\"https:\/\/snalc.fr\/category\/publications\/lettres\/\" target=\"_blank\" rel=\"noreferrer noopener\"><\/a><\/td><\/tr><\/tbody><\/table><\/figure>\n\n\n\n<figure class=\"wp-block-table\"><table><tbody><tr><td><\/td><\/tr><\/tbody><\/table><\/figure>\n\n\n\n<figure class=\"wp-block-table\"><table><tbody><tr><td>LES GUIDES<\/td><\/tr><\/tbody><\/table><\/figure>\n\n\n\n<figure class=\"wp-block-table\"><table><tbody><tr><td><img decoding=\"async\" src=\"https:\/\/syndicat-snalc.net\/AWURTSJ67\/editedimg_opt_7f7475001a.png\" alt=\"\"><a href=\"https:\/\/snalc.fr\/les-incontournables-du-snalc\/\" target=\"_blank\" rel=\"noreferrer noopener\">LES INCONTOURNABLES DU SNALC<\/a><img decoding=\"async\" src=\"https:\/\/syndicat-snalc.net\/AWURTSJ67\/vademecum_opt_c0b50d15af.jpg\" alt=\"\"><a href=\"https:\/\/snalc.fr\/vademecum-profs-cpe-psy\/\" target=\"_blank\" rel=\"noreferrer noopener\">VADEMECUM DES PROFESSEURS, CPE, PSYEN<\/a><img decoding=\"async\" src=\"https:\/\/snalc.fr\/wp-content\/uploads\/Guide_PE_2021.jpg\" alt=\"\"><a href=\"https:\/\/snalc.fr\/guide-du-professeur-des-ecoles\/\" target=\"_blank\" rel=\"noreferrer noopener\">GUIDE DU PROFESSEUR DES \u00c9COLES<\/a><\/td><\/tr><\/tbody><\/table><\/figure>\n\n\n\n<figure class=\"wp-block-table\"><table><tbody><tr><td><img decoding=\"async\" src=\"https:\/\/syndicat-snalc.net\/AWURTSJ67\/GUIDE_SNALC_CONTRACTUELS_opt_39c6449c17.jpg\" alt=\"\"><a href=\"https:\/\/snalc.fr\/guide-du-contractuel-de-leducation-nationale\/\" target=\"_blank\" rel=\"noreferrer noopener\">GUIDE DU CONTRACTUEL<\/a><img decoding=\"async\" src=\"https:\/\/snalc.fr\/wp-content\/uploads\/Guide_AED.jpg\" alt=\"\"><a href=\"https:\/\/snalc.fr\/guide-aed\/\" target=\"_blank\" rel=\"noreferrer noopener\">GUIDE DES AED, AP, APS<\/a><img decoding=\"async\" src=\"https:\/\/snalc.fr\/wp-content\/uploads\/guide_aesh_2021.jpg\" alt=\"\"><a href=\"https:\/\/snalc.fr\/guide-de-laesh\/\" target=\"_blank\" rel=\"noreferrer noopener\">LE GUIDE DE L&rsquo;AESH<\/a><\/td><\/tr><\/tbody><\/table><\/figure>\n\n\n\n<figure class=\"wp-block-table\"><table><tbody><tr><td><img decoding=\"async\" src=\"https:\/\/syndicat-snalc.net\/AWURTSJ67\/GUIDE_ELU_CA_opt_6223ef472a.png\" alt=\"\"><a href=\"https:\/\/snalc.fr\/guide-de-lelu-en-conseil-dadministration\/\" target=\"_blank\" rel=\"noreferrer noopener\">GUIDE DE L&rsquo;\u00c9LU AU CA<\/a><img decoding=\"async\" src=\"https:\/\/syndicat-snalc.net\/AWURTSJ67\/GUIDE_TITULAIRES_PRIVE_opt_a055a8925a.jpg\" alt=\"\"><a href=\"https:\/\/snalc.fr\/guide-des-maitres-titulaires-du-prive\/\" target=\"_blank\" rel=\"noreferrer noopener\">GUIDE MA\u00ceTRES DU PRIV\u00c9<\/a><img decoding=\"async\" src=\"https:\/\/syndicat-snalc.net\/AWURTSJ67\/editedimg_opt_9410ed5acf.png\" alt=\"\"><a href=\"https:\/\/snalc.fr\/guide-des-stagiaires-du-public\/\" target=\"_blank\" rel=\"noreferrer noopener\">LE GUIDE DU STAGIAIRE<\/a><\/td><\/tr><\/tbody><\/table><\/figure>\n\n\n\n<figure class=\"wp-block-table\"><table><tbody><tr><td><\/td><\/tr><\/tbody><\/table><\/figure>\n\n\n\n<figure class=\"wp-block-table\"><table><tbody><tr><td>LES FICHES INFO-SNALC<\/td><\/tr><\/tbody><\/table><\/figure>\n\n\n\n<figure class=\"wp-block-table\"><table><tbody><tr><td><a href=\"https:\/\/snalc.fr\/info-snalc-changement-de-residence\/\" target=\"_blank\" rel=\"noreferrer noopener\">INDEMNIT\u00c9S DE CHANGEMENT DE R\u00c9SIDENCE<\/a><a href=\"https:\/\/snalc.fr\/info-snalc-le-dossier-administratif\/\" target=\"_blank\" rel=\"noreferrer noopener\">LE DOSSIER ADMINISTRATIF<\/a><a href=\"https:\/\/snalc.fr\/info-snalc-compte-personnel-de-formation\/\" target=\"_blank\" rel=\"noreferrer noopener\">LE COMPTE PERSONNEL DE FORMATION<\/a><a href=\"https:\/\/snalc.fr\/fiche-info-snalc-rendez-vous-de-carriere\/\" target=\"_blank\" rel=\"noreferrer noopener\">LE RENDEZ-VOUS DE CARRIERE<\/a><\/td><\/tr><\/tbody><\/table><\/figure>\n\n\n\n<figure class=\"wp-block-table\"><table><tbody><tr><td><\/td><\/tr><\/tbody><\/table><\/figure>\n\n\n\n<figure class=\"wp-block-table\"><table><tbody><tr><td><a href=\"https:\/\/snalc.fr\/category\/publications\/fiches-info\/\" target=\"_blank\" rel=\"noreferrer noopener\">D&rsquo;AUTRES FICHES INFO-SNALC<\/a><\/td><\/tr><\/tbody><\/table><\/figure>\n\n\n\n<figure class=\"wp-block-table\"><table><tbody><tr><td>LES INCONTOURNABLES<\/td><\/tr><\/tbody><\/table><\/figure>\n\n\n\n<figure class=\"wp-block-table\"><table><tbody><tr><td><a href=\"https:\/\/snalc.fr\/10-recommandations-pour-etre-plus-fort-au-travail\/\" target=\"_blank\" rel=\"noreferrer noopener\"><\/a>10 RECOMMANDATIONS POUR \u00caTRE PLUS FORT AU TRAVAIL<a href=\"mailto:communication@snalc.fr?subject=Demande%20de%20guide%20S1&amp;body=NOM%20%3A%0D%0APr%C3%A9nom%20%3A%0D%0AAcad%C3%A9mie%20%3A%0D%0AEtablissement%20%3A%0D%0A%0D%0AMessage%20%3A\"><\/a>REPR\u00c9SENTER LE SNALC DANS L&rsquo;\u00c9TABLISSEMENT &#8211; Petit guide \u00e0 l&rsquo;usage des S1<a href=\"https:\/\/snalc.fr\/7-bonnes-raisons\/\" target=\"_blank\" rel=\"noreferrer noopener\"><\/a>POURQUOI REJOINDRE LE SNALC&nbsp;? Au moins 7 bonnes raisons&nbsp;!<\/td><\/tr><\/tbody><\/table><\/figure>\n\n\n\n<figure class=\"wp-block-table\"><table><tbody><tr><td><\/td><\/tr><\/tbody><\/table><\/figure>\n\n\n\n<figure class=\"wp-block-table\"><table><tbody><tr><td><a href=\"https:\/\/snalc.fr\/contact\" target=\"_blank\" rel=\"noreferrer noopener\">Contacter le SNALC<\/a><\/td><\/tr><\/tbody><\/table><\/figure>\n","protected":false},"excerpt":{"rendered":"<p>INFO S1&nbsp;&#8211;&nbsp;12 octobre 2023 INFORMATION S1 \u00c0 vous tous, sans qui le SNALC n\u2019existerait pas, nous vous adressons nos chaleureux et sinc\u00e8res remerciements. Votre engagement, fid\u00e8le \u00e0 notre conception de [&hellip;]<\/p>\n","protected":false},"author":1,"featured_media":0,"comment_status":"closed","ping_status":"closed","sticky":false,"template":"","format":"standard","meta":{"_lmt_disableupdate":"","_lmt_disable":"","site-sidebar-layout":"default","site-content-layout":"","ast-site-content-layout":"default","site-content-style":"default","site-sidebar-style":"default","ast-global-header-display":"","ast-banner-title-visibility":"","ast-main-header-display":"","ast-hfb-above-header-display":"","ast-hfb-below-header-display":"","ast-hfb-mobile-header-display":"","site-post-title":"","ast-breadcrumbs-content":"","ast-featured-img":"","footer-sml-layout":"","ast-disable-related-posts":"","theme-transparent-header-meta":"","adv-header-id-meta":"","stick-header-meta":"","header-above-stick-meta":"","header-main-stick-meta":"","header-below-stick-meta":"","astra-migrate-meta-layouts":"set","ast-page-background-enabled":"default","ast-page-background-meta":{"desktop":{"background-color":"var(--ast-global-color-4)","background-image":"","background-repeat":"repeat","background-position":"center center","background-size":"auto","background-attachment":"scroll","background-type":"","background-media":"","overlay-type":"","overlay-color":"","overlay-opacity":"","overlay-gradient":""},"tablet":{"background-color":"","background-image":"","background-repeat":"repeat","background-position":"center center","background-size":"auto","background-attachment":"scroll","background-type":"","background-media":"","overlay-type":"","overlay-color":"","overlay-opacity":"","overlay-gradient":""},"mobile":{"background-color":"","background-image":"","background-repeat":"repeat","background-position":"center center","background-size":"auto","background-attachment":"scroll","background-type":"","background-media":"","overlay-type":"","overlay-color":"","overlay-opacity":"","overlay-gradient":""}},"ast-content-background-meta":{"desktop":{"background-color":"var(--ast-global-color-5)","background-image":"","background-repeat":"repeat","background-position":"center center","background-size":"auto","background-attachment":"scroll","background-type":"","background-media":"","overlay-type":"","overlay-color":"","overlay-opacity":"","overlay-gradient":""},"tablet":{"background-color":"var(--ast-global-color-5)","background-image":"","background-repeat":"repeat","background-position":"center center","background-size":"auto","background-attachment":"scroll","background-type":"","background-media":"","overlay-type":"","overlay-color":"","overlay-opacity":"","overlay-gradient":""},"mobile":{"background-color":"var(--ast-global-color-5)","background-image":"","background-repeat":"repeat","background-position":"center center","background-size":"auto","background-attachment":"scroll","background-type":"","background-media":"","overlay-type":"","overlay-color":"","overlay-opacity":"","overlay-gradient":""}},"footnotes":""},"categories":[38,11],"tags":[],"class_list":["post-2155","post","type-post","status-publish","format-standard","hentry","category-actualites-2023-2024","category-professeurs-2nd-degre"],"modified_by":"slecourtier","_links":{"self":[{"href":"https:\/\/snalc.org\/snalc2023\/index.php?rest_route=\/wp\/v2\/posts\/2155","targetHints":{"allow":["GET"]}}],"collection":[{"href":"https:\/\/snalc.org\/snalc2023\/index.php?rest_route=\/wp\/v2\/posts"}],"about":[{"href":"https:\/\/snalc.org\/snalc2023\/index.php?rest_route=\/wp\/v2\/types\/post"}],"author":[{"embeddable":true,"href":"https:\/\/snalc.org\/snalc2023\/index.php?rest_route=\/wp\/v2\/users\/1"}],"replies":[{"embeddable":true,"href":"https:\/\/snalc.org\/snalc2023\/index.php?rest_route=%2Fwp%2Fv2%2Fcomments&post=2155"}],"version-history":[{"count":1,"href":"https:\/\/snalc.org\/snalc2023\/index.php?rest_route=\/wp\/v2\/posts\/2155\/revisions"}],"predecessor-version":[{"id":2156,"href":"https:\/\/snalc.org\/snalc2023\/index.php?rest_route=\/wp\/v2\/posts\/2155\/revisions\/2156"}],"wp:attachment":[{"href":"https:\/\/snalc.org\/snalc2023\/index.php?rest_route=%2Fwp%2Fv2%2Fmedia&parent=2155"}],"wp:term":[{"taxonomy":"category","embeddable":true,"href":"https:\/\/snalc.org\/snalc2023\/index.php?rest_route=%2Fwp%2Fv2%2Fcategories&post=2155"},{"taxonomy":"post_tag","embeddable":true,"href":"https:\/\/snalc.org\/snalc2023\/index.php?rest_route=%2Fwp%2Fv2%2Ftags&post=2155"}],"curies":[{"name":"wp","href":"https:\/\/api.w.org\/{rel}","templated":true}]}}