{"id":2166,"date":"2023-10-17T19:52:43","date_gmt":"2023-10-17T17:52:43","guid":{"rendered":"https:\/\/snalc.org\/snalc2023\/?p=2166"},"modified":"2023-10-17T19:52:47","modified_gmt":"2023-10-17T17:52:47","slug":"securisation-des-etablissements-et-protection-des-personnels-compte-rendu-du-snalc","status":"publish","type":"post","link":"https:\/\/snalc.org\/snalc2023\/?p=2166","title":{"rendered":"S\u00e9curisation des \u00e9tablissements et protection des personnels : compte rendu du SNALC"},"content":{"rendered":"\n<p><div data-elementor-type=\"single-post\" data-elementor-id=\"205\" class=\"elementor elementor-205 elementor-location-single post-32507 post type-post status-publish format-standard has-post-thumbnail hentry category-climat-scolaire category-conditions-travail-sante category-conditions-materielles-temps-travail category-actualites\"><section class=\"elementor-section elementor-top-section elementor-element elementor-element-4326831a elementor-section-boxed elementor-section-height-default elementor-section-height-default\" data-id=\"4326831a\" data-element_type=\"section\" id=\"top-section\"><div class=\"elementor-container elementor-column-gap-default\"><div class=\"elementor-column elementor-col-50 elementor-top-column elementor-element elementor-element-1adca9f4\" data-id=\"1adca9f4\" data-element_type=\"column\"><div class=\"elementor-widget-wrap elementor-element-populated\"><div class=\"elementor-element elementor-element-57213923 elementor-widget elementor-widget-theme-post-featured-image elementor-widget-image\" data-id=\"57213923\" data-element_type=\"widget\" data-widget_type=\"theme-post-featured-image.default\"> <div class=\"elementor-widget-container\"> <figure class=\"wp-caption\"> <img fetchpriority=\"high\" decoding=\"async\" width=\"722\" height=\"489\" class=\"attachment-full size-full\" src=\"https:\/\/snalc.fr\/wp-content\/uploads\/lycee_istock_vitranc-1197796348.jpg\" alt=\"\"> <figcaption class=\"widget-image-caption wp-caption-text\">\u00a9 istock_vitranc-1197796348<\/figcaption> <\/figure> <\/div> <\/div><div class=\"elementor-element elementor-element-2987e2d0 elementor-widget elementor-widget-theme-post-content\" data-id=\"2987e2d0\" data-element_type=\"widget\" data-widget_type=\"theme-post-content.default\"> <div class=\"elementor-widget-container\"> <div data-elementor-type=\"wp-post\" data-elementor-id=\"32507\" class=\"elementor elementor-32507\"> <section class=\"elementor-section elementor-top-section elementor-element elementor-element-83c390b elementor-section-boxed elementor-section-height-default elementor-section-height-default\" data-id=\"83c390b\" data-element_type=\"section\"> <div class=\"elementor-container elementor-column-gap-default\"> <div class=\"elementor-column elementor-col-100 elementor-top-column elementor-element elementor-element-2177520\" data-id=\"2177520\" data-element_type=\"column\"> <div class=\"elementor-widget-wrap elementor-element-populated\"> <div class=\"elementor-element elementor-element-c22d046 elementor-widget elementor-widget-heading\" data-id=\"c22d046\" data-element_type=\"widget\" data-widget_type=\"heading.default\"> <div class=\"elementor-widget-container\"> <h5 class=\"elementor-heading-title elementor-size-default\">Concertation minist\u00e9rielle<\/h5> <\/div> <\/div> <div class=\"elementor-element elementor-element-849d4d4 elementor-widget elementor-widget-heading\" data-id=\"849d4d4\" data-element_type=\"widget\" data-widget_type=\"heading.default\"> <div class=\"elementor-widget-container\"> <h5 class=\"elementor-heading-title elementor-size-default\">Compte rendu du SNALC<\/h5> <\/div> <\/div> <div class=\"elementor-element elementor-element-3a5bd1d elementor-widget elementor-widget-text-editor\" data-id=\"3a5bd1d\" data-element_type=\"widget\" data-widget_type=\"text-editor.default\"> <div class=\"elementor-widget-container\"> <p><em>En pr\u00e9sence du ministre et des organisations syndicales  repr\u00e9sentatives de l\u2019Education nationale. Le SNALC \u00e9tait repr\u00e9sent\u00e9 par  Jean-R\u00e9mi Girard, pr\u00e9sident national, et Maxime Reppert, vice-pr\u00e9sident.<\/em><\/p> <\/div> <\/div> <\/div> <\/div> <\/div> <\/section> <section class=\"elementor-section elementor-top-section elementor-element elementor-element-a9297ca elementor-section-boxed elementor-section-height-default elementor-section-height-default\" data-id=\"a9297ca\" data-element_type=\"section\"> <div class=\"elementor-container elementor-column-gap-default\"> <div class=\"elementor-column elementor-col-100 elementor-top-column elementor-element elementor-element-ac886d5\" data-id=\"ac886d5\" data-element_type=\"column\"> <div class=\"elementor-widget-wrap elementor-element-populated\"> <div class=\"elementor-element elementor-element-1ad6ae1 elementor-widget elementor-widget-spacer\" data-id=\"1ad6ae1\" data-element_type=\"widget\" data-widget_type=\"spacer.default\"> <div class=\"elementor-widget-container\"> <div class=\"elementor-spacer\"> <div class=\"elementor-spacer-inner\"><\/div> <\/div> <\/div> <\/div> <div class=\"elementor-element elementor-element-b0e5081 elementor-widget elementor-widget-text-editor\" data-id=\"b0e5081\" data-element_type=\"widget\" data-widget_type=\"text-editor.default\"> <div class=\"elementor-widget-container\"> <p>TH\u00c8ME<\/p> <\/div> <\/div> <div class=\"elementor-element elementor-element-a9f0f61 elementor-widget elementor-widget-text-editor\" data-id=\"a9f0f61\" data-element_type=\"widget\" data-widget_type=\"text-editor.default\"> <div class=\"elementor-widget-container\"> <p>Suite \u00e0 l\u2019attaque terroriste ayant caus\u00e9 la mort de notre  coll\u00e8gue Dominique Bernard ainsi que plusieurs bless\u00e9s graves, le  ministre a r\u00e9uni les organisations repr\u00e9sentatives sur les th\u00e8mes de la  s\u00e9curisation des \u00e9tablissements, de la protection des personnels et du  suivi des situations.<\/p> <\/div> <\/div> <\/div> <\/div> <\/div> <\/section> <section class=\"elementor-section elementor-top-section elementor-element elementor-element-d91b655 elementor-section-boxed elementor-section-height-default elementor-section-height-default\" data-id=\"d91b655\" data-element_type=\"section\"> <div class=\"elementor-container elementor-column-gap-default\"> <div class=\"elementor-column elementor-col-100 elementor-top-column elementor-element elementor-element-2a12da0\" data-id=\"2a12da0\" data-element_type=\"column\"> <div class=\"elementor-widget-wrap elementor-element-populated\"> <div class=\"elementor-element elementor-element-67c3772 elementor-widget elementor-widget-spacer\" data-id=\"67c3772\" data-element_type=\"widget\" data-widget_type=\"spacer.default\"> <div class=\"elementor-widget-container\"> <div class=\"elementor-spacer\"> <div class=\"elementor-spacer-inner\"><\/div> <\/div> <\/div> <\/div> <div class=\"elementor-element elementor-element-64f7b65 elementor-widget elementor-widget-text-editor\" data-id=\"64f7b65\" data-element_type=\"widget\" data-widget_type=\"text-editor.default\"> <div class=\"elementor-widget-container\"> <p>L\u2019ESSENTIEL<\/p> <\/div> <\/div> <div class=\"elementor-element elementor-element-32a1846 elementor-widget elementor-widget-text-editor\" data-id=\"32a1846\" data-element_type=\"widget\" data-widget_type=\"text-editor.default\"> <div class=\"elementor-widget-container\"> <ul><li>Le ministre est revenu sur l\u2019organisation de la minute de silence  dans les \u00e9tablissements. L\u2019ensemble des r\u00e9unions institutionnelles  (formations\u2026) seront annul\u00e9es cette semaine pour les professeurs des  \u00e9coles.<\/li><li>Le ministre veut trouver l\u2019\u00e9quilibre entre une meilleure s\u00e9curit\u00e9  des personnels et des \u00e9l\u00e8ves et le fait que les \u00e9tablissements scolaires  ne ressemblent pas \u00e0 des prisons. Une enqu\u00eate sur l\u2019\u00e9tat actuel va \u00eatre  lanc\u00e9e.<\/li><li>Le ministre r\u00e9unira demain les associations des collectivit\u00e9s locales.<\/li><li>Le ministre revient sur la question du suivi des situations, puisque  des signalements avaient \u00e9t\u00e9 faits par les personnels de l\u2019\u00c9ducation  nationale sur la fratrie du meurtrier.<\/li><li>Apr\u00e8s les interventions des organisations syndicales, le ministre  indique la n\u00e9cessit\u00e9 que la voix des personnels puisse \u00eatre prise en  compte dans le diagnostic s\u00e9curit\u00e9 (\u00e0 Arras, \u00e7a n\u2019a pas \u00e9t\u00e9 le cas sur  la question tr\u00e8s concr\u00e8te du parvis devant l\u2019\u00e9tablissement).<\/li><li>Le ministre rappelle que le niveau \u00ab urgence attentats \u00bb \u00e9tait rest\u00e9  4 mois en vigueur apr\u00e8s l\u2019assassinat de Samuel Paty. On ne sait pas  actuellement combien d\u2019\u00e9l\u00e8ves sont \u00ab\u00a0fich\u00e9s S\u00a0\u00bb, mais il devrait \u00eatre  possible de parvenir \u00e0 obtenir cette information.<\/li><\/ul> <\/div> <\/div> <\/div> <\/div> <\/div> <\/section> <section class=\"elementor-section elementor-top-section elementor-element elementor-element-4a81bc3 elementor-section-boxed elementor-section-height-default elementor-section-height-default\" data-id=\"4a81bc3\" data-element_type=\"section\"> <div class=\"elementor-container elementor-column-gap-default\"> <div class=\"elementor-column elementor-col-100 elementor-top-column elementor-element elementor-element-bc73d42\" data-id=\"bc73d42\" data-element_type=\"column\"> <div class=\"elementor-widget-wrap elementor-element-populated\"> <div class=\"elementor-element elementor-element-000fe3e elementor-widget elementor-widget-spacer\" data-id=\"000fe3e\" data-element_type=\"widget\" data-widget_type=\"spacer.default\"> <div class=\"elementor-widget-container\"> <div class=\"elementor-spacer\"> <div class=\"elementor-spacer-inner\"><\/div> <\/div> <\/div> <\/div> <div class=\"elementor-element elementor-element-c58354f elementor-widget elementor-widget-text-editor\" data-id=\"c58354f\" data-element_type=\"widget\" data-widget_type=\"text-editor.default\"> <div class=\"elementor-widget-container\"> <p><strong>LE SNALC A INSIST\u00c9 SUR\u2026<\/strong><\/p> <\/div> <\/div> <div class=\"elementor-element elementor-element-6f9215f elementor-widget elementor-widget-text-editor\" data-id=\"6f9215f\" data-element_type=\"widget\" data-widget_type=\"text-editor.default\"> <div class=\"elementor-widget-container\"> <ul><li>La n\u00e9cessit\u00e9 d\u2019un diagnostic s\u00e9curit\u00e9 propre \u00e0 chaque  \u00e9cole\/\u00e9tablissement, car il n\u2019y a pas une solution unique magique.  L\u2019objectif doit \u00eatre qu\u2019aucun individu ext\u00e9rieur ne doit pouvoir  s\u2019introduire sans \u00eatre identifi\u00e9 en toute s\u00e9curit\u00e9 par un personnel  auparavant. Cela doit \u00eatre une priorit\u00e9 des collectivit\u00e9s locales, comme  le fait que toutes les conditions techniques soient r\u00e9unies pour les  \u00e9vacuations\/confinements (sonorisation en \u00e9tat de marche, etc.).<\/li><li>La mise en \u0153uvre par les collectivit\u00e9s locales de ce qui est demand\u00e9  par la communaut\u00e9 \u00e9ducative de chaque \u00e9tablissement pour sa s\u00e9curit\u00e9  (tourniquets, parking s\u00e9curis\u00e9, \u2026)<\/li><li>Le manque de personnels au sein des \u00e9tablissements (\u00c9tat comme  collectivit\u00e9s). En \u00e9cole primaire, le directeur ne peut \u00eatre partout \u00e0  la fois. Dans le second degr\u00e9, les vies scolaires doivent \u00eatre mieux  pourvues. Le SNALC a demand\u00e9 l\u2019annulation des suppressions de postes  pr\u00e9vues au projet de loi de finances 2024.<\/li><li>Un processus diff\u00e9renci\u00e9 pour l\u2019accueil des personnes ext\u00e9rieures \u00e0  l\u2019\u00e9tablissement par rapport \u00e0 celui des \u00e9l\u00e8ves. Une personne ext\u00e9rieure  doit pouvoir faire l\u2019objet d\u2019un contr\u00f4le selon des modalit\u00e9s  garantissant qu\u2019elle ne s\u2019introduit pas avec un objet dangereux.<\/li><li>La question de la gestion des parents dans le premier degr\u00e9, et de  leur pr\u00e9sence de plus en plus pesante. Le SNALC rappelle qu\u2019il y a  aujourd\u2019hui davantage d\u2019incidents avec l\u2019entourage adulte de l\u2019\u00e9l\u00e8ve  qu\u2019avec l\u2019\u00e9l\u00e8ve lui-m\u00eame dans le premier degr\u00e9 (enqu\u00eate de la DEPP).<\/li><li>La possibilit\u00e9 de faire \u00e9voluer la l\u00e9gislation sur la question de la  fouille des sacs. Il ne s\u2019agit pas de la g\u00e9n\u00e9raliser, mais qu\u2019au moins  un personnel d\u2019un \u00e9tablissement ait le droit de le faire en cas de doute  s\u00e9rieux.<\/li><li>L\u2019absence de solution r\u00e9elle vis-\u00e0-vis des \u00e9l\u00e8ves qui cumulent les  faits graves dans notre syst\u00e8me. Effectivement, au-del\u00e0 d\u2019\u00e9ventuelles  exclusions temporaires ou d\u00e9finitives, nous n\u2019avons pas l\u2019impression que  les signalements aboutissent \u00e0 grand-chose.<\/li><\/ul> <\/div> <\/div> <div class=\"elementor-element elementor-element-8e50c89 elementor-widget elementor-widget-text-editor\" data-id=\"8e50c89\" data-element_type=\"widget\" data-widget_type=\"text-editor.default\"> <div class=\"elementor-widget-container\"> <p>Le SNALC est \u00e9galement revenu sur l\u2019organisation de la minute  de silence lundi 16 octobre, et a indiqu\u00e9 qu\u2019il fallait reconna\u00eetre le  travail demand\u00e9 au professeur des \u00e9coles par une diminution de 2h des  APC cette ann\u00e9e. De m\u00eame, il exige l\u2019ouverture de proc\u00e9dures \u00e0 chaque  fois que les 2 heures n\u2019ont pas \u00e9t\u00e9 accord\u00e9es dans le second degr\u00e9.<\/p> <\/div> <\/div> <\/div> <\/div> <\/div> <\/section> <section class=\"elementor-section elementor-top-section elementor-element elementor-element-fda6073 elementor-section-boxed elementor-section-height-default elementor-section-height-default\" data-id=\"fda6073\" data-element_type=\"section\"> <div class=\"elementor-container elementor-column-gap-default\"> <div class=\"elementor-column elementor-col-100 elementor-top-column elementor-element elementor-element-fcc4d1d\" data-id=\"fcc4d1d\" data-element_type=\"column\"> <div class=\"elementor-widget-wrap elementor-element-populated\"> <div class=\"elementor-element elementor-element-18a5f63 elementor-widget elementor-widget-spacer\" data-id=\"18a5f63\" data-element_type=\"widget\" data-widget_type=\"spacer.default\"> <div class=\"elementor-widget-container\"> <div class=\"elementor-spacer\"> <div class=\"elementor-spacer-inner\"><\/div> <\/div> <\/div> <\/div> <div class=\"elementor-element elementor-element-1ebe09f elementor-widget elementor-widget-text-editor\" data-id=\"1ebe09f\" data-element_type=\"widget\" data-widget_type=\"text-editor.default\"> <div class=\"elementor-widget-container\"> <p>L\u2019AVIS DU SNALC<\/p> <\/div> <\/div> <div class=\"elementor-element elementor-element-4cbbb29 elementor-widget elementor-widget-text-editor\" data-id=\"4cbbb29\" data-element_type=\"widget\" data-widget_type=\"text-editor.default\"> <div class=\"elementor-widget-container\"> <p><strong>Depuis 3 ans, qu\u2019est-ce qui a chang\u00e9 ? Pas  grand-chose. On a am\u00e9lior\u00e9 l\u2019acc\u00e8s \u00e0 la protection fonctionnelle.  Certaines s\u00e9curisations ont pu \u00eatre faites par certaines collectivit\u00e9s,  mais il n\u2019y a pas eu de r\u00e9elle \u00e9volution \u00e0 l\u2019\u00e9chelle nationale. Le SNALC  propose des pistes concr\u00e8tes, qui n\u00e9cessitent des investissements  mat\u00e9riels et humains, aussi bien de la part de l\u2019\u00c9tat que des  collectivit\u00e9s. On ne se contentera pas des beaux discours faits \u00e0 chaque  fois qu\u2019un personnel est tu\u00e9. Si l\u2019\u00c9cole est une priorit\u00e9, si l\u2019\u00c9cole  est un pilier de notre R\u00e9publique, alors l\u2019\u00c9cole doit \u00eatre un point de  consensus national entre l\u2019\u00c9tat et les collectivit\u00e9s, prot\u00e9g\u00e9 des  bisbilles politiques.<\/strong><\/p> <p><strong>De m\u00eame, il doit y avoir un travail sur la circulation de  l\u2019information et la gestion des remont\u00e9es (le SNALC a apport\u00e9 des  exemples concrets). Un personnel ne sait souvent pas ce que son alerte  devient, si elle a un effet, et surtout si elle permet une vigilance sur  le long terme.<\/strong><\/p> <p><strong>Enfin, sur la question de l\u2019auto-censure, le SNALC demande  que l\u2019on profite de l\u2019enqu\u00eate qui va \u00eatre lanc\u00e9e \u00e0 destination de tous  les professeurs dans les prochains jours pour interroger avec pr\u00e9cision  sur ce point, afin d\u2019objectiver la nature et l\u2019ampleur du ph\u00e9nom\u00e8ne.<\/strong><\/p> <\/div> <\/div> <\/div> <\/div> <\/div> <\/section> <section class=\"elementor-section elementor-top-section elementor-element elementor-element-828cc71 elementor-section-boxed elementor-section-height-default elementor-section-height-default\" data-id=\"828cc71\" data-element_type=\"section\"> <div class=\"elementor-container elementor-column-gap-default\"> <div class=\"elementor-column elementor-col-100 elementor-top-column elementor-element elementor-element-8000298\" data-id=\"8000298\" data-element_type=\"column\"> <div class=\"elementor-widget-wrap elementor-element-populated\"> <div class=\"elementor-element elementor-element-f08d47b elementor-align-center elementor-widget elementor-widget-button\" data-id=\"f08d47b\" data-element_type=\"widget\" data-widget_type=\"button.default\"> <div class=\"elementor-widget-container\"> <div class=\"elementor-button-wrapper\"> <a class=\"elementor-button-link elementor-button elementor-size-sm\" role=\"button\" href=\"https:\/\/snalc.fr\/wp-content\/uploads\/SNALC_CR_Securisation_protection_20231017.pdf\"> <span class=\"elementor-button-content-wrapper\"> <span class=\"elementor-button-icon elementor-align-icon-left\"> <i aria-hidden=\"true\" class=\"fas fa-file-download\"><\/i> <\/span> <span class=\"elementor-button-text\">T\u00e9l\u00e9charger le compte rendu<\/span> <\/span> <\/a> <\/div> <\/div> <\/div> <\/div> <\/div> <\/div> <\/section> <\/div> <\/div> <\/div><\/div><\/div><\/div><\/section><\/div> <\/p>\n","protected":false},"excerpt":{"rendered":"<p>\u00a9 istock_vitranc-1197796348 Concertation minist\u00e9rielle Compte rendu du SNALC En pr\u00e9sence du ministre et des organisations syndicales repr\u00e9sentatives de l\u2019Education nationale. Le SNALC \u00e9tait repr\u00e9sent\u00e9 par Jean-R\u00e9mi Girard, pr\u00e9sident national, et [&hellip;]<\/p>\n","protected":false},"author":1,"featured_media":0,"comment_status":"closed","ping_status":"closed","sticky":false,"template":"","format":"standard","meta":{"_lmt_disableupdate":"","_lmt_disable":"","site-sidebar-layout":"default","site-content-layout":"","ast-site-content-layout":"default","site-content-style":"default","site-sidebar-style":"default","ast-global-header-display":"","ast-banner-title-visibility":"","ast-main-header-display":"","ast-hfb-above-header-display":"","ast-hfb-below-header-display":"","ast-hfb-mobile-header-display":"","site-post-title":"","ast-breadcrumbs-content":"","ast-featured-img":"","footer-sml-layout":"","ast-disable-related-posts":"","theme-transparent-header-meta":"","adv-header-id-meta":"","stick-header-meta":"","header-above-stick-meta":"","header-main-stick-meta":"","header-below-stick-meta":"","astra-migrate-meta-layouts":"set","ast-page-background-enabled":"default","ast-page-background-meta":{"desktop":{"background-color":"var(--ast-global-color-4)","background-image":"","background-repeat":"repeat","background-position":"center center","background-size":"auto","background-attachment":"scroll","background-type":"","background-media":"","overlay-type":"","overlay-color":"","overlay-opacity":"","overlay-gradient":""},"tablet":{"background-color":"","background-image":"","background-repeat":"repeat","background-position":"center center","background-size":"auto","background-attachment":"scroll","background-type":"","background-media":"","overlay-type":"","overlay-color":"","overlay-opacity":"","overlay-gradient":""},"mobile":{"background-color":"","background-image":"","background-repeat":"repeat","background-position":"center center","background-size":"auto","background-attachment":"scroll","background-type":"","background-media":"","overlay-type":"","overlay-color":"","overlay-opacity":"","overlay-gradient":""}},"ast-content-background-meta":{"desktop":{"background-color":"var(--ast-global-color-5)","background-image":"","background-repeat":"repeat","background-position":"center center","background-size":"auto","background-attachment":"scroll","background-type":"","background-media":"","overlay-type":"","overlay-color":"","overlay-opacity":"","overlay-gradient":""},"tablet":{"background-color":"var(--ast-global-color-5)","background-image":"","background-repeat":"repeat","background-position":"center center","background-size":"auto","background-attachment":"scroll","background-type":"","background-media":"","overlay-type":"","overlay-color":"","overlay-opacity":"","overlay-gradient":""},"mobile":{"background-color":"var(--ast-global-color-5)","background-image":"","background-repeat":"repeat","background-position":"center center","background-size":"auto","background-attachment":"scroll","background-type":"","background-media":"","overlay-type":"","overlay-color":"","overlay-opacity":"","overlay-gradient":""}},"footnotes":""},"categories":[38],"tags":[],"class_list":["post-2166","post","type-post","status-publish","format-standard","hentry","category-actualites-2023-2024"],"modified_by":"slecourtier","_links":{"self":[{"href":"https:\/\/snalc.org\/snalc2023\/index.php?rest_route=\/wp\/v2\/posts\/2166","targetHints":{"allow":["GET"]}}],"collection":[{"href":"https:\/\/snalc.org\/snalc2023\/index.php?rest_route=\/wp\/v2\/posts"}],"about":[{"href":"https:\/\/snalc.org\/snalc2023\/index.php?rest_route=\/wp\/v2\/types\/post"}],"author":[{"embeddable":true,"href":"https:\/\/snalc.org\/snalc2023\/index.php?rest_route=\/wp\/v2\/users\/1"}],"replies":[{"embeddable":true,"href":"https:\/\/snalc.org\/snalc2023\/index.php?rest_route=%2Fwp%2Fv2%2Fcomments&post=2166"}],"version-history":[{"count":1,"href":"https:\/\/snalc.org\/snalc2023\/index.php?rest_route=\/wp\/v2\/posts\/2166\/revisions"}],"predecessor-version":[{"id":2167,"href":"https:\/\/snalc.org\/snalc2023\/index.php?rest_route=\/wp\/v2\/posts\/2166\/revisions\/2167"}],"wp:attachment":[{"href":"https:\/\/snalc.org\/snalc2023\/index.php?rest_route=%2Fwp%2Fv2%2Fmedia&parent=2166"}],"wp:term":[{"taxonomy":"category","embeddable":true,"href":"https:\/\/snalc.org\/snalc2023\/index.php?rest_route=%2Fwp%2Fv2%2Fcategories&post=2166"},{"taxonomy":"post_tag","embeddable":true,"href":"https:\/\/snalc.org\/snalc2023\/index.php?rest_route=%2Fwp%2Fv2%2Ftags&post=2166"}],"curies":[{"name":"wp","href":"https:\/\/api.w.org\/{rel}","templated":true}]}}