{"id":2183,"date":"2023-10-20T11:54:05","date_gmt":"2023-10-20T09:54:05","guid":{"rendered":"https:\/\/snalc.org\/snalc2023\/?p=2183"},"modified":"2023-11-05T10:44:23","modified_gmt":"2023-11-05T09:44:23","slug":"mouvement-inter-academique-1er-et-2nd-degre-cpe-psyen-enseignants","status":"publish","type":"post","link":"https:\/\/snalc.org\/snalc2023\/?p=2183","title":{"rendered":"Mouvement inter-acad\u00e9mique 1er et 2nd degr\u00e9 (CPE, PsyEn, Enseignants)"},"content":{"rendered":"\n<p class=\"has-text-align-center has-luminous-vivid-orange-color has-text-color\"><strong>Laisser vous guider par notre \u00e9quipe exp\u00e9riment\u00e9e<\/strong><\/p>\n\n\n\n<hr class=\"wp-block-separator has-alpha-channel-opacity\"\/>\n\n\n\n<p class=\"has-vivid-red-color has-text-color\"><strong>1er degr\u00e9<\/strong><\/p>\n\n\n\n<p><a href=\"https:\/\/www.education.gouv.fr\/mutation-des-personnels-enseignants-du-premier-degre-5498\">https:\/\/www.education.gouv.fr\/mutation-des-personnels-enseignants-du-premier-degre-5498<\/a><\/p>\n\n\n\n<h6 class=\"wp-block-heading\" id=\"edugouv-summary-item-1\">Saisie de vos v\u0153ux<\/h6>\n\n\n\n<p>Vous pouvez saisir vos v\u0153ux sur SIAM (Syst\u00e8me d&rsquo;information et d&rsquo;aide pour les mutations), accessible par l&rsquo;<a href=\"https:\/\/www.education.gouv.fr\/i-prof-l-assistant-carriere-12194\" target=\"_blank\" rel=\"noreferrer noopener\">application web I-Prof<\/a>, \u00e0 compter du <strong>mercredi 8 novembre 2023<\/strong>&nbsp;\u00e0 12h (heure de Paris) et jusqu&rsquo;au <strong>mercredi 29 novembre 2023<\/strong> \u00e0 12h (heure de Paris).<\/p>\n\n\n\n<p>Le bar\u00e8me apparaissant lors de la saisie de vos v\u0153ux correspond aux informations que vous avez d\u00e9clar\u00e9es et n\u2019a qu\u2019un caract\u00e8re indicatif.<\/p>\n\n\n\n<p>Pour \u00eatre inform\u00e9, dans les plus brefs d\u00e9lais, du r\u00e9sultat de votre demande de mutation, vous pouvez, lors de la saisie des v\u0153ux, communiquer votre num\u00e9ro de t\u00e9l\u00e9phone portable.<\/p>\n\n\n\n<p>Il ne sera fait aucun autre usage de votre num\u00e9ro de t\u00e9l\u00e9phone.<\/p>\n\n\n\n<p><strong>Attention<\/strong> :&nbsp;Les collectivit\u00e9s d&rsquo;outre-mer : la Nouvelle-Cal\u00e9donie, la Polyn\u00e9sie fran\u00e7aise, Wallis et Futuna, ne sont pas concern\u00e9es par ce mouvement et ob\u00e9issent \u00e0 des modalit\u00e9s diff\u00e9rentes. Retrouvez toutes les informations sur le <a href=\"https:\/\/www.education.gouv.fr\/detachement-des-personnels-enseignants-d-education-et-d-orientation-informations-generales-siad-8171\">d\u00e9tachement des personnels enseignants, d&rsquo;\u00e9ducation et d&rsquo;orientation (SIAD)<\/a> et l&rsquo;<a href=\"https:\/\/www.education.gouv.fr\/personnels-enseignants-du-premier-degre-affectation-des-personnels-enseignants-dans-les-305649\">affectation des personnels enseignants dans les collectivit\u00e9s d&rsquo;Outre-Mer (SIAT)<\/a>.<\/p>\n\n\n\n<p><strong>Le mouvement sur postes \u00e0 profil (POP)<\/strong><\/p>\n\n\n\n<p>Dans le cadre de l\u2019exp\u00e9rimentation d\u2019un mouvement national sur postes \u00e0 profil, le mouvement POP, les enseignants peuvent candidater sur un ou plusieurs postes propos\u00e9s dans la limite de 6 v\u0153ux.<\/p>\n\n\n\n<p>Ce dispositif POP propose des postes qui requi\u00e8rent des comp\u00e9tences et aptitudes particuli\u00e8res en lien avec le projet d\u2019\u00e9cole, les caract\u00e9ristiques territoriales ou avec les missions du poste. Les affectations sur POP se font hors bar\u00e8me.<\/p>\n\n\n\n<p>L&rsquo;affectation sur un PoP implique une stabilit\u00e9 de trois ans sur le poste.<\/p>\n\n\n\n<p>Vous pouvez consulter les postes propos\u00e9s et formuler une candidature en vous connectant \u00e0 SIAM depuis votre espace I-Prof.<\/p>\n\n\n\n<p><a href=\"https:\/\/www.education.gouv.fr\/le-mouvement-postes-profil-pop-325592\" target=\"_blank\" rel=\"noreferrer noopener\">En savoir plus<\/a><\/p>\n\n\n\n<hr class=\"wp-block-separator has-alpha-channel-opacity\"\/>\n\n\n\n<p class=\"has-vivid-red-color has-text-color\"><strong>2nd degr\u00e9<\/strong><\/p>\n\n\n\n<p><a href=\"https:\/\/www.education.gouv.fr\/mutation-des-personnels-du-second-degre-siam-phase-interacademique-3218\">https:\/\/www.education.gouv.fr\/mutation-des-personnels-du-second-degre-siam-phase-interacademique-3218<\/a><\/p>\n\n\n\n<p><strong>Mobilit\u00e9 2024 : le calendrier des \u00e9tapes<\/strong><\/p>\n\n\n\n<ul class=\"wp-block-list\">\n<li><strong>8 novembre 2023&nbsp;midi&nbsp;(<\/strong>heure de Paris)<strong> au 29 novembre&nbsp;midi<\/strong>&nbsp;(heure de Paris) : saisissez vos v\u0153ux (31 au maximum) pour des acad\u00e9mies ou pour les mouvements sp\u00e9cifiques (15 au maximum)<\/li>\n\n\n\n<li><strong>\u00c0 partir du 30 novembre 2023 :<\/strong>&nbsp;T\u00e9l\u00e9charger votre confirmation de demande dans l\u2019application SIAM. La confirmation doit ensuite \u00eatre d\u00e9pos\u00e9e directement dans le menu d\u00e9di\u00e9 de&nbsp;SIAM&nbsp;ou, si votre acad\u00e9mie n&rsquo;a pas mis en place la d\u00e9mat\u00e9rialisation du processus, doit \u00eatre transmise sign\u00e9e \u00e0 votre chef d\u2019\u00e9tablissement avec les pi\u00e8ces justificatives. Nous vous invitons \u00e0 consulter les modalit\u00e9s de d\u00e9p\u00f4t et les dates fix\u00e9es&nbsp;par votre recteur.<\/li>\n\n\n\n<li><strong>Novembre 2023<\/strong> : constituez votre dossier justifiant votre situation de handicap, respectez les d\u00e9lais fix\u00e9s par le recteur.<\/li>\n\n\n\n<li><strong>Janvier 2024<\/strong> : consultez votre bar\u00e8me et, en cas de d\u00e9saccord, contactez au plus vite votre rectorat<\/li>\n\n\n\n<li><strong>9 f\u00e9vrier 2024 minuit (<\/strong>heure de Paris)&nbsp;: date limite pour envoyer une demande tardive de participation ou d&rsquo;annulation<\/li>\n\n\n\n<li><strong>6 mars 2024<\/strong> : prenez connaissance du r\u00e9sultat de votre demande de mutation sur I-Prof.<\/li>\n<\/ul>\n\n\n\n<p><a href=\"https:\/\/www.education.gouv.fr\/mutation-des-personnels-du-second-degre-siam-phase-interacademique-3218#edugouv-summary-item-0\">Consultez le d\u00e9tail des \u00e9tapes<\/a><\/p>\n\n\n\n<p><strong>Le mouvement sur postes \u00e0 profil (POP)<\/strong><\/p>\n\n\n\n<p>Dans le cadre de l\u2019exp\u00e9rimentation d\u2019un mouvement national sur postes \u00e0 profil, le mouvement POP, les enseignants peuvent candidater sur un ou plusieurs postes propos\u00e9s.<\/p>\n\n\n\n<p>Ce dispositif POP propose des postes qui requi\u00e8rent des comp\u00e9tences et aptitudes particuli\u00e8res en lien avec le projet de l\u2019\u00e9tablissement, les caract\u00e9ristiques territoriales ou avec les missions du poste. Les affectations sur POP se font hors bar\u00e8me.<\/p>\n\n\n\n<p>Vous pouvez consulter les postes propos\u00e9s et formuler une candidature en vous connectant \u00e0 SIAM depuis votre espace I-Prof. Les fiches de postes sont consultables sur la page minist\u00e9rielle d\u00e9di\u00e9e.<\/p>\n\n\n\n<p><a rel=\"noreferrer noopener\" href=\"https:\/\/www.education.gouv.fr\/le-mouvement-postes-profil-pop-325592\" target=\"_blank\">En savoir plus<\/a><\/p>\n\n\n\n<hr class=\"wp-block-separator has-alpha-channel-opacity\"\/>\n\n\n\n<p class=\"has-vivid-red-color has-text-color\"><strong>Comparateur de mobilit\u00e9 (\u00e0 prendre avec pr\u00e9caution)!<\/strong><\/p>\n\n\n\n<p><a href=\"https:\/\/info-mutations.phm.education.gouv.fr\/sirh-cmpmo-front\/\">https:\/\/info-mutations.phm.education.gouv.fr\/sirh-cmpmo-front\/<\/a><\/p>\n\n\n\n<hr class=\"wp-block-separator has-alpha-channel-opacity\"\/>\n\n\n\n<p class=\"has-text-align-center\">06 83 51 36 08 ou 07 85 82 30 69 &#8211; <a href=\"mailto:mutation.am@snalc.org\">mutation.am@snalc.org<\/a> <\/p>\n","protected":false},"excerpt":{"rendered":"<p>Laisser vous guider par notre \u00e9quipe exp\u00e9riment\u00e9e 1er degr\u00e9 https:\/\/www.education.gouv.fr\/mutation-des-personnels-enseignants-du-premier-degre-5498 Saisie de vos v\u0153ux Vous pouvez saisir vos v\u0153ux sur SIAM (Syst\u00e8me d&rsquo;information et d&rsquo;aide pour les mutations), accessible par [&hellip;]<\/p>\n","protected":false},"author":1,"featured_media":0,"comment_status":"closed","ping_status":"closed","sticky":false,"template":"","format":"standard","meta":{"_lmt_disableupdate":"no","_lmt_disable":"","site-sidebar-layout":"default","site-content-layout":"","ast-site-content-layout":"default","site-content-style":"default","site-sidebar-style":"default","ast-global-header-display":"","ast-banner-title-visibility":"","ast-main-header-display":"","ast-hfb-above-header-display":"","ast-hfb-below-header-display":"","ast-hfb-mobile-header-display":"","site-post-title":"","ast-breadcrumbs-content":"","ast-featured-img":"","footer-sml-layout":"","ast-disable-related-posts":"","theme-transparent-header-meta":"","adv-header-id-meta":"","stick-header-meta":"","header-above-stick-meta":"","header-main-stick-meta":"","header-below-stick-meta":"","astra-migrate-meta-layouts":"set","ast-page-background-enabled":"default","ast-page-background-meta":{"desktop":{"background-color":"var(--ast-global-color-4)","background-image":"","background-repeat":"repeat","background-position":"center center","background-size":"auto","background-attachment":"scroll","background-type":"","background-media":"","overlay-type":"","overlay-color":"","overlay-opacity":"","overlay-gradient":""},"tablet":{"background-color":"","background-image":"","background-repeat":"repeat","background-position":"center center","background-size":"auto","background-attachment":"scroll","background-type":"","background-media":"","overlay-type":"","overlay-color":"","overlay-opacity":"","overlay-gradient":""},"mobile":{"background-color":"","background-image":"","background-repeat":"repeat","background-position":"center center","background-size":"auto","background-attachment":"scroll","background-type":"","background-media":"","overlay-type":"","overlay-color":"","overlay-opacity":"","overlay-gradient":""}},"ast-content-background-meta":{"desktop":{"background-color":"var(--ast-global-color-5)","background-image":"","background-repeat":"repeat","background-position":"center center","background-size":"auto","background-attachment":"scroll","background-type":"","background-media":"","overlay-type":"","overlay-color":"","overlay-opacity":"","overlay-gradient":""},"tablet":{"background-color":"var(--ast-global-color-5)","background-image":"","background-repeat":"repeat","background-position":"center center","background-size":"auto","background-attachment":"scroll","background-type":"","background-media":"","overlay-type":"","overlay-color":"","overlay-opacity":"","overlay-gradient":""},"mobile":{"background-color":"var(--ast-global-color-5)","background-image":"","background-repeat":"repeat","background-position":"center center","background-size":"auto","background-attachment":"scroll","background-type":"","background-media":"","overlay-type":"","overlay-color":"","overlay-opacity":"","overlay-gradient":""}},"footnotes":""},"categories":[38,8],"tags":[],"class_list":["post-2183","post","type-post","status-publish","format-standard","hentry","category-actualites-2023-2024","category-inter-academique"],"modified_by":"slecourtier","_links":{"self":[{"href":"https:\/\/snalc.org\/snalc2023\/index.php?rest_route=\/wp\/v2\/posts\/2183","targetHints":{"allow":["GET"]}}],"collection":[{"href":"https:\/\/snalc.org\/snalc2023\/index.php?rest_route=\/wp\/v2\/posts"}],"about":[{"href":"https:\/\/snalc.org\/snalc2023\/index.php?rest_route=\/wp\/v2\/types\/post"}],"author":[{"embeddable":true,"href":"https:\/\/snalc.org\/snalc2023\/index.php?rest_route=\/wp\/v2\/users\/1"}],"replies":[{"embeddable":true,"href":"https:\/\/snalc.org\/snalc2023\/index.php?rest_route=%2Fwp%2Fv2%2Fcomments&post=2183"}],"version-history":[{"count":4,"href":"https:\/\/snalc.org\/snalc2023\/index.php?rest_route=\/wp\/v2\/posts\/2183\/revisions"}],"predecessor-version":[{"id":2280,"href":"https:\/\/snalc.org\/snalc2023\/index.php?rest_route=\/wp\/v2\/posts\/2183\/revisions\/2280"}],"wp:attachment":[{"href":"https:\/\/snalc.org\/snalc2023\/index.php?rest_route=%2Fwp%2Fv2%2Fmedia&parent=2183"}],"wp:term":[{"taxonomy":"category","embeddable":true,"href":"https:\/\/snalc.org\/snalc2023\/index.php?rest_route=%2Fwp%2Fv2%2Fcategories&post=2183"},{"taxonomy":"post_tag","embeddable":true,"href":"https:\/\/snalc.org\/snalc2023\/index.php?rest_route=%2Fwp%2Fv2%2Ftags&post=2183"}],"curies":[{"name":"wp","href":"https:\/\/api.w.org\/{rel}","templated":true}]}}