{"id":2191,"date":"2023-10-23T21:52:06","date_gmt":"2023-10-23T19:52:06","guid":{"rendered":"https:\/\/snalc.org\/snalc2023\/?p=2191"},"modified":"2023-10-23T21:52:09","modified_gmt":"2023-10-23T19:52:09","slug":"francebleu-lecole-au-centre-des-preoccupations","status":"publish","type":"post","link":"https:\/\/snalc.org\/snalc2023\/?p=2191","title":{"rendered":"francebleu \u2013 L\u2019\u00e9cole au centre des pr\u00e9occupations"},"content":{"rendered":"\n<ul class=\"wp-block-list\">\n<li><a href=\"https:\/\/snalc.fr\/category\/actualites\/\"><\/a><\/li>\n<\/ul>\n\n\n\n<figure class=\"wp-block-image\"><img decoding=\"async\" src=\"https:\/\/snalc.fr\/wp-content\/uploads\/Photo-micro-FB-studio2022.jpg\" alt=\"\"\/><\/figure>\n\n\n\n<p>\u00ab &#8230;en un mot pour r\u00e9sumer o\u00f9 en sont les personnels de l&rsquo;\u00c9ducation nationale : ils sont \u00e9puis\u00e9s. Tr\u00e8s clairement \u00e9puis\u00e9s physiquement et \u00e9videmment \u00e9puis\u00e9s psychologiquement, la p\u00e9riode est dure. \u00bb<\/p>\n\n\n\n<figure class=\"wp-block-image\"><img decoding=\"async\" src=\"https:\/\/snalc.fr\/wp-content\/uploads\/SNALC-congres-Strasbourg-mai-2023-Photo-Philippe-Sautier-3-e1686317689865.jpg\" alt=\"\"\/><\/figure>\n\n\n\n<p>Jean-R\u00e9mi GIRARD<\/p>\n\n\n\n<p>Pr\u00e9sident du SNALC<\/p>\n\n\n\n<p>La s\u00e9curit\u00e9 est renforc\u00e9e dans les \u00e9coles. <strong>Jean-R\u00e9mi Girard, professeur et pr\u00e9sident du SNALC,<\/strong> est revenu sur les propos du ministre de l\u2019Education nationale Gabriel Attal hier soir sur <a href=\"https:\/\/www.francebleu.fr\/emissions\/ma-france\/tempete-dans-les-alpes-maritimes-l-ecole-au-centre-des-preoccupations-cout-de-l-energie-6899559\">francebleu<\/a> le 20 octobre 2023.<\/p>\n\n\n\n<p><strong>francebleu \u2013 Wendy BOUCHARD<\/strong><\/p>\n\n\n\n<p>On reparle de l\u2019\u00e9cole au c\u0153ur des \u00e9v\u00e9nements avec notre invit\u00e9, \u00e9galement professeur de fran\u00e7ais. Bonjour Jean-R\u00e9mi Girard, vous \u00eates pr\u00e9sident du SNALC, syndicat national des lyc\u00e9es, des coll\u00e8ges, des \u00e9coles et du sup\u00e9rieur. Comment allez-vous d\u2019abord aujourd\u2019hui ?<\/p>\n\n\n\n<p><strong>SNALC \u2013 Jean-R\u00e9mi GIRARD<\/strong><\/p>\n\n\n\n<p>Je vais bien, mais en un mot pour r\u00e9sumer o\u00f9 en sont les personnels de l\u2019\u00c9ducation nationale: ils sont \u00e9puis\u00e9s. Tr\u00e8s clairement \u00e9puis\u00e9s physiquement et \u00e9videmment \u00e9puis\u00e9s psychologiquement, la p\u00e9riode est dure.&nbsp;<\/p>\n\n\n\n<p><strong>francebleu \u2013&nbsp;<\/strong><strong>Wendy BOUCHARD<\/strong><\/p>\n\n\n\n<p>Il est temps que les vacances de la Toussaint arrivent, c\u2019est ce soir. On entendait que les alertes \u00e0 la bombe \u2013 mais on va en reparler \u2013 ont perturb\u00e9 un certain nombre de cours. Dans le Val-de-Marne, des lyc\u00e9es ont souhait\u00e9 plut\u00f4t administrer ces cours \u00e0 distance. Est-ce que ce temps des vacances va \u00eatre aussi un temps d\u2019\u00e9changes, de r\u00e9flexion, notamment de la part des syndicats, \u00e9videmment ?<\/p>\n\n\n\n<p><strong>SNALC \u2013&nbsp;<\/strong><strong>Jean-R\u00e9mi GIRARD<\/strong><\/p>\n\n\n\n<p>On va \u00e9videmment r\u00e9fl\u00e9chir \u00e0 ce qui se passe. On a vu le ministre Gabriel Attal avant-hier. Il est probable qu\u2019il y ait un suivi de toute fa\u00e7on sur toutes ces affaires, sur tout ce qui est en train de se passer \u00e0 l\u2019\u00c9ducation nationale, sur les suites de l\u2019assassinat de notre coll\u00e8gue, sur toutes ces alertes \u00e0 la bombe, sur ce climat global qui est quand m\u00eame extr\u00eamement tendu.<\/p>\n\n\n\n<p><strong>francebleu \u2013&nbsp;<\/strong><strong>Wendy BOUCHARD<\/strong><\/p>\n\n\n\n<p>C\u2019est-\u00e0-dire, allez-vous vous rencontrer avec le ministre de l\u2019\u00c9ducation nationale dans les jours qui viennent ?<\/p>\n\n\n\n<p><strong>SNALC \u2013&nbsp;<\/strong><strong>Jean-R\u00e9mi GIRARD<\/strong><\/p>\n\n\n\n<p>On verra, c\u2019est une possibilit\u00e9 en tous les cas, avec son cabinet et avec le minist\u00e8re. Je crois que ces vacances, il faut aussi que ce soit un moment de repos pour tout le monde, parce que l\u00e0, on en a tous et toutes besoin.<\/p>\n\n\n\n<p><strong>francebleu \u2013&nbsp;<\/strong><strong>Wendy BOUCHARD<\/strong><\/p>\n\n\n\n<p>C\u2019\u00e9tait il y a une semaine, tout juste votre coll\u00e8gue Dominique Bernard a \u00e9t\u00e9 poignard\u00e9 \u00e0 mort par l\u2019un de ses anciens \u00e9l\u00e8ves du lyc\u00e9e Carnot Gambetta \u00e0 Arras. L\u2019\u00e9l\u00e8ve \u00e9tait radicalis\u00e9 et fich\u00e9 S. La s\u00e9curit\u00e9, on le sait, autour des \u00e9coles, a \u00e9t\u00e9 renforc\u00e9e. Hier, vous le citiez, Gabriel Attal, ministre de l\u2019\u00c9ducation nationale, s\u2019est exprim\u00e9 sur France 2, notamment au sujet de ses \u00e9l\u00e8ves radicalis\u00e9s.<\/p>\n\n\n\n<p>[\u2026]<\/p>\n\n\n\n<p><strong>francebleu \u2013&nbsp;<\/strong><strong>Wendy BOUCHARD<\/strong><\/p>\n\n\n\n<p>Sortir les \u00e9l\u00e8ves radicalis\u00e9s de l\u2019\u00e9cole, c\u2019est une mesure forte que vous soutenez, Jean-R\u00e9mi Girard, avec le SNALC ?<\/p>\n\n\n\n<p><strong>SNALC \u2013&nbsp;<\/strong><strong>Jean-R\u00e9mi GIRARD<\/strong><\/p>\n\n\n\n<p>Oui, je crois que c\u2019est quasiment mot pour mot ce que j\u2019ai dit avant-hier \u00e0 Gabriel Attal, lors de la <a href=\"https:\/\/snalc.fr\/securisation-des-etablissements-et-protection-des-personnels-cr-snalc\/\" target=\"_blank\" rel=\"noreferrer noopener\">r\u00e9union<\/a> que nous avons eue avant-hier matin. Lorsqu\u2019il y a effectivement des \u00e9l\u00e8ves qui sont signal\u00e9s au niveau du minist\u00e8re de l\u2019Int\u00e9rieur, qui ont fait l\u2019objet de plusieurs signalements, qui ont peut-\u00eatre d\u00e9j\u00e0 \u00e9t\u00e9 exclus, \u00e0 un moment, la solution \u00e9ducative dans nos \u00e9coles devient inop\u00e9rante. Cela signifie que l\u2019on lutte contre quelque chose qui rel\u00e8ve parfois du lavage de cerveau, et que le syst\u00e8me \u00e9ducatif, \u00e0 un certain moment, n\u2019a plus les moyens, dans le cadre d\u2019un coll\u00e8ge, d\u2019un lyc\u00e9e, ou m\u00eame d\u2019une \u00e9cole primaire classique, de g\u00e9rer ces \u00e9l\u00e8ves. Il est donc imp\u00e9ratif de construire d\u2019autres solutions, des structures, des \u00e9tablissements avec un soutien psychologique et psychiatrique.<\/p>\n\n\n\n<p><strong>francebleu \u2013&nbsp;<\/strong><strong>Wendy BOUCHARD<\/strong><\/p>\n\n\n\n<p>Ces \u00e9l\u00e8ves, on les retire, on ne les met pas dans la rue, on les place ailleurs ?<\/p>\n\n\n\n<p><strong>SNALC \u2013&nbsp;<\/strong><strong>Jean-R\u00e9mi GIRARD<\/strong><\/p>\n\n\n\n<p>Bien s\u00fbr. De toute fa\u00e7on, il est interdit de les mettre dans la rue, car il y a des lois en place. Nous n\u2019avons pas le droit de les d\u00e9scolariser, car la scolarit\u00e9 est obligatoire jusqu\u2019\u00e0 l\u2019\u00e2ge de 16 ans ; et de 16 \u00e0 18 ans, il faut leur trouver une solution. Maintenant, la protection, non seulement des personnels, mais aussi des autres \u00e9l\u00e8ves de l\u2019\u00e9tablissement qui pourraient \u00eatre attaqu\u00e9s, est absolument primordiale ici.&nbsp;<\/p>\n\n\n\n<p><strong>francebleu \u2013&nbsp;<\/strong><strong>Wendy BOUCHARD<\/strong><\/p>\n\n\n\n<p>Votre ministre Gabriel Attal ajoute que c\u2019est \u00e0 vous, au personnel de l\u2019Education, de signaler les \u00e9l\u00e8ves qui pourraient potentiellement constituer une menace. Est-ce que c\u2019est d\u00e9j\u00e0 le cas, d\u2019abord ? Et comment le fait-on tout en se prot\u00e9geant en tant que professeur ?<\/p>\n\n\n\n<p><strong>SNALC \u2013&nbsp;<\/strong><strong>Jean-R\u00e9mi GIRARD<\/strong><\/p>\n\n\n\n<p>C\u2019est d\u00e9j\u00e0 le cas, cela se fait la grande majorit\u00e9 du temps. Cela avait d\u2019ailleurs \u00e9t\u00e9 fait \u00e0 Arras, il faut quand m\u00eame le rappeler. Il y avait eu deux signalements \u00e0 Arras. L\u00e0, c\u2019\u00e9tait un ancien \u00e9l\u00e8ve, mais effectivement, il \u00e9tait d\u00e9j\u00e0 radicalis\u00e9 lorsqu\u2019il \u00e9tait au lyc\u00e9e.<\/p>\n\n\n\n<p>Effectivement, il y a les signalements que l\u2019on fait au niveau du chef d\u2019\u00e9tablissement, qui doit ensuite les faire remonter. Il y a \u00e9galement les signalements concernant les atteintes \u00e0 la la\u00efcit\u00e9, pour lesquels il existe une plateforme o\u00f9 l\u2019on peut signaler directement, la plateforme <a href=\"https:\/\/www.internet-signalement.gouv.fr\/PharosS1\" target=\"_blank\" rel=\"noreferrer noopener\">Pharos<\/a>.<\/p>\n\n\n\n<p><strong>francebleu \u2013&nbsp;<\/strong><strong>Wendy BOUCHARD<\/strong><\/p>\n\n\n\n<p>Je reviens sur le signalement. Les deux signalements de la part du lyc\u00e9e Gambetta d\u2019Arras \u00e9taient en 2020. Une de vos coll\u00e8gues a \u00e9t\u00e9 agress\u00e9e verbalement et physiquement par un \u00e9l\u00e8ve de sa classe qui \u00e9tait en lien avec l\u2019assassin de Dominique Bernard. Cette m\u00eame enseignante a ensuite d\u00e9pos\u00e9 plainte apr\u00e8s avoir \u00e9t\u00e9 suivie jusqu\u2019\u00e0 son domicile par ce Mohammed Mogouchkov, qui a tent\u00e9 de l\u2019intimider. En 2020, fin d\u00e9cembre encore, il s\u2019est introduit dans la salle de classe de l\u2019enseignante. Il a alors \u00e9t\u00e9 inscrit au fichier des personnes radicalis\u00e9es. On comprend mieux la col\u00e8re immense de vos coll\u00e8gues \u00e0 Arras, qui ont interpell\u00e9 vendredi dernier Gabriel Attal et Xavier Bertrand, en leur disant : \u201cNous, on a fait notre d\u00e9marche, mais vous, qu\u2019avez-vous fait pour nous prot\u00e9ger ?\u201d<\/p>\n\n\n\n<p><strong>SNALC \u2013&nbsp;<\/strong><strong>Jean-R\u00e9mi GIRARD<\/strong><\/p>\n\n\n\n<p>Tout \u00e0 fait, c\u2019est qu\u2019\u00e0 un moment, quand on dit que c\u2019est grave, en tant que fonctionnaires avec des obligations, notre parole est cr\u00e9dible. Nous sommes les premiers \u00e0 soutenir nos \u00e9l\u00e8ves, les premiers \u00e0 essayer qu\u2019ils r\u00e9ussissent, et parfois m\u00eame les derniers \u00e0 les soutenir quand tout le monde les a abandonn\u00e9s. Donc, si \u00e0 un moment on signale un danger grave, alors il nous faut la protection fonctionnelle. Cet \u00e9l\u00e8ve ne peut pas rester dans l\u2019\u00e9tablissement parce qu\u2019il est dangereux pour la communaut\u00e9 \u00e9ducative, il faut que quelque chose soit fait.<\/p>\n\n\n\n<p><strong>francebleu \u2013&nbsp;<\/strong><strong>Wendy BOUCHARD<\/strong><\/p>\n\n\n\n<p>\u00c7a veut dire maintenant, Jean-R\u00e9mi Girard, finis les grands discours, finis les discours ti\u00e8des, et peut-\u00eatre vous rejoignez ici le discours d\u2019autorit\u00e9 et de fermet\u00e9 de Gabriel Attal sur ce sujet ?<\/p>\n\n\n\n<p><strong>SNALC \u2013&nbsp;<\/strong><strong>Jean-R\u00e9mi GIRARD<\/strong><\/p>\n\n\n\n<p>Alors, les discours d\u2019autorit\u00e9, c\u2019est tr\u00e8s beau, mais ce que l\u2019on veut, ce sont des actes d\u2019autorit\u00e9. C\u2019est sur la base de ces actes que nous jugerons. Car il y a trois ans, avec Samuel Paty, nous avions eu de nombreux discours, mais je n\u2019ai pas l\u2019impression, je ne crois pas que grand-chose ait chang\u00e9. Nous avons un peu plus facilement acc\u00e8s \u00e0 la protection fonctionnelle, qui est maintenant accord\u00e9e de mani\u00e8re un peu plus automatique, c\u2019est la principale \u00e9volution. Cependant, en ce qui concerne la gestion des \u00e9l\u00e8ves radicalis\u00e9s, par exemple, il n\u2019y a pas eu de transformation depuis 3 ans.<\/p>\n\n\n\n<p>\u00ab Il est tr\u00e8s important de ne tol\u00e9rer aucune emprise id\u00e9ologique \u00e0 l&rsquo;\u00e9cole.\u00bb<\/p>\n\n\n\n<figure class=\"wp-block-image\"><img decoding=\"async\" src=\"https:\/\/snalc.fr\/wp-content\/uploads\/SNALC-congres-Strasbourg-mai-2023-Photo-Philippe-Sautier-3-e1686317689865.jpg\" alt=\"\"\/><\/figure>\n\n\n\n<p>Jean-R\u00e9mi GIRARD<\/p>\n\n\n\n<p>Pr\u00e9sident du SNALC<\/p>\n\n\n\n<p><strong>francebleu \u2013&nbsp;<\/strong><strong>Wendy BOUCHARD<\/strong><\/p>\n\n\n\n<p>Il y a eu un gros d\u00e9bat \u00e0 la rentr\u00e9e sur le port de l\u2019abaya. Est-ce que cela participe quand m\u00eame de cette fermet\u00e9 selon laquelle on ne devrait tol\u00e9rer aucune emprise id\u00e9ologique \u00e0 l\u2019\u00e9cole ?<\/p>\n\n\n\n<p><strong>SNALC \u2013&nbsp;<\/strong><strong>Jean-R\u00e9mi GIRARD<\/strong><\/p>\n\n\n\n<p>Il est tr\u00e8s important de ne tol\u00e9rer aucune emprise id\u00e9ologique \u00e0 l\u2019\u00e9cole. Le ministre a pris une d\u00e9cision tr\u00e8s claire \u00e0 la rentr\u00e9e, d\u2019ailleurs soutenue par la majorit\u00e9 de la population et par mon organisation syndicale. Ensuite, une \u00e9l\u00e8ve qui porte une abaya n\u2019est pas forc\u00e9ment une \u00e9l\u00e8ve radicalis\u00e9e, ni m\u00eame gravement radicalis\u00e9e, c\u2019est-\u00e0-dire que c\u2019est la majorit\u00e9. On peut faire quelque chose pour elles. Il faut aussi garder \u00e0 l\u2019esprit que l\u2019\u00c9ducation nationale, par nos enseignements, par nos enseignements scientifiques et humanistes, peut leur faire d\u00e9couvrir autre chose que ce qu\u2019elles ont dans leur famille. Cependant, il y a un certain nombre de cas, tr\u00e8s peu nombreux mais r\u00e9els, o\u00f9 on <em>pisse dans un violon<\/em>.<\/p>\n\n\n\n<p>[\u2026intervention de J-Luc Moudenc, maire de Toulouse\u2026]<\/p>\n\n\n\n<p><strong>francebleu \u2013&nbsp;<\/strong><strong>Wendy BOUCHARD<\/strong><\/p>\n\n\n\n<p>M. le Maire, Jean-R\u00e9mi Girard est \u00e0 votre \u00e9coute, en tant que professeur de fran\u00e7ais mobilis\u00e9 avec son syndicat, le SNALC.&nbsp; Jean-R\u00e9mi Girard, le fait qu\u2019il y ait cette unit\u00e9, que les \u00e9lus travaillent aussi pour vous, avec vous, en cette p\u00e9riode, \u00e7a fait du bien ?<\/p>\n\n\n\n<p><strong>SNALC \u2013&nbsp;<\/strong><strong>Jean-R\u00e9mi GIRARD<\/strong><\/p>\n\n\n\n<p>Il faut de l\u2019unit\u00e9, car effectivement, tout ce que l\u2019on appelle le b\u00e2ti scolaire d\u00e9pend des collectivit\u00e9s locales, ce n\u2019est pas de la responsabilit\u00e9 de l\u2019\u00c9tat. Bien s\u00fbr, l\u2019\u00c9tat peut apporter son soutien, et nous aimerions que l\u2019\u00c9tat le fasse. Cependant, il est vrai que nous avons besoin d\u2019\u00e9valuations de s\u00e9curit\u00e9 pour chaque \u00e9cole, chaque coll\u00e8ge, chaque lyc\u00e9e sur l\u2019ensemble du territoire, et cela n\u2019a pas \u00e9t\u00e9 r\u00e9alis\u00e9, car chaque collectivit\u00e9 prend ses propres d\u00e9cisions. Par cons\u00e9quent, dans certaines villes, cela a \u00e9t\u00e9 fait, alors que dans d\u2019autres, ce n\u2019est pas le cas, avec de grandes disparit\u00e9s entre les grandes villes et les zones rurales, qui disposent d\u2019une seule \u00e9cole. De plus, les moyens ne sont pas les m\u00eames, ce qui est \u00e9galement important \u00e0 prendre en compte.<\/p>\n\n\n\n<p><strong>francebleu \u2013&nbsp;<\/strong><strong>Wendy BOUCHARD<\/strong><\/p>\n\n\n\n<p>C\u2019est un \u00e9tat des lieux que vous pouvez demander ?<\/p>\n\n\n\n<p><strong>SNALC \u2013&nbsp;<\/strong><strong>Jean-R\u00e9mi GIRARD<\/strong><\/p>\n\n\n\n<p>Mais c\u2019est ce que nous avons demand\u00e9. Nous avons demand\u00e9 des diagnostics de s\u00e9curit\u00e9, et nous parlions des alertes \u00e0 la bombe. Il faut savoir que toutes les \u00e9coles, tous les coll\u00e8ges, tous les lyc\u00e9es n\u2019ont pas les dispositifs permettant d\u2019activer une alarme, et des alarmes diff\u00e9rentes sont utilis\u00e9es en cas d\u2019intrusion ou d\u2019alerte incendie. Ce n\u2019est pas normal, il est essentiel qu\u2019un syst\u00e8me de s\u00e9curit\u00e9 uniforme soit mis en place dans tous les territoires.<\/p>\n\n\n\n<p>[\u2026t\u00e9moignage d\u2019un professeur de la r\u00e9gion toulousaine\u2026]<\/p>\n\n\n\n<p><strong>francebleu \u2013&nbsp;<\/strong><strong>Wendy BOUCHARD<\/strong><\/p>\n\n\n\n<p>Une r\u00e9action \u00e0 ces propos sur la mani\u00e8re dont l\u2019\u00e9cole a cristallis\u00e9 justement la haine?<\/p>\n\n\n\n<p><strong>SNALC \u2013&nbsp;<\/strong><strong>Jean-R\u00e9mi GIRARD<\/strong><\/p>\n\n\n\n<p>C\u2019est un ph\u00e9nom\u00e8ne qui en fait n\u2019est pas si r\u00e9cent que \u00e7a. \u00c7a date m\u00eame d\u2019avant Samuel Paty. Je me souviens d\u2019une <a href=\"https:\/\/snalc.fr\/lecole-republicaine-et-ses-professeurs-menaces-de-mort\/\" target=\"_blank\" rel=\"noreferrer noopener\">revue<\/a> de l\u2019\u00c9tat islamique qui disait qu\u2019il fallait attaquer les enseignants, que l\u2019enseignement de la musique \u00e9tait une h\u00e9r\u00e9sie\u2026 C\u2019\u00e9tait \u00e9crit noir sur blanc dans une revue en fran\u00e7ais que je pouvais moi-m\u00eame t\u00e9l\u00e9charger assez facilement sur internet. Donc effectivement, l\u2019\u00e9cole est une cible. Aujourd\u2019hui, elle est une cible du fanatisme et du terrorisme. C\u2019est pour \u00e7a qu\u2019il faut \u00e9videmment, comme l\u2019a dit ma coll\u00e8gue, y r\u00e9pondre par le travail que nous faisons au quotidien. Mais il est absolument n\u00e9cessaire que les personnels et les \u00e9l\u00e8ves b\u00e9n\u00e9ficient d\u2019un niveau de s\u00e9curit\u00e9 ad\u00e9quat, et que nous n\u2019ayons pas d\u2019\u00e9coles o\u00f9 finalement les cl\u00f4tures ne font que 60 cm de hauteur.<\/p>\n\n\n\n<p>\u00ab &#8230;Il faut aussi garder \u00e0 l&rsquo;esprit que l&rsquo;\u00c9ducation nationale, par nos enseignements, par nos enseignements scientifiques et humanistes, peut leur faire d\u00e9couvrir autre chose que ce qu&rsquo;elles ont dans leur famille. \u00bb<\/p>\n\n\n\n<figure class=\"wp-block-image\"><img decoding=\"async\" src=\"https:\/\/snalc.fr\/wp-content\/uploads\/SNALC-congres-Strasbourg-mai-2023-Photo-Philippe-Sautier-3-e1686317689865.jpg\" alt=\"\"\/><\/figure>\n\n\n\n<p>Jean-R\u00e9mi GIRARD<\/p>\n\n\n\n<p>Pr\u00e9sident du SNALC<\/p>\n\n\n\n<figure class=\"wp-block-image\"><img decoding=\"async\" src=\"https:\/\/snalc.fr\/wp-content\/uploads\/Capture-decran-2023-10-21-a-11.02.18.png\" alt=\"\"\/><\/figure>\n\n\n\n<p><a href=\"https:\/\/www.francebleu.fr\/emissions\/ma-france\/tempete-dans-les-alpes-maritimes-l-ecole-au-centre-des-preoccupations-cout-de-l-energie-6899559\"><\/a><\/p>\n","protected":false},"excerpt":{"rendered":"<p>\u00ab &#8230;en un mot pour r\u00e9sumer o\u00f9 en sont les personnels de l&rsquo;\u00c9ducation nationale : ils sont \u00e9puis\u00e9s. Tr\u00e8s clairement \u00e9puis\u00e9s physiquement et \u00e9videmment \u00e9puis\u00e9s psychologiquement, la p\u00e9riode est dure. [&hellip;]<\/p>\n","protected":false},"author":1,"featured_media":0,"comment_status":"closed","ping_status":"closed","sticky":false,"template":"","format":"standard","meta":{"_lmt_disableupdate":"","_lmt_disable":"","site-sidebar-layout":"default","site-content-layout":"","ast-site-content-layout":"default","site-content-style":"default","site-sidebar-style":"default","ast-global-header-display":"","ast-banner-title-visibility":"","ast-main-header-display":"","ast-hfb-above-header-display":"","ast-hfb-below-header-display":"","ast-hfb-mobile-header-display":"","site-post-title":"","ast-breadcrumbs-content":"","ast-featured-img":"","footer-sml-layout":"","ast-disable-related-posts":"","theme-transparent-header-meta":"","adv-header-id-meta":"","stick-header-meta":"","header-above-stick-meta":"","header-main-stick-meta":"","header-below-stick-meta":"","astra-migrate-meta-layouts":"set","ast-page-background-enabled":"default","ast-page-background-meta":{"desktop":{"background-color":"var(--ast-global-color-4)","background-image":"","background-repeat":"repeat","background-position":"center center","background-size":"auto","background-attachment":"scroll","background-type":"","background-media":"","overlay-type":"","overlay-color":"","overlay-opacity":"","overlay-gradient":""},"tablet":{"background-color":"","background-image":"","background-repeat":"repeat","background-position":"center center","background-size":"auto","background-attachment":"scroll","background-type":"","background-media":"","overlay-type":"","overlay-color":"","overlay-opacity":"","overlay-gradient":""},"mobile":{"background-color":"","background-image":"","background-repeat":"repeat","background-position":"center center","background-size":"auto","background-attachment":"scroll","background-type":"","background-media":"","overlay-type":"","overlay-color":"","overlay-opacity":"","overlay-gradient":""}},"ast-content-background-meta":{"desktop":{"background-color":"var(--ast-global-color-5)","background-image":"","background-repeat":"repeat","background-position":"center center","background-size":"auto","background-attachment":"scroll","background-type":"","background-media":"","overlay-type":"","overlay-color":"","overlay-opacity":"","overlay-gradient":""},"tablet":{"background-color":"var(--ast-global-color-5)","background-image":"","background-repeat":"repeat","background-position":"center center","background-size":"auto","background-attachment":"scroll","background-type":"","background-media":"","overlay-type":"","overlay-color":"","overlay-opacity":"","overlay-gradient":""},"mobile":{"background-color":"var(--ast-global-color-5)","background-image":"","background-repeat":"repeat","background-position":"center center","background-size":"auto","background-attachment":"scroll","background-type":"","background-media":"","overlay-type":"","overlay-color":"","overlay-opacity":"","overlay-gradient":""}},"footnotes":""},"categories":[38],"tags":[],"class_list":["post-2191","post","type-post","status-publish","format-standard","hentry","category-actualites-2023-2024"],"modified_by":"slecourtier","_links":{"self":[{"href":"https:\/\/snalc.org\/snalc2023\/index.php?rest_route=\/wp\/v2\/posts\/2191","targetHints":{"allow":["GET"]}}],"collection":[{"href":"https:\/\/snalc.org\/snalc2023\/index.php?rest_route=\/wp\/v2\/posts"}],"about":[{"href":"https:\/\/snalc.org\/snalc2023\/index.php?rest_route=\/wp\/v2\/types\/post"}],"author":[{"embeddable":true,"href":"https:\/\/snalc.org\/snalc2023\/index.php?rest_route=\/wp\/v2\/users\/1"}],"replies":[{"embeddable":true,"href":"https:\/\/snalc.org\/snalc2023\/index.php?rest_route=%2Fwp%2Fv2%2Fcomments&post=2191"}],"version-history":[{"count":1,"href":"https:\/\/snalc.org\/snalc2023\/index.php?rest_route=\/wp\/v2\/posts\/2191\/revisions"}],"predecessor-version":[{"id":2192,"href":"https:\/\/snalc.org\/snalc2023\/index.php?rest_route=\/wp\/v2\/posts\/2191\/revisions\/2192"}],"wp:attachment":[{"href":"https:\/\/snalc.org\/snalc2023\/index.php?rest_route=%2Fwp%2Fv2%2Fmedia&parent=2191"}],"wp:term":[{"taxonomy":"category","embeddable":true,"href":"https:\/\/snalc.org\/snalc2023\/index.php?rest_route=%2Fwp%2Fv2%2Fcategories&post=2191"},{"taxonomy":"post_tag","embeddable":true,"href":"https:\/\/snalc.org\/snalc2023\/index.php?rest_route=%2Fwp%2Fv2%2Ftags&post=2191"}],"curies":[{"name":"wp","href":"https:\/\/api.w.org\/{rel}","templated":true}]}}