{"id":2223,"date":"2023-10-30T21:33:06","date_gmt":"2023-10-30T20:33:06","guid":{"rendered":"https:\/\/snalc.org\/snalc2023\/?p=2223"},"modified":"2023-10-30T21:33:09","modified_gmt":"2023-10-30T20:33:09","slug":"stages-de-fin-de-2de-compte-rendu-du-snalc","status":"publish","type":"post","link":"https:\/\/snalc.org\/snalc2023\/?p=2223","title":{"rendered":"Stages de fin de 2de : compte rendu du SNALC"},"content":{"rendered":"\n<ul class=\"wp-block-list\">\n<li><a href=\"https:\/\/snalc.fr\/category\/second-degre\/lycee-general-techno\/\"><\/a><\/li>\n<\/ul>\n\n\n\n<figure class=\"wp-block-image\"><img decoding=\"async\" src=\"https:\/\/snalc.fr\/wp-content\/uploads\/formation_istock_Chagin-1015399348.jpg\" alt=\"\"\/><figcaption class=\"wp-element-caption\">\u00a9 istock_Chagin-1015399348<\/figcaption><\/figure>\n\n\n\n<h5 class=\"wp-block-heading\">Audience bilat\u00e9rale DGESCO \/ SNALC<\/h5>\n\n\n\n<h5 class=\"wp-block-heading\">Compte rendu du SNALC<\/h5>\n\n\n\n<p><em>Le SNALC \u00e9tait repr\u00e9sent\u00e9 par S\u00e9bastien Vieille, secr\u00e9taire national du SNALC charg\u00e9 de la p\u00e9dagogie<\/em><\/p>\n\n\n\n<p>TH\u00c8ME<\/p>\n\n\n\n<p>Le SNALC a demand\u00e9 une audience bilat\u00e9rale pour parler des stages de fin d\u2019ann\u00e9e en 2<sup>de<\/sup> car, pour nous, la CSL n\u2019est pas le bon format pour entrer dans tous les d\u00e9tails d\u2019un tel sujet.<\/p>\n\n\n\n<p>L\u2019ESSENTIEL<\/p>\n\n\n\n<p>Pour la DGESCO, ces stages s\u2019articulent avec la d\u00e9couverte des m\u00e9tiers et les stages de 3<sup>e<\/sup>.<\/p>\n\n\n\n<p>Un travail a \u00e9t\u00e9 fait avec les entreprises en vue d\u2019un engagement qualitatif et quantitatif. Il s\u2019agit pour elles de s\u2019engager dans une sorte de pack qui englobe la d\u00e9couverte des m\u00e9tiers et les stages de 2<sup>de<\/sup>.<\/p>\n\n\n\n<p>L\u2019objet de ces stages n\u2019est pas de demander aux \u00e9l\u00e8ves les m\u00eames choses que lors des PFMP. Par contre, ils peuvent permettre de faire d\u00e9couvrir certaines comp\u00e9tences m\u00e9tier.<\/p>\n\n\n\n<p>Le Minist\u00e8re souhaite que l\u2019accueil se fasse au b\u00e9n\u00e9fice du secteur. En effet, des secteurs peinent \u00e0 attirer des jeunes. Cela peut les aider \u00e0 \u00eatre mieux connus.<\/p>\n\n\n\n<p>Concernant la mobilit\u00e9 internationale, le spectre est plus large que ce qui est pris en compte au baccalaur\u00e9at car il n\u2019est pas question d\u2019une exploitation ni d\u2019une valorisation ult\u00e9rieure autre que le fait de l\u2019inscrire dans la fiche Avenir sur <em>Parcoursup<\/em>.<\/p>\n\n\n\n<p>On ne reste d\u2019ailleurs pas que sur <em>Erasmus<\/em>+. Un travail peut \u00eatre fait sur les jumelages des communes qui b\u00e9n\u00e9ficient de financement.<\/p>\n\n\n\n<p><strong>LE SNALC A INSIST\u00c9 SUR\u2026<\/strong><\/p>\n\n\n\n<ul class=\"wp-block-list\">\n<li>Notre syndicat n\u2019est pas demandeur d\u2019une int\u00e9gration du SNU dans l\u2019ann\u00e9e scolaire.<\/li>\n\n\n\n<li>Il y a un risque de voir des \u00e9l\u00e8ves commencer par chercher la mobilit\u00e9 internationale, puis se rabattre par d\u00e9faut sur le stage en entreprise ou un s\u00e9jour SNU.<\/li>\n\n\n\n<li>Cela va ajouter du travail et une responsabilit\u00e9 aux professeurs principaux de 2<sup>de<\/sup> qui ont d\u00e9j\u00e0 une charge importante avec l\u2019orientation.<\/li>\n\n\n\n<li>Le SNALC n\u2019est pas du tout demandeur que cette p\u00e9riode de stage soit obligatoire.<\/li>\n\n\n\n<li>Le SNALC s\u2019est enfin assur\u00e9 qu\u2019il n\u2019y aurait pas d\u2019obligation \u00e0 faire des visites de stage.<\/li>\n<\/ul>\n\n\n\n<p>L\u2019AVIS DU SNALC<\/p>\n\n\n\n<p><strong>La charge de travail des professeurs principaux de 2<sup>de <\/sup>et de 3<sup>e<\/sup> doit donner lieu \u00e0 une d\u00e9charge de temps d\u2019une heure par semaine ; surtout si l\u2019on ajoute \u00e0 leurs missions l\u2019accompagnement de la recherche de stage.<\/strong><\/p>\n\n\n\n<p><strong>Avant de rendre la chose obligatoire, il serait plus sage pour cette ann\u00e9e, voire pour les deux ann\u00e9es qui viennent, de se laisser un temps de transition en laissant ces stages dans le domaine du volontariat. En effet, les professeurs principaux de 2<sup>de<\/sup> n\u2019ont pas sign\u00e9 pour cela. Par ailleurs, il faut se donner le temps de voir quels volumes vont se diriger vers tel ou tel type de p\u00e9riode et si l\u2019on est capable de donner satisfaction \u00e0 tous les \u00e9l\u00e8ves afin qu\u2019il n\u2019y ait pas de choix par d\u00e9faut.<\/strong><\/p>\n\n\n\n<p><a href=\"https:\/\/snalc.fr\/wp-content\/uploads\/SNALC_CR_Stages_fin2de_20231024.pdf\">T\u00e9l\u00e9charger le compte rendu<\/a><\/p>\n","protected":false},"excerpt":{"rendered":"<p>Audience bilat\u00e9rale DGESCO \/ SNALC Compte rendu du SNALC Le SNALC \u00e9tait repr\u00e9sent\u00e9 par S\u00e9bastien Vieille, secr\u00e9taire national du SNALC charg\u00e9 de la p\u00e9dagogie TH\u00c8ME Le SNALC a demand\u00e9 une [&hellip;]<\/p>\n","protected":false},"author":1,"featured_media":0,"comment_status":"closed","ping_status":"closed","sticky":false,"template":"","format":"standard","meta":{"_lmt_disableupdate":"","_lmt_disable":"","site-sidebar-layout":"default","site-content-layout":"","ast-site-content-layout":"default","site-content-style":"default","site-sidebar-style":"default","ast-global-header-display":"","ast-banner-title-visibility":"","ast-main-header-display":"","ast-hfb-above-header-display":"","ast-hfb-below-header-display":"","ast-hfb-mobile-header-display":"","site-post-title":"","ast-breadcrumbs-content":"","ast-featured-img":"","footer-sml-layout":"","ast-disable-related-posts":"","theme-transparent-header-meta":"","adv-header-id-meta":"","stick-header-meta":"","header-above-stick-meta":"","header-main-stick-meta":"","header-below-stick-meta":"","astra-migrate-meta-layouts":"set","ast-page-background-enabled":"default","ast-page-background-meta":{"desktop":{"background-color":"var(--ast-global-color-4)","background-image":"","background-repeat":"repeat","background-position":"center center","background-size":"auto","background-attachment":"scroll","background-type":"","background-media":"","overlay-type":"","overlay-color":"","overlay-opacity":"","overlay-gradient":""},"tablet":{"background-color":"","background-image":"","background-repeat":"repeat","background-position":"center center","background-size":"auto","background-attachment":"scroll","background-type":"","background-media":"","overlay-type":"","overlay-color":"","overlay-opacity":"","overlay-gradient":""},"mobile":{"background-color":"","background-image":"","background-repeat":"repeat","background-position":"center center","background-size":"auto","background-attachment":"scroll","background-type":"","background-media":"","overlay-type":"","overlay-color":"","overlay-opacity":"","overlay-gradient":""}},"ast-content-background-meta":{"desktop":{"background-color":"var(--ast-global-color-5)","background-image":"","background-repeat":"repeat","background-position":"center center","background-size":"auto","background-attachment":"scroll","background-type":"","background-media":"","overlay-type":"","overlay-color":"","overlay-opacity":"","overlay-gradient":""},"tablet":{"background-color":"var(--ast-global-color-5)","background-image":"","background-repeat":"repeat","background-position":"center center","background-size":"auto","background-attachment":"scroll","background-type":"","background-media":"","overlay-type":"","overlay-color":"","overlay-opacity":"","overlay-gradient":""},"mobile":{"background-color":"var(--ast-global-color-5)","background-image":"","background-repeat":"repeat","background-position":"center center","background-size":"auto","background-attachment":"scroll","background-type":"","background-media":"","overlay-type":"","overlay-color":"","overlay-opacity":"","overlay-gradient":""}},"footnotes":""},"categories":[38],"tags":[],"class_list":["post-2223","post","type-post","status-publish","format-standard","hentry","category-actualites-2023-2024"],"modified_by":"slecourtier","_links":{"self":[{"href":"https:\/\/snalc.org\/snalc2023\/index.php?rest_route=\/wp\/v2\/posts\/2223","targetHints":{"allow":["GET"]}}],"collection":[{"href":"https:\/\/snalc.org\/snalc2023\/index.php?rest_route=\/wp\/v2\/posts"}],"about":[{"href":"https:\/\/snalc.org\/snalc2023\/index.php?rest_route=\/wp\/v2\/types\/post"}],"author":[{"embeddable":true,"href":"https:\/\/snalc.org\/snalc2023\/index.php?rest_route=\/wp\/v2\/users\/1"}],"replies":[{"embeddable":true,"href":"https:\/\/snalc.org\/snalc2023\/index.php?rest_route=%2Fwp%2Fv2%2Fcomments&post=2223"}],"version-history":[{"count":1,"href":"https:\/\/snalc.org\/snalc2023\/index.php?rest_route=\/wp\/v2\/posts\/2223\/revisions"}],"predecessor-version":[{"id":2224,"href":"https:\/\/snalc.org\/snalc2023\/index.php?rest_route=\/wp\/v2\/posts\/2223\/revisions\/2224"}],"wp:attachment":[{"href":"https:\/\/snalc.org\/snalc2023\/index.php?rest_route=%2Fwp%2Fv2%2Fmedia&parent=2223"}],"wp:term":[{"taxonomy":"category","embeddable":true,"href":"https:\/\/snalc.org\/snalc2023\/index.php?rest_route=%2Fwp%2Fv2%2Fcategories&post=2223"},{"taxonomy":"post_tag","embeddable":true,"href":"https:\/\/snalc.org\/snalc2023\/index.php?rest_route=%2Fwp%2Fv2%2Ftags&post=2223"}],"curies":[{"name":"wp","href":"https:\/\/api.w.org\/{rel}","templated":true}]}}