{"id":2240,"date":"2023-11-01T20:56:10","date_gmt":"2023-11-01T19:56:10","guid":{"rendered":"https:\/\/snalc.org\/snalc2023\/?p=2240"},"modified":"2023-11-01T20:56:12","modified_gmt":"2023-11-01T19:56:12","slug":"securisation-des-etablissements-et-protection-des-personnels-compte-rendu-du-snalc-2","status":"publish","type":"post","link":"https:\/\/snalc.org\/snalc2023\/?p=2240","title":{"rendered":"S\u00e9curisation des \u00e9tablissements et protection des personnels : compte rendu du SNALC"},"content":{"rendered":"\n<ul class=\"wp-block-list\">\n<li><a href=\"https:\/\/snalc.fr\/category\/actualites\/\"><\/a><\/li>\n<\/ul>\n\n\n\n<figure class=\"wp-block-image\"><img decoding=\"async\" src=\"https:\/\/snalc.fr\/wp-content\/uploads\/lycee_istock_vitranc-1197796348.jpg\" alt=\"\"\/><figcaption class=\"wp-element-caption\">\u00a9 istock_vitranc-1197796348<\/figcaption><\/figure>\n\n\n\n<h5 class=\"wp-block-heading\">Concertation minist\u00e9rielle<\/h5>\n\n\n\n<h5 class=\"wp-block-heading\">Comptes rendus du SNALC<\/h5>\n\n\n\n<p><a href=\"https:\/\/snalc.fr\/securisation-des-etablissements-et-protection-des-personnels-cr-snalc\/\">R\u00e9union du 31 octobre 2023<\/a><\/p>\n\n\n\n<p><em>Concertation minist\u00e9rielle en pr\u00e9sence du ministre. Le SNALC \u00e9tait repr\u00e9sent\u00e9 par Jean-R\u00e9mi Girard, pr\u00e9sident national, et Toufic Kayal, vice-pr\u00e9sident.<\/em><\/p>\n\n\n\n<p><strong>TH\u00c8ME<\/strong><\/p>\n\n\n\n<p>Deuxi\u00e8me r\u00e9union&nbsp;: r\u00e9sultats de l\u2019enqu\u00eate-flash sur le b\u00e2ti scolaire, formation et information des personnels, prise en charge des \u00e9l\u00e8ves radicalis\u00e9s<\/p>\n\n\n\n<p><strong>L\u2019ESSENTIEL<\/strong><\/p>\n\n\n\n<ul class=\"wp-block-list\">\n<li>Enqu\u00eate-flash adress\u00e9e \u00e0 l\u2019ensemble des \u00e9coles\/coll\u00e8ges\/lyc\u00e9es (+ de 78 % de r\u00e9ponses). Le ministre souhaite fixer l\u2019objectif que 100 % d\u2019\u00e9coles et d\u2019\u00e9tablissements soient \u00e9quip\u00e9s d\u2019une alarme anti-intrusion, reli\u00e9e \u00e0 la police et \u00e0 la gendarmerie, et que l\u2019ensemble des dispositifs soient en bon \u00e9tat de fonctionnement. Il souhaite que la question de la s\u00e9curisation soit mise \u00e0 l\u2019ordre du jour dans les CA et les conseils d\u2019\u00e9cole.<\/li>\n\n\n\n<li>Le ministre envisage une extension des formations \u00e0 la pr\u00e9vention et \u00e0 la gestion de crise \u00e0 de nouvelles cat\u00e9gories de personnels. Apr\u00e8s les \u00e9changes, l\u2019hypoth\u00e8se du volontariat semble privil\u00e9gi\u00e9e.<\/li>\n\n\n\n<li>Le ministre pose la question de \u00ab scolariser autrement \u00bb (i.e. sortir de l\u2019\u00e9tablissement) les \u00e9l\u00e8ves radicalis\u00e9s et potentiellement dangereux (un millier de mineurs suivis pour radicalisation, ce qui ne veut pas dire qu\u2019ils sont tous potentiellement dangereux, car beaucoup sont suivis par rapport \u00e0 leurs parents, etc.). Les services de l\u2019\u00c9ducation nationale vont \u00eatre associ\u00e9s de mani\u00e8re syst\u00e9matique dans les GED (groupes d\u2019\u00e9valuation d\u00e9partementaux sur la radicalisation).<\/li>\n<\/ul>\n\n\n\n<p><strong>LE SNALC A INSIST\u00c9 SUR\u2026<\/strong><\/p>\n\n\n\n<ul class=\"wp-block-list\">\n<li>L\u2019utilit\u00e9 de l\u2019enqu\u00eate-flash, qui permet d\u2019objectiver les constats du SNALC. De nombreuses choses indispensables ne sont pas d\u00e9ploy\u00e9es sur l\u2019ensemble des \u00e9coles\/\u00e9tablissements. Pour le SNALC, les deux priorit\u00e9s sont les syst\u00e8mes d\u2019alarme anti-intrusion et la capacit\u00e9 \u00e0 contr\u00f4ler l\u2019acc\u00e8s \u00e0 l\u2019\u00e9cole\/\u00e9tablissement.<\/li>\n\n\n\n<li>Le manque de personnels au sein des \u00e9tablissements (\u00c9tat comme collectivit\u00e9s). En \u00e9cole primaire, le directeur ne peut pas \u00eatre partout \u00e0 la fois, et la loi Rilhac n\u2019a aucun caract\u00e8re contraignant en la mati\u00e8re. Dans le second degr\u00e9, les vies scolaires doivent \u00eatre mieux pourvues. Le SNALC a demand\u00e9 l\u2019annulation des suppressions de postes pr\u00e9vues au projet de loi de finances 2024.<\/li>\n\n\n\n<li>Les injonctions contradictoires entre Vigipirate et la loi \u00c9vin : il faut choisir entre cr\u00e9er des attroupements d\u2019\u00e9l\u00e8ves \u00e0 des heures fixes pour qu\u2019ils aillent fumer, ou se mettre dans l\u2019ill\u00e9galit\u00e9 en cr\u00e9ant un espace fumeurs dans l\u2019enceinte de l\u2019\u00e9tablissement (\u00e0 l\u2019ext\u00e9rieur, bien entendu).<\/li>\n\n\n\n<li>L\u2019int\u00e9r\u00eat de proposer de la formation ou d\u2019\u00e9largir la formation sur le sujet \u00e0 des personnels volontaires (pas uniquement les CPE dans le second degr\u00e9), et la proposer \u00e0 l\u2019ensemble des directions d\u2019\u00e9cole dans le premier degr\u00e9, car la loi Rilhac leur donne des responsabilit\u00e9s en la mati\u00e8re (qui s\u2019empilent sur toutes les autres responsabilit\u00e9s). Le SNALC juge le dispositif de formations \u00e9tablissements int\u00e9ressant dans ce domaine, mais la politique men\u00e9e par le minist\u00e8re sur la formation des professeurs du second degr\u00e9 hors du temps devant \u00e9l\u00e8ves va rendre toutes ces belles id\u00e9es inop\u00e9rantes.<\/li>\n\n\n\n<li>L\u2019automaticit\u00e9 de l\u2019attribution de la protection fonctionnelle pour les personnels. On en est encore loin, m\u00eame si les choses se sont am\u00e9lior\u00e9es.<\/li>\n\n\n\n<li>Sa priorisation de la protection des personnels (et des \u00e9l\u00e8ves) par rapport \u00e0 tout le reste, y compris en sortant de l\u2019\u00e9tablissement les \u00e9l\u00e8ves (peu nombreux) clairement identifi\u00e9s comme dangereux. De ce point de vue, associer syst\u00e9matiquement l\u2019\u00c9ducation nationale aux dispositifs existants est une bonne chose. Suivant ce principe, il convient d\u2019associer les organisations syndicales repr\u00e9sentatives \u00e0 certains \u00e9changes interminist\u00e9riels, car il serait illusoire de sortir un syst\u00e8me miracle d\u2019un chapeau en 15 jours.<\/li>\n<\/ul>\n\n\n\n<p><strong>L\u2019AVIS DU SNALC<\/strong><\/p>\n\n\n\n<p><strong>Le SNALC jugera \u00e9videmment sur les mesures concr\u00e8tes qui seront (\u00e9ventuellement) prises, d\u2019autant que beaucoup de choses ne d\u00e9pendent pas directement du minist\u00e8re de l\u2019\u00c9ducation nationale. Dans son discours, le ministre rejoint beaucoup de positions du SNALC, mais on ne pourra pas se permettre d\u2019en rester aux discours. Nous veillerons \u00e0 ce que l\u2019enqu\u00eate sur le b\u00e2ti scolaire soit reconduite \u00e0 intervalles r\u00e9guliers, notamment.<\/strong><\/p>\n\n\n\n<p><a href=\"https:\/\/snalc.fr\/wp-content\/uploads\/SNALC_CR_Securisation_protection_20231031.pdf\"><strong>T\u00e9l\u00e9charger le compte rendu<\/strong><\/a><\/p>\n\n\n\n<p><a href=\"https:\/\/snalc.fr\/securisation-des-etablissements-et-protection-des-personnels-cr-snalc\/\">R\u00e9union du 17 octobre 2023<\/a><\/p>\n\n\n\n<figure class=\"wp-block-image\"><img decoding=\"async\" src=\"https:\/\/snalc.fr\/wp-content\/uploads\/SNALC_Estelle_Meunier_Laicite_Poignardee-1024x715.png\" alt=\"\"\/><\/figure>\n\n\n\n<p><a href=\"https:\/\/snalc.fr\/wp-content\/uploads\/SNALC_Estelle_Meunier_Laicite_Poignardee.png\"><\/a><\/p>\n","protected":false},"excerpt":{"rendered":"<p>Concertation minist\u00e9rielle Comptes rendus du SNALC R\u00e9union du 31 octobre 2023 Concertation minist\u00e9rielle en pr\u00e9sence du ministre. Le SNALC \u00e9tait repr\u00e9sent\u00e9 par Jean-R\u00e9mi Girard, pr\u00e9sident national, et Toufic Kayal, vice-pr\u00e9sident. [&hellip;]<\/p>\n","protected":false},"author":1,"featured_media":0,"comment_status":"closed","ping_status":"closed","sticky":false,"template":"","format":"standard","meta":{"_lmt_disableupdate":"","_lmt_disable":"","site-sidebar-layout":"default","site-content-layout":"","ast-site-content-layout":"default","site-content-style":"default","site-sidebar-style":"default","ast-global-header-display":"","ast-banner-title-visibility":"","ast-main-header-display":"","ast-hfb-above-header-display":"","ast-hfb-below-header-display":"","ast-hfb-mobile-header-display":"","site-post-title":"","ast-breadcrumbs-content":"","ast-featured-img":"","footer-sml-layout":"","ast-disable-related-posts":"","theme-transparent-header-meta":"","adv-header-id-meta":"","stick-header-meta":"","header-above-stick-meta":"","header-main-stick-meta":"","header-below-stick-meta":"","astra-migrate-meta-layouts":"set","ast-page-background-enabled":"default","ast-page-background-meta":{"desktop":{"background-color":"var(--ast-global-color-4)","background-image":"","background-repeat":"repeat","background-position":"center center","background-size":"auto","background-attachment":"scroll","background-type":"","background-media":"","overlay-type":"","overlay-color":"","overlay-opacity":"","overlay-gradient":""},"tablet":{"background-color":"","background-image":"","background-repeat":"repeat","background-position":"center center","background-size":"auto","background-attachment":"scroll","background-type":"","background-media":"","overlay-type":"","overlay-color":"","overlay-opacity":"","overlay-gradient":""},"mobile":{"background-color":"","background-image":"","background-repeat":"repeat","background-position":"center center","background-size":"auto","background-attachment":"scroll","background-type":"","background-media":"","overlay-type":"","overlay-color":"","overlay-opacity":"","overlay-gradient":""}},"ast-content-background-meta":{"desktop":{"background-color":"var(--ast-global-color-5)","background-image":"","background-repeat":"repeat","background-position":"center center","background-size":"auto","background-attachment":"scroll","background-type":"","background-media":"","overlay-type":"","overlay-color":"","overlay-opacity":"","overlay-gradient":""},"tablet":{"background-color":"var(--ast-global-color-5)","background-image":"","background-repeat":"repeat","background-position":"center center","background-size":"auto","background-attachment":"scroll","background-type":"","background-media":"","overlay-type":"","overlay-color":"","overlay-opacity":"","overlay-gradient":""},"mobile":{"background-color":"var(--ast-global-color-5)","background-image":"","background-repeat":"repeat","background-position":"center center","background-size":"auto","background-attachment":"scroll","background-type":"","background-media":"","overlay-type":"","overlay-color":"","overlay-opacity":"","overlay-gradient":""}},"footnotes":""},"categories":[38],"tags":[],"class_list":["post-2240","post","type-post","status-publish","format-standard","hentry","category-actualites-2023-2024"],"modified_by":"slecourtier","_links":{"self":[{"href":"https:\/\/snalc.org\/snalc2023\/index.php?rest_route=\/wp\/v2\/posts\/2240","targetHints":{"allow":["GET"]}}],"collection":[{"href":"https:\/\/snalc.org\/snalc2023\/index.php?rest_route=\/wp\/v2\/posts"}],"about":[{"href":"https:\/\/snalc.org\/snalc2023\/index.php?rest_route=\/wp\/v2\/types\/post"}],"author":[{"embeddable":true,"href":"https:\/\/snalc.org\/snalc2023\/index.php?rest_route=\/wp\/v2\/users\/1"}],"replies":[{"embeddable":true,"href":"https:\/\/snalc.org\/snalc2023\/index.php?rest_route=%2Fwp%2Fv2%2Fcomments&post=2240"}],"version-history":[{"count":1,"href":"https:\/\/snalc.org\/snalc2023\/index.php?rest_route=\/wp\/v2\/posts\/2240\/revisions"}],"predecessor-version":[{"id":2241,"href":"https:\/\/snalc.org\/snalc2023\/index.php?rest_route=\/wp\/v2\/posts\/2240\/revisions\/2241"}],"wp:attachment":[{"href":"https:\/\/snalc.org\/snalc2023\/index.php?rest_route=%2Fwp%2Fv2%2Fmedia&parent=2240"}],"wp:term":[{"taxonomy":"category","embeddable":true,"href":"https:\/\/snalc.org\/snalc2023\/index.php?rest_route=%2Fwp%2Fv2%2Fcategories&post=2240"},{"taxonomy":"post_tag","embeddable":true,"href":"https:\/\/snalc.org\/snalc2023\/index.php?rest_route=%2Fwp%2Fv2%2Ftags&post=2240"}],"curies":[{"name":"wp","href":"https:\/\/api.w.org\/{rel}","templated":true}]}}