{"id":2283,"date":"2023-11-06T19:54:28","date_gmt":"2023-11-06T18:54:28","guid":{"rendered":"https:\/\/snalc.org\/snalc2023\/?p=2283"},"modified":"2023-11-06T19:54:31","modified_gmt":"2023-11-06T18:54:31","slug":"enquete-du-snalc-resultats-6-novembre-2023","status":"publish","type":"post","link":"https:\/\/snalc.org\/snalc2023\/?p=2283","title":{"rendered":"Enqu\u00eate du SNALC (r\u00e9sultats)\u00a0&#8211; 6 novembre 2023"},"content":{"rendered":"\n<p>Personnels d<\/p>\n\n\n\n<figure class=\"wp-block-table\"><table><tbody><tr><td><strong>Enqu\u00eate du SNALC <\/strong>(r\u00e9sultats)<strong>&nbsp;&#8211; 6 novembre 2023<\/strong>Personnels de direction<\/td><\/tr><\/tbody><\/table><\/figure>\n\n\n\n<figure class=\"wp-block-table\"><table><tbody><tr><td><img decoding=\"async\" src=\"https:\/\/syndicat-snalc.net\/AWURTSJ67\/LOGO_SNALC_2023_BLANC-ORANGE_opt_6c3b76f081.png\" alt=\"\"><\/td><\/tr><\/tbody><\/table><\/figure>\n\n\n\n<figure class=\"wp-block-table\"><table><tbody><tr><td>Syndicat national des lyc\u00e9es, coll\u00e8ges, \u00e9coles et du sup\u00e9rieur<\/td><\/tr><\/tbody><\/table><\/figure>\n\n\n\n<figure class=\"wp-block-table\"><table><tbody><tr><td><strong>@&nbsp;: <a href=\"mailto:perdir@snalc.fr\">perdir@snalc.fr<\/a>&nbsp;&nbsp; &#8211;&nbsp; &nbsp;site&nbsp;: <a href=\"https:\/\/snalc.fr\" target=\"_blank\" rel=\"noreferrer noopener\">snalc.fr<\/a>&nbsp;&nbsp;&nbsp;<\/strong><\/td><\/tr><\/tbody><\/table><\/figure>\n\n\n\n<figure class=\"wp-block-table\"><table><tbody><tr><td>TEMPS DE TRAVAIL DES PERSONNELS DE DIRECTION&nbsp;: LA GRANDE OMERTA<\/td><\/tr><\/tbody><\/table><\/figure>\n\n\n\n<figure class=\"wp-block-table\"><table><tbody><tr><td><img decoding=\"async\" src=\"https:\/\/snalc.fr\/wp-content\/uploads\/temps_istock_kieferpix-1206717340.jpg\" alt=\"\"><\/td><\/tr><\/tbody><\/table><\/figure>\n\n\n\n<figure class=\"wp-block-table\"><table><tbody><tr><td>Le&nbsp;SNALC s&rsquo;int\u00e9resse \u00e0 la question tabou du temps de travail des personnels de direction. Selon le texte paru au <a href=\"https:\/\/www.education.gouv.fr\/bo\/2007\/8\/MEND0700290X.htm\" target=\"_blank\" rel=\"noreferrer noopener\">BO n\u00b08 du 22 f\u00e9vrier 2007<\/a>&nbsp;:&nbsp;<em>\u00ab&nbsp;La dur\u00e9e hebdomadaire de travail ne peut d\u00e9passer ni 44 heures en moyenne sur une p\u00e9riode de 12 semaines, ni 48 heures par semaine. L\u2019amplitude maximale journali\u00e8re de service est fix\u00e9e \u00e0 11 heures. Le service des personnels de direction ne peut exc\u00e9der 10 demi-journ\u00e9es par semaine.&nbsp;\u00bb<\/em><br>La grande omerta sur le temps de travail des personnels de direction doit prendre fin.<br><strong>Quelle est la r\u00e9alit\u00e9 de l&rsquo;exercice de votre m\u00e9tier dans votre \u00e9tablissement&nbsp;?<\/strong><br>Vous \u00eates 1480 personnels de direction \u00e0 avoir donn\u00e9 de votre temps pour r\u00e9pondre \u00e0 notre enqu\u00eate et nous vous en remercions. Comme convenu, nous vous communiquons les r\u00e9ponses et analyses dans les pages qui suivent. Ces \u00e9l\u00e9ments pr\u00e9cieux seront \u00e9galement pr\u00e9sent\u00e9s \u00e0 la DGRH du minist\u00e8re.<\/td><\/tr><\/tbody><\/table><\/figure>\n\n\n\n<figure class=\"wp-block-table\"><table><tbody><tr><td><strong>St\u00e9phanie HAMM<\/strong>Responsable nationale du SNALCcharg\u00e9e des personnels de direction<a href=\"mailto:perdir@snalc.fr\">perdir@snalc.fr<\/a><img decoding=\"async\" src=\"https:\/\/syndicat-snalc.net\/AWURTSJ67\/Stephanie_HAMM_SNALC_opt_6ebe47dbce.jpg\" alt=\"St\u00e9phanie Hamm SNALC\"><\/td><\/tr><\/tbody><\/table><\/figure>\n\n\n\n<figure class=\"wp-block-table\"><table><tbody><tr><td><\/td><\/tr><\/tbody><\/table><\/figure>\n\n\n\n<figure class=\"wp-block-table\"><table><tbody><tr><td><a href=\"https:\/\/snalc.fr\/temps-de-travail-perdir-resultats-enquete\/\" target=\"_blank\" rel=\"noreferrer noopener\">Acc\u00e9der aux r\u00e9sultats de l&rsquo;enqu\u00eate<\/a><\/td><\/tr><\/tbody><\/table><\/figure>\n\n\n\n<figure class=\"wp-block-table\"><table><tbody><tr><td><\/td><\/tr><\/tbody><\/table><\/figure>\n\n\n\n<figure class=\"wp-block-table\"><table><tbody><tr><td><img decoding=\"async\" src=\"https:\/\/snalc.fr\/wp-content\/uploads\/temps_istock_kieferpix-1206717340.jpg\" alt=\"\"><strong>Temps de travail des personnels de direction&nbsp;: la grande omerta<\/strong>Le SNALC d\u00e9nonce les conditions de travail intenables des personnels de direction qui voient leur charge de travail augmenter de fa\u00e7on exponentielle. Ce constat n\u2019est pas la simple r\u00e9sultante du transfert de charges des services acad\u00e9miques vers les \u00e9tablissements, \u00e0 moyens humains constants&#8230; <strong><a href=\"https:\/\/snalc.fr\/temps-de-travail-des-personnels-de-direction-la-grande-omerta\/\" target=\"_blank\" rel=\"noreferrer noopener\">[Lire l&rsquo;article]<\/a><\/strong><\/td><\/tr><\/tbody><\/table><\/figure>\n\n\n\n<figure class=\"wp-block-table\"><table><tbody><tr><td><\/td><\/tr><\/tbody><\/table><\/figure>\n\n\n\n<figure class=\"wp-block-table\"><table><tbody><tr><td>L&rsquo;ADH\u00c9SION AU SNALC&nbsp;: 90 \u20ac<\/td><\/tr><\/tbody><\/table><\/figure>\n\n\n\n<figure class=\"wp-block-table\"><table><tbody><tr><td><strong>Le SNALC est le syndicat&nbsp; repr\u00e9sentatif le moins cher de l&rsquo;\u00c9ducation nationale<\/strong>. Consulter les <a href=\"https:\/\/snalc.fr\/wp-content\/uploads\/tarifs.pdf\" target=\"_blank\" rel=\"noreferrer noopener\">tarifs et r\u00e9ductions<\/a>.<br><strong>L&rsquo;adh\u00e9sion comprend<\/strong>&nbsp;: <a href=\"https:\/\/snalc.fr\/gmf-protection-juridique\/\" target=\"_blank\" rel=\"noreferrer noopener\">l&rsquo;assistance et la protection juridiques<\/a> p\u00e9nales aupr\u00e8s de la GMF (agressions, diffamation&#8230;) ;&nbsp;le dispositif exclusif d&rsquo;accompagnement et d&rsquo;aide \u00e0 la mobilit\u00e9&nbsp;: <a href=\"https:\/\/snalc.fr\/mobi-snalc-presentation-et-acces\/\" target=\"_blank\" rel=\"noreferrer noopener\">mobi-SNALC<\/a>&nbsp;; et des tarifs n\u00e9goci\u00e9s aupr\u00e8s de nombreux partenaires&nbsp;: <a href=\"https:\/\/snalc.fr\/avantages-snalc\/\" target=\"_blank\" rel=\"noreferrer noopener\">avantages-SNALC<\/a>.<\/td><\/tr><\/tbody><\/table><\/figure>\n\n\n\n<figure class=\"wp-block-table\"><table><tbody><tr><td><img decoding=\"async\" src=\"http:\/\/syndicat-snalc.net\/AWURTSJ67\/editedimg_361b042f34.jpg\" alt=\"\"><a href=\"https:\/\/snalc.fr\/adhesion-carte\/\" target=\"_blank\" rel=\"noreferrer noopener\">carte bancaire<\/a><img decoding=\"async\" src=\"http:\/\/syndicat-snalc.net\/AWURTSJ67\/adhesion_prelevements_0703b426ca.JPG\" alt=\"\"><a href=\"https:\/\/snalc.fr\/adhesion\/\" target=\"_blank\" rel=\"noreferrer noopener\">pr\u00e9l\u00e8vements mensuels<\/a><img decoding=\"async\" src=\"https:\/\/syndicat-snalc.net\/AWURTSJ67\/editedimg_c6a21d792d.png\" alt=\"\"><a href=\"https:\/\/snalc.fr\/adhesion-virement\/\" target=\"_blank\" rel=\"noreferrer noopener\">virement<\/a><img decoding=\"async\" src=\"http:\/\/syndicat-snalc.net\/AWURTSJ67\/adhesion_cheque_699976dc59.JPG\" alt=\"\"><a href=\"https:\/\/snalc.fr\/adhesion-cheque\/\" target=\"_blank\" rel=\"noreferrer noopener\">ch\u00e8que<\/a><\/td><\/tr><\/tbody><\/table><\/figure>\n\n\n\n<figure class=\"wp-block-table\"><table><tbody><tr><td><strong>Le SNALC est ind\u00e9pendant et libre de toute attache \u00e0 une organisation politique, confessionnelle ou id\u00e9ologique<\/strong> (Statuts, article 1). Les cotisations sont les seules ressources du SNALC&nbsp;:&nbsp;il n&rsquo;a de compte \u00e0 rendre qu&rsquo;\u00e0 ses adh\u00e9rents. <strong>Le SNALC est repr\u00e9sentatif pour tous les personnels de l&rsquo;Education nationale <\/strong>: il si\u00e8ge au CSA minist\u00e9riel.<a href=\"https:\/\/snalc.fr\/le-snalc\/\" target=\"_blank\" rel=\"noreferrer noopener\">En savoir plus sur le SNALC<\/a><\/td><\/tr><\/tbody><\/table><\/figure>\n\n\n\n<figure class=\"wp-block-table\"><table><tbody><tr><td><a href=\"mailto:perdir@snalc.fr?subject=Enqu%C3%AAte%20Temps%20de%20travail\">Contacter le secteur SNALC Personnels de direction<\/a><\/td><\/tr><\/tbody><\/table><\/figure>\n\n\n\n<figure class=\"wp-block-table\"><table><tbody><tr><td><a href=\"https:\/\/facebook.com\/SNALC_national\" target=\"_blank\" rel=\"noreferrer noopener\"><\/a><a href=\"https:\/\/twitter.com\/snalc_national\" target=\"_blank\" rel=\"noreferrer noopener\"><\/a><a href=\"mailto:info@snalc.fr\"><\/a><a href=\"https:\/\/snalc.fr\" target=\"_blank\" rel=\"noreferrer noopener\"><\/a><\/td><\/tr><\/tbody><\/table><\/figure>\n\n\n\n<figure class=\"wp-block-table\"><table><tbody><tr><td>Cr\u00e9dits images&nbsp;: dans les articles en lien<\/td><\/tr><\/tbody><\/table><\/figure>\n\n\n\n<p>e direction<\/p>\n","protected":false},"excerpt":{"rendered":"<p>Personnels d Enqu\u00eate du SNALC (r\u00e9sultats)&nbsp;&#8211; 6 novembre 2023Personnels de direction Syndicat national des lyc\u00e9es, coll\u00e8ges, \u00e9coles et du sup\u00e9rieur @&nbsp;: perdir@snalc.fr&nbsp;&nbsp; &#8211;&nbsp; &nbsp;site&nbsp;: snalc.fr&nbsp;&nbsp;&nbsp; TEMPS DE TRAVAIL DES PERSONNELS [&hellip;]<\/p>\n","protected":false},"author":1,"featured_media":0,"comment_status":"closed","ping_status":"closed","sticky":false,"template":"","format":"standard","meta":{"_lmt_disableupdate":"","_lmt_disable":"","site-sidebar-layout":"default","site-content-layout":"","ast-site-content-layout":"default","site-content-style":"default","site-sidebar-style":"default","ast-global-header-display":"","ast-banner-title-visibility":"","ast-main-header-display":"","ast-hfb-above-header-display":"","ast-hfb-below-header-display":"","ast-hfb-mobile-header-display":"","site-post-title":"","ast-breadcrumbs-content":"","ast-featured-img":"","footer-sml-layout":"","ast-disable-related-posts":"","theme-transparent-header-meta":"","adv-header-id-meta":"","stick-header-meta":"","header-above-stick-meta":"","header-main-stick-meta":"","header-below-stick-meta":"","astra-migrate-meta-layouts":"set","ast-page-background-enabled":"default","ast-page-background-meta":{"desktop":{"background-color":"var(--ast-global-color-4)","background-image":"","background-repeat":"repeat","background-position":"center center","background-size":"auto","background-attachment":"scroll","background-type":"","background-media":"","overlay-type":"","overlay-color":"","overlay-opacity":"","overlay-gradient":""},"tablet":{"background-color":"","background-image":"","background-repeat":"repeat","background-position":"center center","background-size":"auto","background-attachment":"scroll","background-type":"","background-media":"","overlay-type":"","overlay-color":"","overlay-opacity":"","overlay-gradient":""},"mobile":{"background-color":"","background-image":"","background-repeat":"repeat","background-position":"center center","background-size":"auto","background-attachment":"scroll","background-type":"","background-media":"","overlay-type":"","overlay-color":"","overlay-opacity":"","overlay-gradient":""}},"ast-content-background-meta":{"desktop":{"background-color":"var(--ast-global-color-5)","background-image":"","background-repeat":"repeat","background-position":"center center","background-size":"auto","background-attachment":"scroll","background-type":"","background-media":"","overlay-type":"","overlay-color":"","overlay-opacity":"","overlay-gradient":""},"tablet":{"background-color":"var(--ast-global-color-5)","background-image":"","background-repeat":"repeat","background-position":"center center","background-size":"auto","background-attachment":"scroll","background-type":"","background-media":"","overlay-type":"","overlay-color":"","overlay-opacity":"","overlay-gradient":""},"mobile":{"background-color":"var(--ast-global-color-5)","background-image":"","background-repeat":"repeat","background-position":"center center","background-size":"auto","background-attachment":"scroll","background-type":"","background-media":"","overlay-type":"","overlay-color":"","overlay-opacity":"","overlay-gradient":""}},"footnotes":""},"categories":[38],"tags":[],"class_list":["post-2283","post","type-post","status-publish","format-standard","hentry","category-actualites-2023-2024"],"modified_by":"slecourtier","_links":{"self":[{"href":"https:\/\/snalc.org\/snalc2023\/index.php?rest_route=\/wp\/v2\/posts\/2283","targetHints":{"allow":["GET"]}}],"collection":[{"href":"https:\/\/snalc.org\/snalc2023\/index.php?rest_route=\/wp\/v2\/posts"}],"about":[{"href":"https:\/\/snalc.org\/snalc2023\/index.php?rest_route=\/wp\/v2\/types\/post"}],"author":[{"embeddable":true,"href":"https:\/\/snalc.org\/snalc2023\/index.php?rest_route=\/wp\/v2\/users\/1"}],"replies":[{"embeddable":true,"href":"https:\/\/snalc.org\/snalc2023\/index.php?rest_route=%2Fwp%2Fv2%2Fcomments&post=2283"}],"version-history":[{"count":1,"href":"https:\/\/snalc.org\/snalc2023\/index.php?rest_route=\/wp\/v2\/posts\/2283\/revisions"}],"predecessor-version":[{"id":2284,"href":"https:\/\/snalc.org\/snalc2023\/index.php?rest_route=\/wp\/v2\/posts\/2283\/revisions\/2284"}],"wp:attachment":[{"href":"https:\/\/snalc.org\/snalc2023\/index.php?rest_route=%2Fwp%2Fv2%2Fmedia&parent=2283"}],"wp:term":[{"taxonomy":"category","embeddable":true,"href":"https:\/\/snalc.org\/snalc2023\/index.php?rest_route=%2Fwp%2Fv2%2Fcategories&post=2283"},{"taxonomy":"post_tag","embeddable":true,"href":"https:\/\/snalc.org\/snalc2023\/index.php?rest_route=%2Fwp%2Fv2%2Ftags&post=2283"}],"curies":[{"name":"wp","href":"https:\/\/api.w.org\/{rel}","templated":true}]}}