{"id":2342,"date":"2023-11-15T21:28:09","date_gmt":"2023-11-15T20:28:09","guid":{"rendered":"https:\/\/snalc.org\/snalc2023\/?p=2342"},"modified":"2023-11-15T21:28:12","modified_gmt":"2023-11-15T20:28:12","slug":"reforme-des-lp-conference-de-presse","status":"publish","type":"post","link":"https:\/\/snalc.org\/snalc2023\/?p=2342","title":{"rendered":"R\u00e9forme des LP : conf\u00e9rence de presse"},"content":{"rendered":"\n<figure class=\"wp-block-image\"><img decoding=\"async\" src=\"https:\/\/snalc.fr\/wp-content\/uploads\/media_iStock_waltkowalski.jpg\" alt=\"\"\/><figcaption class=\"wp-element-caption\">\u00a9 iStock_waltkowalski<\/figcaption><\/figure>\n\n\n\n<p><strong>L\u2019intersyndicale de la voie professionnelle&nbsp; s\u2019est r\u00e9unie sur le projet de r\u00e9forme des lyc\u00e9es pros impos\u00e9e par la ministre C. Grandjean ce mercredi 15 novembre 2023.<\/strong><\/p>\n\n\n\n<p><strong>L\u2019intersyndicale de la voie professionnelle vous invite \u00e0 prendre connaissance de l\u2019expression unitaire ci-dessous.&nbsp;<\/strong><\/p>\n\n\n\n<p><strong>Communiqu\u00e9 de presse intersyndical&nbsp;<\/strong><\/p>\n\n\n\n<figure class=\"wp-block-image\"><img decoding=\"async\" src=\"https:\/\/snalc.fr\/wp-content\/uploads\/bandeau_is_pro20231115-1024x254.jpg\" alt=\"\"\/><\/figure>\n\n\n\n<p><strong>L\u2019intersyndicale voie pro exige le retrait du projet de r\u00e9forme Grandjean&nbsp;<\/strong><strong>contre le lyc\u00e9e professionnel<\/strong><\/p>\n\n\n\n<p>La ministre d\u00e9l\u00e9gu\u00e9e \u00e0 l\u2019enseignement et la formation professionnels s\u2019arcboute sur ses positions de casse du lyc\u00e9e professionnel en voulant imposer une d\u00e9gradation brutale et scandaleuse de la classe de terminale. Le calendrier impos\u00e9 est de surcro\u00eet intenable et irrespectueux du travail des personnels car la mise en \u0153uvre de ce projet est envisag\u00e9e d\u00e8s la rentr\u00e9e 2024.<\/p>\n\n\n\n<p>Concr\u00e8tement, le parcours commun des \u00e9l\u00e8ves de lyc\u00e9e pro serait diminu\u00e9 de 6 semaines et les \u00e9preuves aux examens avanc\u00e9es afin d\u2019introduire un parcours personnalis\u00e9 de 6 semaines. Ce projet est bien une forme de recyclage de l\u2019\u00e9chec criant du bac Blanquer.<\/p>\n\n\n\n<p>Apr\u00e8s un bac pro 3 ans, c\u2019est un bac pro 2,5 ans, voire 2 ans qu\u2019organise le minist\u00e8re. Au pr\u00e9texte de diversification, le minist\u00e8re d\u00e9tournerait un grand nombre d\u2019heures de cours pour r\u00e9pondre \u00e0 une commande pr\u00e9sidentielle : augmenter le nombre de semaines de stages.&nbsp;Inacceptable quand nos \u00e9l\u00e8ves ont besoin de plus et mieux d\u2019\u00e9cole. C\u2019est toute l\u2019architecture du bac pro qui est lamin\u00e9e.<\/p>\n\n\n\n<p>Imposer des stages en juin en lieu et place des \u00e9preuves actuelles est absurde et dangereux pour les \u00e9l\u00e8ves des lyc\u00e9es pros qui seront en concurrence avec les \u00e9l\u00e8ves de 2nde GT dont le capital r\u00e9seau pour trouver des entreprises d\u2019accueil est plus important.<\/p>\n\n\n\n<p>Comme si cela ne suffisait pas, cette d\u00e9valorisation du bac pro s\u2019accompagne, d\u00e8s cette ann\u00e9e, de la refonte de la carte des formations qui pr\u00e9voit la r\u00e9duction de 15 % des places de formation actuelles d\u00e9cr\u00e9t\u00e9s \u00ab&nbsp;non-ins\u00e9rantes&nbsp;\u00bb \u00e0 la rentr\u00e9e 2026. Ce qui ne laisse gu\u00e8re de doute sur l\u2019ampleur des suppressions de postes et des reconversions forc\u00e9es que vont subir les coll\u00e8gues.<\/p>\n\n\n\n<p>Ce n\u2019est ni l\u2019int\u00e9r\u00eat des \u00e9l\u00e8ves ni celui des personnels qui conduit cette r\u00e9forme. Avec les personnels, nous refusons ce projet : le minist\u00e8re portera la lourde responsabilit\u00e9 d\u2019un accroissement du d\u00e9crochage scolaire, de r\u00e9sultats en baisse aux examens et d\u2019une d\u00e9gradation sans pr\u00e9c\u00e9dent des conditions de travail des personnels. C\u2019est clairement une annualisation du temps de travail des PLP qui se profile.<\/p>\n\n\n\n<p>Le minist\u00e8re veut prendre de court les PLP, les \u00e9l\u00e8ves et leurs organisations repr\u00e9sentatives dans un agenda tr\u00e8s rapide : les textes passeront au Conseil sup\u00e9rieur de l\u2019\u00c9ducation le 14 d\u00e9cembre. C\u2019est une nouvelle fois un profond m\u00e9pris envers les PLP et leurs syndicats.<\/p>\n\n\n\n<p><strong>Pour stopper ce d\u00e9mant\u00e8lement organis\u00e9 de nos lyc\u00e9es pros et contre cette d\u00e9gradation de la classe de terminale nos organisations m\u00e8neront le combat en intersyndicale.<\/strong><\/p>\n\n\n\n<p><strong>L\u2019intersyndicale voie pro&nbsp; SNUEP-FSU, SNEP-FSU, <\/strong><strong>SNETAA-FO, <\/strong><strong>CGT \u00c9duc\u2019action, <\/strong><strong>SNALC,&nbsp;<\/strong><strong>SUD \u00c9ducation, CNT appelle tous les personnels \u00e0 \u00e9changer et organiser partout des heures d\u2019information syndicale et des assembl\u00e9es g\u00e9n\u00e9rales d\u2019\u00e9tablissement pour pr\u00e9parer et r\u00e9ussir une mobilisation d\u2019ampleur le mardi 12 d\u00e9cembre pour exiger le retrait de cette r\u00e9forme des lyc\u00e9es pros.<\/strong><\/p>\n\n\n\n<p><strong>Courrier intersyndical de pr\u00e9avis de gr\u00e8ve le 12 d\u00e9cembre 2023<\/strong><\/p>\n\n\n\n<figure class=\"wp-block-image\"><img decoding=\"async\" src=\"https:\/\/snalc.fr\/wp-content\/uploads\/bandeau_is_pro20231115-1024x254.jpg\" alt=\"\"\/><\/figure>\n\n\n\n<p>Madame la ministre, Monsieur le ministre,<\/p>\n\n\n\n<p>Malgr\u00e9 les multiples d\u00e9saccords et les alertes exprim\u00e9es par nos organisations syndicales concernant la r\u00e9forme des lyc\u00e9es pros, vous faites le choix de passer en force contre les personnels et contre l\u2019int\u00e9r\u00eat des \u00e9l\u00e8ves en imposant une transformation brutale de la classe de terminale.<\/p>\n\n\n\n<p>Dans la p\u00e9riode tr\u00e8s tendue que nous traversons et au regard des enjeux et exigences \u00e9ducatives ambitieuses que nous portons, nous r\u00e9affirmons que c\u2019est plus d\u2019\u00e9cole dont ont besoin nos \u00e9l\u00e8ves et pas plus de PFMP. Nos organisations syndicales rappellent que les lyc\u00e9es professionnels forment \u00e0 des m\u00e9tiers mais aussi \u00e9duquent les jeunes \u00e0 la citoyennet\u00e9. Vous imposez une modification des cartes des formations dont les impacts sur les personnels seront tr\u00e8s lourds en particulier en mati\u00e8re de reconversions forc\u00e9es et qui va, de surcro\u00eet, aggraver l\u2019attractivit\u00e9 de nos m\u00e9tiers.<\/p>\n\n\n\n<p>L\u2019intersyndicale d\u00e9pose donc un pr\u00e9avis de gr\u00e8ve le mardi 12 d\u00e9cembre 2023 afin que les personnels de l\u2019\u00c9ducation nationale soient administrativement couverts dans leur d\u00e9marche et leurs actions.<\/p>\n\n\n\n<p>Veuillez agr\u00e9er, Madame et Monsieur les ministres, l\u2019assurance de notre attachement profond au service public d\u2019\u00c9ducation nationale.<\/p>\n\n\n\n<p>Pour le <strong>SNUEP-FSU<\/strong>&nbsp;<br>Sigrid GERADIN<\/p>\n\n\n\n<p>Pour le <strong>SNEP-FSU<\/strong>&nbsp;<br>Coralie BENECH<\/p>\n\n\n\n<p>Pour la <strong>CGT Educ\u2019action<\/strong>&nbsp;<br>Isabelle VUILLET et Michael MARCILLOUX<\/p>\n\n\n\n<p>Pour le <strong>SNETAA-FO<\/strong><br>Pascal VIVIER<\/p>\n\n\n\n<p>Pour le <strong>SNALC<\/strong>&nbsp;<br>Jean-R\u00e9mi GIRARD<\/p>\n\n\n\n<p>Pour <strong>Sud Education<\/strong><br>Fatna SEGHROUCHNI<\/p>\n\n\n\n<p>Pour la <strong>CNT<\/strong><br>David CONNAUGHTON<\/p>\n\n\n\n<p><a href=\"https:\/\/snalc.fr\/wp-content\/uploads\/Courrier_ISpro_20231115_preavis_greve_12DEC23.pdf\">T\u00e9l\u00e9charger<\/a><\/p>\n","protected":false},"excerpt":{"rendered":"<p>L\u2019intersyndicale de la voie professionnelle&nbsp; s\u2019est r\u00e9unie sur le projet de r\u00e9forme des lyc\u00e9es pros impos\u00e9e par la ministre C. Grandjean ce mercredi 15 novembre 2023. L\u2019intersyndicale de la voie [&hellip;]<\/p>\n","protected":false},"author":1,"featured_media":0,"comment_status":"closed","ping_status":"closed","sticky":false,"template":"","format":"standard","meta":{"_lmt_disableupdate":"","_lmt_disable":"","site-sidebar-layout":"default","site-content-layout":"","ast-site-content-layout":"default","site-content-style":"default","site-sidebar-style":"default","ast-global-header-display":"","ast-banner-title-visibility":"","ast-main-header-display":"","ast-hfb-above-header-display":"","ast-hfb-below-header-display":"","ast-hfb-mobile-header-display":"","site-post-title":"","ast-breadcrumbs-content":"","ast-featured-img":"","footer-sml-layout":"","ast-disable-related-posts":"","theme-transparent-header-meta":"","adv-header-id-meta":"","stick-header-meta":"","header-above-stick-meta":"","header-main-stick-meta":"","header-below-stick-meta":"","astra-migrate-meta-layouts":"set","ast-page-background-enabled":"default","ast-page-background-meta":{"desktop":{"background-color":"var(--ast-global-color-4)","background-image":"","background-repeat":"repeat","background-position":"center center","background-size":"auto","background-attachment":"scroll","background-type":"","background-media":"","overlay-type":"","overlay-color":"","overlay-opacity":"","overlay-gradient":""},"tablet":{"background-color":"","background-image":"","background-repeat":"repeat","background-position":"center center","background-size":"auto","background-attachment":"scroll","background-type":"","background-media":"","overlay-type":"","overlay-color":"","overlay-opacity":"","overlay-gradient":""},"mobile":{"background-color":"","background-image":"","background-repeat":"repeat","background-position":"center center","background-size":"auto","background-attachment":"scroll","background-type":"","background-media":"","overlay-type":"","overlay-color":"","overlay-opacity":"","overlay-gradient":""}},"ast-content-background-meta":{"desktop":{"background-color":"var(--ast-global-color-5)","background-image":"","background-repeat":"repeat","background-position":"center center","background-size":"auto","background-attachment":"scroll","background-type":"","background-media":"","overlay-type":"","overlay-color":"","overlay-opacity":"","overlay-gradient":""},"tablet":{"background-color":"var(--ast-global-color-5)","background-image":"","background-repeat":"repeat","background-position":"center center","background-size":"auto","background-attachment":"scroll","background-type":"","background-media":"","overlay-type":"","overlay-color":"","overlay-opacity":"","overlay-gradient":""},"mobile":{"background-color":"var(--ast-global-color-5)","background-image":"","background-repeat":"repeat","background-position":"center center","background-size":"auto","background-attachment":"scroll","background-type":"","background-media":"","overlay-type":"","overlay-color":"","overlay-opacity":"","overlay-gradient":""}},"footnotes":""},"categories":[38],"tags":[],"class_list":["post-2342","post","type-post","status-publish","format-standard","hentry","category-actualites-2023-2024"],"modified_by":"slecourtier","_links":{"self":[{"href":"https:\/\/snalc.org\/snalc2023\/index.php?rest_route=\/wp\/v2\/posts\/2342","targetHints":{"allow":["GET"]}}],"collection":[{"href":"https:\/\/snalc.org\/snalc2023\/index.php?rest_route=\/wp\/v2\/posts"}],"about":[{"href":"https:\/\/snalc.org\/snalc2023\/index.php?rest_route=\/wp\/v2\/types\/post"}],"author":[{"embeddable":true,"href":"https:\/\/snalc.org\/snalc2023\/index.php?rest_route=\/wp\/v2\/users\/1"}],"replies":[{"embeddable":true,"href":"https:\/\/snalc.org\/snalc2023\/index.php?rest_route=%2Fwp%2Fv2%2Fcomments&post=2342"}],"version-history":[{"count":1,"href":"https:\/\/snalc.org\/snalc2023\/index.php?rest_route=\/wp\/v2\/posts\/2342\/revisions"}],"predecessor-version":[{"id":2343,"href":"https:\/\/snalc.org\/snalc2023\/index.php?rest_route=\/wp\/v2\/posts\/2342\/revisions\/2343"}],"wp:attachment":[{"href":"https:\/\/snalc.org\/snalc2023\/index.php?rest_route=%2Fwp%2Fv2%2Fmedia&parent=2342"}],"wp:term":[{"taxonomy":"category","embeddable":true,"href":"https:\/\/snalc.org\/snalc2023\/index.php?rest_route=%2Fwp%2Fv2%2Fcategories&post=2342"},{"taxonomy":"post_tag","embeddable":true,"href":"https:\/\/snalc.org\/snalc2023\/index.php?rest_route=%2Fwp%2Fv2%2Ftags&post=2342"}],"curies":[{"name":"wp","href":"https:\/\/api.w.org\/{rel}","templated":true}]}}