{"id":2359,"date":"2023-11-23T18:58:26","date_gmt":"2023-11-23T17:58:26","guid":{"rendered":"https:\/\/snalc.org\/snalc2023\/?p=2359"},"modified":"2023-11-23T18:58:27","modified_gmt":"2023-11-23T17:58:27","slug":"une-reforme-des-lycees-pros-terminable","status":"publish","type":"post","link":"https:\/\/snalc.org\/snalc2023\/?p=2359","title":{"rendered":"Une r\u00e9forme des lyc\u00e9es pros terminable"},"content":{"rendered":"\n<figure class=\"wp-block-image\"><img decoding=\"async\" src=\"https:\/\/snalc.fr\/wp-content\/uploads\/casse_istock_malerapaso-1178696200.jpg\" alt=\"\"\/><figcaption class=\"wp-element-caption\">\u00a9 istock_malerapaso-1178696200<\/figcaption><\/figure>\n\n\n\n<p>Le <strong>SNALC<\/strong> rejette les annonces faites \u00e0 la presse par la ministre Carole Grandjean sur l\u2019organisation de la terminale professionnelle.<\/p>\n\n\n\n<p>Sur le fond, le minist\u00e8re d\u00e9tourne un grand nombre d\u2019heures de cours pour r\u00e9pondre \u00e0 une commande pr\u00e9sidentielle : augmenter le nombre de semaines de stages, alors que nos \u00e9l\u00e8ves ont besoin d\u2019\u00c9cole. Cela se fait contre l\u2019avis majoritaire de la profession. La r\u00e9cente enqu\u00eate du <strong>SNALC<\/strong> aupr\u00e8s des professeurs de lyc\u00e9e professionnel indique que 84 % d\u2019entre eux estiment n\u2019avoir pas assez de temps pour enseigner correctement, et 79 % sont contre une \u00e9volution du nombre de semaines de stages.<\/p>\n\n\n\n<p>De plus, le calendrier de la nouvelle ann\u00e9e de terminale et du bac est ubuesque. \u00c9preuves de bac au mois de mai, avec deux \u00e9preuves suppl\u00e9mentaires fin juin, alors que beaucoup \u00e9l\u00e8ves n\u2019auront pas eu cours pendant 6 semaines : le minist\u00e8re a la m\u00e9moire tr\u00e8s courte, puisqu\u2019il reproduit en pire la catastrophe du calendrier du bac Blanquer pour les voies g\u00e9n\u00e9rales et technologiques.<\/p>\n\n\n\n<p>Le <strong>SNALC<\/strong> d\u00e9nonce enfin une parodie de n\u00e9gociation, le minist\u00e8re ayant refus\u00e9 de tenir des r\u00e9unions multilat\u00e9rales avec l\u2019ensemble des organisations repr\u00e9sentatives, malgr\u00e9 nos demandes r\u00e9p\u00e9t\u00e9es.<\/p>\n\n\n\n<p>Le <strong>SNALC<\/strong>, dans le cadre d\u2019une intersyndicale majoritaire, appelle tous les personnels \u00e0 \u00e9changer et \u00e0 organiser partout des heures d\u2019information syndicale et des assembl\u00e9es g\u00e9n\u00e9rales d\u2019\u00e9tablissement pour pr\u00e9parer et r\u00e9ussir une mobilisation d\u2019ampleur mardi 12 d\u00e9cembre.<\/p>\n\n\n\n<p><a href=\"https:\/\/snalc.fr\/wp-content\/uploads\/20231123_compresse_LP_terminable.pdf\">T\u00e9l\u00e9charger<\/a><\/p>\n","protected":false},"excerpt":{"rendered":"<p>Le SNALC rejette les annonces faites \u00e0 la presse par la ministre Carole Grandjean sur l\u2019organisation de la terminale professionnelle. Sur le fond, le minist\u00e8re d\u00e9tourne un grand nombre d\u2019heures [&hellip;]<\/p>\n","protected":false},"author":1,"featured_media":0,"comment_status":"closed","ping_status":"closed","sticky":false,"template":"","format":"standard","meta":{"_lmt_disableupdate":"","_lmt_disable":"","site-sidebar-layout":"default","site-content-layout":"","ast-site-content-layout":"default","site-content-style":"default","site-sidebar-style":"default","ast-global-header-display":"","ast-banner-title-visibility":"","ast-main-header-display":"","ast-hfb-above-header-display":"","ast-hfb-below-header-display":"","ast-hfb-mobile-header-display":"","site-post-title":"","ast-breadcrumbs-content":"","ast-featured-img":"","footer-sml-layout":"","ast-disable-related-posts":"","theme-transparent-header-meta":"","adv-header-id-meta":"","stick-header-meta":"","header-above-stick-meta":"","header-main-stick-meta":"","header-below-stick-meta":"","astra-migrate-meta-layouts":"set","ast-page-background-enabled":"default","ast-page-background-meta":{"desktop":{"background-color":"var(--ast-global-color-4)","background-image":"","background-repeat":"repeat","background-position":"center center","background-size":"auto","background-attachment":"scroll","background-type":"","background-media":"","overlay-type":"","overlay-color":"","overlay-opacity":"","overlay-gradient":""},"tablet":{"background-color":"","background-image":"","background-repeat":"repeat","background-position":"center center","background-size":"auto","background-attachment":"scroll","background-type":"","background-media":"","overlay-type":"","overlay-color":"","overlay-opacity":"","overlay-gradient":""},"mobile":{"background-color":"","background-image":"","background-repeat":"repeat","background-position":"center center","background-size":"auto","background-attachment":"scroll","background-type":"","background-media":"","overlay-type":"","overlay-color":"","overlay-opacity":"","overlay-gradient":""}},"ast-content-background-meta":{"desktop":{"background-color":"var(--ast-global-color-5)","background-image":"","background-repeat":"repeat","background-position":"center center","background-size":"auto","background-attachment":"scroll","background-type":"","background-media":"","overlay-type":"","overlay-color":"","overlay-opacity":"","overlay-gradient":""},"tablet":{"background-color":"var(--ast-global-color-5)","background-image":"","background-repeat":"repeat","background-position":"center center","background-size":"auto","background-attachment":"scroll","background-type":"","background-media":"","overlay-type":"","overlay-color":"","overlay-opacity":"","overlay-gradient":""},"mobile":{"background-color":"var(--ast-global-color-5)","background-image":"","background-repeat":"repeat","background-position":"center center","background-size":"auto","background-attachment":"scroll","background-type":"","background-media":"","overlay-type":"","overlay-color":"","overlay-opacity":"","overlay-gradient":""}},"footnotes":""},"categories":[38],"tags":[],"class_list":["post-2359","post","type-post","status-publish","format-standard","hentry","category-actualites-2023-2024"],"modified_by":"slecourtier","_links":{"self":[{"href":"https:\/\/snalc.org\/snalc2023\/index.php?rest_route=\/wp\/v2\/posts\/2359","targetHints":{"allow":["GET"]}}],"collection":[{"href":"https:\/\/snalc.org\/snalc2023\/index.php?rest_route=\/wp\/v2\/posts"}],"about":[{"href":"https:\/\/snalc.org\/snalc2023\/index.php?rest_route=\/wp\/v2\/types\/post"}],"author":[{"embeddable":true,"href":"https:\/\/snalc.org\/snalc2023\/index.php?rest_route=\/wp\/v2\/users\/1"}],"replies":[{"embeddable":true,"href":"https:\/\/snalc.org\/snalc2023\/index.php?rest_route=%2Fwp%2Fv2%2Fcomments&post=2359"}],"version-history":[{"count":1,"href":"https:\/\/snalc.org\/snalc2023\/index.php?rest_route=\/wp\/v2\/posts\/2359\/revisions"}],"predecessor-version":[{"id":2360,"href":"https:\/\/snalc.org\/snalc2023\/index.php?rest_route=\/wp\/v2\/posts\/2359\/revisions\/2360"}],"wp:attachment":[{"href":"https:\/\/snalc.org\/snalc2023\/index.php?rest_route=%2Fwp%2Fv2%2Fmedia&parent=2359"}],"wp:term":[{"taxonomy":"category","embeddable":true,"href":"https:\/\/snalc.org\/snalc2023\/index.php?rest_route=%2Fwp%2Fv2%2Fcategories&post=2359"},{"taxonomy":"post_tag","embeddable":true,"href":"https:\/\/snalc.org\/snalc2023\/index.php?rest_route=%2Fwp%2Fv2%2Ftags&post=2359"}],"curies":[{"name":"wp","href":"https:\/\/api.w.org\/{rel}","templated":true}]}}