{"id":2376,"date":"2023-11-24T18:34:21","date_gmt":"2023-11-24T17:34:21","guid":{"rendered":"https:\/\/snalc.org\/snalc2023\/?p=2376"},"modified":"2023-11-24T18:34:25","modified_gmt":"2023-11-24T17:34:25","slug":"lettre-dinformation-snalc-23-novembre-2023-professeurs-des-ecoles","status":"publish","type":"post","link":"https:\/\/snalc.org\/snalc2023\/?p=2376","title":{"rendered":"Lettre d&rsquo;information SNALC\u00a0&#8211;\u00a0\u00a023 novembre 2023 &#8211; Professeurs des \u00e9coles"},"content":{"rendered":"\n<figure class=\"wp-block-table\"><table><tbody><tr><td><strong>Lettre d&rsquo;information SNALC&nbsp;&#8211;&nbsp;&nbsp;23 novembre 2023<\/strong><br>Professeurs des \u00e9coles<\/td><\/tr><\/tbody><\/table><\/figure>\n\n\n\n<figure class=\"wp-block-table\"><table><tbody><tr><td><img decoding=\"async\" src=\"https:\/\/syndicat-snalc.net\/AWURTSJ67\/LOGO_SNALC_ECOLE_BLANC-ORANGE_OMBRE_opt_9eb03d62df.png\" alt=\"\"><\/td><\/tr><\/tbody><\/table><\/figure>\n\n\n\n<figure class=\"wp-block-table\"><table><tbody><tr><td>Syndicat national des lyc\u00e9es, coll\u00e8ges, \u00e9coles et du sup\u00e9rieur<\/td><\/tr><\/tbody><\/table><\/figure>\n\n\n\n<figure class=\"wp-block-table\"><table><tbody><tr><td><strong>@&nbsp;:&nbsp;<a href=\"https:\/\/oxiforms.com\/form.php?f=3CCEA222-75AC-4C20-96A8-469DA72B26EF\" target=\"_blank\" rel=\"noreferrer noopener\">contact<\/a>&nbsp;&nbsp; &#8211;&nbsp; &nbsp;site&nbsp;: <a href=\"https:\/\/snalc.fr\" target=\"_blank\" rel=\"noreferrer noopener\">snalc.fr<\/a>&nbsp;&nbsp;&nbsp;<\/strong><\/td><\/tr><\/tbody><\/table><\/figure>\n\n\n\n<figure class=\"wp-block-table\"><table><tbody><tr><td>OBJECTIVIT\u00c9 ET VISIBILIT\u00c9<\/td><\/tr><\/tbody><\/table><\/figure>\n\n\n\n<figure class=\"wp-block-table\"><table><tbody><tr><td>Le ministre de l&rsquo;\u00c9ducation nationale fra\u00eechement nomm\u00e9 a rapidement \u00e9t\u00e9 confront\u00e9 \u00e0 des d\u00e9fis majeurs. \u00c0 peine les controverses autour de l&rsquo;interdiction de l&rsquo;abaya se sont-elles calm\u00e9es, qu&rsquo;il a d\u00fb faire face \u00e0 une s\u00e9rie de situations et d\u2019\u00e9v\u00e9nements complexes \u00e0 g\u00e9rer&nbsp;: suicides d&rsquo;\u00e9l\u00e8ves, attentats, actes antis\u00e9mites\u2026 Difficile de mettre en avant, comme il le souhaitait, la priorit\u00e9 de l&rsquo;apprentissage des fondamentaux \u00e0 l&rsquo;\u00e9cole lorsque des probl\u00e8mes sociaux et des actes graves plus ou moins li\u00e9s \u00e0 l&rsquo;actualit\u00e9 internationale viennent remettre en question la qui\u00e9tude, la la\u00efcit\u00e9 et la s\u00e9curit\u00e9 de nos \u00e9coles.<br>Pour autant, reconnaissons que le Ministre semble faire preuve de combativit\u00e9 sur tous les fronts. Si nous saluons sa volont\u00e9 de faire de l&rsquo;\u00e9cole un lieu d\u2019exigences pour les apprentissages, il semble avoir n\u00e9glig\u00e9 un facteur important&nbsp;: la sant\u00e9 mentale des enseignants, \u00e9puis\u00e9s et d\u00e9courag\u00e9s par la multiplication depuis des ann\u00e9es des nouveaut\u00e9s contraignantes et contre-productives, des enqu\u00eates inutiles et chronophages, et surtout des promesses s\u00e9duisantes qui restent lettre morte.<br>Les professeurs des \u00e9coles ont d\u00e9sesp\u00e9r\u00e9ment besoin d&rsquo;objectivit\u00e9 et de visibilit\u00e9 dans les exigences institutionnelles. Malheureusement, bien qu&rsquo;int\u00e9ressantes, les premi\u00e8res initiatives du minist\u00e8re depuis l\u2019arriv\u00e9e de Gabriel Attal en font cruellement d\u00e9faut.<br>On notera la nouvelle mission \u00ab\u00a0exigence des savoirs\u00a0\u00bb, \u00e0 laquelle le SNALC adh\u00e8re car elle va dans le sens de l&rsquo;\u00e9cole qu\u2019il d\u00e9fend depuis toujours. Cependant, nous avons des r\u00e9serves concernant le questionnaire associ\u00e9, o\u00f9 les choix de r\u00e9ponses propos\u00e9es sont tr\u00e8s orient\u00e9s et oscillent parfois entre des expressions signifiant \u00ab\u00a0tr\u00e8s favorable\u00a0\u00bb et \u00ab\u00a0satisfaisant\u00a0\u00bb. Le SNALC a donc d\u00e9cid\u00e9 de lancer son propre questionnaire bien plus centr\u00e9 sur la r\u00e9alit\u00e9.<br>Dans un autre registre, une autre enqu\u00eate chronophage a vu le jour, notamment pour les directeurs d&rsquo;\u00e9cole&nbsp;: le r\u00e9cent questionnaire sur le harc\u00e8lement dans le cadre de pHARe. Bien s\u00fbr, le SNALC ne remet pas en question l&rsquo;objectif louable de cette initiative visant \u00e0 lutter contre ce fl\u00e9au. Cependant, les retours que nous avons re\u00e7us t\u00e9moignent d&rsquo;une incompr\u00e9hension quant \u00e0 sa mise en place soudaine et \u00e0 sa passation sans pr\u00e9paration r\u00e9elle des enseignants. Ces derniers auraient aim\u00e9 plus d\u2019explications sur l&rsquo;utilisation des informations recueillies, ainsi que sur les mesures qui seront prises (ou pas) au niveau de la classe ou de l&rsquo;\u00e9cole.<br>D&rsquo;autres sujets d&rsquo;actualit\u00e9, tels que la s\u00e9curit\u00e9 des \u00e9coles et des \u00e9tablissements, occultent certaines r\u00e9alit\u00e9s du moment, comme les nombreux probl\u00e8mes informatiques auxquels sont confront\u00e9s des coll\u00e8gues qui comptaient sur la fiabilit\u00e9 de SIAM pour tenter leur chance, cette ann\u00e9e encore, de changer de d\u00e9partement. Sans surprise, rien n\u2019est fait pour augmenter le taux de mutation bien trop faible. Une autre r\u00e9alit\u00e9 qui risque de susciter la col\u00e8re des enseignants est le passage \u00e0 la classe exceptionnelle. En effet, ce dernier manquait d\u00e9j\u00e0 de transparence, il sera d\u00e9sormais totalement opaque ; si bien qu\u2019un tirage \u00e0 la courte paille semblerait bien plus objectif.<br>Pour conclure, l\u2019histoire nous a montr\u00e9 qu\u2019il ne suffit pas d\u2019avoir les bons mots, les bonnes id\u00e9es, la bonne attitude. Le ministre de l\u2019\u00c9ducation nationale qui a pris ses fonctions apr\u00e8s l\u2019\u00e9lection du Pr\u00e9sident Emmanuel Macron nous a prouv\u00e9 que l\u2019apparence ne fait pas tout et que si les premi\u00e8res impressions peuvent \u00eatre positives, le bilan peut lui \u00eatre catastrophique. Nous jugerons sur les actes.<\/td><\/tr><\/tbody><\/table><\/figure>\n\n\n\n<figure class=\"wp-block-table\"><table><tbody><tr><td>Christophe GRUSONsecr\u00e9taire national du SNALC charg\u00e9 du premier degr\u00e9<\/td><\/tr><\/tbody><\/table><\/figure>\n\n\n\n<figure class=\"wp-block-table\"><table><tbody><tr><td><img decoding=\"async\" src=\"https:\/\/syndicat-snalc.net\/AWURTSJ67\/fleche_mouvement-644x468-1-e1630932440243-2_8605a4e55a.jpeg\" alt=\"\"><strong>MOUVEMENT INTER DEPARTEMENTAL 2024<\/strong><br>Saisissez vos v\u0153ux jusqu&rsquo;au <strong>mercredi 29 novembre 2023 \u00e0 12h<\/strong> (heure de Paris).Consultez notre dossier en ligne et les explications de la page 22 \u00e0 la page 30 de notre suppl\u00e9ment Quinzaine Universitaire.<br>[<a href=\"https:\/\/snalc.fr\/mouvement-inter-2024\/\" target=\"_blank\" rel=\"noreferrer noopener\">Dossier mouvement<\/a>]<\/td><\/tr><\/tbody><\/table><\/figure>\n\n\n\n<figure class=\"wp-block-table\"><table><tbody><tr><td><img decoding=\"async\" src=\"https:\/\/syndicat-snalc.net\/AWURTSJ67\/hand-light-people-girl-white-photography-636_c454361ea1.jpg\" alt=\"\"><strong>QUESTIONNAIRE HARC\u00c8LEMENT&nbsp;: UNE PRESSION SUPPL\u00c9MENTAIRE<\/strong><strong><br><\/strong>M\u00eame si tout un chacun salue la volont\u00e9 du gouvernement de faire de la lutte anti-harc\u00e8lement une priorit\u00e9, le SNALC d\u00e9plore le manque de temps laiss\u00e9 aux \u00e9quipes pour pr\u00e9parer les diff\u00e9rentes actions \u00e0 mener.<br>[&#8230;<a href=\"https:\/\/snalc.fr\/questionnaire-harcelement-une-pression-supplementaire\/\" target=\"_blank\" rel=\"noreferrer noopener\">Lire la suite<\/a>]<\/td><\/tr><\/tbody><\/table><\/figure>\n\n\n\n<figure class=\"wp-block-table\"><table><tbody><tr><td><img decoding=\"async\" src=\"https:\/\/syndicat-snalc.net\/AWURTSJ67\/grass-white-meadow-dog-flock-wildlife-932981_5a7b1f774a.jpg\" alt=\"\"><strong>CLASSE EXCEPTIONNELLE&nbsp;: LES R\u00c8GLES CHANGENT<\/strong><br>Les lignes directrices de gestion (LDG) relatives \u00e0 la carri\u00e8re viennent d\u2019\u00eatre revues. Les conditions de promotion \u00e0 la classe exceptionnelle ne vont pas dans le bon sens pour le SNALC. [&#8230;<a href=\"https:\/\/snalc.fr\/classe-exceptionnelle-les-regles-changent\/\" target=\"_blank\" rel=\"noreferrer noopener\">Lire la suite<\/a>]<\/td><\/tr><\/tbody><\/table><\/figure>\n\n\n\n<figure class=\"wp-block-table\"><table><tbody><tr><td><img decoding=\"async\" src=\"https:\/\/syndicat-snalc.net\/AWURTSJ67\/board-technology-escape-number-sign-exit-857_55148d4d17.jpg\" alt=\"\"><strong>RECONVERSION&nbsp;: R\u00caVE IMPOSSIBLE OU SAUVE-QUI-PEUT D\u00c9SABUS\u00c9&nbsp;?<\/strong><strong><br><\/strong>La rentr\u00e9e 2023 a eu une saveur am\u00e8re pour beaucoup d\u2019enseignants. La r\u00e9forme des retraites et le pacte d\u00e9nonc\u00e9s par le SNALC d\u00e9gradent les conditions de travail et entament le moral des \u00e9quipes. Dans ce contexte, certains professeurs des \u00e9coles se r\u00e9signent \u00e0 trouver une solution individuelle \u00e0 ce mal-\u00eatre collectif&nbsp;: la reconversion.<br>[&#8230;<a href=\"https:\/\/snalc.fr\/reconversion-reve-impossible-ou-sauve-qui-peut-desabuse\/\" target=\"_blank\" rel=\"noreferrer noopener\">Lire la suite<\/a>]<\/td><\/tr><\/tbody><\/table><\/figure>\n\n\n\n<figure class=\"wp-block-table\"><table><tbody><tr><td><img decoding=\"async\" src=\"https:\/\/syndicat-snalc.net\/AWURTSJ67\/watch-hand-black-and-white-white-photography_f8542778ea.jpg\" alt=\"\"><strong>QUEL TEMPS DE TRAVAIL DOIS-JE EFFECTUER&nbsp;?<\/strong><br>Que vous veniez d\u2019entrer dans la profession ou que vous pratiquiez d\u00e9j\u00e0 depuis plusieurs ann\u00e9es, la question du temps de travail est peut-\u00eatre encore un myst\u00e8re pour vous. En fais-je suffisamment&nbsp;? Trop&nbsp;? Pas de panique, le SNALC fait le point.<br>[&#8230;<a href=\"https:\/\/snalc.fr\/quel-temps-de-travail-dois-je-effectuer\/\" target=\"_blank\" rel=\"noreferrer noopener\">Lire la suite<\/a>]<\/td><\/tr><\/tbody><\/table><\/figure>\n\n\n\n<figure class=\"wp-block-table\"><table><tbody><tr><td><img decoding=\"async\" src=\"https:\/\/syndicat-snalc.net\/AWURTSJ67\/image_10_recommandations_opt_0314f1e827.jpg\" alt=\"\"><strong>10 RECOMMANDATIONS POUR \u00caTRE PLUS FORT AU TRAVAIL<\/strong><br>M\u00eame si \u00ab&nbsp;cela n\u2019arrive qu\u2019aux autres&nbsp;\u00bb, nous vous invitons \u00e0 prendre connaissance des 10 recommandations du SNALC&nbsp;: autant d\u2019erreurs \u00e0 ne pas commettre, de conseils \u00e0 appliquer, de pi\u00e8ges \u00e0 rep\u00e9rer&#8230;<br>[<a href=\"https:\/\/snalc.fr\/10-recommandations-pour-etre-plus-fort-au-travail\/\" target=\"_blank\" rel=\"noreferrer noopener\">Lire la suite<\/a>]<\/td><\/tr><\/tbody><\/table><\/figure>\n\n\n\n<figure class=\"wp-block-table\"><table><tbody><tr><td>Et pendant ce temps\u2026<\/td><\/tr><\/tbody><\/table><\/figure>\n\n\n\n<figure class=\"wp-block-table\"><table><tbody><tr><td><strong>Cr\u00e9ation d\u2019un nouveau dispositif de signalement<\/strong><br>L\u2019 arr\u00eat\u00e9 du 31 juillet 2023 pr\u00e9voit la cr\u00e9ation d\u2019un dispositif de recueil et de traitement des signalements des actes de violence, de discrimination, de harc\u00e8lement et d&rsquo;agissements sexistes dans la fonction publique.Ce dispositif est cr\u00e9\u00e9 \u00e0 l&rsquo;attention des agents publics, victimes ou t\u00e9moins de ces actes et il peut \u00e9galement \u00eatre mobilis\u00e9 pour des cas de violence intra familiales et conjugales d\u00e9tect\u00e9es sur le lieu de travail mais subies dans la sph\u00e8re priv\u00e9e.&nbsp;&nbsp;[&#8230;<a href=\"https:\/\/snalc.fr\/et-pendant-ce-temps-lettre-novembre-2023\/\" target=\"_blank\" rel=\"noreferrer noopener\">Lire la suite<\/a>]<br><strong>Allocations IUFM&nbsp;: Le d\u00e9cret se profile<\/strong><br>Un accord interminist\u00e9riel sur les allocataires IUFM pour leurs droits \u00e0 la retraite a enfin \u00e9t\u00e9 trouv\u00e9. Il serait tenu compte pour moiti\u00e9 de la p\u00e9riode de perception de l\u2019allocation.Ainsi, une ann\u00e9e d\u2019allocation donnerait droit \u00e0 2 trimestres pour la retraite. Deux ann\u00e9es d\u2019allocation donneraient droit \u00e0 4 trimestres. Ces trimestres s\u2019ajouteraient au nombre de trimestres d\u00e9j\u00e0 cotis\u00e9s et cela influerait donc sur le montant de la pension au moment de la liquidation des droits.&nbsp;&nbsp;[&#8230;<a href=\"https:\/\/snalc.fr\/et-pendant-ce-temps-lettre-novembre-2023\/\" target=\"_blank\" rel=\"noreferrer noopener\">Lire la suite<\/a>]<a href=\"https:\/\/snalc.fr\/le-rendez-vous-de-carriere-serez-vous-eligible-en-2023-2024\/\" target=\"_blank\" rel=\"noreferrer noopener\"><br><\/a><\/td><\/tr><\/tbody><\/table><\/figure>\n\n\n\n<figure class=\"wp-block-table\"><table><tbody><tr><td><\/td><\/tr><\/tbody><\/table><\/figure>\n\n\n\n<figure class=\"wp-block-table\"><table><tbody><tr><td><\/td><\/tr><\/tbody><\/table><\/figure>\n\n\n\n<figure class=\"wp-block-table\"><table><tbody><tr><td>L\u2019ADH\u00c9SION AU SNALC<br>90 \u20ac pour un an<\/td><\/tr><\/tbody><\/table><\/figure>\n\n\n\n<figure class=\"wp-block-table\"><table><tbody><tr><td><strong>LE SNALC EST LE SYNDICAT REPR\u00c9SENTATIF<\/strong><strong>LE MOINS CHER DE L\u2019\u00c9DUCATION NATIONALE<\/strong><strong>Nos salaires sont trop bas. Le point d\u2019indice est gel\u00e9.<\/strong><strong>Logiquement, le SNALC n\u2019augmente pas ses tarifs pour la 13\u00e8me ann\u00e9e cons\u00e9cutive.<\/strong><strong>Et mieux encore&nbsp;: le SNALC baisse ses tarifs dans la plupart des cat\u00e9gories&nbsp;!<\/strong><a href=\"https:\/\/snalc.fr\/wp-content\/uploads\/tarifs.pdf\" target=\"_blank\" rel=\"noreferrer noopener\">Consulter les tarifs et r\u00e9ductions<\/a><br><strong>CHOISISSEZ LIBREMENT VOTRE MOYEN DE PAIEMENT, RAPIDE ET S\u00c9CURIS\u00c9<\/strong><\/td><\/tr><\/tbody><\/table><\/figure>\n\n\n\n<figure class=\"wp-block-table\"><table><tbody><tr><td><img decoding=\"async\" src=\"http:\/\/syndicat-snalc.net\/AWURTSJ67\/editedimg_361b042f34.jpg\" alt=\"\"><a href=\"https:\/\/snalc.fr\/adhesion-carte\/\" target=\"_blank\" rel=\"noreferrer noopener\">carte bancaire<\/a><img decoding=\"async\" src=\"http:\/\/syndicat-snalc.net\/AWURTSJ67\/adhesion_prelevements_0703b426ca.JPG\" alt=\"\"><a href=\"https:\/\/snalc.fr\/adhesion\/\" target=\"_blank\" rel=\"noreferrer noopener\">pr\u00e9l\u00e8vements mensuels<\/a><img decoding=\"async\" src=\"https:\/\/syndicat-snalc.net\/AWURTSJ67\/editedimg_c6a21d792d.png\" alt=\"\"><a href=\"https:\/\/snalc.fr\/adhesion-virement\/\" target=\"_blank\" rel=\"noreferrer noopener\">virement<\/a><img decoding=\"async\" src=\"http:\/\/syndicat-snalc.net\/AWURTSJ67\/adhesion_cheque_699976dc59.JPG\" alt=\"\"><a href=\"https:\/\/snalc.fr\/adhesion-cheque\/\" target=\"_blank\" rel=\"noreferrer noopener\">ch\u00e8que<\/a><\/td><\/tr><\/tbody><\/table><\/figure>\n\n\n\n<figure class=\"wp-block-table\"><table><tbody><tr><td><strong>L&rsquo;adh\u00e9sion comprend<\/strong>&nbsp;: <a href=\"https:\/\/snalc.fr\/gmf-protection-juridique\/\" target=\"_blank\" rel=\"noreferrer noopener\">l&rsquo;assistance et la protection<\/a> juridiques p\u00e9nales aupr\u00e8s de la GMF (agressions, diffamation&#8230;) ;&nbsp;le dispositif exclusif d&rsquo;accompagnement et d&rsquo;aide \u00e0 la mobilit\u00e9&nbsp;: <a href=\"https:\/\/snalc.fr\/mobi-snalc-presentation-et-acces\/\" target=\"_blank\" rel=\"noreferrer noopener\">mobi-SNALC<\/a>&nbsp;; et des tarifs n\u00e9goci\u00e9s aupr\u00e8s de nombreux partenaires&nbsp;: <a href=\"https:\/\/snalc.fr\/avantages-snalc\/\" target=\"_blank\" rel=\"noreferrer noopener\">avantages-SNALC<\/a>.<\/td><\/tr><\/tbody><\/table><\/figure>\n\n\n\n<figure class=\"wp-block-table\"><table><tbody><tr><td><a href=\"https:\/\/snalc.fr\/contact\" target=\"_blank\" rel=\"noreferrer noopener\">Toutes nos coordonn\u00e9es<\/a><\/td><\/tr><\/tbody><\/table><\/figure>\n\n\n\n<figure class=\"wp-block-table\"><table><tbody><tr><td><a href=\"https:\/\/facebook.com\/SNALC_national\" target=\"_blank\" rel=\"noreferrer noopener\"><\/a><a href=\"https:\/\/twitter.com\/snalc_national\" target=\"_blank\" rel=\"noreferrer noopener\"><\/a><a href=\"https:\/\/snalc.fr\" target=\"_blank\" rel=\"noreferrer noopener\"><\/a><\/td><\/tr><\/tbody><\/table><\/figure>\n\n\n\n<figure class=\"wp-block-table\"><table><tbody><tr><td>Cr\u00e9dits sur les articles en lien<\/td><\/tr><\/tbody><\/table><\/figure>\n","protected":false},"excerpt":{"rendered":"<p>Lettre d&rsquo;information SNALC&nbsp;&#8211;&nbsp;&nbsp;23 novembre 2023Professeurs des \u00e9coles Syndicat national des lyc\u00e9es, coll\u00e8ges, \u00e9coles et du sup\u00e9rieur @&nbsp;:&nbsp;contact&nbsp;&nbsp; &#8211;&nbsp; &nbsp;site&nbsp;: snalc.fr&nbsp;&nbsp;&nbsp; OBJECTIVIT\u00c9 ET VISIBILIT\u00c9 Le ministre de l&rsquo;\u00c9ducation nationale fra\u00eechement nomm\u00e9 [&hellip;]<\/p>\n","protected":false},"author":1,"featured_media":0,"comment_status":"closed","ping_status":"closed","sticky":false,"template":"","format":"standard","meta":{"_lmt_disableupdate":"","_lmt_disable":"","site-sidebar-layout":"default","site-content-layout":"","ast-site-content-layout":"default","site-content-style":"default","site-sidebar-style":"default","ast-global-header-display":"","ast-banner-title-visibility":"","ast-main-header-display":"","ast-hfb-above-header-display":"","ast-hfb-below-header-display":"","ast-hfb-mobile-header-display":"","site-post-title":"","ast-breadcrumbs-content":"","ast-featured-img":"","footer-sml-layout":"","ast-disable-related-posts":"","theme-transparent-header-meta":"","adv-header-id-meta":"","stick-header-meta":"","header-above-stick-meta":"","header-main-stick-meta":"","header-below-stick-meta":"","astra-migrate-meta-layouts":"set","ast-page-background-enabled":"default","ast-page-background-meta":{"desktop":{"background-color":"var(--ast-global-color-4)","background-image":"","background-repeat":"repeat","background-position":"center center","background-size":"auto","background-attachment":"scroll","background-type":"","background-media":"","overlay-type":"","overlay-color":"","overlay-opacity":"","overlay-gradient":""},"tablet":{"background-color":"","background-image":"","background-repeat":"repeat","background-position":"center center","background-size":"auto","background-attachment":"scroll","background-type":"","background-media":"","overlay-type":"","overlay-color":"","overlay-opacity":"","overlay-gradient":""},"mobile":{"background-color":"","background-image":"","background-repeat":"repeat","background-position":"center center","background-size":"auto","background-attachment":"scroll","background-type":"","background-media":"","overlay-type":"","overlay-color":"","overlay-opacity":"","overlay-gradient":""}},"ast-content-background-meta":{"desktop":{"background-color":"var(--ast-global-color-5)","background-image":"","background-repeat":"repeat","background-position":"center center","background-size":"auto","background-attachment":"scroll","background-type":"","background-media":"","overlay-type":"","overlay-color":"","overlay-opacity":"","overlay-gradient":""},"tablet":{"background-color":"var(--ast-global-color-5)","background-image":"","background-repeat":"repeat","background-position":"center center","background-size":"auto","background-attachment":"scroll","background-type":"","background-media":"","overlay-type":"","overlay-color":"","overlay-opacity":"","overlay-gradient":""},"mobile":{"background-color":"var(--ast-global-color-5)","background-image":"","background-repeat":"repeat","background-position":"center center","background-size":"auto","background-attachment":"scroll","background-type":"","background-media":"","overlay-type":"","overlay-color":"","overlay-opacity":"","overlay-gradient":""}},"footnotes":""},"categories":[38,23],"tags":[],"class_list":["post-2376","post","type-post","status-publish","format-standard","hentry","category-actualites-2023-2024","category-professeurs-1er-degre"],"modified_by":"slecourtier","_links":{"self":[{"href":"https:\/\/snalc.org\/snalc2023\/index.php?rest_route=\/wp\/v2\/posts\/2376","targetHints":{"allow":["GET"]}}],"collection":[{"href":"https:\/\/snalc.org\/snalc2023\/index.php?rest_route=\/wp\/v2\/posts"}],"about":[{"href":"https:\/\/snalc.org\/snalc2023\/index.php?rest_route=\/wp\/v2\/types\/post"}],"author":[{"embeddable":true,"href":"https:\/\/snalc.org\/snalc2023\/index.php?rest_route=\/wp\/v2\/users\/1"}],"replies":[{"embeddable":true,"href":"https:\/\/snalc.org\/snalc2023\/index.php?rest_route=%2Fwp%2Fv2%2Fcomments&post=2376"}],"version-history":[{"count":1,"href":"https:\/\/snalc.org\/snalc2023\/index.php?rest_route=\/wp\/v2\/posts\/2376\/revisions"}],"predecessor-version":[{"id":2377,"href":"https:\/\/snalc.org\/snalc2023\/index.php?rest_route=\/wp\/v2\/posts\/2376\/revisions\/2377"}],"wp:attachment":[{"href":"https:\/\/snalc.org\/snalc2023\/index.php?rest_route=%2Fwp%2Fv2%2Fmedia&parent=2376"}],"wp:term":[{"taxonomy":"category","embeddable":true,"href":"https:\/\/snalc.org\/snalc2023\/index.php?rest_route=%2Fwp%2Fv2%2Fcategories&post=2376"},{"taxonomy":"post_tag","embeddable":true,"href":"https:\/\/snalc.org\/snalc2023\/index.php?rest_route=%2Fwp%2Fv2%2Ftags&post=2376"}],"curies":[{"name":"wp","href":"https:\/\/api.w.org\/{rel}","templated":true}]}}