{"id":2383,"date":"2023-11-27T20:11:54","date_gmt":"2023-11-27T19:11:54","guid":{"rendered":"https:\/\/snalc.org\/snalc2023\/?p=2383"},"modified":"2023-11-27T20:12:03","modified_gmt":"2023-11-27T19:12:03","slug":"lettre-dinformation-du-snalc-eps-27-novembre-2023-professeurs-deps","status":"publish","type":"post","link":"https:\/\/snalc.org\/snalc2023\/?p=2383","title":{"rendered":"Lettre d&rsquo;information du SNALC EPS\u00a0&#8211;\u00a027 novembre 2023 Professeurs d&rsquo;EPS"},"content":{"rendered":"\n<figure class=\"wp-block-table\"><table><tbody><tr><td><strong>Lettre d&rsquo;information du SNALC EPS&nbsp;&#8211;&nbsp;27 novembre 2023<\/strong>Professeurs d&rsquo;EPS<\/td><\/tr><\/tbody><\/table><\/figure>\n\n\n\n<figure class=\"wp-block-table\"><table><tbody><tr><td><img decoding=\"async\" src=\"http:\/\/syndicat-snalc.net\/AWURTSJ67\/Bulles_APSA_opt_35ce347004.png\" alt=\"\"><\/td><\/tr><\/tbody><\/table><\/figure>\n\n\n\n<figure class=\"wp-block-table\"><table><tbody><tr><td><img decoding=\"async\" src=\"https:\/\/syndicat-snalc.net\/AWURTSJ67\/EPS-v1_e9af50d17f.jpg\" alt=\"\"><\/td><\/tr><\/tbody><\/table><\/figure>\n\n\n\n<figure class=\"wp-block-table\"><table><tbody><tr><td><a href=\"https:\/\/oxiforms.com\/?yKTOo\" target=\"_blank\" rel=\"noreferrer noopener\">Nous contacter<\/a><\/td><\/tr><\/tbody><\/table><\/figure>\n\n\n\n<figure class=\"wp-block-table\"><table><tbody><tr><td>LA POLITIQUE DE LA RUSTINE<\/td><\/tr><\/tbody><\/table><\/figure>\n\n\n\n<figure class=\"wp-block-table\"><table><tbody><tr><td>L\u2019engagement pr\u00e9sidentiel \u00ab&nbsp;de placer un enseignant devant chaque classe&nbsp;\u00bb est la grande priorit\u00e9 du gouvernement en mati\u00e8re d\u2019\u00e9ducation depuis la rentr\u00e9e. Il faut en d\u00e9noncer les moyens et les cons\u00e9quences.<br>Face \u00e0 la crise du recrutement, \u00e0 la multiplication des d\u00e9missions, \u00e0 la p\u00e9nurie sans pr\u00e9c\u00e9dent d\u2019enseignants, plut\u00f4t que d\u2019engager une vraie politique d\u2019attractivit\u00e9 et de revalorisation de la profession, c\u2019est une <strong>nouvelle politique de la rustine qui est mise en oeuvre.<\/strong><br>Plut\u00f4t que d\u2019am\u00e9liorer les conditions de travail par des r\u00e9ductions d\u2019effectifs de classes, des programmes, mat\u00e9riels et locaux adapt\u00e9s, des garanties minimales de s\u00e9curit\u00e9, des emplois du temps coh\u00e9rents, une meilleure mobilit\u00e9\u2026 nous assistons au contraire \u00e0 de <strong>nouvelles d\u00e9gradations<\/strong>.Pour limiter les carences en personnels, tout un forcing administratif et hi\u00e9rarchique s\u2019emploie actuellement \u00e0 placer les heures de formation continue, ou de r\u00e9union syndicale, en dehors des temps de service, de pr\u00e9f\u00e9rence en soir\u00e9e, les mercredis apr\u00e8s-midi voire les samedis.<br>Plut\u00f4t que d\u2019investir dans un vrai rattrapage salarial, ce qui a \u00e9t\u00e9 pr\u00e9f\u00e9r\u00e9 c\u2019est une incitation massive des enseignants, d\u00e9j\u00e0 ext\u00e9nu\u00e9s et paup\u00e9ris\u00e9s, \u00e0 accepter <strong>davantage de charges<\/strong> dans les missions du pacte et notamment les \u00ab&nbsp;remplacements de courte dur\u00e9e&nbsp;\u00bb, p\u00e9dagogiquement insens\u00e9s, ou encore utiliser les enseignants d\u2019EPS, d\u00e9cid\u00e9ment bons \u00e0 tout faire, \u00e0 des fins tr\u00e8s critiquables dans la \u00e9ni\u00e8me et prochaine r\u00e9forme des LP.<br>Il est bien \u00e9vident que ce n\u2019est pas avec une telle politique de la rustine que l\u2019on \u00e9vitera au Titanic de sombrer.<\/td><\/tr><\/tbody><\/table><\/figure>\n\n\n\n<figure class=\"wp-block-table\"><table><tbody><tr><td><a href=\"https:\/\/oxiforms.com\/?yKTOo\" target=\"_blank\" rel=\"noreferrer noopener\">Laurent <strong>BONNIN<\/strong><\/a>secr\u00e9taire national du SNALC charg\u00e9 de l&rsquo;EPS<\/td><\/tr><\/tbody><\/table><\/figure>\n\n\n\n<figure class=\"wp-block-table\"><table><tbody><tr><td><img decoding=\"async\" src=\"https:\/\/syndicat-snalc.net\/AWURTSJ67\/EPS_menage_istock_SrdjanPav-1131990243_f54ec90e1d.jpg\" alt=\"\"><strong>L&rsquo;EPS,&nbsp;BONNE \u00c0 TOUT FAIRE&nbsp;?<\/strong>Un (\u00e9ni\u00e8me) projet de r\u00e9forme des LP pr\u00e9voit que les \u00e9l\u00e8ves de Terminale Bac Pro qui se destineraient au sup\u00e9rieur pourront passer par une p\u00e9riode de 6 semaines en fin d\u2019ann\u00e9e de \u00abpr\u00e9paration \u00e0 la poursuite d\u2019\u00e9tudes\u00bb.[&#8230;<a href=\"https:\/\/snalc.fr\/leps-bonne-a-tout-faire\/\" target=\"_blank\" rel=\"noreferrer noopener\">Lire l&rsquo;article<\/a>]<\/td><\/tr><\/tbody><\/table><\/figure>\n\n\n\n<figure class=\"wp-block-table\"><table><tbody><tr><td><img decoding=\"async\" src=\"https:\/\/syndicat-snalc.net\/AWURTSJ67\/editedimg_fce55e22ea.png\" alt=\"\"><strong>COMMENT TUER LA FORMATION&nbsp;?<\/strong><br>Ce n\u2019est pas que nous adorions forc\u00e9ment toutes les formations dispens\u00e9es dans notre institution, loin s\u2019en faut. Mais elles constituaient au moins des moments o\u00f9 nous pouvions \u00e9changer avec des coll\u00e8gues. Nous pouvons dire: \u00ab&nbsp;Merci pour ces moments&nbsp;\u00bb.<br>[&#8230;<a href=\"https:\/\/snalc.fr\/comment-tuer-la-formation\/\" target=\"_blank\" rel=\"noreferrer noopener\">Lire l&rsquo;article<\/a>]<\/td><\/tr><\/tbody><\/table><\/figure>\n\n\n\n<figure class=\"wp-block-table\"><table><tbody><tr><td><img decoding=\"async\" src=\"https:\/\/syndicat-snalc.net\/AWURTSJ67\/bricks-450106_640_bf5ca7f4ef.jpg\" alt=\"\"><strong>LA BRIQUE RCD&nbsp;: DROIT DANS LE MUR&nbsp;!<\/strong><br>La volont\u00e9 politique persiste \u00e0 engager des enseignants financi\u00e8rement fragilis\u00e9s dans le dispositif du Pacte. Cela se manifeste sur le terrain par la pression exerc\u00e9e sur les chefs d&rsquo;\u00e9tablissement concernant les remplacements de courte dur\u00e9e (RCD), \u00e9l\u00e9ment central du dispositif.<br>[&#8230;<a href=\"https:\/\/snalc.fr\/la-brique-rcd-droit-dans-le-mur\/\" target=\"_blank\" rel=\"noreferrer noopener\">Lire l&rsquo;article<\/a>]<\/td><\/tr><\/tbody><\/table><\/figure>\n\n\n\n<figure class=\"wp-block-table\"><table><tbody><tr><td><img decoding=\"async\" src=\"https:\/\/syndicat-snalc.net\/AWURTSJ67\/editedimg_c4e5d27b92.png\" alt=\"\"><strong>MAYOTTE : UNE SITUATION INTENABLE&nbsp;!<\/strong>Le SNALC attire l\u2019attention sur la situation tr\u00e8s pr\u00e9occupante de Mayotte. Ce d\u00e9partement d&rsquo;outre mer faisant partie des zones o\u00f9 la barre d\u2019entr\u00e9e interacad\u00e9mique est basse, chaque ann\u00e9e plusieurs jeunes professeurs d\u2019EPS d\u00e9cident de muter l\u00e0-bas pour, entre autres, \u00e9viter de se retrouver propuls\u00e9s en r\u00e9gion parisienne.<br>[&#8230;<a href=\"https:\/\/snalc.fr\/mayotte-une-situation-intenable\/\" target=\"_blank\" rel=\"noreferrer noopener\">Lire l&rsquo;article<\/a>]<\/td><\/tr><\/tbody><\/table><\/figure>\n\n\n\n<figure class=\"wp-block-table\"><table><tbody><tr><td><img decoding=\"async\" src=\"https:\/\/syndicat-snalc.net\/AWURTSJ67\/fleche_mouvement-644x468-1-e1630932440243_8605a4e55a.jpeg\" alt=\"\"><strong>MOUVEMENTS INTER&nbsp;:&nbsp;FAITES&nbsp;V\u00c9RIFIER VOS DEMANDES&nbsp;!<\/strong><strong><br><\/strong>Depuis la loi de transformation publique, un bar\u00e8me erron\u00e9 ne pourra plus \u00eatre corrig\u00e9 en CAP et compromet d\u00e9finitivement les chances de muter.Il est donc imp\u00e9ratif de faire calculer et v\u00e9rifier son bar\u00e8me au plus t\u00f4t, et de constituer parfaitement son dossier pour pouvoir agir ensuite en cas de recours. Faites vous aider par les \u00e9lus exp\u00e9riment\u00e9s du SNALC.<br>[&#8230;<a href=\"https:\/\/snalc.fr\/mouvement-inter-2024\/\" target=\"_blank\" rel=\"noreferrer noopener\">Lire l&rsquo;article<\/a>]<\/td><\/tr><\/tbody><\/table><\/figure>\n\n\n\n<figure class=\"wp-block-table\"><table><tbody><tr><td><img decoding=\"async\" src=\"https:\/\/syndicat-snalc.net\/AWURTSJ67\/important-2508599_640_f9709c58df.jpg\" alt=\"\"><strong>MUTATIONS&nbsp;:&nbsp;DERNI\u00c8RE MINUTE<\/strong><strong><br><\/strong>Le serveur SIAM ferme le <strong><u>29 novembre<\/u><\/strong> 2023 \u00e0 midi heure de Paris.Saisie des v\u0153ux sur <a href=\"https:\/\/www.education.gouv.fr\/mutation-des-personnels-du-second-degre-siam-phase-interacademique-3218\" target=\"_blank\" rel=\"noreferrer noopener\">education.gouv.fr\/iprof-siam<\/a>Voici quelques conseils et points de vigilance pour cette derni\u00e8re semaine.<br>[&#8230;<a href=\"https:\/\/syndicat-snalc.net\/AWURTSJ67\/CB2AA26F8FDB4438BDF70434DBBF6A5C.php\" target=\"_blank\" rel=\"noreferrer noopener\">Lire l&rsquo;article<\/a>]<\/td><\/tr><\/tbody><\/table><\/figure>\n\n\n\n<figure class=\"wp-block-table\"><table><tbody><tr><td><img decoding=\"async\" src=\"https:\/\/syndicat-snalc.net\/AWURTSJ67\/Art6_opt_aa2134eab7.png\" alt=\"\"><strong>GUIDE&nbsp;: L&rsquo;ENSEIGNANT D&rsquo;EPS<\/strong><br>Dans sa version papier et \u00e9lectronique ce guide d\u2019environ 100 pages se veut une nouvelle r\u00e9f\u00e9rence pour les enseignants d\u2019EPS et une aide essentielle pour les non sp\u00e9cialistes. Il r\u00e9pond \u00e0 la plupart des questions int\u00e9ressant ce secteur.<br><a href=\"https:\/\/snalc.fr\/guide-eps\/\" target=\"_blank\" rel=\"noreferrer noopener\">[Lire le guide]<\/a><\/td><\/tr><\/tbody><\/table><\/figure>\n\n\n\n<figure class=\"wp-block-table\"><table><tbody><tr><td><\/td><\/tr><\/tbody><\/table><\/figure>\n\n\n\n<figure class=\"wp-block-table\"><table><tbody><tr><td><img decoding=\"async\" src=\"https:\/\/syndicat-snalc.net\/AWURTSJ67\/image_10_recommandations_opt_0314f1e827.jpg\" alt=\"\"><strong>10 RECOMMANDATIONS DU SNALC POUR \u00caTRE PLUS FORT AU TRAVAIL<\/strong><strong><br><\/strong>M\u00eame si <em>\u00abcela n\u2019arrive qu\u2019aux autres\u00bb,<\/em> nous vous invitons \u00e0 prendre connaissance des 10 recommandations du SNALC&nbsp;: autant d\u2019erreurs \u00e0 ne pas commettre, de conseils \u00e0 appliquer, de pi\u00e8ges \u00e0 rep\u00e9rer&#8230;<br>[&#8230;<a href=\"https:\/\/snalc.fr\/10-recommandations-pour-etre-plus-fort-au-travail\/\" target=\"_blank\" rel=\"noreferrer noopener\">Lire la suite<\/a>]<\/td><\/tr><\/tbody><\/table><\/figure>\n\n\n\n<figure class=\"wp-block-table\"><table><tbody><tr><td><strong>L\u2019ADH\u00c9SION AU SNALC<\/strong><\/td><\/tr><\/tbody><\/table><\/figure>\n\n\n\n<figure class=\"wp-block-table\"><table><tbody><tr><td>90 \u20ac pour un an<\/td><\/tr><\/tbody><\/table><\/figure>\n\n\n\n<figure class=\"wp-block-table\"><table><tbody><tr><td><strong>LE SNALC EST LE SYNDICAT REPR\u00c9SENTATIF<\/strong><strong>LE MOINS CHER DE L\u2019\u00c9DUCATION NATIONALE<\/strong><strong>Nos salaires sont trop bas. Le point d\u2019indice est gel\u00e9.<\/strong><strong>Logiquement, le SNALC n\u2019augmente pas ses tarifs pour la 13\u00e8me ann\u00e9e cons\u00e9cutive.<\/strong><strong>Et mieux encore&nbsp;: le SNALC baisse ses tarifs dans la plupart des cat\u00e9gories&nbsp;!<\/strong><a href=\"https:\/\/snalc.fr\/wp-content\/uploads\/tarifs.pdf\" target=\"_blank\" rel=\"noreferrer noopener\">Consulter les tarifs et r\u00e9ductions<\/a><br><strong>CHOISISSEZ LIBREMENT VOTRE MOYEN DE PAIEMENT, RAPIDE ET S\u00c9CURIS\u00c9<\/strong><\/td><\/tr><\/tbody><\/table><\/figure>\n\n\n\n<figure class=\"wp-block-table\"><table><tbody><tr><td><img decoding=\"async\" src=\"http:\/\/syndicat-snalc.net\/AWURTSJ67\/editedimg_361b042f34.jpg\" alt=\"\"><a href=\"https:\/\/snalc.fr\/adhesion-carte\/\" target=\"_blank\" rel=\"noreferrer noopener\">carte bancaire<\/a><img decoding=\"async\" src=\"http:\/\/syndicat-snalc.net\/AWURTSJ67\/adhesion_prelevements_0703b426ca.JPG\" alt=\"\"><a href=\"https:\/\/snalc.fr\/adhesion\/\" target=\"_blank\" rel=\"noreferrer noopener\">pr\u00e9l\u00e8vements mensuels<\/a><img decoding=\"async\" src=\"https:\/\/syndicat-snalc.net\/AWURTSJ67\/editedimg_c6a21d792d.png\" alt=\"\"><a href=\"https:\/\/snalc.fr\/adhesion-virement\/\" target=\"_blank\" rel=\"noreferrer noopener\">virement<\/a><img decoding=\"async\" src=\"http:\/\/syndicat-snalc.net\/AWURTSJ67\/adhesion_cheque_699976dc59.JPG\" alt=\"\"><a href=\"https:\/\/snalc.fr\/adhesion-cheque\/\" target=\"_blank\" rel=\"noreferrer noopener\">ch\u00e8que<\/a><\/td><\/tr><\/tbody><\/table><\/figure>\n\n\n\n<figure class=\"wp-block-table\"><table><tbody><tr><td><strong>L&rsquo;adh\u00e9sion comprend<\/strong>&nbsp;: <a href=\"https:\/\/snalc.fr\/gmf-protection-juridique\/\" target=\"_blank\" rel=\"noreferrer noopener\">l&rsquo;assistance et la protection<\/a> juridiques p\u00e9nales aupr\u00e8s de la GMF (agressions, diffamation&#8230;) ;&nbsp;le dispositif exclusif d&rsquo;accompagnement et d&rsquo;aide \u00e0 la mobilit\u00e9&nbsp;: <a href=\"https:\/\/snalc.fr\/mobi-snalc-presentation-et-acces\/\" target=\"_blank\" rel=\"noreferrer noopener\">mobi-SNALC<\/a>&nbsp;; et des tarifs n\u00e9goci\u00e9s aupr\u00e8s de nombreux partenaires&nbsp;: <a href=\"https:\/\/snalc.fr\/avantages-snalc\/\" target=\"_blank\" rel=\"noreferrer noopener\">avantages-SNALC<\/a>.<\/td><\/tr><\/tbody><\/table><\/figure>\n\n\n\n<figure class=\"wp-block-table\"><table><tbody><tr><td><a href=\"https:\/\/snalc.fr\/contact\" target=\"_blank\" rel=\"noreferrer noopener\">Toutes nos coordonn\u00e9es<\/a><\/td><\/tr><\/tbody><\/table><\/figure>\n\n\n\n<figure class=\"wp-block-table\"><table><tbody><tr><td><a href=\"https:\/\/www.facebook.com\/SNALCNational\/\" target=\"_blank\" rel=\"noreferrer noopener\"><\/a><a href=\"https:\/\/twitter.com\/snalc_national\" target=\"_blank\" rel=\"noreferrer noopener\"><\/a><a href=\"https:\/\/www.snalc.fr\/\" target=\"_blank\" rel=\"noreferrer noopener\"><\/a><\/td><\/tr><\/tbody><\/table><\/figure>\n\n\n\n<figure class=\"wp-block-table\"><table><tbody><tr><td><\/td><\/tr><\/tbody><\/table><\/figure>\n\n\n\n<figure class=\"wp-block-table\"><table><tbody><tr><td>Cr\u00e9dits sur les artcles en lienGerd Altmann de Pixabay<\/td><\/tr><\/tbody><\/table><\/figure>\n","protected":false},"excerpt":{"rendered":"<p>Lettre d&rsquo;information du SNALC EPS&nbsp;&#8211;&nbsp;27 novembre 2023Professeurs d&rsquo;EPS Nous contacter LA POLITIQUE DE LA RUSTINE L\u2019engagement pr\u00e9sidentiel \u00ab&nbsp;de placer un enseignant devant chaque classe&nbsp;\u00bb est la grande priorit\u00e9 du gouvernement [&hellip;]<\/p>\n","protected":false},"author":1,"featured_media":0,"comment_status":"closed","ping_status":"closed","sticky":false,"template":"","format":"standard","meta":{"_lmt_disableupdate":"","_lmt_disable":"","site-sidebar-layout":"default","site-content-layout":"","ast-site-content-layout":"default","site-content-style":"default","site-sidebar-style":"default","ast-global-header-display":"","ast-banner-title-visibility":"","ast-main-header-display":"","ast-hfb-above-header-display":"","ast-hfb-below-header-display":"","ast-hfb-mobile-header-display":"","site-post-title":"","ast-breadcrumbs-content":"","ast-featured-img":"","footer-sml-layout":"","ast-disable-related-posts":"","theme-transparent-header-meta":"","adv-header-id-meta":"","stick-header-meta":"","header-above-stick-meta":"","header-main-stick-meta":"","header-below-stick-meta":"","astra-migrate-meta-layouts":"set","ast-page-background-enabled":"default","ast-page-background-meta":{"desktop":{"background-color":"var(--ast-global-color-4)","background-image":"","background-repeat":"repeat","background-position":"center center","background-size":"auto","background-attachment":"scroll","background-type":"","background-media":"","overlay-type":"","overlay-color":"","overlay-opacity":"","overlay-gradient":""},"tablet":{"background-color":"","background-image":"","background-repeat":"repeat","background-position":"center center","background-size":"auto","background-attachment":"scroll","background-type":"","background-media":"","overlay-type":"","overlay-color":"","overlay-opacity":"","overlay-gradient":""},"mobile":{"background-color":"","background-image":"","background-repeat":"repeat","background-position":"center center","background-size":"auto","background-attachment":"scroll","background-type":"","background-media":"","overlay-type":"","overlay-color":"","overlay-opacity":"","overlay-gradient":""}},"ast-content-background-meta":{"desktop":{"background-color":"var(--ast-global-color-5)","background-image":"","background-repeat":"repeat","background-position":"center center","background-size":"auto","background-attachment":"scroll","background-type":"","background-media":"","overlay-type":"","overlay-color":"","overlay-opacity":"","overlay-gradient":""},"tablet":{"background-color":"var(--ast-global-color-5)","background-image":"","background-repeat":"repeat","background-position":"center center","background-size":"auto","background-attachment":"scroll","background-type":"","background-media":"","overlay-type":"","overlay-color":"","overlay-opacity":"","overlay-gradient":""},"mobile":{"background-color":"var(--ast-global-color-5)","background-image":"","background-repeat":"repeat","background-position":"center center","background-size":"auto","background-attachment":"scroll","background-type":"","background-media":"","overlay-type":"","overlay-color":"","overlay-opacity":"","overlay-gradient":""}},"footnotes":""},"categories":[38],"tags":[],"class_list":["post-2383","post","type-post","status-publish","format-standard","hentry","category-actualites-2023-2024"],"modified_by":"slecourtier","_links":{"self":[{"href":"https:\/\/snalc.org\/snalc2023\/index.php?rest_route=\/wp\/v2\/posts\/2383","targetHints":{"allow":["GET"]}}],"collection":[{"href":"https:\/\/snalc.org\/snalc2023\/index.php?rest_route=\/wp\/v2\/posts"}],"about":[{"href":"https:\/\/snalc.org\/snalc2023\/index.php?rest_route=\/wp\/v2\/types\/post"}],"author":[{"embeddable":true,"href":"https:\/\/snalc.org\/snalc2023\/index.php?rest_route=\/wp\/v2\/users\/1"}],"replies":[{"embeddable":true,"href":"https:\/\/snalc.org\/snalc2023\/index.php?rest_route=%2Fwp%2Fv2%2Fcomments&post=2383"}],"version-history":[{"count":1,"href":"https:\/\/snalc.org\/snalc2023\/index.php?rest_route=\/wp\/v2\/posts\/2383\/revisions"}],"predecessor-version":[{"id":2384,"href":"https:\/\/snalc.org\/snalc2023\/index.php?rest_route=\/wp\/v2\/posts\/2383\/revisions\/2384"}],"wp:attachment":[{"href":"https:\/\/snalc.org\/snalc2023\/index.php?rest_route=%2Fwp%2Fv2%2Fmedia&parent=2383"}],"wp:term":[{"taxonomy":"category","embeddable":true,"href":"https:\/\/snalc.org\/snalc2023\/index.php?rest_route=%2Fwp%2Fv2%2Fcategories&post=2383"},{"taxonomy":"post_tag","embeddable":true,"href":"https:\/\/snalc.org\/snalc2023\/index.php?rest_route=%2Fwp%2Fv2%2Ftags&post=2383"}],"curies":[{"name":"wp","href":"https:\/\/api.w.org\/{rel}","templated":true}]}}