{"id":2388,"date":"2023-11-29T19:56:45","date_gmt":"2023-11-29T18:56:45","guid":{"rendered":"https:\/\/snalc.org\/snalc2023\/?p=2388"},"modified":"2023-11-29T19:56:48","modified_gmt":"2023-11-29T18:56:48","slug":"ecole-inclusive-compte-rendu-du-snalc-du-27-novembre-2023","status":"publish","type":"post","link":"https:\/\/snalc.org\/snalc2023\/?p=2388","title":{"rendered":"Ecole inclusive : compte rendu du SNALC du 27 novembre 2023"},"content":{"rendered":"\n<p><div data-elementor-type=\"single-post\" data-elementor-id=\"205\" class=\"elementor elementor-205 elementor-location-single post-34136 post type-post status-publish format-standard has-post-thumbnail hentry category-aesh category-aesh-pial-et-inclusion category-actualites\" data-elementor-post-type=\"elementor_library\"><section class=\"elementor-section elementor-top-section elementor-element elementor-element-4326831a elementor-section-boxed elementor-section-height-default elementor-section-height-default\" data-id=\"4326831a\" data-element_type=\"section\" id=\"top-section\"><div class=\"elementor-container elementor-column-gap-default\"><div class=\"elementor-column elementor-col-50 elementor-top-column elementor-element elementor-element-1adca9f4\" data-id=\"1adca9f4\" data-element_type=\"column\"><div class=\"elementor-widget-wrap elementor-element-populated\"><div class=\"elementor-element elementor-element-57213923 elementor-widget elementor-widget-theme-post-featured-image elementor-widget-image\" data-id=\"57213923\" data-element_type=\"widget\" data-widget_type=\"theme-post-featured-image.default\"> <div class=\"elementor-widget-container\"> <figure class=\"wp-caption\"> <img fetchpriority=\"high\" decoding=\"async\" width=\"1464\" height=\"1058\" class=\"attachment-full size-full wp-image-34137\" src=\"https:\/\/snalc.fr\/wp-content\/uploads\/inclusion_freepik.jpg\" alt=\"\"> <figcaption class=\"widget-image-caption wp-caption-text\">\u00a9 Freepik.com<\/figcaption> <\/figure> <\/div> <\/div><div class=\"elementor-element elementor-element-2987e2d0 elementor-widget elementor-widget-theme-post-content\" data-id=\"2987e2d0\" data-element_type=\"widget\" data-widget_type=\"theme-post-content.default\"><div class=\"elementor-widget-container\"><div data-elementor-type=\"wp-post\" data-elementor-id=\"34136\" class=\"elementor elementor-34136\" data-elementor-post-type=\"post\"><section class=\"elementor-section elementor-top-section elementor-element elementor-element-66f19f2 elementor-section-boxed elementor-section-height-default elementor-section-height-default\" data-id=\"66f19f2\" data-element_type=\"section\"> <div class=\"elementor-container elementor-column-gap-default\"> <div class=\"elementor-column elementor-col-100 elementor-top-column elementor-element elementor-element-ac2865c\" data-id=\"ac2865c\" data-element_type=\"column\"> <div class=\"elementor-widget-wrap elementor-element-populated\"> <div class=\"elementor-element elementor-element-006aaba elementor-widget elementor-widget-text-editor\" data-id=\"006aaba\" data-element_type=\"widget\" data-widget_type=\"text-editor.default\"> <div class=\"elementor-widget-container\"> <div class=\"elementor-element elementor-element-508699e elementor-widget elementor-widget-heading\" data-id=\"508699e\" data-element_type=\"widget\" data-widget_type=\"heading.default\"><div class=\"elementor-widget-container\"><h5 class=\"elementor-heading-title elementor-size-default\" style=\"text-align: center;\"><span style=\"color: #ff6600;\">Groupe de travail du 27 novembre 2023<\/span><\/h5><\/div><\/div><div class=\"elementor-element elementor-element-849d4d4 elementor-widget elementor-widget-heading\" data-id=\"849d4d4\" data-element_type=\"widget\" data-widget_type=\"heading.default\"><div class=\"elementor-widget-container\"><h5 class=\"elementor-heading-title elementor-size-default\" style=\"text-align: center;\">Compte rendu du SNALC<\/h5><\/div><\/div> <\/div> <\/div> <\/div> <\/div> <\/div> <\/section><section class=\"elementor-section elementor-top-section elementor-element elementor-element-6e98692 elementor-section-boxed elementor-section-height-default elementor-section-height-default\" data-id=\"6e98692\" data-element_type=\"section\"> <div class=\"elementor-container elementor-column-gap-default\"> <div class=\"elementor-column elementor-col-100 elementor-top-column elementor-element elementor-element-00657b2\" data-id=\"00657b2\" data-element_type=\"column\"> <div class=\"elementor-widget-wrap elementor-element-populated\"> <div class=\"elementor-element elementor-element-770c36b elementor-widget elementor-widget-text-editor\" data-id=\"770c36b\" data-element_type=\"widget\" data-widget_type=\"text-editor.default\"> <div class=\"elementor-widget-container\"> <p><em>Le SNALC \u00e9tait repr\u00e9sent\u00e9 par Jean-R\u00e9mi Girard, pr\u00e9sident  national, Danielle ARNAUD, secr\u00e9taire nationale charg\u00e9e des personnels  contractuels et Sylvie MORANTE CAZAUX, secteur SNALC AESH.<\/em><\/p> <\/div> <\/div> <\/div> <\/div> <\/div> <\/section><section class=\"elementor-section elementor-top-section elementor-element elementor-element-7adba8c elementor-section-boxed elementor-section-height-default elementor-section-height-default\" data-id=\"7adba8c\" data-element_type=\"section\"> <div class=\"elementor-container elementor-column-gap-default\"> <div class=\"elementor-column elementor-col-100 elementor-top-column elementor-element elementor-element-99d3f11\" data-id=\"99d3f11\" data-element_type=\"column\"> <div class=\"elementor-widget-wrap elementor-element-populated\"> <div class=\"elementor-element elementor-element-371397c elementor-widget elementor-widget-heading\" data-id=\"371397c\" data-element_type=\"widget\" data-widget_type=\"heading.default\"> <div class=\"elementor-widget-container\"> <h5 class=\"elementor-heading-title elementor-size-default\">TH\u00c8ME<\/h5> <\/div> <\/div> <div class=\"elementor-element elementor-element-219adec elementor-widget elementor-widget-text-editor\" data-id=\"219adec\" data-element_type=\"widget\" data-widget_type=\"text-editor.default\"> <div class=\"elementor-widget-container\"> <p>Cette rencontre s\u2019inscrit dans la mise en \u0153uvre des\u00a0 onze mesures annonc\u00e9es par le Pr\u00e9sident de la R\u00e9publique lors de <a href=\"https:\/\/handicap.gouv.fr\/conference-nationale-du-handicap-dossier-de-presse\">la conf\u00e9rence nationale du handicap<\/a> (CNH) du 26 avril 2023, pour rendre l\u2019\u00e9cole \u00ab\u00a0plus inclusive\u00a0\u00bb.<\/p> <\/div> <\/div> <div class=\"elementor-element elementor-element-58a45bb elementor-widget elementor-widget-spacer\" data-id=\"58a45bb\" data-element_type=\"widget\" data-widget_type=\"spacer.default\"> <div class=\"elementor-widget-container\"> <div class=\"elementor-spacer\"> <div class=\"elementor-spacer-inner\"><\/div> <\/div> <\/div> <\/div> <\/div> <\/div> <\/div> <\/section><section class=\"elementor-section elementor-top-section elementor-element elementor-element-bef226e elementor-section-boxed elementor-section-height-default elementor-section-height-default\" data-id=\"bef226e\" data-element_type=\"section\"> <div class=\"elementor-container elementor-column-gap-default\"> <div class=\"elementor-column elementor-col-100 elementor-top-column elementor-element elementor-element-dd31649\" data-id=\"dd31649\" data-element_type=\"column\"> <div class=\"elementor-widget-wrap elementor-element-populated\"> <div class=\"elementor-element elementor-element-8da3003 elementor-widget elementor-widget-heading\" data-id=\"8da3003\" data-element_type=\"widget\" data-widget_type=\"heading.default\"> <div class=\"elementor-widget-container\"> <h5 class=\"elementor-heading-title elementor-size-default\">L\u2019ESSENTIEL<\/h5> <\/div> <\/div> <div class=\"elementor-element elementor-element-a2b047e elementor-widget elementor-widget-text-editor\" data-id=\"a2b047e\" data-element_type=\"widget\" data-widget_type=\"text-editor.default\"> <div class=\"elementor-widget-container\"> <p>L\u2019administration souhaite que ce nouveau GT aboutisse \u00e0 des propositions concr\u00e8tes dans un cadre interminist\u00e9riel.<\/p><p>Trois points \u00e9taient \u00e0 l\u2019ordre du jour\u00a0:<\/p><p><strong>1.Partenariat entre l\u2019Education nationale et le m\u00e9dico-social<\/strong><\/p><p>Des  moyens suppl\u00e9mentaires et jug\u00e9s importants par l\u2019interminist\u00e9riel  seront allou\u00e9s aux P\u00f4les d\u2019Appui \u00e0 la Scolarit\u00e9 (PAS)\u00a0: Cr\u00e9ation d\u20191 ETP  coordonnateur PAS (Education nationale) et de 2 ETP du m\u00e9dico-social  par PAS (Chaque p\u00f4le pourrait suivre la scolarisation d\u2019environ 150  \u00e9l\u00e8ves en situation de handicap et les accompagnements seraient assur\u00e9s  par 30 \u00e0 40 AESH).<\/p><p>Volont\u00e9 de professionnaliser les encadrants.<\/p><p><strong>Les PAS remplaceront les PIAL<\/strong> (100 PAS sur 3 ou 4 d\u00e9partements d\u00e8s la rentr\u00e9e 2024 jusqu\u2019\u00e0 leur g\u00e9n\u00e9ralisation au plus tard \u00e0 la rentr\u00e9e 2026),<strong> et<\/strong> <strong>interviendront aupr\u00e8s de <u>tous les \u00e9l\u00e8ves \u00e0 besoins \u00e9ducatifs particuliers <\/u><\/strong>(EBEP) et plus seulement aupr\u00e8s des \u00e9l\u00e8ves en situation de handicap.<\/p> <\/div> <\/div> <div class=\"elementor-element elementor-element-1a15894 elementor-widget elementor-widget-text-editor\" data-id=\"1a15894\" data-element_type=\"widget\" data-widget_type=\"text-editor.default\"> <div class=\"elementor-widget-container\"> <p>Diff\u00e9rentes missions pour ces PAS\u00a0:<\/p><ul><li>Appui m\u00e9dico-social aux \u00e9quipes p\u00e9dagogiques en cas de \u00ab\u00a0crise\u00a0\u00bb<\/li><li>Assurer  le lien avec les familles et les MDPH et apporter tout conseil utile  pour l\u2019accomplissement des d\u00e9marches pour une compensation<\/li><li>Fin  des r\u00e9ponses ponctuelles telles que celles apport\u00e9es par les Equipes  Mobiles d\u2019Appui \u00e0 la Scolarit\u00e9 (EMAS), pour un suivi au long court des  dossiers<\/li><\/ul> <\/div> <\/div> <div class=\"elementor-element elementor-element-02febda elementor-widget elementor-widget-text-editor\" data-id=\"02febda\" data-element_type=\"widget\" data-widget_type=\"text-editor.default\"> <div class=\"elementor-widget-container\"> <p><strong>Les PAS apporteront la r\u00e9ponse de premier niveau aux EBEP<\/strong> (soutien p\u00e9dagogique, mat\u00e9riel adapt\u00e9, appui ponctuel de professionnels du soin et de l\u2019accompagnement), <strong>et en cas de notification MDPH, ils d\u00e9finiront la quotit\u00e9 horaire d\u2019accompagnement, <u>individuel<\/u> comme mutualis\u00e9<\/strong>.<\/p><p>Intervention  des professionnels de sant\u00e9 dans les murs de l\u2019\u00e9cole et implantation de  100 Etablissements et Structures m\u00e9dico-sociales \u00e0 l\u2019horizon 2027 (10  en 2024\/2025).<\/p><p><strong>2. AESH<\/strong><\/p><p>Volont\u00e9 de permettre aux AESH qui le souhaitent d\u2019augmenter leur quotit\u00e9 travaill\u00e9e et donc leur r\u00e9mun\u00e9ration\u00a0par :<\/p> <\/div> <\/div> <div class=\"elementor-element elementor-element-e74c04f elementor-widget elementor-widget-text-editor\" data-id=\"e74c04f\" data-element_type=\"widget\" data-widget_type=\"text-editor.default\"> <div class=\"elementor-widget-container\"> <ul><li><strong>La cr\u00e9ation des Accompagnants \u00e0 la R\u00e9ussite Educative (ARE), dont les missions restent \u00e0 d\u00e9finir, <u>et qui pourraient accompagner tous les EBEP<\/u>\u2026<\/strong>;<\/li><li>L\u2019\u00e9largissement des missions sur le temps p\u00e9riscolaire.<\/li><\/ul><p>Poursuite des recrutements d\u2019AESH, malgr\u00e9 la politique d\u2019accessibilit\u00e9.<\/p><p>\u00a0<\/p><p><strong>3. Enjeux d\u2019accessibilit\u00e9<\/strong><\/p><ul><li>Tous les \u00e9l\u00e8ves doivent pouvoir acc\u00e9der \u00e0 l\u2019\u00e9cole de leur secteur<\/li><li>Formation des enseignants et des AESH<\/li><\/ul> <\/div> <\/div> <div class=\"elementor-element elementor-element-0360fc1 elementor-widget elementor-widget-spacer\" data-id=\"0360fc1\" data-element_type=\"widget\" data-widget_type=\"spacer.default\"> <div class=\"elementor-widget-container\"> <div class=\"elementor-spacer\"> <div class=\"elementor-spacer-inner\"><\/div> <\/div> <\/div> <\/div> <\/div> <\/div> <\/div> <\/section><section class=\"elementor-section elementor-top-section elementor-element elementor-element-c0d4e01 elementor-section-boxed elementor-section-height-default elementor-section-height-default\" data-id=\"c0d4e01\" data-element_type=\"section\"> <div class=\"elementor-container elementor-column-gap-default\"> <div class=\"elementor-column elementor-col-100 elementor-top-column elementor-element elementor-element-d8e5bbf\" data-id=\"d8e5bbf\" data-element_type=\"column\"> <div class=\"elementor-widget-wrap elementor-element-populated\"> <div class=\"elementor-element elementor-element-22d38a7 elementor-widget elementor-widget-heading\" data-id=\"22d38a7\" data-element_type=\"widget\" data-widget_type=\"heading.default\"> <div class=\"elementor-widget-container\"> <h5 class=\"elementor-heading-title elementor-size-default\">LE SNALC A INSIST\u00c9 SUR<\/h5> <\/div> <\/div> <div class=\"elementor-element elementor-element-91d4b2d elementor-widget elementor-widget-text-editor\" data-id=\"91d4b2d\" data-element_type=\"widget\" data-widget_type=\"text-editor.default\"> <div class=\"elementor-widget-container\"> <p>Si <a href=\"https:\/\/snalc.fr\/ecole-inclusive-compte-rendu-de-la-reunion-du-18-septembre-2023\/\">la r\u00e9union pr\u00e9c\u00e9dente<\/a> a pu mettre au jour les difficult\u00e9s tr\u00e8s importantes et la souffrance des personnels au quotidien dans l\u2019\u00e9cole inclusive, <strong>le  SNALC attend d\u00e9sormais une approche moins descendante des minist\u00e8res,  fond\u00e9e sur une mise en \u0153uvre \u00e0 marche forc\u00e9e des mesures annonc\u00e9es par  la CNH<\/strong>.<\/p><p>Le SNALC a insist\u00e9 sur la prise en compte des  personnels qui font l\u2019\u00e9cole inclusive au quotidien et sans lesquels rien  ne se mettrait en place.<\/p><p>L\u2019\u00e9cole inclusive est en crise et les propositions inadapt\u00e9es qui sont faites vont probablement aggraver les choses.<\/p><p>Il y a n\u00e9cessit\u00e9 d\u2019un dialogue r\u00e9el.<\/p><p>Le SNALC a rappel\u00e9 qu\u2019il n\u2019avait pas \u00e9t\u00e9 demandeur des PIAL, et qu\u2019il ne l\u2019est pas non des PAS.<\/p><p>Il  est n\u00e9cessaire d\u2019adapter les temps d\u2019accompagnement aux besoins des  \u00e9l\u00e8ves et non aux moyens dont dispose l\u2019Education nationale.<\/p><p>Les AESH priv\u00e9s progressent. Ce n\u2019est pas une solution acceptable en termes d\u2019accessibilit\u00e9 \u00e0 l\u2019\u00e9cole.<\/p> <\/div> <\/div> <div class=\"elementor-element elementor-element-200c126 elementor-widget elementor-widget-spacer\" data-id=\"200c126\" data-element_type=\"widget\" data-widget_type=\"spacer.default\"> <div class=\"elementor-widget-container\"> <div class=\"elementor-spacer\"> <div class=\"elementor-spacer-inner\"><\/div> <\/div> <\/div> <\/div> <\/div> <\/div> <\/div> <\/section><section class=\"elementor-section elementor-top-section elementor-element elementor-element-d62b92b elementor-section-boxed elementor-section-height-default elementor-section-height-default\" data-id=\"d62b92b\" data-element_type=\"section\"><div class=\"elementor-container elementor-column-gap-default\"><div class=\"elementor-column elementor-col-100 elementor-top-column elementor-element elementor-element-e3bc6f3\" data-id=\"e3bc6f3\" data-element_type=\"column\"><div class=\"elementor-widget-wrap elementor-element-populated\"><div class=\"elementor-element elementor-element-8a5cbd7 elementor-widget elementor-widget-heading\" data-id=\"8a5cbd7\" data-element_type=\"widget\" data-widget_type=\"heading.default\"> <div class=\"elementor-widget-container\"> <h5 class=\"elementor-heading-title elementor-size-default\">L\u2019AVIS DU SNALC<\/h5> <\/div> <\/div><div class=\"elementor-element elementor-element-2bc5168 elementor-widget elementor-widget-text-editor\" data-id=\"2bc5168\" data-element_type=\"widget\" data-widget_type=\"text-editor.default\"> <div class=\"elementor-widget-container\"> <p>Beaucoup de questions restent en suspens\u00a0:<\/p><ul><li>Eventail des missions nouvelles\u00a0au sein des PAS<\/li><li>Articulation PAS\/MDPH<\/li><li>O\u00f9 trouver les moyens humains suppl\u00e9mentaires\u00a0et sur quels crit\u00e8res de recrutement\u00a0?<\/li><li>Quel r\u00f4le pour les AESH et les ARE\u00a0?<\/li><li>Le taux d\u2019encadrement dans les PAS sera-t-il plus important que dans les PIAL\u00a0?<\/li><\/ul> <\/div> <\/div><div class=\"elementor-element elementor-element-571eace elementor-widget elementor-widget-text-editor\" data-id=\"571eace\" data-element_type=\"widget\" data-widget_type=\"text-editor.default\"> <div class=\"elementor-widget-container\"> <p>Il y a n\u00e9cessit\u00e9 d\u2019organiser tr\u00e8s rapidement de nouvelles  rencontres th\u00e9matiques sur ces sujets (PAS, formation, AESH\u2026). L\u2019ordre  du jour a pu \u00e0 peine \u00eatre abord\u00e9.<\/p><p>Les r\u00e9ponses obtenues bien que  partielles, confirment l\u2019analyse du SNALC, \u00e0 savoir que l\u2019accessibilit\u00e9  va se substituer rapidement \u00e0 la compensation. Aucune avanc\u00e9e n\u2019est  pr\u00e9vue pour les AESH et les \u00e9quipes enseignantes seront peu \u00e9paul\u00e9es par  les PAS.<\/p><p>Le r\u00f4le des MDPH est amoindri et la mutualisation va  devenir encore plus la norme. Si les structures sp\u00e9cialis\u00e9es sont  maintenues, la volont\u00e9 d\u2019en rapprocher certaines d\u2019\u00e9tablissements  scolaires et les critiques port\u00e9es \u00e0 leur \u00e9gard pendant la r\u00e9union  laisse peu de doute quant \u00e0 l\u2019objectif \u00e0 long terme.<\/p><p>Enfin, le  projet pr\u00e9sent\u00e9 va complexifier la gestion de l\u2019\u00e9cole inclusive au lieu  de la simplifier, contrairement aux annonces des repr\u00e9sentants des  minist\u00e8res en charge de ce dossier\u00a0: Travailler en relation avec le  m\u00e9dico-social ne s\u2019improvise pas et la r\u00e9unionite \u00e0 tous les \u00e9tages sera  encore plus de rigueur, sans compensation financi\u00e8re.<\/p> <\/div> <\/div><\/div><\/div><\/div><\/section><\/div><\/div><\/div><\/div><\/div><\/div><\/section><\/div> <\/p>\n","protected":false},"excerpt":{"rendered":"<p>\u00a9 Freepik.com Groupe de travail du 27 novembre 2023 Compte rendu du SNALC Le SNALC \u00e9tait repr\u00e9sent\u00e9 par Jean-R\u00e9mi Girard, pr\u00e9sident national, Danielle ARNAUD, secr\u00e9taire nationale charg\u00e9e des personnels contractuels [&hellip;]<\/p>\n","protected":false},"author":1,"featured_media":0,"comment_status":"closed","ping_status":"closed","sticky":false,"template":"","format":"standard","meta":{"_lmt_disableupdate":"","_lmt_disable":"","site-sidebar-layout":"default","site-content-layout":"","ast-site-content-layout":"default","site-content-style":"default","site-sidebar-style":"default","ast-global-header-display":"","ast-banner-title-visibility":"","ast-main-header-display":"","ast-hfb-above-header-display":"","ast-hfb-below-header-display":"","ast-hfb-mobile-header-display":"","site-post-title":"","ast-breadcrumbs-content":"","ast-featured-img":"","footer-sml-layout":"","ast-disable-related-posts":"","theme-transparent-header-meta":"","adv-header-id-meta":"","stick-header-meta":"","header-above-stick-meta":"","header-main-stick-meta":"","header-below-stick-meta":"","astra-migrate-meta-layouts":"set","ast-page-background-enabled":"default","ast-page-background-meta":{"desktop":{"background-color":"var(--ast-global-color-4)","background-image":"","background-repeat":"repeat","background-position":"center center","background-size":"auto","background-attachment":"scroll","background-type":"","background-media":"","overlay-type":"","overlay-color":"","overlay-opacity":"","overlay-gradient":""},"tablet":{"background-color":"","background-image":"","background-repeat":"repeat","background-position":"center center","background-size":"auto","background-attachment":"scroll","background-type":"","background-media":"","overlay-type":"","overlay-color":"","overlay-opacity":"","overlay-gradient":""},"mobile":{"background-color":"","background-image":"","background-repeat":"repeat","background-position":"center center","background-size":"auto","background-attachment":"scroll","background-type":"","background-media":"","overlay-type":"","overlay-color":"","overlay-opacity":"","overlay-gradient":""}},"ast-content-background-meta":{"desktop":{"background-color":"var(--ast-global-color-5)","background-image":"","background-repeat":"repeat","background-position":"center center","background-size":"auto","background-attachment":"scroll","background-type":"","background-media":"","overlay-type":"","overlay-color":"","overlay-opacity":"","overlay-gradient":""},"tablet":{"background-color":"var(--ast-global-color-5)","background-image":"","background-repeat":"repeat","background-position":"center center","background-size":"auto","background-attachment":"scroll","background-type":"","background-media":"","overlay-type":"","overlay-color":"","overlay-opacity":"","overlay-gradient":""},"mobile":{"background-color":"var(--ast-global-color-5)","background-image":"","background-repeat":"repeat","background-position":"center center","background-size":"auto","background-attachment":"scroll","background-type":"","background-media":"","overlay-type":"","overlay-color":"","overlay-opacity":"","overlay-gradient":""}},"footnotes":""},"categories":[38],"tags":[],"class_list":["post-2388","post","type-post","status-publish","format-standard","hentry","category-actualites-2023-2024"],"modified_by":"slecourtier","_links":{"self":[{"href":"https:\/\/snalc.org\/snalc2023\/index.php?rest_route=\/wp\/v2\/posts\/2388","targetHints":{"allow":["GET"]}}],"collection":[{"href":"https:\/\/snalc.org\/snalc2023\/index.php?rest_route=\/wp\/v2\/posts"}],"about":[{"href":"https:\/\/snalc.org\/snalc2023\/index.php?rest_route=\/wp\/v2\/types\/post"}],"author":[{"embeddable":true,"href":"https:\/\/snalc.org\/snalc2023\/index.php?rest_route=\/wp\/v2\/users\/1"}],"replies":[{"embeddable":true,"href":"https:\/\/snalc.org\/snalc2023\/index.php?rest_route=%2Fwp%2Fv2%2Fcomments&post=2388"}],"version-history":[{"count":1,"href":"https:\/\/snalc.org\/snalc2023\/index.php?rest_route=\/wp\/v2\/posts\/2388\/revisions"}],"predecessor-version":[{"id":2389,"href":"https:\/\/snalc.org\/snalc2023\/index.php?rest_route=\/wp\/v2\/posts\/2388\/revisions\/2389"}],"wp:attachment":[{"href":"https:\/\/snalc.org\/snalc2023\/index.php?rest_route=%2Fwp%2Fv2%2Fmedia&parent=2388"}],"wp:term":[{"taxonomy":"category","embeddable":true,"href":"https:\/\/snalc.org\/snalc2023\/index.php?rest_route=%2Fwp%2Fv2%2Fcategories&post=2388"},{"taxonomy":"post_tag","embeddable":true,"href":"https:\/\/snalc.org\/snalc2023\/index.php?rest_route=%2Fwp%2Fv2%2Ftags&post=2388"}],"curies":[{"name":"wp","href":"https:\/\/api.w.org\/{rel}","templated":true}]}}