{"id":2390,"date":"2023-11-29T19:59:02","date_gmt":"2023-11-29T18:59:02","guid":{"rendered":"https:\/\/snalc.org\/snalc2023\/?p=2390"},"modified":"2024-03-16T09:19:53","modified_gmt":"2024-03-16T08:19:53","slug":"reforme-des-lp-les-syndicats-et-la-fcpe-claquent-la-porte-de-la-csl","status":"publish","type":"post","link":"https:\/\/snalc.org\/snalc2023\/?p=2390","title":{"rendered":"R\u00e9forme des LP : les syndicats et la FCPE claquent la porte de la CSL"},"content":{"rendered":"\n<p><div data-elementor-type=\"single-post\" data-elementor-id=\"205\" class=\"elementor elementor-205 elementor-location-single post-34258 post type-post status-publish format-standard has-post-thumbnail hentry category-actualites category-lycee-pro\" data-elementor-post-type=\"elementor_library\"><section class=\"elementor-section elementor-top-section elementor-element elementor-element-4326831a elementor-section-boxed elementor-section-height-default elementor-section-height-default\" data-id=\"4326831a\" data-element_type=\"section\" id=\"top-section\"><div class=\"elementor-container elementor-column-gap-default\"><div class=\"elementor-column elementor-col-50 elementor-top-column elementor-element elementor-element-1adca9f4\" data-id=\"1adca9f4\" data-element_type=\"column\"><div class=\"elementor-widget-wrap elementor-element-populated\"><div class=\"elementor-element elementor-element-6b6c2f3f elementor-mobile-align-center elementor-widget elementor-widget-post-info\" data-id=\"6b6c2f3f\" data-element_type=\"widget\" data-widget_type=\"post-info.default\"><div class=\"elementor-widget-container\"><ul class=\"elementor-inline-items elementor-icon-list-items elementor-post-info\"><li class=\"elementor-icon-list-item elementor-repeater-item-ba9c996 elementor-inline-item\" itemprop=\"datePublished\"><\/li><li class=\"elementor-icon-list-item elementor-repeater-item-d22dd6d elementor-inline-item\" itemprop=\"about\"><\/li><\/ul><\/div><\/div><div class=\"elementor-element elementor-element-57213923 elementor-widget elementor-widget-theme-post-featured-image elementor-widget-image\" data-id=\"57213923\" data-element_type=\"widget\" data-widget_type=\"theme-post-featured-image.default\"> <div class=\"elementor-widget-container\"> <figure class=\"wp-caption\"> <img fetchpriority=\"high\" decoding=\"async\" width=\"725\" height=\"500\" class=\"attachment-full size-full wp-image-34264\" src=\"https:\/\/snalc.fr\/wp-content\/uploads\/sortir_istock_Nikada-109718033.png\" alt=\"\"> <figcaption class=\"widget-image-caption wp-caption-text\">\u00a9 istock_Nikada-109718033<\/figcaption> <\/figure> <\/div> <\/div><div class=\"elementor-element elementor-element-2987e2d0 elementor-widget elementor-widget-theme-post-content\" data-id=\"2987e2d0\" data-element_type=\"widget\" data-widget_type=\"theme-post-content.default\"> <div class=\"elementor-widget-container\"> <div data-elementor-type=\"wp-post\" data-elementor-id=\"34258\" class=\"elementor elementor-34258\" data-elementor-post-type=\"post\"> <section class=\"elementor-section elementor-top-section elementor-element elementor-element-8b4dd94 elementor-section-boxed elementor-section-height-default elementor-section-height-default\" data-id=\"8b4dd94\" data-element_type=\"section\"> <div class=\"elementor-container elementor-column-gap-default\"> <div class=\"elementor-column elementor-col-100 elementor-top-column elementor-element elementor-element-8097c0c\" data-id=\"8097c0c\" data-element_type=\"column\"> <div class=\"elementor-widget-wrap elementor-element-populated\"> <div class=\"elementor-element elementor-element-32089cb elementor-widget elementor-widget-text-editor\" data-id=\"32089cb\" data-element_type=\"widget\" data-widget_type=\"text-editor.default\"> <div class=\"elementor-widget-container\"> <h4 style=\"text-align: center;\"><strong>R\u00c9FORME DES LYC\u00c9ES PROS<\/strong><\/h4><p style=\"text-align: center;\"><strong>\u00a0<\/strong><\/p><h5 style=\"text-align: center;\"><strong>L\u2019ensemble des organisations syndicales et la FCPE claquent la porte\u00a0<\/strong><strong>de la commission sp\u00e9cialis\u00e9e des lyc\u00e9es<\/strong><\/h5> <\/div> <\/div> <div class=\"elementor-element elementor-element-acc1205 elementor-widget elementor-widget-image\" data-id=\"acc1205\" data-element_type=\"widget\" data-widget_type=\"image.default\"> <div class=\"elementor-widget-container\"> <img decoding=\"async\" width=\"800\" height=\"231\" class=\"attachment-large size-large wp-image-34265\" src=\"https:\/\/snalc.fr\/wp-content\/uploads\/bandeau_IS_pro_29nov23-1024x296.png\" alt=\"\"> <\/div> <\/div> <\/div> <\/div> <\/div> <\/section> <section class=\"elementor-section elementor-top-section elementor-element elementor-element-c88cc05 elementor-section-boxed elementor-section-height-default elementor-section-height-default\" data-id=\"c88cc05\" data-element_type=\"section\"> <div class=\"elementor-container elementor-column-gap-default\"> <div class=\"elementor-column elementor-col-100 elementor-top-column elementor-element elementor-element-1289be1\" data-id=\"1289be1\" data-element_type=\"column\"> <div class=\"elementor-widget-wrap elementor-element-populated\"> <div class=\"elementor-element elementor-element-f57ce2d elementor-widget elementor-widget-text-editor\" data-id=\"f57ce2d\" data-element_type=\"widget\" data-widget_type=\"text-editor.default\"> <div class=\"elementor-widget-container\"> <p>Nos organisations syndicales FSU (SNUEP, SNES, SNEP), SE-UNSA,  SNETAA-FO, CGT \u00c9duc\u2019action, SGEN-CFDT, Fep-CFDT, SNALC, Sud \u00e9ducation,  SNEC-CFTC, la CNT-FTE et la FCPE r\u00e9unies en commission sp\u00e9cialis\u00e9e des  lyc\u00e9es ce mercredi 29 novembre ont d\u00e9nonc\u00e9 d\u2019une seule voix et avec  force le texte relatif \u00e0 la transformation profonde des trois ann\u00e9es de  cursus bac pro et exigent du ministre qu\u2019il renonce \u00e0 pr\u00e9senter ces  textes au Conseil sup\u00e9rieur de l\u2019\u00c9ducation du 14 d\u00e9cembre 2023.<\/p><p>En  l\u2019\u00e9tat, ce texte induit des pertes lourdes en termes d\u2019horaires  disciplinaires\u00a0pour les \u00e9l\u00e8ves : suppressions de deux heures  hebdomadaires en seconde et premi\u00e8re, de 4 semaines de cours en  terminale soient un total de 203 heures sur les trois ans du bac pro,  l\u2019\u00e9quivalent de 7 semaines d\u2019enseignement. Pour le ministre, le \u00ab\u00a0choc  des savoirs\u00a0\u00bb en lyc\u00e9e pro s\u2019illustrerait donc par moins d\u2019\u00e9cole et plus  d\u2019entreprise.<\/p><p>Alors que les \u00e9preuves professionnelles  repr\u00e9sentent de gros coefficients pour l\u2019obtention du dipl\u00f4me, 85 heures  d\u2019enseignement professionnel seraient supprim\u00e9es en terminale.<\/p><p>Le  parcours distinct organise une in\u00e9galit\u00e9 de r\u00e9ussite aux \u00e9preuves,  risquant aussi d\u2019augmenter le d\u00e9crochage de fin de parcours et de  baisser le taux de r\u00e9ussite des jeunes au dipl\u00f4me\u00a0: certains \u00e9l\u00e8ves  maintenus en lyc\u00e9e b\u00e9n\u00e9ficieront de la proximit\u00e9 de leurs enseignant\u00b7es  quand celles et ceux en stage seront priv\u00e9\u00b7es de p\u00e9riode de r\u00e9vision.<\/p><p>Tous  ces bouleversements auront aussi un impact lourd sur les conditions de  travail de l\u2019ensemble des personnels exer\u00e7ants en lyc\u00e9e professionnel.<\/p><p>Des  questions majeures et centrales pour organiser la rentr\u00e9e 2024 ont \u00e9t\u00e9  pos\u00e9es et sont rest\u00e9es lettre morte faute de temps de la part des  services pour r\u00e9diger des textes pr\u00e9cis. Ainsi, on ne sait pas  aujourd\u2019hui les modalit\u00e9s d\u2019organisations de l\u2019oral de projet qui  n\u00e9cessitera un texte r\u00e9glementaire, nous n\u2019avons pas en main non plus la  note de service concernant les parcours diff\u00e9renci\u00e9s.<\/p><p>Face \u00e0  cette pr\u00e9cipitation et \u00e0 l\u2019absence de modalit\u00e9s claires de mise en \u0153uvre  que repr\u00e9sentent l\u2019ensemble de ce projet, l\u2019intersyndicale unitaire des  lyc\u00e9es pros FSU (SNUEP, SNES, SNEP), SE-UNSA, SNETAA-FO, CGT  \u00c9duc\u2019action, SGEN-CFDT, Fep-CFDT, SNALC, Sud \u00e9ducation, SNEC-CFTC,  CNT-FTE et la FCPE s\u2019adressent solennellement \u00e0 M. le Ministre Gabriel  Attal afin qu\u2019il renonce \u00e0 ces projets et qu\u2019il engage de v\u00e9ritables  concertations au sein du minist\u00e8re de l\u2019\u00c9ducation nationale avec  l\u2019intersyndicale et la FCPE pour renforcer la voie professionnelle  scolaire.\u00a0<\/p><p>\u00a0<\/p><p style=\"text-align: right;\">Paris, le 29 novembre 2023<\/p> <\/div> <\/div> <\/div> <\/div> <\/div> <\/section> <\/div> <\/div> <\/div><\/div><\/div><\/div><\/section><\/div> <\/p>\n","protected":false},"excerpt":{"rendered":"<p>\u00a9 istock_Nikada-109718033 R\u00c9FORME DES LYC\u00c9ES PROS \u00a0 L\u2019ensemble des organisations syndicales et la FCPE claquent la porte\u00a0de la commission sp\u00e9cialis\u00e9e des lyc\u00e9es Nos organisations syndicales FSU (SNUEP, SNES, SNEP), SE-UNSA, [&hellip;]<\/p>\n","protected":false},"author":1,"featured_media":0,"comment_status":"closed","ping_status":"closed","sticky":false,"template":"","format":"standard","meta":{"_lmt_disableupdate":"","_lmt_disable":"","site-sidebar-layout":"default","site-content-layout":"","ast-site-content-layout":"default","site-content-style":"default","site-sidebar-style":"default","ast-global-header-display":"","ast-banner-title-visibility":"","ast-main-header-display":"","ast-hfb-above-header-display":"","ast-hfb-below-header-display":"","ast-hfb-mobile-header-display":"","site-post-title":"","ast-breadcrumbs-content":"","ast-featured-img":"","footer-sml-layout":"","ast-disable-related-posts":"","theme-transparent-header-meta":"","adv-header-id-meta":"","stick-header-meta":"","header-above-stick-meta":"","header-main-stick-meta":"","header-below-stick-meta":"","astra-migrate-meta-layouts":"set","ast-page-background-enabled":"default","ast-page-background-meta":{"desktop":{"background-color":"var(--ast-global-color-4)","background-image":"","background-repeat":"repeat","background-position":"center center","background-size":"auto","background-attachment":"scroll","background-type":"","background-media":"","overlay-type":"","overlay-color":"","overlay-opacity":"","overlay-gradient":""},"tablet":{"background-color":"","background-image":"","background-repeat":"repeat","background-position":"center center","background-size":"auto","background-attachment":"scroll","background-type":"","background-media":"","overlay-type":"","overlay-color":"","overlay-opacity":"","overlay-gradient":""},"mobile":{"background-color":"","background-image":"","background-repeat":"repeat","background-position":"center center","background-size":"auto","background-attachment":"scroll","background-type":"","background-media":"","overlay-type":"","overlay-color":"","overlay-opacity":"","overlay-gradient":""}},"ast-content-background-meta":{"desktop":{"background-color":"var(--ast-global-color-5)","background-image":"","background-repeat":"repeat","background-position":"center center","background-size":"auto","background-attachment":"scroll","background-type":"","background-media":"","overlay-type":"","overlay-color":"","overlay-opacity":"","overlay-gradient":""},"tablet":{"background-color":"var(--ast-global-color-5)","background-image":"","background-repeat":"repeat","background-position":"center center","background-size":"auto","background-attachment":"scroll","background-type":"","background-media":"","overlay-type":"","overlay-color":"","overlay-opacity":"","overlay-gradient":""},"mobile":{"background-color":"var(--ast-global-color-5)","background-image":"","background-repeat":"repeat","background-position":"center center","background-size":"auto","background-attachment":"scroll","background-type":"","background-media":"","overlay-type":"","overlay-color":"","overlay-opacity":"","overlay-gradient":""}},"footnotes":""},"categories":[38],"tags":[],"class_list":["post-2390","post","type-post","status-publish","format-standard","hentry","category-actualites-2023-2024"],"modified_by":"slecourtier","_links":{"self":[{"href":"https:\/\/snalc.org\/snalc2023\/index.php?rest_route=\/wp\/v2\/posts\/2390","targetHints":{"allow":["GET"]}}],"collection":[{"href":"https:\/\/snalc.org\/snalc2023\/index.php?rest_route=\/wp\/v2\/posts"}],"about":[{"href":"https:\/\/snalc.org\/snalc2023\/index.php?rest_route=\/wp\/v2\/types\/post"}],"author":[{"embeddable":true,"href":"https:\/\/snalc.org\/snalc2023\/index.php?rest_route=\/wp\/v2\/users\/1"}],"replies":[{"embeddable":true,"href":"https:\/\/snalc.org\/snalc2023\/index.php?rest_route=%2Fwp%2Fv2%2Fcomments&post=2390"}],"version-history":[{"count":1,"href":"https:\/\/snalc.org\/snalc2023\/index.php?rest_route=\/wp\/v2\/posts\/2390\/revisions"}],"predecessor-version":[{"id":2391,"href":"https:\/\/snalc.org\/snalc2023\/index.php?rest_route=\/wp\/v2\/posts\/2390\/revisions\/2391"}],"wp:attachment":[{"href":"https:\/\/snalc.org\/snalc2023\/index.php?rest_route=%2Fwp%2Fv2%2Fmedia&parent=2390"}],"wp:term":[{"taxonomy":"category","embeddable":true,"href":"https:\/\/snalc.org\/snalc2023\/index.php?rest_route=%2Fwp%2Fv2%2Fcategories&post=2390"},{"taxonomy":"post_tag","embeddable":true,"href":"https:\/\/snalc.org\/snalc2023\/index.php?rest_route=%2Fwp%2Fv2%2Ftags&post=2390"}],"curies":[{"name":"wp","href":"https:\/\/api.w.org\/{rel}","templated":true}]}}