{"id":2406,"date":"2023-12-05T11:56:24","date_gmt":"2023-12-05T10:56:24","guid":{"rendered":"https:\/\/snalc.org\/snalc2023\/?p=2406"},"modified":"2023-12-05T11:56:26","modified_gmt":"2023-12-05T10:56:26","slug":"reforme-des-lycees-pros-mobilisation","status":"publish","type":"post","link":"https:\/\/snalc.org\/snalc2023\/?p=2406","title":{"rendered":"R\u00e9forme des lyc\u00e9es pros, mobilisation"},"content":{"rendered":"\n<figure class=\"wp-block-table\"><table><tbody><tr><td><img decoding=\"async\" src=\"https:\/\/syndicat-snalc.net\/AWURTSJ67\/editedimg_86b642abe2.png\" alt=\"\"><\/td><\/tr><\/tbody><\/table><\/figure>\n\n\n\n<figure class=\"wp-block-table\"><table><tbody><tr><td>Syndicat national des lyc\u00e9es, coll\u00e8ges, \u00e9coles et du sup\u00e9rieur<\/td><\/tr><\/tbody><\/table><\/figure>\n\n\n\n<figure class=\"wp-block-table\"><table><tbody><tr><td>ACADEMIE D&rsquo;AIX-MARSEILLE<\/td><\/tr><\/tbody><\/table><\/figure>\n\n\n\n<figure class=\"wp-block-table\"><table><tbody><tr><td>&nbsp;&nbsp;REFORME DES LYCEES&nbsp;PROFESSIONNELS&nbsp;<\/td><\/tr><\/tbody><\/table><\/figure>\n\n\n\n<figure class=\"wp-block-table\"><table><tbody><tr><td>&nbsp;R\u00e9gion PACA: appel intersyndical et unitaire<br>&nbsp;<\/td><\/tr><\/tbody><\/table><\/figure>\n\n\n\n<figure class=\"wp-block-table\"><table><tbody><tr><td><img decoding=\"async\" src=\"https:\/\/syndicat-snalc.net\/AWURTSJ67\/Intersyndicallyceepro_opt_591333bba8.jpg\" alt=\"\"><\/td><\/tr><\/tbody><\/table><\/figure>\n\n\n\n<figure class=\"wp-block-table\"><table><tbody><tr><td><strong>TOUTES ET TOUS EN GREVE&nbsp;LE MARDI 12 d\u00e9cembre 2023<\/strong><\/td><\/tr><\/tbody><\/table><\/figure>\n\n\n\n<figure class=\"wp-block-table\"><table><tbody><tr><td>L\u2019intersyndicale voie pro exige le retrait du projet de r\u00e9forme Grandjean contre le lyc\u00e9e professionnel&nbsp;Laisser passer le projet minist\u00e9riel pr\u00e9sent\u00e9 au Conseil Sup\u00e9rieur de l\u2019\u00c9ducation ce 14 d\u00e9cembre, c\u2019est&nbsp;:&nbsp;<\/td><\/tr><\/tbody><\/table><\/figure>\n\n\n\n<figure class=\"wp-block-table\"><table><tbody><tr><td><strong>\u00ae&nbsp;<\/strong>ORGANISER le passage d\u2019un bac pro 3 ans \u00e0 un Bac Pro 2,5 ans et <strong>perdre 7 semaines de cours<\/strong> pour les \u00e9l\u00e8ves sur un cycle&nbsp;!<strong>\u00ae <\/strong>ACCEPTER de donner <strong>toujours moins d\u2019\u00e9cole<\/strong> pour les plus fragiles scolairement et socialement.<strong>\u00ae <\/strong>ENLEVER 6 semaines de parcours commun pour ENVOYER une partie des \u00e9l\u00e8ves de terminale vers des <strong>m\u00e9tiers en tension<\/strong> que les actifs fuient vu les <strong>conditions de travail et salariales indignes dans ces secteurs.<\/strong><strong>\u00ae STOPPER les cours en avril en terminale et perdre 72h d\u2019enseignement pro.<\/strong><strong>\u00ae <\/strong>SUPPRIMER encore plus de postes d\u2019enseignants avec <strong>3,5h de moyens en moins <\/strong>sur un cycle de Bac Pro.<strong>\u00ae <\/strong>REDUIRE l\u2019offre de formation sous statut scolaire au profit de l\u2019apprentissage priv\u00e9 avec <strong>r\u00e9duction de 15% des formations initiales.<\/strong><\/td><\/tr><\/tbody><\/table><\/figure>\n\n\n\n<figure class=\"wp-block-table\"><table><tbody><tr><td>Pour stopper ce d\u00e9mant\u00e8lement organis\u00e9 de nos lyc\u00e9es pros, l\u2019intersyndicale appelle parents, \u00e9l\u00e8ves et personnels \u00e0 se mobiliser massivement en soutenant et en participant auMOUVEMENT D\u2019ACTION ET DE GREVE DU 12 DECEMBRE 2023&nbsp;:<\/td><\/tr><\/tbody><\/table><\/figure>\n\n\n\n<figure class=\"wp-block-table\"><table><tbody><tr><td>&nbsp;RASSEMBLEMENT ET MANIFESTATION&nbsp;12 d\u00e9<strong>c<\/strong>embre 10h30 Marseille &nbsp;<strong>de le Porte d&rsquo;Aix, place Jules Guesde, vers &nbsp;la Pr\u00e9fecture<\/strong>&nbsp;<\/td><\/tr><\/tbody><\/table><\/figure>\n\n\n\n<figure class=\"wp-block-table\"><table><tbody><tr><td>&nbsp;N\u2019ABANDONNONS PAS LA DIMENSION \u00c9DUCATIVE ET \u00c9MANCIPATRICE &nbsp;&nbsp;DEL\u2019\u00c9COLE DE LA R\u00c9PUBLIQUE POUR LA VOIE PRO SCOLAIRE&nbsp;!&nbsp;<\/td><\/tr><\/tbody><\/table><\/figure>\n\n\n\n<figure class=\"wp-block-table\"><table><tbody><tr><td>&nbsp;<\/td><\/tr><\/tbody><\/table><\/figure>\n\n\n\n<figure class=\"wp-block-table\"><table><tbody><tr><td><img decoding=\"async\" src=\"https:\/\/syndicat-snalc.net\/AWURTSJ67\/S_de_snalc_1bc63ee244.jpg\" alt=\"\"><\/td><\/tr><\/tbody><\/table><\/figure>\n\n\n\n<figure class=\"wp-block-table\"><table><tbody><tr><td>&nbsp;<\/td><\/tr><\/tbody><\/table><\/figure>\n\n\n\n<figure class=\"wp-block-table\"><table><tbody><tr><td>&nbsp;&nbsp;<strong>R\u00e9forme des LP&nbsp;: les syndicats et la FCPE claquent la porte de la CSL<br><\/strong><\/td><\/tr><\/tbody><\/table><\/figure>\n\n\n\n<figure class=\"wp-block-table\"><table><tbody><tr><td>Nos organisations syndicales FSU (SNUEP, SNES, SNEP), SE-UNSA, SNETAA-FO, CGT \u00c9duc\u2019action, SGEN-CFDT, Fep-CFDT, SNALC, Sud \u00e9ducation, SNEC-CFTC, la CNT-FTE et la FCPE r\u00e9unies en commission sp\u00e9cialis\u00e9e des lyc\u00e9es ce mercredi 29 novembre ont d\u00e9nonc\u00e9 d\u2019une seule voix et avec force le texte relatif \u00e0 la transformation profonde des trois ann\u00e9es de cursus bac pro et exigent du ministre qu\u2019il renonce \u00e0 pr\u00e9senter ces textes au Conseil sup\u00e9rieur de l\u2019\u00c9ducation du 14 d\u00e9cembre 2023.&nbsp;&nbsp; Lire la suite <strong><a href=\"https:\/\/snalc.fr\/reforme-des-lp-les-syndicats-et-la-fcpe-claquent-la-porte-de-la-csl\/\">ICI<\/a><\/strong><\/td><\/tr><\/tbody><\/table><\/figure>\n\n\n\n<figure class=\"wp-block-table\"><table><tbody><tr><td>&nbsp;<\/td><\/tr><\/tbody><\/table><\/figure>\n\n\n\n<figure class=\"wp-block-table\"><table><tbody><tr><td>&nbsp;&nbsp;Une r\u00e9forme des lyc\u00e9es pros terminable&nbsp;<\/td><\/tr><\/tbody><\/table><\/figure>\n\n\n\n<figure class=\"wp-block-table\"><table><tbody><tr><td>Le SNALC rejette les annonces faites \u00e0 la presse par la ministre Carole Grandjean sur l\u2019organisation de la terminale professionnelle.Sur le fond, le minist\u00e8re d\u00e9tourne un grand nombre d\u2019heures de cours pour r\u00e9pondre \u00e0 une commande pr\u00e9sidentielle&nbsp;: augmenter le nombre de semaines de stages, alors que nos \u00e9l\u00e8ves ont besoin d\u2019\u00c9cole. Cela se fait contre l\u2019avis majoritaire de la profession. La r\u00e9cente enqu\u00eate du SNALC aupr\u00e8s des professeurs de lyc\u00e9e professionnel indique que 84 % d\u2019entre eux estiment n\u2019avoir pas assez de temps pour enseigner correctement, et 79 % sont contre une \u00e9volution du nombre de semaines de stages.&nbsp;&nbsp; Lire la suite <strong><a href=\"https:\/\/snalc.fr\/une-reforme-des-lycees-pros-terminable\/\">ICI<\/a><\/strong><br><\/td><\/tr><\/tbody><\/table><\/figure>\n\n\n\n<figure class=\"wp-block-table\"><table><tbody><tr><td>&nbsp;<\/td><\/tr><\/tbody><\/table><\/figure>\n\n\n\n<figure class=\"wp-block-table\"><table><tbody><tr><td>&nbsp;&nbsp;<strong>R\u00e9forme des LP&nbsp;: conf\u00e9rence de presse<br><\/strong><\/td><\/tr><\/tbody><\/table><\/figure>\n\n\n\n<figure class=\"wp-block-table\"><table><tbody><tr><td>L\u2019intersyndicale de la voie professionnelle&nbsp; s\u2019est r\u00e9unie sur le projet de r\u00e9forme des lyc\u00e9es pros impos\u00e9e par la ministre C. Grandjean ce mercredi 15 novembre 2023.L\u2019intersyndicale de la voie professionnelle vous invite \u00e0 prendre connaissance de l\u2019expression unitaire ci-dessous.Lire le communiqu\u00e9 de presse intersyndical <a href=\"https:\/\/snalc.fr\/reforme-des-lp-conference-de-presse\/\"><strong>ICI<\/strong><\/a><br><\/td><\/tr><\/tbody><\/table><\/figure>\n\n\n\n<figure class=\"wp-block-table\"><table><tbody><tr><td>&nbsp;<\/td><\/tr><\/tbody><\/table><\/figure>\n\n\n\n<figure class=\"wp-block-table\"><table><tbody><tr><td><img decoding=\"async\" src=\"https:\/\/syndicat-snalc.net\/AWURTSJ67\/S_de_snalc_1bc63ee244.jpg\" alt=\"\"><\/td><\/tr><\/tbody><\/table><\/figure>\n\n\n\n<figure class=\"wp-block-table\"><table><tbody><tr><td>&nbsp;<\/td><\/tr><\/tbody><\/table><\/figure>\n\n\n\n<figure class=\"wp-block-table\"><table><tbody><tr><td>NOS GUIDES<\/td><\/tr><\/tbody><\/table><\/figure>\n\n\n\n<figure class=\"wp-block-table\"><table><tbody><tr><td>&nbsp;<strong>Le SNALC vous informe r\u00e9guli\u00e8rement par l&rsquo;interm\u00e9diaire de ses Guides.<\/strong><strong>Ceux-ci ont vocation \u00e0 recenser l\u2019ensemble de vos droits, obligations et protections li\u00e9s \u00e0 votre statut.<br><\/strong>&nbsp;<\/td><\/tr><\/tbody><\/table><\/figure>\n\n\n\n<figure class=\"wp-block-table\"><table><tbody><tr><td>&nbsp;<\/td><\/tr><\/tbody><\/table><\/figure>\n\n\n\n<figure class=\"wp-block-table\"><table><tbody><tr><td><img decoding=\"async\" src=\"https:\/\/syndicat-snalc.net\/AWURTSJ67\/S_de_snalc_1bc63ee244.jpg\" alt=\"\"><\/td><\/tr><\/tbody><\/table><\/figure>\n\n\n\n<figure class=\"wp-block-table\"><table><tbody><tr><td>&nbsp;<\/td><\/tr><\/tbody><\/table><\/figure>\n\n\n\n<figure class=\"wp-block-table\"><table><tbody><tr><td>Con<a href=\"imap:\/\/sebastien%2Elecourtier%40snalc%2Eorg@imap.1and1.fr:993\/fetch%3EUID%3E\/INBOX%3E49628#UNSUB#\">t<\/a>acts&nbsp;:06&nbsp;83&nbsp;51&nbsp;36&nbsp;08<a href=\"mailto:snalc.am@snalc.org\">snalc.am@snalc.org<\/a><\/td><\/tr><\/tbody><\/table><\/figure>\n\n\n\n<figure class=\"wp-block-table\"><table><tbody><tr><td><\/td><\/tr><\/tbody><\/table><\/figure>\n\n\n\n<figure class=\"wp-block-table\"><table><tbody><tr><td><strong>L&rsquo;ADHESION AU SNALC<\/strong><\/td><\/tr><\/tbody><\/table><\/figure>\n\n\n\n<figure class=\"wp-block-table\"><table><tbody><tr><td><strong>Le SNALC est le syndicat le moins cher de l&rsquo;Education nationale<\/strong> (<a href=\"wlmailhtml:{E44E2C37-C4BD-4396-BA69-2A47DDECF639}mid:\/\/00000012\/!x-usc:http:\/\/stats.snalc.fr\/c6.php?ec=2&amp;l=dIuLtoS2e21q&amp;i=ZGRolWWXaG9k&amp;t=ZA&amp;e=n52p2JWRpKWUnMhgk8ekq8GcyHGm0ZSgx5KosKWYzMWUqGTJlNiUmKeZ1KBeyaGs2GLLow&amp;u=m6iq1KOdYGaqp9xgo9CTo8Viy6Ni2KOg08WZqmaVx8qYp5\/TnpGhm5k&amp;v=8\">comparons<\/a>&#8230;). Assistance et protection juridiques p\u00e9nales comprises (agressions, diffamation, harc\u00e8lement&#8230;). Dispositif exclusif d&rsquo;aide \u00e0 la mobilit\u00e9&nbsp;: mobi-SNALC. Tarifs n\u00e9goci\u00e9s aupr\u00e8s de nombreux partenaires&nbsp;: \u00ab\u00a0Avantages-SNALC\u00a0\u00bb. <strong>Le SNALC n&rsquo;a pas augment\u00e9 ses cotisations pour la 13e ann\u00e9e cons\u00e9cutive<\/strong> \u00e9tant donn\u00e9 que nos salaires n&rsquo;\u00e9voluent pas.<strong>Le SNALC est totalement ind\u00e9pendant<\/strong>&nbsp;: les cotisations sont ses seules ressources. Il n&rsquo;a de compte \u00e0 rendre qu&rsquo;\u00e0 ses adh\u00e9rents.<\/td><\/tr><\/tbody><\/table><\/figure>\n\n\n\n<figure class=\"wp-block-table\"><table><tbody><tr><td><img decoding=\"async\" src=\"https:\/\/syndicat-snalc.net\/AWURTSJ67\/Paiement_CB_361b042f34.jpg\" alt=\"\"> <a href=\"https:\/\/www.snalc.fr\/adhesion-carte\/\">Carte bancaire<\/a> <img decoding=\"async\" src=\"https:\/\/syndicat-snalc.net\/AWURTSJ67\/Paiement_mensualisation_0703b426ca.jpg\" alt=\"\"> <a href=\"https:\/\/www.snalc.fr\/adhesion\/\">Pr\u00e9l\u00e8vements mensuels<\/a> <img decoding=\"async\" src=\"https:\/\/syndicat-snalc.net\/AWURTSJ67\/Paiement_virement_c6a21d792d.png\" alt=\"\"> <a href=\"https:\/\/www.snalc.fr\/adhesion-virement\/\">Virement<\/a> <img decoding=\"async\" src=\"https:\/\/syndicat-snalc.net\/AWURTSJ67\/Paiement_cheque_699976dc59.jpg\" alt=\"\"> <a href=\"https:\/\/www.snalc.fr\/uploads\/bulletin.pdf\">Ch\u00e8que<\/a><\/td><\/tr><\/tbody><\/table><\/figure>\n","protected":false},"excerpt":{"rendered":"<p>Syndicat national des lyc\u00e9es, coll\u00e8ges, \u00e9coles et du sup\u00e9rieur ACADEMIE D&rsquo;AIX-MARSEILLE &nbsp;&nbsp;REFORME DES LYCEES&nbsp;PROFESSIONNELS&nbsp; &nbsp;R\u00e9gion PACA: appel intersyndical et unitaire&nbsp; TOUTES ET TOUS EN GREVE&nbsp;LE MARDI 12 d\u00e9cembre 2023 L\u2019intersyndicale [&hellip;]<\/p>\n","protected":false},"author":1,"featured_media":0,"comment_status":"closed","ping_status":"closed","sticky":false,"template":"","format":"standard","meta":{"_lmt_disableupdate":"","_lmt_disable":"","site-sidebar-layout":"default","site-content-layout":"","ast-site-content-layout":"default","site-content-style":"default","site-sidebar-style":"default","ast-global-header-display":"","ast-banner-title-visibility":"","ast-main-header-display":"","ast-hfb-above-header-display":"","ast-hfb-below-header-display":"","ast-hfb-mobile-header-display":"","site-post-title":"","ast-breadcrumbs-content":"","ast-featured-img":"","footer-sml-layout":"","ast-disable-related-posts":"","theme-transparent-header-meta":"","adv-header-id-meta":"","stick-header-meta":"","header-above-stick-meta":"","header-main-stick-meta":"","header-below-stick-meta":"","astra-migrate-meta-layouts":"set","ast-page-background-enabled":"default","ast-page-background-meta":{"desktop":{"background-color":"var(--ast-global-color-4)","background-image":"","background-repeat":"repeat","background-position":"center center","background-size":"auto","background-attachment":"scroll","background-type":"","background-media":"","overlay-type":"","overlay-color":"","overlay-opacity":"","overlay-gradient":""},"tablet":{"background-color":"","background-image":"","background-repeat":"repeat","background-position":"center center","background-size":"auto","background-attachment":"scroll","background-type":"","background-media":"","overlay-type":"","overlay-color":"","overlay-opacity":"","overlay-gradient":""},"mobile":{"background-color":"","background-image":"","background-repeat":"repeat","background-position":"center center","background-size":"auto","background-attachment":"scroll","background-type":"","background-media":"","overlay-type":"","overlay-color":"","overlay-opacity":"","overlay-gradient":""}},"ast-content-background-meta":{"desktop":{"background-color":"var(--ast-global-color-5)","background-image":"","background-repeat":"repeat","background-position":"center center","background-size":"auto","background-attachment":"scroll","background-type":"","background-media":"","overlay-type":"","overlay-color":"","overlay-opacity":"","overlay-gradient":""},"tablet":{"background-color":"var(--ast-global-color-5)","background-image":"","background-repeat":"repeat","background-position":"center center","background-size":"auto","background-attachment":"scroll","background-type":"","background-media":"","overlay-type":"","overlay-color":"","overlay-opacity":"","overlay-gradient":""},"mobile":{"background-color":"var(--ast-global-color-5)","background-image":"","background-repeat":"repeat","background-position":"center center","background-size":"auto","background-attachment":"scroll","background-type":"","background-media":"","overlay-type":"","overlay-color":"","overlay-opacity":"","overlay-gradient":""}},"footnotes":""},"categories":[38],"tags":[],"class_list":["post-2406","post","type-post","status-publish","format-standard","hentry","category-actualites-2023-2024"],"modified_by":"slecourtier","_links":{"self":[{"href":"https:\/\/snalc.org\/snalc2023\/index.php?rest_route=\/wp\/v2\/posts\/2406","targetHints":{"allow":["GET"]}}],"collection":[{"href":"https:\/\/snalc.org\/snalc2023\/index.php?rest_route=\/wp\/v2\/posts"}],"about":[{"href":"https:\/\/snalc.org\/snalc2023\/index.php?rest_route=\/wp\/v2\/types\/post"}],"author":[{"embeddable":true,"href":"https:\/\/snalc.org\/snalc2023\/index.php?rest_route=\/wp\/v2\/users\/1"}],"replies":[{"embeddable":true,"href":"https:\/\/snalc.org\/snalc2023\/index.php?rest_route=%2Fwp%2Fv2%2Fcomments&post=2406"}],"version-history":[{"count":1,"href":"https:\/\/snalc.org\/snalc2023\/index.php?rest_route=\/wp\/v2\/posts\/2406\/revisions"}],"predecessor-version":[{"id":2407,"href":"https:\/\/snalc.org\/snalc2023\/index.php?rest_route=\/wp\/v2\/posts\/2406\/revisions\/2407"}],"wp:attachment":[{"href":"https:\/\/snalc.org\/snalc2023\/index.php?rest_route=%2Fwp%2Fv2%2Fmedia&parent=2406"}],"wp:term":[{"taxonomy":"category","embeddable":true,"href":"https:\/\/snalc.org\/snalc2023\/index.php?rest_route=%2Fwp%2Fv2%2Fcategories&post=2406"},{"taxonomy":"post_tag","embeddable":true,"href":"https:\/\/snalc.org\/snalc2023\/index.php?rest_route=%2Fwp%2Fv2%2Ftags&post=2406"}],"curies":[{"name":"wp","href":"https:\/\/api.w.org\/{rel}","templated":true}]}}