{"id":2416,"date":"2023-12-06T07:41:17","date_gmt":"2023-12-06T06:41:17","guid":{"rendered":"https:\/\/snalc.org\/snalc2023\/?p=2416"},"modified":"2023-12-06T07:41:19","modified_gmt":"2023-12-06T06:41:19","slug":"vers-un-college-modulaire-le-projet-du-snalc-pour-le-college","status":"publish","type":"post","link":"https:\/\/snalc.org\/snalc2023\/?p=2416","title":{"rendered":"Vers un coll\u00e8ge modulaire : le projet du SNALC pour le coll\u00e8ge"},"content":{"rendered":"\n<figure class=\"wp-block-image\"><img decoding=\"async\" src=\"https:\/\/snalc.fr\/wp-content\/uploads\/Vers_un_college_modulaire.png\" alt=\"\" class=\"wp-image-34472\"\/><figcaption class=\"wp-element-caption\">\u00a9 iStock \u2010 Sneksy<\/figcaption><\/figure>\n\n\n\n<p>L\u2019id\u00e9e d\u2019un coll\u00e8ge modulaire n\u2019est pas nouvelle pour le SNALC. En avril 2013, notre secr\u00e9taire national charg\u00e9 de la p\u00e9dagogie, Jean-R\u00e9mi GIRARD \u2013 aujourd\u2019hui, pr\u00e9sident du SNALC \u2013 construisait ce projet dont l\u2019ambition \u00e9tait double&nbsp;: d\u2019une part mieux g\u00e9rer l\u2019h\u00e9t\u00e9rog\u00e9n\u00e9it\u00e9 qui \u00e9tait depuis longtemps l\u2019un des \u00e9cueils du coll\u00e8ge, d\u2019autre part renforcer la ma\u00eetrise des \u00e9l\u00e8ves dans des disciplines qui conditionnent lourdement la r\u00e9ussite scolaire, le fran\u00e7ais et les math\u00e9matiques \u2013 que l\u2019on ne nommait pas encore fondamentaux.<\/p>\n\n\n\n<p>\u00c0 cette \u00e9poque, le minist\u00e8re avait fait un choix diff\u00e9rent pour sa r\u00e9forme du coll\u00e8ge qui allait se concr\u00e9tiser en 2016, avec les r\u00e9sultats que l\u2019on conna\u00eet aujourd\u2019hui.<\/p>\n\n\n\n<p>L\u2019<a href=\"https:\/\/snalc.fr\/exigence-des-savoirs-la-contre-enquete-du-snalc\/\" target=\"_blank\" rel=\"noreferrer noopener\">enqu\u00eate<\/a> sur \u00ab&nbsp;l\u2019exigence des savoirs&nbsp;\u00bb, que le SNALC a men\u00e9e en novembre 2023, montre que l\u2019h\u00e9t\u00e9rog\u00e9n\u00e9it\u00e9 n\u2019a jamais \u00e9t\u00e9 aussi pr\u00e9gnante dans les classes, cr\u00e9ant un climat difficile \u00e0 g\u00e9rer. Les r\u00e9sultats des \u00e9l\u00e8ves dans les enqu\u00eates nationales et internationales montrent que notre institution ne parvient pas \u00e0 faire progresser pr\u00e8s d\u2019un quart de nos \u00e9l\u00e8ves.<\/p>\n\n\n\n<p>Pour le SNALC, cette situation n\u2019est pas acceptable. D\u2019aucuns diront que proposer des r\u00e9formes n\u2019est pas le travail d\u2019un syndicat, mais nous ne saurions nous contenter de demander \u00ab&nbsp;plus de moyens&nbsp;\u00bb sans proposer des changements profonds et n\u00e9cessaires. Bien s\u00fbr, la diminution des effectifs, la revalorisation des professeurs pour rendre notre m\u00e9tier plus attractif ou tout simplement parce que notre profession la m\u00e9rite compte tenu de son niveau d\u2019\u00e9tudes et de son degr\u00e9 d\u2019implication, sont des revendications du SNALC et des conditions sine qua non pour un meilleur syst\u00e8me scolaire. Mais si l\u2019on ne change pas de logiciel, les m\u00eames erreurs se reproduiront.<\/p>\n\n\n\n<p>Le SNALC propose&nbsp;donc des changements de programmes, une meilleure formation et un projet de coll\u00e8ge modulaire mis \u00e0 jour. Imagin\u00e9 par le SNALC, ce projet de coll\u00e8ge permettrait \u00e0 chacun d\u2019avancer \u00e0 son rythme, sans enfermer quiconque dans une orientation d\u00e9terministe et surtout en \u00e9vitant de laisser des \u00e9l\u00e8ves sur le bord du chemin, dans des classes trop charg\u00e9es et trop h\u00e9t\u00e9rog\u00e8nes. Et si pour une fois dans l\u2019\u00c9ducation nationale, r\u00e9forme rimait avec progr\u00e8s ?<\/p>\n\n\n\n<p><em>Cliquez sur l\u2019image pour t\u00e9l\u00e9charger la publication (PDF) :<\/em><\/p>\n\n\n\n<figure class=\"wp-block-image\"><img decoding=\"async\" src=\"https:\/\/snalc.fr\/wp-content\/uploads\/elementor\/thumbs\/Vers_un_college_modulaire-qgd9wduonxohp471ddk6jr2dolm2hrouuvwitbmin4.png\" alt=\"iStock \u2010 Sneksy\" title=\"Vers_un_college_modulaire\"\/><\/figure>\n\n\n\n<p><a href=\"https:\/\/snalc.fr\/wp-content\/uploads\/college-modulaire.pdf\"><\/a><\/p>\n\n\n\n<p><a href=\"mailto:pedagogie@snalc.fr\">Contact SNALC secteur P\u00e9dagogie<\/a><\/p>\n","protected":false},"excerpt":{"rendered":"<p>L\u2019id\u00e9e d\u2019un coll\u00e8ge modulaire n\u2019est pas nouvelle pour le SNALC. En avril 2013, notre secr\u00e9taire national charg\u00e9 de la p\u00e9dagogie, Jean-R\u00e9mi GIRARD \u2013 aujourd\u2019hui, pr\u00e9sident du SNALC \u2013 construisait ce [&hellip;]<\/p>\n","protected":false},"author":1,"featured_media":0,"comment_status":"closed","ping_status":"closed","sticky":false,"template":"","format":"standard","meta":{"_lmt_disableupdate":"","_lmt_disable":"","site-sidebar-layout":"default","site-content-layout":"","ast-site-content-layout":"default","site-content-style":"default","site-sidebar-style":"default","ast-global-header-display":"","ast-banner-title-visibility":"","ast-main-header-display":"","ast-hfb-above-header-display":"","ast-hfb-below-header-display":"","ast-hfb-mobile-header-display":"","site-post-title":"","ast-breadcrumbs-content":"","ast-featured-img":"","footer-sml-layout":"","ast-disable-related-posts":"","theme-transparent-header-meta":"","adv-header-id-meta":"","stick-header-meta":"","header-above-stick-meta":"","header-main-stick-meta":"","header-below-stick-meta":"","astra-migrate-meta-layouts":"set","ast-page-background-enabled":"default","ast-page-background-meta":{"desktop":{"background-color":"var(--ast-global-color-4)","background-image":"","background-repeat":"repeat","background-position":"center center","background-size":"auto","background-attachment":"scroll","background-type":"","background-media":"","overlay-type":"","overlay-color":"","overlay-opacity":"","overlay-gradient":""},"tablet":{"background-color":"","background-image":"","background-repeat":"repeat","background-position":"center center","background-size":"auto","background-attachment":"scroll","background-type":"","background-media":"","overlay-type":"","overlay-color":"","overlay-opacity":"","overlay-gradient":""},"mobile":{"background-color":"","background-image":"","background-repeat":"repeat","background-position":"center center","background-size":"auto","background-attachment":"scroll","background-type":"","background-media":"","overlay-type":"","overlay-color":"","overlay-opacity":"","overlay-gradient":""}},"ast-content-background-meta":{"desktop":{"background-color":"var(--ast-global-color-5)","background-image":"","background-repeat":"repeat","background-position":"center center","background-size":"auto","background-attachment":"scroll","background-type":"","background-media":"","overlay-type":"","overlay-color":"","overlay-opacity":"","overlay-gradient":""},"tablet":{"background-color":"var(--ast-global-color-5)","background-image":"","background-repeat":"repeat","background-position":"center center","background-size":"auto","background-attachment":"scroll","background-type":"","background-media":"","overlay-type":"","overlay-color":"","overlay-opacity":"","overlay-gradient":""},"mobile":{"background-color":"var(--ast-global-color-5)","background-image":"","background-repeat":"repeat","background-position":"center center","background-size":"auto","background-attachment":"scroll","background-type":"","background-media":"","overlay-type":"","overlay-color":"","overlay-opacity":"","overlay-gradient":""}},"footnotes":""},"categories":[38],"tags":[],"class_list":["post-2416","post","type-post","status-publish","format-standard","hentry","category-actualites-2023-2024"],"modified_by":"slecourtier","_links":{"self":[{"href":"https:\/\/snalc.org\/snalc2023\/index.php?rest_route=\/wp\/v2\/posts\/2416","targetHints":{"allow":["GET"]}}],"collection":[{"href":"https:\/\/snalc.org\/snalc2023\/index.php?rest_route=\/wp\/v2\/posts"}],"about":[{"href":"https:\/\/snalc.org\/snalc2023\/index.php?rest_route=\/wp\/v2\/types\/post"}],"author":[{"embeddable":true,"href":"https:\/\/snalc.org\/snalc2023\/index.php?rest_route=\/wp\/v2\/users\/1"}],"replies":[{"embeddable":true,"href":"https:\/\/snalc.org\/snalc2023\/index.php?rest_route=%2Fwp%2Fv2%2Fcomments&post=2416"}],"version-history":[{"count":1,"href":"https:\/\/snalc.org\/snalc2023\/index.php?rest_route=\/wp\/v2\/posts\/2416\/revisions"}],"predecessor-version":[{"id":2417,"href":"https:\/\/snalc.org\/snalc2023\/index.php?rest_route=\/wp\/v2\/posts\/2416\/revisions\/2417"}],"wp:attachment":[{"href":"https:\/\/snalc.org\/snalc2023\/index.php?rest_route=%2Fwp%2Fv2%2Fmedia&parent=2416"}],"wp:term":[{"taxonomy":"category","embeddable":true,"href":"https:\/\/snalc.org\/snalc2023\/index.php?rest_route=%2Fwp%2Fv2%2Fcategories&post=2416"},{"taxonomy":"post_tag","embeddable":true,"href":"https:\/\/snalc.org\/snalc2023\/index.php?rest_route=%2Fwp%2Fv2%2Ftags&post=2416"}],"curies":[{"name":"wp","href":"https:\/\/api.w.org\/{rel}","templated":true}]}}