{"id":2424,"date":"2023-12-09T13:33:30","date_gmt":"2023-12-09T12:33:30","guid":{"rendered":"https:\/\/snalc.org\/snalc2023\/?p=2424"},"modified":"2023-12-09T13:51:45","modified_gmt":"2023-12-09T12:51:45","slug":"lettre-dinformation-snalc-9-decembre-2023-pprofesseurs-de-lycee-professionnel","status":"publish","type":"post","link":"https:\/\/snalc.org\/snalc2023\/?p=2424","title":{"rendered":"Lettre d&rsquo;information SNALC &#8211;\u00a0\u00a09 d\u00e9cembre 2023 &#8211; Professeurs de lyc\u00e9e professionnel"},"content":{"rendered":"\n<p>Professeurs de lyc\u00e9e professionnel<\/p>\n\n\n\n<figure class=\"wp-block-table\"><table><tbody><tr><td><strong>Lettre d&rsquo;information SNALC &#8211;&nbsp;&nbsp;9 d\u00e9cembre 2023<\/strong><br>Professeurs de lyc\u00e9e professionnel<\/td><\/tr><\/tbody><\/table><\/figure>\n\n\n\n<figure class=\"wp-block-table\"><table><tbody><tr><td><img decoding=\"async\" src=\"https:\/\/syndicat-snalc.net\/AWURTSJ67\/editedimg_69d3980ac7.png\" alt=\"\"><\/td><\/tr><\/tbody><\/table><\/figure>\n\n\n\n<figure class=\"wp-block-table\"><table><tbody><tr><td>Syndicat national des lyc\u00e9es, coll\u00e8ges, \u00e9coles et du sup\u00e9rieur<\/td><\/tr><\/tbody><\/table><\/figure>\n\n\n\n<figure class=\"wp-block-table\"><table><tbody><tr><td><a href=\"https:\/\/oxiforms.com\/?MvIDe\" target=\"_blank\" rel=\"noreferrer noopener\">Nous contacter<\/a><br><br><br><\/td><\/tr><\/tbody><\/table><\/figure>\n\n\n\n<figure class=\"wp-block-table\"><table><tbody><tr><td>NON AU GRAND CHAMBOULE-TOUT DE LA R\u00c9FORME DES LYC\u00c9ES PROS<\/td><\/tr><\/tbody><\/table><\/figure>\n\n\n\n<figure class=\"wp-block-table\"><table><tbody><tr><td><img decoding=\"async\" src=\"https:\/\/syndicat-snalc.net\/AWURTSJ67\/QU1483_chambouletout_V2_opt_c7fcb7de8f.png\" alt=\"\"><\/td><\/tr><\/tbody><\/table><\/figure>\n\n\n\n<figure class=\"wp-block-table\"><table><tbody><tr><td><strong>Le SNALC dit non au grand chamboule-tout de la r\u00e9forme des lyc\u00e9es pros et appelle \u00e0 la mobilisation&nbsp;le 12 d\u00e9cembre 2023 avec l\u2019intersyndicale voie professionnelle<\/strong>. [<a href=\"https:\/\/snalc.fr\/non-au-grand-chamboule-tout-de-la-reforme-des-lycees-pros\/\" target=\"_blank\" rel=\"noreferrer noopener\">En savoir plus<\/a>]<\/td><\/tr><\/tbody><\/table><\/figure>\n\n\n\n<figure class=\"wp-block-table\"><table><tbody><tr><td><\/td><\/tr><\/tbody><\/table><\/figure>\n\n\n\n<figure class=\"wp-block-table\"><table><tbody><tr><td><img decoding=\"async\" src=\"https:\/\/syndicat-snalc.net\/AWURTSJ67\/Photo-micro-FB-studio2022_opt_99d06a1e4a.jpg\" alt=\"\"><a href=\"https:\/\/snalc.fr\/francebleu-annonces-de-gabriel-attal-pour-lecole-le-snalc-interpelle-carole-grandjean\/\" target=\"_blank\" rel=\"noreferrer noopener\">Le SNALC interpelle Carole Grandjean sur le plateau de France bleu<\/a><\/td><\/tr><\/tbody><\/table><\/figure>\n\n\n\n<figure class=\"wp-block-table\"><table><tbody><tr><td><em>Le 6 d\u00e9cembre 2023, Jean-R\u00e9mi Girard, pr\u00e9sident du SNALC, est l&rsquo;invit\u00e9 de Wendy Bouchard dans l&rsquo;\u00e9mission \u00ab\u00a0Ma France\u00a0\u00bb, avec la ministre d\u00e9l\u00e9gu\u00e9e \u00e0 l\u2019enseignement Carole Grandjean.<\/em><br><strong>Extrait de l&rsquo;\u00e9mission&nbsp;:<\/strong><img decoding=\"async\" src=\"https:\/\/snalc.fr\/wp-content\/uploads\/SNALC-congres-Strasbourg-mai-2023-Photo-Philippe-Sautier-3-e1686317689865.jpg\" alt=\"\"><\/td><\/tr><\/tbody><\/table><\/figure>\n\n\n\n<figure class=\"wp-block-table\"><table><tbody><tr><td>\u00ab\u00a0Un mot quand m\u00eame pour dire qu\u2019on est tout \u00e0 fait d\u2019accord pour restaurer cette autorit\u00e9 de l\u2019enseignant.<br>On aimerait aussi qu\u2019on respecte l\u2019analyse des enseignants et de leurs organisations repr\u00e9sentatives. La r\u00e9forme du lyc\u00e9e professionnel port\u00e9e par Carole Grandjean, c\u2019est quand m\u00eame plus de 200 heures de cours en moins pour les \u00e9l\u00e8ves de lyc\u00e9e professionnel sur l\u2019ensemble de leur scolarit\u00e9.<br>On a du mal \u00e0 comprendre en quoi on est dans un choc des savoirs et dans une exigence des savoirs avec moins de cours et plus de temps en entreprise. C\u2019est pour \u00e7a que toutes les organisations syndicales sont oppos\u00e9es \u00e0 cette r\u00e9forme et qu\u2019il faudrait peut-\u00eatre revenir dessus.<br>Si on veut un choc des savoirs, il faut peut-\u00eatre aussi \u00e9couter les repr\u00e9sentants des enseignants sur ce point-l\u00e0.\u00a0\u00bb<\/td><\/tr><\/tbody><\/table><\/figure>\n\n\n\n<figure class=\"wp-block-table\"><table><tbody><tr><td>NB&nbsp;: Le Minist\u00e8re a publi\u00e9, le soir m\u00eame, un nouveau projet avec -170 h de cours dont -30 h en 2de et -42 h en 1re. Faire le choix de renforcer les enseignements fondamentaux en terminale&nbsp;: le Minist\u00e8re aurait-il perdu le sens de l\u2019adjectif \u00ab\u00a0fondamental\u00a0\u00bb&nbsp;? (Cf <a href=\"https:\/\/snalc.fr\/wp-content\/uploads\/BacPro_GrilleHoraireModif_20231206.pdf\" target=\"_blank\" rel=\"noreferrer noopener\">grille horaire Bac Pro projet minist\u00e9riel<\/a> du 06 d\u00e9cembre 2023).<\/td><\/tr><\/tbody><\/table><\/figure>\n\n\n\n<figure class=\"wp-block-table\"><table><tbody><tr><td><img decoding=\"async\" src=\"https:\/\/syndicat-snalc.net\/AWURTSJ67\/sortir_istock_Nikada-109718033_opt_2b1ba071a2.png\" alt=\"\"><strong>R\u00e9forme des LP&nbsp;: les syndicats et la FCPE claquent la porte de la CSL<\/strong><strong><br><\/strong>Alors que les \u00e9preuves professionnelles repr\u00e9sentent de gros coefficients pour l\u2019obtention du dipl\u00f4me, 85 heures d\u2019enseignement professionnel seraient supprim\u00e9es en terminale. <strong>[<\/strong><a href=\"https:\/\/snalc.fr\/reforme-des-lp-les-syndicats-et-la-fcpe-claquent-la-porte-de-la-csl\/\" target=\"_blank\" rel=\"noreferrer noopener\"><strong>Lire la suite<\/strong><\/a><strong>]<\/strong><\/td><\/tr><\/tbody><\/table><\/figure>\n\n\n\n<figure class=\"wp-block-table\"><table><tbody><tr><td><img decoding=\"async\" src=\"https:\/\/snalc.fr\/wp-content\/uploads\/savoirs_istock_porcorex-1206068719.jpg\" alt=\"\"><strong>Exigence des savoirs&nbsp;: la contre-enqu\u00eate du SNALC<\/strong><strong><br><\/strong>Dans le cadre de la mission \u201d Exigence des savoirs \u201d mise en place par le Ministre de l\u2019Education nationale, les personnels ont \u00e9t\u00e9 consult\u00e9s via une grande enqu\u00eate dans laquelle le SNALC a vu un nombre important de biais. Le SNALC a donc d\u00e9cid\u00e9 de construire sa propre enqu\u00eate. <strong>[<\/strong><a href=\"https:\/\/snalc.fr\/exigence-des-savoirs-la-contre-enquete-du-snalc-partie-3-lp\/\" target=\"_blank\" rel=\"noreferrer noopener\"><strong>Lire la suite<\/strong><\/a><strong>]<\/strong><\/td><\/tr><\/tbody><\/table><\/figure>\n\n\n\n<figure class=\"wp-block-table\"><table><tbody><tr><td><img decoding=\"async\" src=\"https:\/\/syndicat-snalc.net\/AWURTSJ67\/reunion_freepik.com_master1305_opt_716a9bbdde.jpg\" alt=\"\"><strong>R\u00e9forme des LP&nbsp;: le SNALC re\u00e7u par la conseill\u00e8re sociale du ministre<\/strong><strong><br><\/strong>Compte rendu du SNALC. L&rsquo;essentiel&nbsp;: \u00c9volution de la carte des formations. Mise en place d\u2019un parcours diff\u00e9renci\u00e9 en terminale et les modalit\u00e9s de l\u2019enseignement du fran\u00e7ais et des math\u00e9matiques, au nom du choc des savoirs fondamentaux pr\u00f4n\u00e9 par le Ministre&#8230; <strong>[<\/strong><a href=\"https:\/\/snalc.fr\/reforme-des-lycees-professionnels-le-snalc-recu-par-la-conseillere-sociale-du-ministre\/\" target=\"_blank\" rel=\"noreferrer noopener\"><strong>Lire la suite<\/strong><\/a><strong>]<\/strong><\/td><\/tr><\/tbody><\/table><\/figure>\n\n\n\n<figure class=\"wp-block-table\"><table><tbody><tr><td><img decoding=\"async\" src=\"https:\/\/syndicat-snalc.net\/AWURTSJ67\/temps_freepik.com_borjandreu_opt_091d3fbe28.jpg\" alt=\"\"><strong>T<sup>ale<\/sup> et grille horaire Bac pro&nbsp;: encore moins d\u2019\u00e9cole et de PLP<\/strong><strong><br><\/strong>Refonte grille horaire Bac Pro rentr\u00e9e 2024 pour l\u2019introduction de 6 semaines de parcours diff\u00e9renci\u00e9 en terminale avec un nouveau calendrier examen. Cr\u00e9ation de deux EDT \u00e9l\u00e8ves et enseignants pour l\u2019ann\u00e9e de terminale&nbsp;: tronc commun et parcours diff\u00e9renci\u00e9. Perte de 60 heures en 2de et 56 heures en 1\u00e8re de cours<strong>.[<\/strong><a href=\"https:\/\/snalc.fr\/terminale-et-grille-horaire-bac-pro-encore-moins-decole-et-de-plp\/\" target=\"_blank\" rel=\"noreferrer noopener\"><strong>Lire la suite<\/strong><\/a><strong>]<\/strong><\/td><\/tr><\/tbody><\/table><\/figure>\n\n\n\n<figure class=\"wp-block-table\"><table><tbody><tr><td><img decoding=\"async\" src=\"https:\/\/snalc.fr\/wp-content\/uploads\/casse_istock_malerapaso-1178696200.jpg\" alt=\"\"><strong>Une r\u00e9forme des lyc\u00e9es pros terminable<br><\/strong><br>Le SNALC rejette les annonces faites \u00e0 la presse par la ministre Carole Grandjean sur l\u2019organisation de la terminale professionnelle. Sur le fond, le minist\u00e8re d\u00e9tourne un grand nombre d\u2019heures de cours pour r\u00e9pondre \u00e0 une commande pr\u00e9sidentielle&nbsp;: augmenter le nombre de semaines de stages, alors que nos \u00e9l\u00e8ves ont besoin d\u2019\u00c9cole. Cela se fait contre l\u2019avis majoritaire de la profession.<strong> [<\/strong><a href=\"https:\/\/snalc.fr\/une-reforme-des-lycees-pros-terminable\/\" target=\"_blank\" rel=\"noreferrer noopener\"><strong>Lire la suite<\/strong><\/a><strong>]<\/strong><\/td><\/tr><\/tbody><\/table><\/figure>\n\n\n\n<figure class=\"wp-block-table\"><table><tbody><tr><td><img decoding=\"async\" src=\"https:\/\/syndicat-snalc.net\/AWURTSJ67\/media_iStock_waltkowalski_opt_5121d11f2b.jpg\" alt=\"\"><strong>R\u00e9forme des LP&nbsp;: conf\u00e9rence de presse et mobilisation le 12 d\u00e9cembre<br><\/strong><br>Pour stopper le d\u00e9mant\u00e8lement organis\u00e9 de nos lyc\u00e9es pros et contre la d\u00e9gradation de la classe de terminale nos organisations m\u00e8neront le combat en intersyndicale. L\u2019intersyndicale voie pro&nbsp;appelle tous les personnels \u00e0 pr\u00e9parer et r\u00e9ussir une mobilisation d\u2019ampleur le mardi 12 d\u00e9cembre pour exiger le retrait de cette r\u00e9forme des lyc\u00e9es pros.<strong> [<\/strong><a href=\"https:\/\/snalc.fr\/reforme-des-lp-conference-de-presse\/\" target=\"_blank\" rel=\"noreferrer noopener\"><strong>Lire la suite<\/strong><\/a><strong>]<\/strong><\/td><\/tr><\/tbody><\/table><\/figure>\n\n\n\n<figure class=\"wp-block-table\"><table><tbody><tr><td><img decoding=\"async\" src=\"https:\/\/snalc.fr\/wp-content\/uploads\/EPS_menage_istock_SrdjanPav-1131990243.jpg\" alt=\"\"><strong>L\u2019EPS&nbsp;: bonne \u00e0 tout faire&nbsp;?<br><\/strong><br>Un (\u00e9ni\u00e8me) projet de r\u00e9forme des LP pr\u00e9voit que les \u00e9l\u00e8ves de Terminale Bac Pro qui se destineraient au sup\u00e9rieur pourront passer par une p\u00e9riode de 6 semaines en fin d\u2019ann\u00e9e de \u00abpr\u00e9paration \u00e0 la poursuite d\u2019\u00e9tudes\u00bb.&nbsp;<strong>[<\/strong><a href=\"https:\/\/snalc.fr\/leps-bonne-a-tout-faire\/\" target=\"_blank\" rel=\"noreferrer noopener\"><strong>Lire la suite<\/strong><\/a><strong>]<\/strong><\/td><\/tr><\/tbody><\/table><\/figure>\n\n\n\n<figure class=\"wp-block-table\"><table><tbody><tr><td>L&rsquo;ADH\u00c9SION AU SNALC<\/td><\/tr><\/tbody><\/table><\/figure>\n\n\n\n<figure class=\"wp-block-table\"><table><tbody><tr><td>90 \u20ac pour un an<\/td><\/tr><\/tbody><\/table><\/figure>\n\n\n\n<figure class=\"wp-block-table\"><table><tbody><tr><td><strong>LE SNALC EST LE SYNDICAT REPR\u00c9SENTATIF<\/strong><strong>LE MOINS CHER DE L\u2019\u00c9DUCATION NATIONALE<\/strong><strong>Nos salaires sont trop bas. Le point d\u2019indice est gel\u00e9.<\/strong><strong>Logiquement, le SNALC n\u2019augmente pas ses tarifs pour la 13\u00e8me ann\u00e9e cons\u00e9cutive.<\/strong><strong>Et mieux encore&nbsp;: le SNALC baisse ses tarifs dans la plupart des cat\u00e9gories&nbsp;!<\/strong><a href=\"https:\/\/snalc.fr\/wp-content\/uploads\/tarifs.pdf\" target=\"_blank\" rel=\"noreferrer noopener\">Consulter les tarifs et r\u00e9ductions<\/a><br><strong>CHOISISSEZ LIBREMENT VOTRE MOYEN DE PAIEMENT, RAPIDE ET S\u00c9CURIS\u00c9<\/strong><\/td><\/tr><\/tbody><\/table><\/figure>\n\n\n\n<figure class=\"wp-block-table\"><table><tbody><tr><td><img decoding=\"async\" src=\"http:\/\/syndicat-snalc.net\/AWURTSJ67\/editedimg_361b042f34.jpg\" alt=\"\"><a href=\"https:\/\/snalc.fr\/adhesion-carte\/\" target=\"_blank\" rel=\"noreferrer noopener\">carte bancaire<\/a><img decoding=\"async\" src=\"http:\/\/syndicat-snalc.net\/AWURTSJ67\/adhesion_prelevements_0703b426ca.JPG\" alt=\"\"><a href=\"https:\/\/snalc.fr\/adhesion\/\" target=\"_blank\" rel=\"noreferrer noopener\">pr\u00e9l\u00e8vements mensuels<\/a><img decoding=\"async\" src=\"https:\/\/syndicat-snalc.net\/AWURTSJ67\/editedimg_c6a21d792d.png\" alt=\"\"><a href=\"https:\/\/snalc.fr\/adhesion-virement\/\" target=\"_blank\" rel=\"noreferrer noopener\">virement<\/a><img decoding=\"async\" src=\"http:\/\/syndicat-snalc.net\/AWURTSJ67\/adhesion_cheque_699976dc59.JPG\" alt=\"\"><a href=\"https:\/\/snalc.fr\/adhesion-cheque\/\" target=\"_blank\" rel=\"noreferrer noopener\">ch\u00e8que<\/a><\/td><\/tr><\/tbody><\/table><\/figure>\n\n\n\n<figure class=\"wp-block-table\"><table><tbody><tr><td><strong>L&rsquo;adh\u00e9sion comprend<\/strong>&nbsp;: <a href=\"https:\/\/snalc.fr\/gmf-protection-juridique\/\" target=\"_blank\" rel=\"noreferrer noopener\">l&rsquo;assistance et la protection<\/a> juridiques p\u00e9nales aupr\u00e8s de la GMF (agressions, diffamation&#8230;) ;&nbsp;le dispositif exclusif d&rsquo;accompagnement et d&rsquo;aide \u00e0 la mobilit\u00e9&nbsp;: <a href=\"https:\/\/snalc.fr\/mobi-snalc-presentation-et-acces\/\" target=\"_blank\" rel=\"noreferrer noopener\">mobi-SNALC<\/a>&nbsp;; et des tarifs n\u00e9goci\u00e9s aupr\u00e8s de nombreux partenaires&nbsp;: <a href=\"https:\/\/snalc.fr\/avantages-snalc\/\" target=\"_blank\" rel=\"noreferrer noopener\">avantages-SNALC<\/a>.<\/td><\/tr><\/tbody><\/table><\/figure>\n\n\n\n<figure class=\"wp-block-table\"><table><tbody><tr><td><a href=\"https:\/\/snalc.fr\/contact\/\" target=\"_blank\" rel=\"noreferrer noopener\">Toutes nos coordonn\u00e9es<\/a><\/td><\/tr><\/tbody><\/table><\/figure>\n","protected":false},"excerpt":{"rendered":"<p>Professeurs de lyc\u00e9e professionnel Lettre d&rsquo;information SNALC &#8211;&nbsp;&nbsp;9 d\u00e9cembre 2023Professeurs de lyc\u00e9e professionnel Syndicat national des lyc\u00e9es, coll\u00e8ges, \u00e9coles et du sup\u00e9rieur Nous contacter NON AU GRAND CHAMBOULE-TOUT DE LA [&hellip;]<\/p>\n","protected":false},"author":1,"featured_media":0,"comment_status":"closed","ping_status":"closed","sticky":false,"template":"","format":"standard","meta":{"_lmt_disableupdate":"no","_lmt_disable":"","site-sidebar-layout":"default","site-content-layout":"","ast-site-content-layout":"default","site-content-style":"default","site-sidebar-style":"default","ast-global-header-display":"","ast-banner-title-visibility":"","ast-main-header-display":"","ast-hfb-above-header-display":"","ast-hfb-below-header-display":"","ast-hfb-mobile-header-display":"","site-post-title":"","ast-breadcrumbs-content":"","ast-featured-img":"","footer-sml-layout":"","ast-disable-related-posts":"","theme-transparent-header-meta":"","adv-header-id-meta":"","stick-header-meta":"","header-above-stick-meta":"","header-main-stick-meta":"","header-below-stick-meta":"","astra-migrate-meta-layouts":"set","ast-page-background-enabled":"default","ast-page-background-meta":{"desktop":{"background-color":"var(--ast-global-color-4)","background-image":"","background-repeat":"repeat","background-position":"center center","background-size":"auto","background-attachment":"scroll","background-type":"","background-media":"","overlay-type":"","overlay-color":"","overlay-opacity":"","overlay-gradient":""},"tablet":{"background-color":"","background-image":"","background-repeat":"repeat","background-position":"center center","background-size":"auto","background-attachment":"scroll","background-type":"","background-media":"","overlay-type":"","overlay-color":"","overlay-opacity":"","overlay-gradient":""},"mobile":{"background-color":"","background-image":"","background-repeat":"repeat","background-position":"center center","background-size":"auto","background-attachment":"scroll","background-type":"","background-media":"","overlay-type":"","overlay-color":"","overlay-opacity":"","overlay-gradient":""}},"ast-content-background-meta":{"desktop":{"background-color":"var(--ast-global-color-5)","background-image":"","background-repeat":"repeat","background-position":"center center","background-size":"auto","background-attachment":"scroll","background-type":"","background-media":"","overlay-type":"","overlay-color":"","overlay-opacity":"","overlay-gradient":""},"tablet":{"background-color":"var(--ast-global-color-5)","background-image":"","background-repeat":"repeat","background-position":"center center","background-size":"auto","background-attachment":"scroll","background-type":"","background-media":"","overlay-type":"","overlay-color":"","overlay-opacity":"","overlay-gradient":""},"mobile":{"background-color":"var(--ast-global-color-5)","background-image":"","background-repeat":"repeat","background-position":"center center","background-size":"auto","background-attachment":"scroll","background-type":"","background-media":"","overlay-type":"","overlay-color":"","overlay-opacity":"","overlay-gradient":""}},"footnotes":""},"categories":[38],"tags":[],"class_list":["post-2424","post","type-post","status-publish","format-standard","hentry","category-actualites-2023-2024"],"modified_by":"slecourtier","_links":{"self":[{"href":"https:\/\/snalc.org\/snalc2023\/index.php?rest_route=\/wp\/v2\/posts\/2424","targetHints":{"allow":["GET"]}}],"collection":[{"href":"https:\/\/snalc.org\/snalc2023\/index.php?rest_route=\/wp\/v2\/posts"}],"about":[{"href":"https:\/\/snalc.org\/snalc2023\/index.php?rest_route=\/wp\/v2\/types\/post"}],"author":[{"embeddable":true,"href":"https:\/\/snalc.org\/snalc2023\/index.php?rest_route=\/wp\/v2\/users\/1"}],"replies":[{"embeddable":true,"href":"https:\/\/snalc.org\/snalc2023\/index.php?rest_route=%2Fwp%2Fv2%2Fcomments&post=2424"}],"version-history":[{"count":2,"href":"https:\/\/snalc.org\/snalc2023\/index.php?rest_route=\/wp\/v2\/posts\/2424\/revisions"}],"predecessor-version":[{"id":2426,"href":"https:\/\/snalc.org\/snalc2023\/index.php?rest_route=\/wp\/v2\/posts\/2424\/revisions\/2426"}],"wp:attachment":[{"href":"https:\/\/snalc.org\/snalc2023\/index.php?rest_route=%2Fwp%2Fv2%2Fmedia&parent=2424"}],"wp:term":[{"taxonomy":"category","embeddable":true,"href":"https:\/\/snalc.org\/snalc2023\/index.php?rest_route=%2Fwp%2Fv2%2Fcategories&post=2424"},{"taxonomy":"post_tag","embeddable":true,"href":"https:\/\/snalc.org\/snalc2023\/index.php?rest_route=%2Fwp%2Fv2%2Ftags&post=2424"}],"curies":[{"name":"wp","href":"https:\/\/api.w.org\/{rel}","templated":true}]}}