{"id":2431,"date":"2023-12-09T14:23:00","date_gmt":"2023-12-09T13:23:00","guid":{"rendered":"https:\/\/snalc.org\/snalc2023\/?p=2431"},"modified":"2023-12-09T14:23:05","modified_gmt":"2023-12-09T13:23:05","slug":"quinzaine-universitaire-n1483","status":"publish","type":"post","link":"https:\/\/snalc.org\/snalc2023\/?p=2431","title":{"rendered":"QUINZAINE UNIVERSITAIRE n\u00b01483"},"content":{"rendered":"\n<ul class=\"wp-block-list\">\n<li><a href=\"https:\/\/snalc.fr\/category\/actualites\/\"><\/a><\/li>\n<\/ul>\n\n\n\n<figure class=\"wp-block-image\"><img decoding=\"async\" src=\"https:\/\/snalc.fr\/wp-content\/uploads\/QU1483.jpg\" alt=\"\" class=\"wp-image-34890\"\/><\/figure>\n\n\n\n<p><strong>\u00c9DITO :&nbsp;<\/strong><a href=\"https:\/\/snalc.fr\/soyons-exigeants\/\"><strong>SOYONS EXIGEANTS<\/strong><\/a><\/p>\n\n\n\n<p>Alors que la derni\u00e8re enqu\u00eate PISA confirme la crise de notre syst\u00e8me \u00e9ducatif et que le ministre vient de faire de nombreuses annonces suite \u00e0 sa mission \u00ab exigence des savoirs \u00bb, est-on enfin en train de mettre la transmission des savoirs au premier plan ? Notre minist\u00e8re s\u2019\u00e9tait surtout complu ces derni\u00e8res ann\u00e9es dans le tout comp\u00e9tences, et nettement moins dans le domaine de l\u2019exigence. Pensons \u00e0 l\u2019abandon quasi d\u00e9finitif du redoublement sans qu\u2019aucune alternative ait \u00e9t\u00e9 mise en place, par exemple. Non pas que le redoublement soit la panac\u00e9e, mais le passage automatique de classe en classe sur le grand tapis roulant du syst\u00e8me, et ce, quel que soit le niveau de l\u2019\u00e9l\u00e8ve, l\u2019est encore moins. De ce point de vue, rendre le pouvoir de d\u00e9cision aux professionnels que nous sommes est un signal positif, bien au-del\u00e0 du d\u00e9bat sur l\u2019utilit\u00e9 ou non du redoublement. [<a href=\"https:\/\/snalc.fr\/soyons-exigeants\/\"><strong>Lire la suite<\/strong><\/a>]<\/p>\n\n\n\n<p><strong>DOSSIER DU MOIS :&nbsp;<\/strong><\/p>\n\n\n\n<p><a href=\"https:\/\/snalc.fr\/exigence-des-savoirs-la-contre-enquete-du-snalc\/\" target=\"_blank\" rel=\"noreferrer noopener\"><strong>EXIGENCE DES SAVOIRS : LA CONTRE-ENQU\u00caTE DU SNALC<\/strong><\/a><\/p>\n\n\n\n<ul class=\"wp-block-list\">\n<li><em>Les r\u00e9sultats et l\u2019analyse par niveau d\u2019enseignement :<\/em>\n<ul class=\"wp-block-list\">\n<li><em>\u00e9cole<\/em><\/li>\n\n\n\n<li><em>coll\u00e8ge<\/em><\/li>\n\n\n\n<li><em>lyc\u00e9e professionnel<\/em><\/li>\n\n\n\n<li><em>lyc\u00e9e g\u00e9n\u00e9ral et technologique<\/em><\/li>\n<\/ul>\n<\/li>\n<\/ul>\n\n\n\n<ul class=\"wp-block-list\">\n<li><em>Synth\u00e8se des propositions du SNALC<\/em><\/li>\n<\/ul>\n\n\n\n<p><strong>SYST\u00c8ME \u00c9DUCATIF<\/strong><\/p>\n\n\n\n<ul class=\"wp-block-list\">\n<li><a href=\"https:\/\/snalc.fr\/college-modulaire\/\">Vers un coll\u00e8ge modulaire ?<\/a><\/li>\n\n\n\n<li><a href=\"https:\/\/snalc.fr\/savoirs-oui-soyons-exigeants\/\">Savoirs : oui, soyons exigeants<\/a><\/li>\n\n\n\n<li><a href=\"https:\/\/snalc.fr\/non-au-grand-chamboule-tout-de-la-reforme-des-lycees-pros\/\">Non au grand chamboule-tout de la r\u00e9forme des lyc\u00e9es pros<\/a><\/li>\n\n\n\n<li><a href=\"https:\/\/snalc.fr\/sujets-de-francais-et-histoire-geo-en-lp-a-quel-jeu-joue-le-ministere\/\">Sujets de fran\u00e7ais et histoire-g\u00e9o en LP : \u00e0 quoi joue le minist\u00e8re ?<\/a><\/li>\n\n\n\n<li><a href=\"https:\/\/snalc.fr\/leps-fabrique-de-champions\/\">L\u2019EPS, fabrique de champions ?<\/a><\/li>\n\n\n\n<li><a href=\"https:\/\/snalc.fr\/cyberharcelement-peut-on-vraiment-eduquer-aux-reseaux-sociaux\/\">Cyberharc\u00e8lement : peut-on vraiment \u00e9duquer aux r\u00e9seaux sociaux ?<\/a><\/li>\n<\/ul>\n\n\n\n<p><strong>CONDITIONS DE TRAVAIL<\/strong><\/p>\n\n\n\n<ul class=\"wp-block-list\">\n<li><a href=\"https:\/\/snalc.fr\/pour-proteger-lecole-la-resistance-doit-sorganiser\/\">Pour prot\u00e9ger l\u2019\u00e9cole, la \u00ab r\u00e9sistance \u00bb doit s\u2019organiser !<\/a><\/li>\n\n\n\n<li><a href=\"https:\/\/snalc.fr\/harcelement-un-timide-pas-en-avant\/\">Harc\u00e8lement, un timide pas en avant<\/a><\/li>\n<\/ul>\n\n\n\n<p><strong>LES PERSONNELS<\/strong><\/p>\n\n\n\n<ul class=\"wp-block-list\">\n<li><a href=\"https:\/\/snalc.fr\/mise-en-place-du-plan-annuel-de-rcd-lillusion-du-pilotage-par-le-chiffre\/\">Mise en place du \u00ab plan annuel de remplacement de courte dur\u00e9e \u00bb, l\u2019illusion du pilotage par le chiffre<\/a><\/li>\n\n\n\n<li><a href=\"https:\/\/snalc.fr\/instauration-dune-indemnite-de-residence-en-haute-savoie-et-dans-le-pays-de-gex\/\">Instauration d\u2019une indemnit\u00e9 de r\u00e9sidence en Haute-Savoie et dans le pays de Gex<\/a><\/li>\n\n\n\n<li><a href=\"https:\/\/snalc.fr\/classe-exceptionnelle-des-enseignants-nouvelles-dispositions\/\">Acc\u00e8s au grade de classe exceptionnelle des enseignants : nouvelles dispositions<\/a><\/li>\n\n\n\n<li><a href=\"https:\/\/snalc.fr\/classe-exceptionnelle-des-enseignants-nouvelles-dispositions\/#pyramidage\">Pyramidage des corps : le rapport \u00ab pro\/pro \u00bb comme puissant levier<\/a><\/li>\n\n\n\n<li><a href=\"https:\/\/snalc.fr\/lignes-directrices-de-gestion-2024-2026-ce-a-quoi-vous-avez-echappe-grace-au-snalc\/\">Lignes directrices de gestion 2024-2026 : ce \u00e0 quoi vous avez \u00e9chapp\u00e9 gr\u00e2ce au SNALC<\/a><\/li>\n\n\n\n<li><a href=\"https:\/\/snalc.fr\/pauvres-personnels-sociaux-du-men\/\">Pauvres personnels sociaux du minist\u00e8re de l\u2019\u00c9ducation nationale<\/a><\/li>\n\n\n\n<li><a href=\"https:\/\/snalc.fr\/contractuels-des-avancees-majeures-en-matiere-de-prevoyance\/\">Contractuels : des avanc\u00e9es majeures en mati\u00e8re de pr\u00e9voyance<\/a><\/li>\n\n\n\n<li><a href=\"https:\/\/snalc.fr\/wp-content\/uploads\/QU1483_NLOP.jpg\">Ne l\u2019oubliez pas<\/a><\/li>\n\n\n\n<li><a href=\"https:\/\/snalc.fr\/retraite-progressive-ce-nest-pas-gagne\/\">Retraite progressive : ce n\u2019est pas gagn\u00e9\u2026<\/a><\/li>\n\n\n\n<li><a href=\"https:\/\/snalc.fr\/les-allocations-iufm-enfin-prises-en-compte-pour-la-retraite\/\">Les allocations I.U.F.M enfin prises en compte pour la retraite<\/a><\/li>\n<\/ul>\n\n\n\n<p><a href=\"https:\/\/snalc.fr\/wp-content\/uploads\/QU1483.pdf\">T\u00e9l\u00e9charger la revue en PDF<\/a><\/p>\n\n\n\n<figure class=\"wp-block-image\"><img decoding=\"async\" src=\"https:\/\/snalc.fr\/wp-content\/uploads\/QU1483-1D-723x1024.jpg\" alt=\"\" class=\"wp-image-34891\"\/><\/figure>\n\n\n\n<p><em><strong>Afin d\u2019\u00eatre au plus pr\u00e8s de vos attentes <\/strong><strong>et de vous informer au mieux, la revue du SNALC a <\/strong><strong>\u00e9volu\u00e9 d\u00e8s cette rentr\u00e9e, avec d\u00e9sormais <\/strong><strong>deux num\u00e9ros mensuels au lieu d\u2019un : <\/strong><strong>l\u2019un centr\u00e9 sur le second degr\u00e9 et le sup\u00e9rieur, <\/strong><strong>et le second sur les probl\u00e9matiques <\/strong><strong>sp\u00e9cifiques de l\u2019\u00e9cole primaire.<\/strong><\/em><\/p>\n\n\n\n<p><a href=\"https:\/\/snalc.fr\/quinzaine-universitaire-n1483-1D\/\">D\u00e9couvrir la revue Premier degr\u00e9<\/a><\/p>\n\n\n\n<figure class=\"wp-block-embed\"><div class=\"wp-block-embed__wrapper\">\nhttps:\/\/v.calameo.com\/?bkcode=0068374584129dc1083a1&#038;mode=mini&#038;showsharemenu=false&#038;clickto=view&#038;clicktarget=_self\n<\/div><\/figure>\n\n\n\n<p><a href=\"https:\/\/snalc.fr\/contact\/\" target=\"_blank\" rel=\"noreferrer noopener\">Nous \u00e9crire<\/a><\/p>\n","protected":false},"excerpt":{"rendered":"<p>\u00c9DITO :&nbsp;SOYONS EXIGEANTS Alors que la derni\u00e8re enqu\u00eate PISA confirme la crise de notre syst\u00e8me \u00e9ducatif et que le ministre vient de faire de nombreuses annonces suite \u00e0 sa mission [&hellip;]<\/p>\n","protected":false},"author":1,"featured_media":0,"comment_status":"closed","ping_status":"closed","sticky":false,"template":"","format":"standard","meta":{"_lmt_disableupdate":"","_lmt_disable":"","site-sidebar-layout":"default","site-content-layout":"","ast-site-content-layout":"default","site-content-style":"default","site-sidebar-style":"default","ast-global-header-display":"","ast-banner-title-visibility":"","ast-main-header-display":"","ast-hfb-above-header-display":"","ast-hfb-below-header-display":"","ast-hfb-mobile-header-display":"","site-post-title":"","ast-breadcrumbs-content":"","ast-featured-img":"","footer-sml-layout":"","ast-disable-related-posts":"","theme-transparent-header-meta":"","adv-header-id-meta":"","stick-header-meta":"","header-above-stick-meta":"","header-main-stick-meta":"","header-below-stick-meta":"","astra-migrate-meta-layouts":"set","ast-page-background-enabled":"default","ast-page-background-meta":{"desktop":{"background-color":"var(--ast-global-color-4)","background-image":"","background-repeat":"repeat","background-position":"center center","background-size":"auto","background-attachment":"scroll","background-type":"","background-media":"","overlay-type":"","overlay-color":"","overlay-opacity":"","overlay-gradient":""},"tablet":{"background-color":"","background-image":"","background-repeat":"repeat","background-position":"center center","background-size":"auto","background-attachment":"scroll","background-type":"","background-media":"","overlay-type":"","overlay-color":"","overlay-opacity":"","overlay-gradient":""},"mobile":{"background-color":"","background-image":"","background-repeat":"repeat","background-position":"center center","background-size":"auto","background-attachment":"scroll","background-type":"","background-media":"","overlay-type":"","overlay-color":"","overlay-opacity":"","overlay-gradient":""}},"ast-content-background-meta":{"desktop":{"background-color":"var(--ast-global-color-5)","background-image":"","background-repeat":"repeat","background-position":"center center","background-size":"auto","background-attachment":"scroll","background-type":"","background-media":"","overlay-type":"","overlay-color":"","overlay-opacity":"","overlay-gradient":""},"tablet":{"background-color":"var(--ast-global-color-5)","background-image":"","background-repeat":"repeat","background-position":"center center","background-size":"auto","background-attachment":"scroll","background-type":"","background-media":"","overlay-type":"","overlay-color":"","overlay-opacity":"","overlay-gradient":""},"mobile":{"background-color":"var(--ast-global-color-5)","background-image":"","background-repeat":"repeat","background-position":"center center","background-size":"auto","background-attachment":"scroll","background-type":"","background-media":"","overlay-type":"","overlay-color":"","overlay-opacity":"","overlay-gradient":""}},"footnotes":""},"categories":[38,37],"tags":[],"class_list":["post-2431","post","type-post","status-publish","format-standard","hentry","category-actualites-2023-2024","category-qu"],"modified_by":"slecourtier","_links":{"self":[{"href":"https:\/\/snalc.org\/snalc2023\/index.php?rest_route=\/wp\/v2\/posts\/2431","targetHints":{"allow":["GET"]}}],"collection":[{"href":"https:\/\/snalc.org\/snalc2023\/index.php?rest_route=\/wp\/v2\/posts"}],"about":[{"href":"https:\/\/snalc.org\/snalc2023\/index.php?rest_route=\/wp\/v2\/types\/post"}],"author":[{"embeddable":true,"href":"https:\/\/snalc.org\/snalc2023\/index.php?rest_route=\/wp\/v2\/users\/1"}],"replies":[{"embeddable":true,"href":"https:\/\/snalc.org\/snalc2023\/index.php?rest_route=%2Fwp%2Fv2%2Fcomments&post=2431"}],"version-history":[{"count":1,"href":"https:\/\/snalc.org\/snalc2023\/index.php?rest_route=\/wp\/v2\/posts\/2431\/revisions"}],"predecessor-version":[{"id":2432,"href":"https:\/\/snalc.org\/snalc2023\/index.php?rest_route=\/wp\/v2\/posts\/2431\/revisions\/2432"}],"wp:attachment":[{"href":"https:\/\/snalc.org\/snalc2023\/index.php?rest_route=%2Fwp%2Fv2%2Fmedia&parent=2431"}],"wp:term":[{"taxonomy":"category","embeddable":true,"href":"https:\/\/snalc.org\/snalc2023\/index.php?rest_route=%2Fwp%2Fv2%2Fcategories&post=2431"},{"taxonomy":"post_tag","embeddable":true,"href":"https:\/\/snalc.org\/snalc2023\/index.php?rest_route=%2Fwp%2Fv2%2Ftags&post=2431"}],"curies":[{"name":"wp","href":"https:\/\/api.w.org\/{rel}","templated":true}]}}