{"id":2459,"date":"2023-12-12T20:27:42","date_gmt":"2023-12-12T19:27:42","guid":{"rendered":"https:\/\/snalc.org\/snalc2023\/?p=2459"},"modified":"2023-12-12T20:27:48","modified_gmt":"2023-12-12T19:27:48","slug":"lettre-dinformation-snalc-12-decembre-2023-conditions-de-travail-et-climat-scolaire","status":"publish","type":"post","link":"https:\/\/snalc.org\/snalc2023\/?p=2459","title":{"rendered":"Lettre d&rsquo;information SNALC &#8211;\u00a0\u00a012 d\u00e9cembre 2023 &#8212; Conditions de travail et climat scolaire"},"content":{"rendered":"\n<figure class=\"wp-block-table\"><table><tbody><tr><td><strong>Lettre d&rsquo;information SNALC &#8211;\u00a0\u00a012 d\u00e9cembre 2023 &#8211; <\/strong><strong>Conditions de travail et climat scolaire<\/strong><br>Personnels de l&rsquo;Education nationale<\/td><\/tr><\/tbody><\/table><\/figure>\n\n\n\n<figure class=\"wp-block-table\"><table><tbody><tr><td><img decoding=\"async\" src=\"https:\/\/syndicat-snalc.net\/AWURTSJ67\/editedimg_69d3980ac7.png\" alt=\"\"><\/td><\/tr><\/tbody><\/table><\/figure>\n\n\n\n<figure class=\"wp-block-table\"><table><tbody><tr><td>Syndicat national des lyc\u00e9es, coll\u00e8ges, \u00e9coles et du sup\u00e9rieur<\/td><\/tr><\/tbody><\/table><\/figure>\n\n\n\n<figure class=\"wp-block-table\"><table><tbody><tr><td><a href=\"https:\/\/snalc.fr\/contact\/\" target=\"_blank\" rel=\"noreferrer noopener\">Nous contacter<\/a><br><br><br><\/td><\/tr><\/tbody><\/table><\/figure>\n\n\n\n<figure class=\"wp-block-table\"><table><tbody><tr><td>&nbsp;R\u00e9sister, prot\u00e9ger, accompagner&nbsp;:le SNALC \u00e0 vos c\u00f4t\u00e9s<\/td><\/tr><\/tbody><\/table><\/figure>\n\n\n\n<figure class=\"wp-block-table\"><table><tbody><tr><td>Depuis la rentr\u00e9e, l\u2019\u00c9ducation nationale a r\u00e9guli\u00e8rement \u00e9t\u00e9 au centre de l\u2019actualit\u00e9&nbsp;: bien trop souvent h\u00e9las pour de tristes raisons, sans rapport avec l\u2019enseignement \u00e0 proprement parler.Le fl\u00e9au du harc\u00e8lement scolaire, puis l\u2019horreur du terrorisme ont endeuill\u00e9 la communaut\u00e9 \u00e9ducative. Pas de lien entre les deux si ce n\u2019est le constat que l\u2019\u00e9cole est bien loin d\u2019\u00eatre un sanctuaire. Au contraire, secou\u00e9e par les tensions de la soci\u00e9t\u00e9, elle en devient une cible toute trouv\u00e9e pour ceux qui souhaitent attaquer la R\u00e9publique et ses principes. La question de la la\u00efcit\u00e9 et des tenues vestimentaires n\u2019est \u00e0 cet \u00e9gard que la partie visible de l\u2019iceberg.<br>C\u2019est pourquoi, dans ces circonstances, le SNALC se doit d\u2019autant plus d\u2019\u00eatre force de proposition pour d\u00e9fendre et prot\u00e9ger concr\u00e8tement les personnels&nbsp;: que ce soit dans les r\u00e9unions au minist\u00e8re, dans les m\u00e9dias ou au plus pr\u00e8s de vous dans les acad\u00e9mies. Chaque jour, plus que jamais, le SNALC r\u00e9it\u00e8re son engagement \u00e0 r\u00e9sister, vous prot\u00e9ger et vous accompagner.<\/td><\/tr><\/tbody><\/table><\/figure>\n\n\n\n<figure class=\"wp-block-table\"><table><tbody><tr><td><strong>\u00c9lise BOZEC-BARET,<\/strong>Secr\u00e9taire nationale charg\u00e9e des conditions de travail et du climat scolaire<br><a href=\"mailto:conditionsdetravail@snalc.fr\">conditionsdetravail@snalc.fr<\/a><\/td><\/tr><\/tbody><\/table><\/figure>\n\n\n\n<figure class=\"wp-block-table\"><table><tbody><tr><td><img decoding=\"async\" src=\"https:\/\/syndicat-snalc.net\/AWURTSJ67\/deni_istock_AmnajKhetsamtip-1449333082_opt_99a397fb75.jpg\" alt=\"\"><strong>Conditions de travail&nbsp;:&nbsp; \u00e0 quand la fin du d\u00e9ni&nbsp;?<\/strong><br>D\u00e8s la rentr\u00e9e, le SNALC alertait sur la d\u00e9gradation des conditions de travail des personnels et le d\u00e9ni du minist\u00e8re \u00e0 ce sujet, tout en rappelant \u00e9galement son engagement humaniste aupr\u00e8s des personnels qu\u2019il repr\u00e9sente.<br>[&#8230;<a href=\"https:\/\/snalc.fr\/conditions-de-travail-a-quand-la-fin-du-deni\/\" target=\"_blank\" rel=\"noreferrer noopener\">Lire la suite<\/a>]<\/td><\/tr><\/tbody><\/table><\/figure>\n\n\n\n<figure class=\"wp-block-table\"><table><tbody><tr><td><img decoding=\"async\" src=\"https:\/\/syndicat-snalc.net\/AWURTSJ67\/Capture_d_ecran_2023-11-18_a_19.20.45_38dfb9abde.jpg\" alt=\"\"><strong><\/strong><strong>Prot\u00e9ger<\/strong><strong><br><\/strong>L\u2019atroce assassinat de notre coll\u00e8gue Dominique Bernard par un ancien \u00e9l\u00e8ve le 13 octobre dernier, trois ans apr\u00e8s celui de Samuel Paty, a \u00e9branl\u00e9 l\u2019ensemble des Fran\u00e7ais, mais encore plus les personnels de l\u2019\u00c9ducation nationale. Voici les mots par lesquels le pr\u00e9sident du SNALC a r\u00e9agi au nom de notre syndicat.<br>[&#8230;<a href=\"https:\/\/snalc.fr\/proteger\/\" target=\"_blank\" rel=\"noreferrer noopener\">Lire&nbsp;l&rsquo;\u00e9dito<\/a>]<\/td><\/tr><\/tbody><\/table><\/figure>\n\n\n\n<figure class=\"wp-block-table\"><table><tbody><tr><td><img decoding=\"async\" src=\"https:\/\/syndicat-snalc.net\/AWURTSJ67\/hand-leg-store-finger-high-arm-941138-pxhere_f1e82488d0.jpg\" alt=\"\"><strong><\/strong><strong>Pour prot\u00e9ger l\u2019\u00e9cole, la \u00ab&nbsp;r\u00e9sistance&nbsp;\u00bb doit s\u2019organiser&nbsp;!<\/strong><strong><br><\/strong>Des documents mis en ligne par le gouvernement et le minist\u00e8re sont \u00e0 la disposition des personnels afin de les aider en cas d\u2019attaque terroriste. Qu\u2019y trouve-t-on, et quelles sont leurs limites&nbsp;?<br>[&#8230;<a href=\"https:\/\/snalc.fr\/pour-proteger-lecole-la-resistance-doit-sorganiser\/\" target=\"_blank\" rel=\"noreferrer noopener\">Lire la suite<\/a>]<\/td><\/tr><\/tbody><\/table><\/figure>\n\n\n\n<figure class=\"wp-block-table\"><table><tbody><tr><td><img decoding=\"async\" src=\"https:\/\/syndicat-snalc.net\/AWURTSJ67\/contrat_istock_dikushin-1472042776_969e84fa7b.jpg\" alt=\"\"><strong><\/strong><strong>Harc\u00e8lement&nbsp;: un nouveau d\u00e9cret \u00e0 utiliser avec pr\u00e9caution<\/strong><strong><br><\/strong>Concernant le harc\u00e8lement scolaire, le code de l\u2019\u00e9ducation a \u00e9t\u00e9 modifi\u00e9 au mois d\u2019ao\u00fbt dernier&nbsp;: il est d\u00e9sormais possible pour un directeur d\u2019\u00e9cole de suspendre l\u2019acc\u00e8s de l\u2019\u00e9cole \u00e0 un \u00e9l\u00e8ve harceleur, pendant cinq jours. Comment mettre en application ce texte de mani\u00e8re avis\u00e9e&nbsp;?<br>[&#8230;<a href=\"https:\/\/snalc.fr\/harcelement-une-nouvelle-circulaire-a-utiliser-avec-precaution\/\" target=\"_blank\" rel=\"noreferrer noopener\">Lire la suite<\/a>]<\/td><\/tr><\/tbody><\/table><\/figure>\n\n\n\n<figure class=\"wp-block-table\"><table><tbody><tr><td><img decoding=\"async\" src=\"https:\/\/syndicat-snalc.net\/AWURTSJ67\/hand-person-snow-winter-black-and-white-girl_533eba995f.jpg\" alt=\"\"><strong><\/strong><strong>Harc\u00e8lement,&nbsp; un timide pas en avant<\/strong><strong><br><\/strong>Le 5 septembre 2023, Nicolas, \u00e9l\u00e8ve de 15 ans scolaris\u00e9 dans un lyc\u00e9e des Yvelines, se suicide apr\u00e8s avoir subi du harc\u00e8lement dans son ancien \u00e9tablissement. Ses parents avaient pourtant alert\u00e9 l\u2019\u00e9tablissement au moment des faits ainsi que le rectorat de Versailles, sans que le probl\u00e8me ne soit r\u00e9gl\u00e9.<br>[&#8230;<a href=\"https:\/\/snalc.fr\/harcelement-un-timide-pas-en-avant\/\" target=\"_blank\" rel=\"noreferrer noopener\">Lire la suite<\/a>]<\/td><\/tr><\/tbody><\/table><\/figure>\n\n\n\n<figure class=\"wp-block-table\"><table><tbody><tr><td><img decoding=\"async\" src=\"https:\/\/syndicat-snalc.net\/AWURTSJ67\/abaya_adobestock_oneinchpunch-394827253-e169_53c8c6daf6.jpg\" alt=\"\"><strong><\/strong><strong>Abaya&nbsp;: le choix de la raison<\/strong><strong><br><\/strong>L\u2019interdiction de l\u2019abaya a fait couler beaucoup d\u2019encre \u00e0 la rentr\u00e9e. Pour le SNALC, seul syndicat de l\u2019\u00c9ducation nationale \u00e0 avoir vot\u00e9 pour la loi de 2004, il s\u2019agit d\u2019une mesure permettant enfin d\u2019\u00e9viter aux personnels en premi\u00e8re ligne de devoir d\u00e9terminer par eux-m\u00eames ce qui rel\u00e8ve ou non du religieux.<br>[&#8230;<a href=\"https:\/\/snalc.fr\/pour-que-vive-lecole-laique\/#abaya\" target=\"_blank\" rel=\"noreferrer noopener\">Lire la suite<\/a>]<\/td><\/tr><\/tbody><\/table><\/figure>\n\n\n\n<figure class=\"wp-block-table\"><table><tbody><tr><td>LES 10 RECOMMANDATIONS DU SNALC POUR \u00caTRE PLUS FORT AU TRAVAIL<\/td><\/tr><\/tbody><\/table><\/figure>\n\n\n\n<figure class=\"wp-block-table\"><table><tbody><tr><td><img decoding=\"async\" src=\"https:\/\/syndicat-snalc.net\/AWURTSJ67\/Capture_d_ecran_2019-11-29_a_16.42.10_588ebd6952.png\" alt=\"\">M\u00eame si \u00abcela n\u2019arrive qu\u2019aux autres&nbsp;\u00bb, nous vous invitons \u00e0 prendre connaissance des 10 recommandations du SNALC&nbsp;: autant d\u2019erreurs \u00e0 ne pas commettre, de conseils \u00e0 appliquer, de pi\u00e8ges \u00e0 rep\u00e9rer&#8230; <a href=\"https:\/\/snalc.fr\/10-recommandations-pour-etre-plus-fort-au-travail\/\" target=\"_blank\" rel=\"noreferrer noopener\">[Lire la suite]<\/a><\/td><\/tr><\/tbody><\/table><\/figure>\n\n\n\n<figure class=\"wp-block-table\"><table><tbody><tr><td>POURQUOI REJOINDRE LE SNALC&nbsp;?<\/td><\/tr><\/tbody><\/table><\/figure>\n\n\n\n<figure class=\"wp-block-table\"><table><tbody><tr><td><img decoding=\"async\" src=\"https:\/\/syndicat-snalc.net\/AWURTSJ67\/9e6ddc209f1392fb4e74a82609409d7db2ec8759_ed5df3d865.jpg\" alt=\"\"><strong>AU MOINS 7 BONNES RAISONS<\/strong><br>1-L&rsquo;ind\u00e9pendance du SNALC2-La repr\u00e9sentativit\u00e9 du SNALC3-Au SNALC, pas de langue de bois4-Des ressources \u00e0 votre disposition5-Avantages SNALC&nbsp;: exclusif pour les adh\u00e9rents6-Une vraie assistance juridique avec l&rsquo;adh\u00e9sion7-Le syndicat le moins cher de l&rsquo;\u00c9ducation nationale <a href=\"https:\/\/snalc.fr\/7-bonnes-raisons\/\" target=\"_blank\" rel=\"noreferrer noopener\">[Lire la suite]<\/a><\/td><\/tr><\/tbody><\/table><\/figure>\n\n\n\n<figure class=\"wp-block-table\"><table><tbody><tr><td>L&rsquo;ADH\u00c9SION AU SNALC<\/td><\/tr><\/tbody><\/table><\/figure>\n\n\n\n<figure class=\"wp-block-table\"><table><tbody><tr><td><strong>LE SNALC EST LE SYNDICAT REPR\u00c9SENTATIF<\/strong><strong>LE MOINS CHER DE L\u2019\u00c9DUCATION NATIONALE<\/strong><strong>Nos salaires sont trop bas. Le point d\u2019indice est gel\u00e9.<\/strong><strong>Logiquement, le SNALC n\u2019augmente pas ses tarifs pour la 13\u00e8me ann\u00e9e cons\u00e9cutive.<\/strong><strong>Et mieux encore&nbsp;: le SNALC baisse ses tarifs dans la plupart des cat\u00e9gories&nbsp;!<\/strong><a href=\"https:\/\/snalc.fr\/wp-content\/uploads\/tarifs.pdf\" target=\"_blank\" rel=\"noreferrer noopener\">Consulter les tarifs et r\u00e9ductions<\/a><br><strong>CHOISISSEZ LIBREMENT VOTRE MOYEN DE PAIEMENT, RAPIDE ET S\u00c9CURIS\u00c9<\/strong><\/td><\/tr><\/tbody><\/table><\/figure>\n\n\n\n<figure class=\"wp-block-table\"><table><tbody><tr><td><img decoding=\"async\" src=\"http:\/\/syndicat-snalc.net\/AWURTSJ67\/editedimg_361b042f34.jpg\" alt=\"\"><a href=\"https:\/\/snalc.fr\/adhesion-carte\/\" target=\"_blank\" rel=\"noreferrer noopener\">carte bancaire<\/a><img decoding=\"async\" src=\"http:\/\/syndicat-snalc.net\/AWURTSJ67\/adhesion_prelevements_0703b426ca.JPG\" alt=\"\"><a href=\"https:\/\/snalc.fr\/adhesion\/\" target=\"_blank\" rel=\"noreferrer noopener\">pr\u00e9l\u00e8vements mensuels<\/a><img decoding=\"async\" src=\"https:\/\/syndicat-snalc.net\/AWURTSJ67\/editedimg_c6a21d792d.png\" alt=\"\"><a href=\"https:\/\/snalc.fr\/adhesion-virement\/\" target=\"_blank\" rel=\"noreferrer noopener\">virement<\/a><img decoding=\"async\" src=\"http:\/\/syndicat-snalc.net\/AWURTSJ67\/adhesion_cheque_699976dc59.JPG\" alt=\"\"><a href=\"https:\/\/snalc.fr\/adhesion-cheque\/\" target=\"_blank\" rel=\"noreferrer noopener\">ch\u00e8que<\/a><\/td><\/tr><\/tbody><\/table><\/figure>\n\n\n\n<figure class=\"wp-block-table\"><table><tbody><tr><td><strong>L&rsquo;adh\u00e9sion comprend<\/strong>&nbsp;: <a href=\"https:\/\/snalc.fr\/gmf-protection-juridique\/\" target=\"_blank\" rel=\"noreferrer noopener\">l&rsquo;assistance et la protection<\/a> juridiques p\u00e9nales aupr\u00e8s de la GMF (agressions, diffamation&#8230;) ;&nbsp;le dispositif exclusif d&rsquo;accompagnement et d&rsquo;aide \u00e0 la mobilit\u00e9&nbsp;: <a href=\"https:\/\/snalc.fr\/mobi-snalc-presentation-et-acces\/\" target=\"_blank\" rel=\"noreferrer noopener\">mobi-SNALC<\/a>&nbsp;; et des tarifs n\u00e9goci\u00e9s aupr\u00e8s de nombreux partenaires&nbsp;: <a href=\"https:\/\/snalc.fr\/avantages-snalc\/\" target=\"_blank\" rel=\"noreferrer noopener\">avantages-SNALC<\/a>.<\/td><\/tr><\/tbody><\/table><\/figure>\n\n\n\n<figure class=\"wp-block-table\"><table><tbody><tr><td><a href=\"https:\/\/snalc.fr\/contact\/\" target=\"_blank\" rel=\"noreferrer noopener\">Toutes nos coordonn\u00e9es<\/a><\/td><\/tr><\/tbody><\/table><\/figure>\n\n\n\n<figure class=\"wp-block-table\"><table><tbody><tr><td><a href=\"https:\/\/www.facebook.com\/SNALCNational\/\" target=\"_blank\" rel=\"noreferrer noopener\"><\/a><a href=\"https:\/\/twitter.com\/snalc_national\" target=\"_blank\" rel=\"noreferrer noopener\"><\/a><a href=\"https:\/\/www.snalc.fr\/\" target=\"_blank\" rel=\"noreferrer noopener\"><\/a><\/td><\/tr><\/tbody><\/table><\/figure>\n\n\n\n<figure class=\"wp-block-table\"><table><tbody><tr><td>Cr\u00e9dits images&nbsp; sur les articles en lien<\/td><\/tr><\/tbody><\/table><\/figure>\n","protected":false},"excerpt":{"rendered":"<p>Lettre d&rsquo;information SNALC &#8211;\u00a0\u00a012 d\u00e9cembre 2023 &#8211; Conditions de travail et climat scolairePersonnels de l&rsquo;Education nationale Syndicat national des lyc\u00e9es, coll\u00e8ges, \u00e9coles et du sup\u00e9rieur Nous contacter &nbsp;R\u00e9sister, prot\u00e9ger, accompagner&nbsp;:le [&hellip;]<\/p>\n","protected":false},"author":1,"featured_media":0,"comment_status":"closed","ping_status":"closed","sticky":false,"template":"","format":"standard","meta":{"_lmt_disableupdate":"","_lmt_disable":"","site-sidebar-layout":"default","site-content-layout":"","ast-site-content-layout":"default","site-content-style":"default","site-sidebar-style":"default","ast-global-header-display":"","ast-banner-title-visibility":"","ast-main-header-display":"","ast-hfb-above-header-display":"","ast-hfb-below-header-display":"","ast-hfb-mobile-header-display":"","site-post-title":"","ast-breadcrumbs-content":"","ast-featured-img":"","footer-sml-layout":"","ast-disable-related-posts":"","theme-transparent-header-meta":"","adv-header-id-meta":"","stick-header-meta":"","header-above-stick-meta":"","header-main-stick-meta":"","header-below-stick-meta":"","astra-migrate-meta-layouts":"set","ast-page-background-enabled":"default","ast-page-background-meta":{"desktop":{"background-color":"var(--ast-global-color-4)","background-image":"","background-repeat":"repeat","background-position":"center center","background-size":"auto","background-attachment":"scroll","background-type":"","background-media":"","overlay-type":"","overlay-color":"","overlay-opacity":"","overlay-gradient":""},"tablet":{"background-color":"","background-image":"","background-repeat":"repeat","background-position":"center center","background-size":"auto","background-attachment":"scroll","background-type":"","background-media":"","overlay-type":"","overlay-color":"","overlay-opacity":"","overlay-gradient":""},"mobile":{"background-color":"","background-image":"","background-repeat":"repeat","background-position":"center center","background-size":"auto","background-attachment":"scroll","background-type":"","background-media":"","overlay-type":"","overlay-color":"","overlay-opacity":"","overlay-gradient":""}},"ast-content-background-meta":{"desktop":{"background-color":"var(--ast-global-color-5)","background-image":"","background-repeat":"repeat","background-position":"center center","background-size":"auto","background-attachment":"scroll","background-type":"","background-media":"","overlay-type":"","overlay-color":"","overlay-opacity":"","overlay-gradient":""},"tablet":{"background-color":"var(--ast-global-color-5)","background-image":"","background-repeat":"repeat","background-position":"center center","background-size":"auto","background-attachment":"scroll","background-type":"","background-media":"","overlay-type":"","overlay-color":"","overlay-opacity":"","overlay-gradient":""},"mobile":{"background-color":"var(--ast-global-color-5)","background-image":"","background-repeat":"repeat","background-position":"center center","background-size":"auto","background-attachment":"scroll","background-type":"","background-media":"","overlay-type":"","overlay-color":"","overlay-opacity":"","overlay-gradient":""}},"footnotes":""},"categories":[38],"tags":[],"class_list":["post-2459","post","type-post","status-publish","format-standard","hentry","category-actualites-2023-2024"],"modified_by":"slecourtier","_links":{"self":[{"href":"https:\/\/snalc.org\/snalc2023\/index.php?rest_route=\/wp\/v2\/posts\/2459","targetHints":{"allow":["GET"]}}],"collection":[{"href":"https:\/\/snalc.org\/snalc2023\/index.php?rest_route=\/wp\/v2\/posts"}],"about":[{"href":"https:\/\/snalc.org\/snalc2023\/index.php?rest_route=\/wp\/v2\/types\/post"}],"author":[{"embeddable":true,"href":"https:\/\/snalc.org\/snalc2023\/index.php?rest_route=\/wp\/v2\/users\/1"}],"replies":[{"embeddable":true,"href":"https:\/\/snalc.org\/snalc2023\/index.php?rest_route=%2Fwp%2Fv2%2Fcomments&post=2459"}],"version-history":[{"count":1,"href":"https:\/\/snalc.org\/snalc2023\/index.php?rest_route=\/wp\/v2\/posts\/2459\/revisions"}],"predecessor-version":[{"id":2460,"href":"https:\/\/snalc.org\/snalc2023\/index.php?rest_route=\/wp\/v2\/posts\/2459\/revisions\/2460"}],"wp:attachment":[{"href":"https:\/\/snalc.org\/snalc2023\/index.php?rest_route=%2Fwp%2Fv2%2Fmedia&parent=2459"}],"wp:term":[{"taxonomy":"category","embeddable":true,"href":"https:\/\/snalc.org\/snalc2023\/index.php?rest_route=%2Fwp%2Fv2%2Fcategories&post=2459"},{"taxonomy":"post_tag","embeddable":true,"href":"https:\/\/snalc.org\/snalc2023\/index.php?rest_route=%2Fwp%2Fv2%2Ftags&post=2459"}],"curies":[{"name":"wp","href":"https:\/\/api.w.org\/{rel}","templated":true}]}}