{"id":2467,"date":"2023-12-14T16:59:09","date_gmt":"2023-12-14T15:59:09","guid":{"rendered":"https:\/\/snalc.org\/snalc2023\/?p=2467"},"modified":"2023-12-14T16:59:12","modified_gmt":"2023-12-14T15:59:12","slug":"evaluations-decole-compte-rendu-du-snalc-du-13-decembre-2023","status":"publish","type":"post","link":"https:\/\/snalc.org\/snalc2023\/?p=2467","title":{"rendered":"\u00c9valuations d\u2019\u00e9cole : compte rendu du SNALC du 13 d\u00e9cembre 2023"},"content":{"rendered":"\n<figure class=\"wp-block-image\"><img decoding=\"async\" src=\"https:\/\/snalc.fr\/wp-content\/uploads\/evaluation_freepik_rawpixel.png\" alt=\"\" class=\"wp-image-35119\"\/><figcaption class=\"wp-element-caption\">\u00a9 freepik_rawpixel<\/figcaption><\/figure>\n\n\n\n<h5 class=\"wp-block-heading\">Audience multilat\u00e9rale du 13 d\u00e9cembre 2023<\/h5>\n\n\n\n<h5 class=\"wp-block-heading\">Compte rendu du SNALC<\/h5>\n\n\n\n<p>TH\u00c8ME<\/p>\n\n\n\n<p>Audience demand\u00e9e par un courrier commun de cinq des sept organisations repr\u00e9sentatives, dont le SNALC.<\/p>\n\n\n\n<p>L\u2019ESSENTIEL<\/p>\n\n\n\n<p>Le minist\u00e8re rappelle le cadre de la loi. Le Conseil d\u2019\u00c9valuation de l\u2019\u00c9cole entend le caract\u00e8re chronophage des \u00e9valuations, mais indique qu\u2019il faut le \u00ab&nbsp;lisser sur cinq ann\u00e9es&nbsp;\u00bb, puisque les \u00e9valuations ont lieu tous les cinq ans. Il indique qu\u2019il convient d\u2019anticiper et de s\u2019organiser sur cinq ans. Le cadre des \u00e9valuations du second degr\u00e9 a d\u00e9j\u00e0 \u00e9t\u00e9 ajust\u00e9 puisque la d\u00e9marche y a commenc\u00e9 plus t\u00f4t&nbsp;; cela pourra \u00eatre fait dans le premier degr\u00e9. Il se propose de prolonger l\u2019\u00e9change avec nous. Le minist\u00e8re nous propose \u00e9galement la fameuse notion de \u00ab&nbsp;partage des bonnes pratiques&nbsp;\u00bb.<\/p>\n\n\n\n<p><strong>LE SNALC A INSIST\u00c9 SUR\u2026<\/strong><\/p>\n\n\n\n<ul class=\"wp-block-list\">\n<li>la charge de travail cr\u00e9\u00e9e par ces \u00e9valuations d\u2019\u00e9cole, qui est loin d\u2019\u00eatre prise en compte par l\u2019institution ;<\/li>\n\n\n\n<li>le manque complet d\u2019int\u00e9r\u00eat de ces \u00e9valuations pour les coll\u00e8gues : elle ne servent \u00e0 rien !<\/li>\n\n\n\n<li>la fa\u00e7on dont ces \u00e9valuations placent d\u2019autres acteurs (notamment les parents) en position de clients de l\u2019\u00e9cole ;<\/li>\n\n\n\n<li>l\u2019ajout de nouvelles missions et charges de travail pour les directions d\u2019\u00e9cole, alors qu\u2019on leur avait promis un all\u00e8gement ;<\/li>\n\n\n\n<li>les tensions potentielles avec la hi\u00e9rarchie, quand bien m\u00eame ce n\u2019est pas l\u2019IEN de la circonscription qui pratique l\u2019\u00e9valuation externe ;<\/li>\n\n\n\n<li>sa demande d\u2019abandon de ces \u00e9valuations d\u2019\u00e9cole, ou, \u00e0 d\u00e9faut, la demande de les organiser uniquement sur la base du volontariat.<\/li>\n\n\n\n<li>La vision idyllique que le conseil d\u2019\u00e9valuation de l\u2019\u00e9cole nous propose des \u00e9valuations ayant eu lieu dans le second degr\u00e9 : la r\u00e9alit\u00e9 est toute autre.<\/li>\n<\/ul>\n\n\n\n<p>L\u2019AVIS DU SNALC<\/p>\n\n\n\n<p><strong>Il est \u00e9vident que l\u2019architecture m\u00eame des \u00e9valuations d\u2019\u00e9cole est probl\u00e9matique, et engendre une charge de travail dont le r\u00e9sultat est, au mieux discutable, et au pire toxique. Une r\u00e9elle volont\u00e9 politique ne trouverait pas que modifier la loi est un obstacle insurmontable pour r\u00e9pondre \u00e0 ce probl\u00e8me.<\/strong><\/p>\n\n\n\n<p><strong>En tout \u00e9tat de cause, si certains \u00e9l\u00e9ments probl\u00e9matiques peuvent relever de l\u2019organisation locale, c\u2019est au minist\u00e8re de trouver des solutions sur la question des obligations de service et du temps de travail, qui rel\u00e8vent bien du niveau national.<\/strong><\/p>\n\n\n\n<figure class=\"wp-block-embed\"><div class=\"wp-block-embed__wrapper\">\nhttps:\/\/snalc.fr\/evaluations-decole-courrier-intersyndical-au-ministre\/embed\/#?secret=E3To33HBJc#?secret=Zg3Qo3Mkgf\n<\/div><\/figure>\n\n\n\n<p><a href=\"https:\/\/snalc.fr\/contact\/\" target=\"_blank\" rel=\"noreferrer noopener\">Nous \u00e9crire<\/a><\/p>\n","protected":false},"excerpt":{"rendered":"<p>Audience multilat\u00e9rale du 13 d\u00e9cembre 2023 Compte rendu du SNALC TH\u00c8ME Audience demand\u00e9e par un courrier commun de cinq des sept organisations repr\u00e9sentatives, dont le SNALC. L\u2019ESSENTIEL Le minist\u00e8re rappelle [&hellip;]<\/p>\n","protected":false},"author":1,"featured_media":0,"comment_status":"closed","ping_status":"closed","sticky":false,"template":"","format":"standard","meta":{"_lmt_disableupdate":"","_lmt_disable":"","site-sidebar-layout":"default","site-content-layout":"","ast-site-content-layout":"default","site-content-style":"default","site-sidebar-style":"default","ast-global-header-display":"","ast-banner-title-visibility":"","ast-main-header-display":"","ast-hfb-above-header-display":"","ast-hfb-below-header-display":"","ast-hfb-mobile-header-display":"","site-post-title":"","ast-breadcrumbs-content":"","ast-featured-img":"","footer-sml-layout":"","ast-disable-related-posts":"","theme-transparent-header-meta":"","adv-header-id-meta":"","stick-header-meta":"","header-above-stick-meta":"","header-main-stick-meta":"","header-below-stick-meta":"","astra-migrate-meta-layouts":"set","ast-page-background-enabled":"default","ast-page-background-meta":{"desktop":{"background-color":"var(--ast-global-color-4)","background-image":"","background-repeat":"repeat","background-position":"center center","background-size":"auto","background-attachment":"scroll","background-type":"","background-media":"","overlay-type":"","overlay-color":"","overlay-opacity":"","overlay-gradient":""},"tablet":{"background-color":"","background-image":"","background-repeat":"repeat","background-position":"center center","background-size":"auto","background-attachment":"scroll","background-type":"","background-media":"","overlay-type":"","overlay-color":"","overlay-opacity":"","overlay-gradient":""},"mobile":{"background-color":"","background-image":"","background-repeat":"repeat","background-position":"center center","background-size":"auto","background-attachment":"scroll","background-type":"","background-media":"","overlay-type":"","overlay-color":"","overlay-opacity":"","overlay-gradient":""}},"ast-content-background-meta":{"desktop":{"background-color":"var(--ast-global-color-5)","background-image":"","background-repeat":"repeat","background-position":"center center","background-size":"auto","background-attachment":"scroll","background-type":"","background-media":"","overlay-type":"","overlay-color":"","overlay-opacity":"","overlay-gradient":""},"tablet":{"background-color":"var(--ast-global-color-5)","background-image":"","background-repeat":"repeat","background-position":"center center","background-size":"auto","background-attachment":"scroll","background-type":"","background-media":"","overlay-type":"","overlay-color":"","overlay-opacity":"","overlay-gradient":""},"mobile":{"background-color":"var(--ast-global-color-5)","background-image":"","background-repeat":"repeat","background-position":"center center","background-size":"auto","background-attachment":"scroll","background-type":"","background-media":"","overlay-type":"","overlay-color":"","overlay-opacity":"","overlay-gradient":""}},"footnotes":""},"categories":[38],"tags":[],"class_list":["post-2467","post","type-post","status-publish","format-standard","hentry","category-actualites-2023-2024"],"modified_by":"slecourtier","_links":{"self":[{"href":"https:\/\/snalc.org\/snalc2023\/index.php?rest_route=\/wp\/v2\/posts\/2467","targetHints":{"allow":["GET"]}}],"collection":[{"href":"https:\/\/snalc.org\/snalc2023\/index.php?rest_route=\/wp\/v2\/posts"}],"about":[{"href":"https:\/\/snalc.org\/snalc2023\/index.php?rest_route=\/wp\/v2\/types\/post"}],"author":[{"embeddable":true,"href":"https:\/\/snalc.org\/snalc2023\/index.php?rest_route=\/wp\/v2\/users\/1"}],"replies":[{"embeddable":true,"href":"https:\/\/snalc.org\/snalc2023\/index.php?rest_route=%2Fwp%2Fv2%2Fcomments&post=2467"}],"version-history":[{"count":1,"href":"https:\/\/snalc.org\/snalc2023\/index.php?rest_route=\/wp\/v2\/posts\/2467\/revisions"}],"predecessor-version":[{"id":2468,"href":"https:\/\/snalc.org\/snalc2023\/index.php?rest_route=\/wp\/v2\/posts\/2467\/revisions\/2468"}],"wp:attachment":[{"href":"https:\/\/snalc.org\/snalc2023\/index.php?rest_route=%2Fwp%2Fv2%2Fmedia&parent=2467"}],"wp:term":[{"taxonomy":"category","embeddable":true,"href":"https:\/\/snalc.org\/snalc2023\/index.php?rest_route=%2Fwp%2Fv2%2Fcategories&post=2467"},{"taxonomy":"post_tag","embeddable":true,"href":"https:\/\/snalc.org\/snalc2023\/index.php?rest_route=%2Fwp%2Fv2%2Ftags&post=2467"}],"curies":[{"name":"wp","href":"https:\/\/api.w.org\/{rel}","templated":true}]}}