{"id":2481,"date":"2023-12-17T11:15:51","date_gmt":"2023-12-17T10:15:51","guid":{"rendered":"https:\/\/snalc.org\/snalc2023\/?p=2481"},"modified":"2023-12-17T11:15:54","modified_gmt":"2023-12-17T10:15:54","slug":"rmc-une-professeure-menacee-de-mort-par-une-eleve","status":"publish","type":"post","link":"https:\/\/snalc.org\/snalc2023\/?p=2481","title":{"rendered":"RMC \u2013 une professeure menac\u00e9e de mort par une \u00e9l\u00e8ve"},"content":{"rendered":"\n<ul class=\"wp-block-list\">\n<li><a href=\"https:\/\/snalc.fr\/category\/actualites\/\"><\/a><\/li>\n<\/ul>\n\n\n\n<figure class=\"wp-block-image\"><img decoding=\"async\" src=\"https:\/\/snalc.fr\/wp-content\/uploads\/Capture-decran-2023-12-14-a-16.35.35.png\" alt=\"\" class=\"wp-image-35166\"\/><\/figure>\n\n\n\n<p>\u00ab &#8230; d&rsquo;un point de vue administratif, la plupart du temps, un \u00e9l\u00e8ve arrive dans notre classe, et nous n&rsquo;avons pas du tout ce type d&rsquo;information sur lui. On ne sait pas pourquoi il a \u00e9t\u00e9 exclu de son \u00e9tablissement pr\u00e9c\u00e9dent&#8230;&#8230;\u00bb<\/p>\n\n\n\n<figure class=\"wp-block-image\"><img decoding=\"async\" src=\"https:\/\/snalc.fr\/wp-content\/uploads\/SNALC-congres-Strasbourg-mai-2023-Photo-Philippe-Sautier-3-e1686317689865.jpg\" alt=\"\" class=\"wp-image-27808\"\/><\/figure>\n\n\n\n<p>Jean-R\u00e9mi Girard<\/p>\n\n\n\n<p>Pr\u00e9sident du SNALC<\/p>\n\n\n\n<p><strong>D\u00e9j\u00e0 exclue pour avoir menac\u00e9 un professeur, une \u00e9l\u00e8ve r\u00e9cidive. Personne ne connaissait son pass\u00e9\u2026<\/strong><\/p>\n\n\n\n<p>Jean-R\u00e9mi Girard, pr\u00e9sident du SNALC, r\u00e9agit chez Apolline de Malherbe sur <a href=\"https:\/\/rmc.bfmtv.com\/replay-emissions\/apolline-matin\/apolline-matin-du-14-decembre-8h-9h_EN-202312140329.html\">RMC le &nbsp;14 d\u00e9cembre 2023<\/a>.<\/p>\n\n\n\n<p><strong>RMC \u2013 Apolline de Malherbe<\/strong><\/p>\n\n\n\n<p>Une \u00e9l\u00e8ve qui souffre de troubles psychiatriques a d\u00e9j\u00e0 \u00e9t\u00e9 exclue pour avoir menac\u00e9 un professeur et avoir amen\u00e9 une arme \u00e0 l\u2019\u00e9cole. Elle a pu recommencer hier. Une professeure d\u2019anglais a \u00e9t\u00e9 menac\u00e9e de mort en plein coll\u00e8ge, en plein cours, \u00e0 Rennes. Personne ne savait qu\u2019elle avait d\u00e9j\u00e0 \u00e9t\u00e9 exclue d\u2019un autre coll\u00e8ge, pratiquement pour les m\u00eames probl\u00e8mes.<\/p>\n\n\n\n<p>Bonjour Jean-R\u00e9mi Girard, vous \u00eates le pr\u00e9sident du Syndicat National des Lyc\u00e9es et Coll\u00e8ges, des \u00c9coles et du Sup\u00e9rieur, le SNALC. Et ce drame a de nouveau \u00e9t\u00e9 fr\u00f4l\u00e9, en tout cas le drame hier \u00e0 Rennes. Deux mois, jour pour jour, apr\u00e8s l\u2019attentat d\u2019Arras, une \u00e9l\u00e8ve a menac\u00e9 de tuer sa professeure avec un couteau. Il n\u2019y a heureusement pas eu de bless\u00e9s, la professeure a r\u00e9ussi \u00e0 s\u2019enfuir. Et l\u2019\u00e9l\u00e8ve, consid\u00e9r\u00e9e comme d\u00e9s\u00e9quilibr\u00e9e, a \u00e9t\u00e9 prise en charge dans un h\u00f4pital psychiatrique cette nuit. Mais ce que l\u2019on d\u00e9couvre, c\u2019est que cette \u00e9l\u00e8ve avait d\u00e9j\u00e0 \u00e9t\u00e9 exclue d\u2019un autre coll\u00e8ge de Rennes, pour les m\u00eames faits, pour avoir menac\u00e9 un professeur et d\u00e9j\u00e0 avoir apport\u00e9 une arme blanche. Est-ce que cela veut dire qu\u2019il n\u2019y a aucune communication entre les diff\u00e9rents coll\u00e8ges au sein d\u2019une acad\u00e9mie ? On n\u2019alerte pas les professeurs en leur disant : \u201cVoil\u00e0, cette \u00e9l\u00e8ve a particuli\u00e8rement besoin d\u2019attention, soyez vigilants\u201d ?<\/p>\n\n\n\n<p><strong>SNALC \u2013 Jean-R\u00e9mi Girard<\/strong><\/p>\n\n\n\n<p>Il y a parfois de l\u2019information tr\u00e8s informelle, mais d\u2019un point de vue administratif, la plupart du temps, un \u00e9l\u00e8ve arrive dans notre classe, et nous n\u2019avons pas du tout ce type d\u2019information sur lui. On ne sait pas pourquoi il a \u00e9t\u00e9 exclu de son \u00e9tablissement pr\u00e9c\u00e9dent. Il n\u2019y a pas forc\u00e9ment d\u2019ailleurs de communication entre le chef d\u2019\u00e9tablissement de l\u2019ancien \u00e9tablissement et le chef d\u2019\u00e9tablissement d\u2019un nouvel \u00e9tablissement. De toute fa\u00e7on, cela passe par l\u2019acad\u00e9mie : c\u2019est l\u2019acad\u00e9mie qui d\u00e9termine o\u00f9 va un \u00e9l\u00e8ve qui a \u00e9t\u00e9 exclu. Donc, g\u00e9n\u00e9ralement, moi-m\u00eame, je vois un \u00e9l\u00e8ve arriver dans ma classe en cours d\u2019ann\u00e9e, et on ne sait m\u00eame pas parfois si c\u2019est parce qu\u2019il a \u00e9t\u00e9 exclu, s\u2019il a d\u00e9m\u00e9nag\u00e9, on n\u2019a souvent aucune information.&nbsp;<\/p>\n\n\n\n<p><strong>RMC \u2013 Apolline de Malherbe<\/strong><\/p>\n\n\n\n<p>Aucune information, vous dites, sauf de mani\u00e8re informelle. Cela signifie que si les professeurs se connaissent par ailleurs dans la vie, \u00e9ventuellement ils vont se parler, ils vont \u00e9changer, mais il n\u2019y a rien, il n\u2019y a pas une transmission de donn\u00e9es de mani\u00e8re formelle ou officielle. Je ne sais pas, on imagine que pour un enfant qui passe d\u2019un p\u00e9diatre \u00e0 un autre, il y a une transmission d\u2019informations sur les questions m\u00e9dicales. Donc l\u00e0, on se dit que vous \u00eates d\u00e9munis, vous ne savez pas.&nbsp;<\/p>\n\n\n\n<p><strong>SNALC \u2013 Jean-R\u00e9mi Girard<\/strong><\/p>\n\n\n\n<p>On ne sait pas, effectivement, il y a parfois des questions m\u00e9dicales, mais g\u00e9n\u00e9ralement dans ces cas-l\u00e0, on nous signale qu\u2019il y a un secret m\u00e9dical qui va avec les questions m\u00e9dicales, et ce sont des choses qui peuvent changer notre comportement. Mais moi, je parle dans un sens positif : nous sommes des professionnels ; ce n\u2019est pas parce qu\u2019on nous dit qu\u2019un \u00e9l\u00e8ve a \u00e9t\u00e9 exclu pour telle raison qu\u2019on va d\u2019un seul coup le consid\u00e9rer diff\u00e9remment ou ne pas enseigner normalement.&nbsp;<\/p>\n\n\n\n<p><strong>RMC \u2013 Apolline de Malherbe<\/strong><\/p>\n\n\n\n<p>C\u2019est ce que je trouve fou dans cette histoire, c\u2019est qu\u2019au fond, c\u2019est un m\u00e9pris de votre professionnalisme, c\u2019est m\u00eame un manque de confiance dans votre capacit\u00e9, justement, \u00e0 appr\u00e9hender les \u00e9l\u00e8ves.<\/p>\n\n\n\n<p><strong>SNALC \u2013 Jean-R\u00e9mi Girard<\/strong><\/p>\n\n\n\n<p>Oui, et cela peut arriver sur des choses extr\u00eamement graves, puisqu\u2019un \u00e9l\u00e8ve qui a des troubles psychiatriques soul\u00e8ve d\u00e9j\u00e0 une question quant \u00e0 la nature de ces troubles : est-ce que cela le place dans un coll\u00e8ge ordinaire ou pas ?<\/p>\n\n\n\n<p><strong>RMC \u2013 Apolline de Malherbe<\/strong><\/p>\n\n\n\n<p>C\u2019est \u00e9videmment la question que j\u2019allais vous poser.<\/p>\n\n\n\n<p><strong>SNALC \u2013 Jean-R\u00e9mi Girard<\/strong><\/p>\n\n\n\n<p>\u00c7a peut changer une r\u00e9action qu\u2019on va avoir dans une situation donn\u00e9e. Cela peut changer, dans les cas les plus graves, comme on peut le voir, cela peut \u00eatre une d\u00e9cision qui va du c\u00f4t\u00e9 de la vie ou du c\u00f4t\u00e9 de la mort, dans un cas extr\u00eame.<\/p>\n\n\n\n<p><strong>RMC \u2013 Apolline de Malherbe<\/strong><\/p>\n\n\n\n<p>C\u2019est vital. Hier, heureusement, la professeure a r\u00e9ussi, elle s\u2019est enfuie en courant, mais l\u2019\u00e9l\u00e8ve munie de son couteau lui a couru apr\u00e8s, elle a heureusement \u00e9t\u00e9 neutralis\u00e9e. Il y a eu cette tragique situation de la mort d\u2019Agn\u00e8s Lassalle, on s\u2019en souvient bien, en 2022, qui \u00e9tait cette professeure d\u2019espagnol \u00e0 Saint-Jean-de-Luz. Un \u00e9l\u00e8ve avait dit avoir entendu une petite voix\u2026 L\u00e0 encore, totalement d\u00e9munis.<\/p>\n\n\n\n<p><strong>SNALC \u2013 Jean-R\u00e9mi Girard<\/strong><\/p>\n\n\n\n<p>Oui, et l\u00e0, \u00e7a pose la question du suivi psychologique et psychiatrique des \u00e9l\u00e8ves, de la question de la sant\u00e9 mentale de la jeunesse. Nous, dans l\u2019\u00c9ducation nationale, sur le plan m\u00e9dical, nous sommes incroyablement d\u00e9munis. Nous n\u2019avons quasiment bient\u00f4t plus de m\u00e9decins scolaires. Plus personne ne devient m\u00e9decin dans l\u2019\u00c9ducation nationale, ni pour les \u00e9l\u00e8ves, ni d\u2019ailleurs dans la m\u00e9decine du travail. Nous avons tr\u00e8s peu de psychologues, et dans les coll\u00e8ges et les lyc\u00e9es, leurs missions sont concentr\u00e9es sur les questions d\u2019orientation scolaire. Donc, il peut arriver que s\u2019il n\u2019y a pas eu un suivi fait de la part des parents, s\u2019il n\u2019y a pas eu tout un processus m\u00e9dical ext\u00e9rieur \u00e0 l\u2019\u00c9ducation nationale, effectivement, un \u00e9l\u00e8ve qui devrait avoir un encadrement sp\u00e9cifique dans des structures\u2026<\/p>\n\n\n\n<p><strong>RMC \u2013 Apolline de Malherbe<\/strong><\/p>\n\n\n\n<p>\u2026peut-\u00eatre \u00eatre m\u00eame scolaris\u00e9 dans un \u00e9tablissement sp\u00e9cialis\u00e9 ?<\/p>\n\n\n\n<p><strong>SNALC \u2013 Jean-R\u00e9mi Girard<\/strong><\/p>\n\n\n\n<p>\u2026soit dans ce qu\u2019on appelle un ITEP, soit parfois m\u00eame dans un h\u00f4pital de jour, pour les cas les plus graves. Effectivement, on voit qu\u2019on dit de cette jeune fille qu\u2019elle est un danger pour elle-m\u00eame, qu\u2019elle a besoin d\u2019un encadrement psychiatrique extr\u00eamement important.<\/p>\n\n\n\n<p><strong>RMC \u2013 Apolline de Malherbe<\/strong><\/p>\n\n\n\n<p>Elle est aussi victime de cette situation ?&nbsp;<\/p>\n\n\n\n<p><strong>SNALC \u2013 Jean-R\u00e9mi Girard<\/strong><\/p>\n\n\n\n<p>Bien s\u00fbr. Et que faisait-elle dans une classe de sixi\u00e8me ? Et que faisait-elle dans une premi\u00e8re classe, puis dans une seconde classe, dans deux coll\u00e8ges diff\u00e9rents ?<\/p>\n\n\n\n<p><strong>RMC \u2013 Apolline de Malherbe<\/strong><\/p>\n\n\n\n<p>Deux fois de suite, elle a mis en danger \u00e0 la fois sa vie, comme vous le disiez, mais aussi celle des professeurs ou des autres \u00e9l\u00e8ves, sans que rien ne soit fait. Est-ce que cela veut dire, Jean-R\u00e9mi Girard, qu\u2019au moment o\u00f9 on se parle, il pourrait potentiellement y avoir des situations comme \u00e7a dans d\u2019autres coll\u00e8ges ? Est-ce que vous appelez \u00e0 un sursaut des acad\u00e9mies, qu\u2019elles vous donnent, qu\u2019elles vous fassent confiance en vous fournissant les informations n\u00e9cessaires ?<\/p>\n\n\n\n<p><strong>SNALC \u2013 Jean-R\u00e9mi Girard<\/strong><\/p>\n\n\n\n<p>Bien s\u00fbr, nous au SNALC, on demande aux acad\u00e9mies, lorsqu\u2019il y a une exclusion, de nous transmettre les informations qui nous sont utiles pour agir rapidement et, le cas \u00e9ch\u00e9ant, pour nous prot\u00e9ger en adoptant les bonnes r\u00e9actions. Et puis, on demande un sursaut au niveau de l\u2019\u00c9tat concernant la sant\u00e9 dans l\u2019\u00c9ducation nationale. A un moment, il va falloir attirer des personnels m\u00e9dicaux dans l\u2019\u00c9ducation nationale. On ne peut pas \u00eatre le premier employeur de France, on ne peut pas scolariser plus de 12 millions d\u2019\u00e9l\u00e8ves et avoir un taux d\u2019encadrement par la m\u00e9decine scolaire absolument, mais absolument, ubuesque.&nbsp;<\/p>\n\n\n\n<p><strong>RMC \u2013 Apolline de Malherbe<\/strong><\/p>\n\n\n\n<p>Ubuesque, et avec \u00e9videmment un probl\u00e8me de valorisation de tous ces m\u00e9tiers de psychologues, de psychanalystes, d\u2019accompagnants dans les \u00e9coles. Merci, Jean-R\u00e9mi Girard, d\u2019\u00eatre venu r\u00e9agir ce matin. Je rappelle donc que vous \u00eates le pr\u00e9sident du SNALC, le syndicat national des lyc\u00e9es, coll\u00e8ges, \u00e9coles et du sup\u00e9rieur.<\/p>\n\n\n\n<p>\u00ab &#8230; On ne peut pas \u00eatre le premier employeur de France, on ne peut pas scolariser plus de 12 millions d&rsquo;\u00e9l\u00e8ves et avoir un taux d&rsquo;encadrement par la m\u00e9decine scolaire absolument, mais absolument, ubuesque&#8230;\u00bb<\/p>\n\n\n\n<figure class=\"wp-block-image\"><img decoding=\"async\" src=\"https:\/\/snalc.fr\/wp-content\/uploads\/SNALC-congres-Strasbourg-mai-2023-Photo-Philippe-Sautier-3-e1686317689865.jpg\" alt=\"\" class=\"wp-image-27808\"\/><\/figure>\n\n\n\n<p>Jean-R\u00e9mi Girard<\/p>\n\n\n\n<p>Pr\u00e9sident du SNALC<\/p>\n","protected":false},"excerpt":{"rendered":"<p>\u00ab &#8230; d&rsquo;un point de vue administratif, la plupart du temps, un \u00e9l\u00e8ve arrive dans notre classe, et nous n&rsquo;avons pas du tout ce type d&rsquo;information sur lui. On ne [&hellip;]<\/p>\n","protected":false},"author":1,"featured_media":0,"comment_status":"closed","ping_status":"closed","sticky":false,"template":"","format":"standard","meta":{"_lmt_disableupdate":"","_lmt_disable":"","site-sidebar-layout":"default","site-content-layout":"","ast-site-content-layout":"default","site-content-style":"default","site-sidebar-style":"default","ast-global-header-display":"","ast-banner-title-visibility":"","ast-main-header-display":"","ast-hfb-above-header-display":"","ast-hfb-below-header-display":"","ast-hfb-mobile-header-display":"","site-post-title":"","ast-breadcrumbs-content":"","ast-featured-img":"","footer-sml-layout":"","ast-disable-related-posts":"","theme-transparent-header-meta":"","adv-header-id-meta":"","stick-header-meta":"","header-above-stick-meta":"","header-main-stick-meta":"","header-below-stick-meta":"","astra-migrate-meta-layouts":"set","ast-page-background-enabled":"default","ast-page-background-meta":{"desktop":{"background-color":"var(--ast-global-color-4)","background-image":"","background-repeat":"repeat","background-position":"center center","background-size":"auto","background-attachment":"scroll","background-type":"","background-media":"","overlay-type":"","overlay-color":"","overlay-opacity":"","overlay-gradient":""},"tablet":{"background-color":"","background-image":"","background-repeat":"repeat","background-position":"center center","background-size":"auto","background-attachment":"scroll","background-type":"","background-media":"","overlay-type":"","overlay-color":"","overlay-opacity":"","overlay-gradient":""},"mobile":{"background-color":"","background-image":"","background-repeat":"repeat","background-position":"center center","background-size":"auto","background-attachment":"scroll","background-type":"","background-media":"","overlay-type":"","overlay-color":"","overlay-opacity":"","overlay-gradient":""}},"ast-content-background-meta":{"desktop":{"background-color":"var(--ast-global-color-5)","background-image":"","background-repeat":"repeat","background-position":"center center","background-size":"auto","background-attachment":"scroll","background-type":"","background-media":"","overlay-type":"","overlay-color":"","overlay-opacity":"","overlay-gradient":""},"tablet":{"background-color":"var(--ast-global-color-5)","background-image":"","background-repeat":"repeat","background-position":"center center","background-size":"auto","background-attachment":"scroll","background-type":"","background-media":"","overlay-type":"","overlay-color":"","overlay-opacity":"","overlay-gradient":""},"mobile":{"background-color":"var(--ast-global-color-5)","background-image":"","background-repeat":"repeat","background-position":"center center","background-size":"auto","background-attachment":"scroll","background-type":"","background-media":"","overlay-type":"","overlay-color":"","overlay-opacity":"","overlay-gradient":""}},"footnotes":""},"categories":[38],"tags":[],"class_list":["post-2481","post","type-post","status-publish","format-standard","hentry","category-actualites-2023-2024"],"modified_by":"slecourtier","_links":{"self":[{"href":"https:\/\/snalc.org\/snalc2023\/index.php?rest_route=\/wp\/v2\/posts\/2481","targetHints":{"allow":["GET"]}}],"collection":[{"href":"https:\/\/snalc.org\/snalc2023\/index.php?rest_route=\/wp\/v2\/posts"}],"about":[{"href":"https:\/\/snalc.org\/snalc2023\/index.php?rest_route=\/wp\/v2\/types\/post"}],"author":[{"embeddable":true,"href":"https:\/\/snalc.org\/snalc2023\/index.php?rest_route=\/wp\/v2\/users\/1"}],"replies":[{"embeddable":true,"href":"https:\/\/snalc.org\/snalc2023\/index.php?rest_route=%2Fwp%2Fv2%2Fcomments&post=2481"}],"version-history":[{"count":1,"href":"https:\/\/snalc.org\/snalc2023\/index.php?rest_route=\/wp\/v2\/posts\/2481\/revisions"}],"predecessor-version":[{"id":2482,"href":"https:\/\/snalc.org\/snalc2023\/index.php?rest_route=\/wp\/v2\/posts\/2481\/revisions\/2482"}],"wp:attachment":[{"href":"https:\/\/snalc.org\/snalc2023\/index.php?rest_route=%2Fwp%2Fv2%2Fmedia&parent=2481"}],"wp:term":[{"taxonomy":"category","embeddable":true,"href":"https:\/\/snalc.org\/snalc2023\/index.php?rest_route=%2Fwp%2Fv2%2Fcategories&post=2481"},{"taxonomy":"post_tag","embeddable":true,"href":"https:\/\/snalc.org\/snalc2023\/index.php?rest_route=%2Fwp%2Fv2%2Ftags&post=2481"}],"curies":[{"name":"wp","href":"https:\/\/api.w.org\/{rel}","templated":true}]}}