{"id":2495,"date":"2023-12-22T20:48:33","date_gmt":"2023-12-22T19:48:33","guid":{"rendered":"https:\/\/snalc.org\/snalc2023\/?p=2495"},"modified":"2023-12-22T20:48:36","modified_gmt":"2023-12-22T19:48:36","slug":"csa-ministeriel-du-21-decembre-2023-declaration-du-snalc","status":"publish","type":"post","link":"https:\/\/snalc.org\/snalc2023\/?p=2495","title":{"rendered":"CSA minist\u00e9riel du 21 d\u00e9cembre 2023 : d\u00e9claration du SNALC"},"content":{"rendered":"\n<p><span class=\"elementor-icon-list-text elementor-post-info__item elementor-post-info__item--type-terms\"><span class=\"elementor-post-info__terms-list\"><a class=\"elementor-post-info__terms-list-item\" href=\"https:\/\/snalc.fr\/category\/actualites\/\"><\/a> <\/span> <\/span> <div data-elementor-type=\"single-post\" data-elementor-id=\"205\" class=\"elementor elementor-205 elementor-location-single post-35361 post type-post status-publish format-standard has-post-thumbnail hentry category-actualites\" data-elementor-post-type=\"elementor_library\"><section class=\"elementor-section elementor-top-section elementor-element elementor-element-4326831a elementor-section-boxed elementor-section-height-default elementor-section-height-default\" data-id=\"4326831a\" data-element_type=\"section\" id=\"top-section\"><div class=\"elementor-container elementor-column-gap-default\"><div class=\"elementor-column elementor-col-50 elementor-top-column elementor-element elementor-element-1adca9f4\" data-id=\"1adca9f4\" data-element_type=\"column\"><div class=\"elementor-widget-wrap elementor-element-populated\"><div class=\"elementor-element elementor-element-6b6c2f3f elementor-mobile-align-center elementor-widget elementor-widget-post-info\" data-id=\"6b6c2f3f\" data-element_type=\"widget\" data-widget_type=\"post-info.default\"><div class=\"elementor-widget-container\"><ul class=\"elementor-inline-items elementor-icon-list-items elementor-post-info\"><li class=\"elementor-icon-list-item elementor-repeater-item-d22dd6d elementor-inline-item\" itemprop=\"about\"><\/li><\/ul><\/div><\/div><div class=\"elementor-element elementor-element-57213923 elementor-widget elementor-widget-theme-post-featured-image elementor-widget-image\" data-id=\"57213923\" data-element_type=\"widget\" data-widget_type=\"theme-post-featured-image.default\"> <div class=\"elementor-widget-container\"> <figure class=\"wp-caption\"> <img fetchpriority=\"high\" decoding=\"async\" width=\"2415\" height=\"1112\" class=\"attachment-full size-full wp-image-24237\" src=\"https:\/\/snalc.fr\/wp-content\/uploads\/csa_istock_piranka-1207360622.jpg\" alt=\"\"> <figcaption class=\"widget-image-caption wp-caption-text\">\u00a9 istock_piranka-1207360622<\/figcaption> <\/figure> <\/div> <\/div><div class=\"elementor-element elementor-element-2987e2d0 elementor-widget elementor-widget-theme-post-content\" data-id=\"2987e2d0\" data-element_type=\"widget\" data-widget_type=\"theme-post-content.default\"> <div class=\"elementor-widget-container\"> <div data-elementor-type=\"wp-post\" data-elementor-id=\"35361\" class=\"elementor elementor-35361\" data-elementor-post-type=\"post\"> <section class=\"elementor-section elementor-top-section elementor-element elementor-element-c8d57b0 elementor-section-boxed elementor-section-height-default elementor-section-height-default\" data-id=\"c8d57b0\" data-element_type=\"section\"> <div class=\"elementor-container elementor-column-gap-default\"> <div class=\"elementor-column elementor-col-100 elementor-top-column elementor-element elementor-element-d468313\" data-id=\"d468313\" data-element_type=\"column\"> <div class=\"elementor-widget-wrap elementor-element-populated\"> <div class=\"elementor-element elementor-element-2386947 elementor-widget elementor-widget-text-editor\" data-id=\"2386947\" data-element_type=\"widget\" data-widget_type=\"text-editor.default\"> <div class=\"elementor-widget-container\"> <p>Monsieur le Ministre, Mesdames et Messieurs les repr\u00e9sentants de l\u2019administration, Mesdames et Messieurs les membres \u00e9lus du comit\u00e9,<\/p><p>\u00a0<\/p><p>Alors  que la derni\u00e8re enqu\u00eate PISA confirme la crise de notre syst\u00e8me  \u00e9ducatif et que vous avez, monsieur le ministre, fait de nombreuses  annonces suite \u00e0 sa mission \u00ab exigence des savoirs \u00bb, est-on enfin en  train de mettre la transmission des savoirs au premier plan ? Notre  minist\u00e8re s\u2019\u00e9tait surtout complu ces derni\u00e8res ann\u00e9es dans le <em>tout comp\u00e9tences<\/em>,  et nettement moins dans le domaine de l\u2019exigence. Pensons \u00e0 l\u2019abandon  quasi d\u00e9finitif du redoublement sans qu\u2019aucune alternative ait \u00e9t\u00e9 mise  en place, par exemple. Non pas que le redoublement soit la panac\u00e9e, mais  le passage automatique de classe en classe sur le grand tapis roulant  du syst\u00e8me, et ce, quel que soit le niveau de l\u2019\u00e9l\u00e8ve, l\u2019est encore  moins. De ce point de vue, rendre le pouvoir de d\u00e9cision aux  professionnels que nous sommes est un signal positif, bien au-del\u00e0 du  d\u00e9bat sur l\u2019utilit\u00e9 ou non du redoublement.<\/p><p>Il faut dire que les  alternatives au redoublement co\u00fbtent cher : il faut davantage  d\u2019enseignants, moins d\u2019\u00e9l\u00e8ves par classe, des heures en petits  effectifs. Les groupes et la \u00ab pr\u00e9pa-lyc\u00e9e \u00bb que vous annoncez, qui  correspondent \u00e0 des <a href=\"https:\/\/snalc.fr\/college-modulaire\/\">propositions du SNALC<\/a>,  ne se feront pas \u00e0 moyens constants. Nous prenons acte des  modifications que vous venez d\u2019annoncer, et qui doivent s\u2019inscrire dans  la dur\u00e9e, au vu des suppressions massives faites par vos pr\u00e9d\u00e9cesseurs  alors que la d\u00e9mographie, \u00e0 l\u2019\u00e9poque, augmentait. Le SNALC continue de  revendiquer qu\u2019il n\u2019y ait aucune suppression de postes dans le premier  degr\u00e9 et que l\u2019on r\u00e9tablisse la technologie en classe de sixi\u00e8me. On ne  fera pas une \u00c9cole de qualit\u00e9 en ayant comme principal objectif les  \u00e9conomies budg\u00e9taires, et nous demandons que la volont\u00e9 affich\u00e9e de  cr\u00e9er des groupes et des ann\u00e9es prop\u00e9deutiques cr\u00e9e un \u00ab choc des  salaires \u00bb et un \u00ab choc des ressources humaines \u00bb. Prenez l\u2019\u00e9cole  inclusive : le dernier projet en date part du principe que le bon taux  d\u2019encadrement est d\u2019un personnel AESH pour 4 \u00e0 5 \u00e9l\u00e8ves en situation de  handicap, en moyenne. On ne nous fera pas croire que la priorit\u00e9 est  l\u2019accompagnement de l\u2019\u00e9l\u00e8ve et la compensation de son handicap : la  priorit\u00e9, ici, est d\u2019accueillir pour pas cher.<\/p><p>En effet, notre  employeur, qui peut \u00eatre si exigeant quand il s\u2019agit de nous \u00e9valuer et  de nous contr\u00f4ler, a longtemps donn\u00e9 dans le laxisme et dans la  poussi\u00e8re-sous-le-tapis pour tout le reste. Alors que vous visez \u00e0  renforcer la place du dipl\u00f4me du brevet, votre cons\u0153ur Carole Grandjean  supprime 4 semaines de cours en terminale professionnelle. L\u2019ann\u00e9e  scolaire pr\u00e9parant au baccalaur\u00e9at durerait ainsi\u2026 22 semaines. On est  pass\u00e9 du bac pro 4 ans au bac pro 3 ans, et maintenant au bac pro 2,5  ans, avec 170 heures de cours en moins pour un \u00e9l\u00e8ve de lyc\u00e9e pro sur sa  scolarit\u00e9. L\u2019exigence n\u2019est clairement pas au rendez-vous pour ces  \u00e9l\u00e8ves-l\u00e0, d\u2019o\u00f9 la pr\u00e9sence active du SNALC dans l\u2019intersyndicale  majoritaire qui s\u2019oppose \u00e0 cette r\u00e9forme.<\/p><p>Le SNALC tient \u00e0 rappeler que l\u2019\u00e9tat d\u00e9grad\u00e9 de notre \u00c9cole n\u2019est en rien d\u00fb aux personnels. Si l\u2019on n\u2019arrive pas \u00e0 recruter\u00a0<span style=\"font-size: 10.5pt; font-family: var( --e-global-typography-text-font-family ), Sans-serif; font-weight: var( --e-global-typography-text-font-weight ); color: var( --e-global-color-c94e945 ); letter-spacing: 0px;\">\u2013\u00a0<\/span><span style=\"font-family: var( --e-global-typography-text-font-family ), Sans-serif; font-weight: var( --e-global-typography-text-font-weight ); color: var( --e-global-color-c94e945 ); letter-spacing: 0px;\">car nous sommes, avant tout, mal pay\u00e9s\u00a0<\/span><span style=\"font-size: 10.5pt; font-family: var( --e-global-typography-text-font-family ), Sans-serif; font-weight: var( --e-global-typography-text-font-weight ); color: var( --e-global-color-c94e945 ); letter-spacing: 0px;\">\u2013<\/span><span style=\"color: var( --e-global-color-c94e945 ); font-family: var( --e-global-typography-text-font-family ), Sans-serif; font-weight: var( --e-global-typography-text-font-weight ); letter-spacing: 0px;\">\u00a0ce  n\u2019est pas la faute des personnels, mais celle de l\u2019employeur. Le SNALC  rappelle aussi que la politique men\u00e9e sur la formation continue des  enseignants du second degr\u00e9 hors du temps devant \u00e9l\u00e8ves est une  catastrophe, et qu\u2019il faut revenir dessus au plus vite.<\/span><\/p><p>C\u2019est  pour ces raisons, et pour bien d\u2019autres, que le SNALC est un syndicat  exigeant, et un syndicat qui d\u00e9fend l\u2019exigence. Car notre minist\u00e8re est  le premier employeur de France. Car l\u2019accomplissement de nos missions  permet \u00e0 la R\u00e9publique d\u2019exister et de perdurer. Car nous sommes des  professionnels, et que nous devons \u00eatre trait\u00e9s comme tels.<\/p><p>Je vous remercie.<\/p> <\/div> <\/div> <\/div> <\/div> <\/div> <\/section> <section class=\"elementor-section elementor-top-section elementor-element elementor-element-00ed0dc elementor-section-boxed elementor-section-height-default elementor-section-height-default\" data-id=\"00ed0dc\" data-element_type=\"section\"> <div class=\"elementor-container elementor-column-gap-default\"> <div class=\"elementor-column elementor-col-100 elementor-top-column elementor-element elementor-element-86fb735\" data-id=\"86fb735\" data-element_type=\"column\"> <div class=\"elementor-widget-wrap elementor-element-populated\"> <div class=\"elementor-element elementor-element-c914ea4 elementor-align-center elementor-widget elementor-widget-button\" data-id=\"c914ea4\" data-element_type=\"widget\" data-widget_type=\"button.default\"> <div class=\"elementor-widget-container\"> <div class=\"elementor-button-wrapper\"> <a class=\"elementor-button elementor-button-link elementor-size-sm\" href=\"https:\/\/snalc.fr\/wp-content\/uploads\/CSAM_decla_SNALC_20231221.pdf\"> <span class=\"elementor-button-content-wrapper\"> <span class=\"elementor-button-icon elementor-align-icon-left\"> <i aria-hidden=\"true\" class=\"fas fa-file-download\"><\/i> <\/span> <span class=\"elementor-button-text\">T\u00e9l\u00e9charger la d\u00e9claration du SNALC<\/span> <\/span> <\/a> <\/div> <\/div> <\/div><\/div><\/div><\/div><\/section><\/div><\/div><\/div><\/div><\/div><\/div><\/section><\/div><\/p>\n","protected":false},"excerpt":{"rendered":"<p>\u00a9 istock_piranka-1207360622 Monsieur le Ministre, Mesdames et Messieurs les repr\u00e9sentants de l\u2019administration, Mesdames et Messieurs les membres \u00e9lus du comit\u00e9, \u00a0 Alors que la derni\u00e8re enqu\u00eate PISA confirme la crise [&hellip;]<\/p>\n","protected":false},"author":1,"featured_media":0,"comment_status":"closed","ping_status":"closed","sticky":false,"template":"","format":"standard","meta":{"_lmt_disableupdate":"","_lmt_disable":"","site-sidebar-layout":"default","site-content-layout":"","ast-site-content-layout":"default","site-content-style":"default","site-sidebar-style":"default","ast-global-header-display":"","ast-banner-title-visibility":"","ast-main-header-display":"","ast-hfb-above-header-display":"","ast-hfb-below-header-display":"","ast-hfb-mobile-header-display":"","site-post-title":"","ast-breadcrumbs-content":"","ast-featured-img":"","footer-sml-layout":"","ast-disable-related-posts":"","theme-transparent-header-meta":"","adv-header-id-meta":"","stick-header-meta":"","header-above-stick-meta":"","header-main-stick-meta":"","header-below-stick-meta":"","astra-migrate-meta-layouts":"set","ast-page-background-enabled":"default","ast-page-background-meta":{"desktop":{"background-color":"var(--ast-global-color-4)","background-image":"","background-repeat":"repeat","background-position":"center center","background-size":"auto","background-attachment":"scroll","background-type":"","background-media":"","overlay-type":"","overlay-color":"","overlay-opacity":"","overlay-gradient":""},"tablet":{"background-color":"","background-image":"","background-repeat":"repeat","background-position":"center center","background-size":"auto","background-attachment":"scroll","background-type":"","background-media":"","overlay-type":"","overlay-color":"","overlay-opacity":"","overlay-gradient":""},"mobile":{"background-color":"","background-image":"","background-repeat":"repeat","background-position":"center center","background-size":"auto","background-attachment":"scroll","background-type":"","background-media":"","overlay-type":"","overlay-color":"","overlay-opacity":"","overlay-gradient":""}},"ast-content-background-meta":{"desktop":{"background-color":"var(--ast-global-color-5)","background-image":"","background-repeat":"repeat","background-position":"center center","background-size":"auto","background-attachment":"scroll","background-type":"","background-media":"","overlay-type":"","overlay-color":"","overlay-opacity":"","overlay-gradient":""},"tablet":{"background-color":"var(--ast-global-color-5)","background-image":"","background-repeat":"repeat","background-position":"center center","background-size":"auto","background-attachment":"scroll","background-type":"","background-media":"","overlay-type":"","overlay-color":"","overlay-opacity":"","overlay-gradient":""},"mobile":{"background-color":"var(--ast-global-color-5)","background-image":"","background-repeat":"repeat","background-position":"center center","background-size":"auto","background-attachment":"scroll","background-type":"","background-media":"","overlay-type":"","overlay-color":"","overlay-opacity":"","overlay-gradient":""}},"footnotes":""},"categories":[38],"tags":[],"class_list":["post-2495","post","type-post","status-publish","format-standard","hentry","category-actualites-2023-2024"],"modified_by":"slecourtier","_links":{"self":[{"href":"https:\/\/snalc.org\/snalc2023\/index.php?rest_route=\/wp\/v2\/posts\/2495","targetHints":{"allow":["GET"]}}],"collection":[{"href":"https:\/\/snalc.org\/snalc2023\/index.php?rest_route=\/wp\/v2\/posts"}],"about":[{"href":"https:\/\/snalc.org\/snalc2023\/index.php?rest_route=\/wp\/v2\/types\/post"}],"author":[{"embeddable":true,"href":"https:\/\/snalc.org\/snalc2023\/index.php?rest_route=\/wp\/v2\/users\/1"}],"replies":[{"embeddable":true,"href":"https:\/\/snalc.org\/snalc2023\/index.php?rest_route=%2Fwp%2Fv2%2Fcomments&post=2495"}],"version-history":[{"count":1,"href":"https:\/\/snalc.org\/snalc2023\/index.php?rest_route=\/wp\/v2\/posts\/2495\/revisions"}],"predecessor-version":[{"id":2496,"href":"https:\/\/snalc.org\/snalc2023\/index.php?rest_route=\/wp\/v2\/posts\/2495\/revisions\/2496"}],"wp:attachment":[{"href":"https:\/\/snalc.org\/snalc2023\/index.php?rest_route=%2Fwp%2Fv2%2Fmedia&parent=2495"}],"wp:term":[{"taxonomy":"category","embeddable":true,"href":"https:\/\/snalc.org\/snalc2023\/index.php?rest_route=%2Fwp%2Fv2%2Fcategories&post=2495"},{"taxonomy":"post_tag","embeddable":true,"href":"https:\/\/snalc.org\/snalc2023\/index.php?rest_route=%2Fwp%2Fv2%2Ftags&post=2495"}],"curies":[{"name":"wp","href":"https:\/\/api.w.org\/{rel}","templated":true}]}}