{"id":2497,"date":"2023-12-22T20:49:25","date_gmt":"2023-12-22T19:49:25","guid":{"rendered":"https:\/\/snalc.org\/snalc2023\/?p=2497"},"modified":"2023-12-22T20:49:27","modified_gmt":"2023-12-22T19:49:27","slug":"audience-avec-le-ministre-le-snalc-porte-les-priorites-des-personnels","status":"publish","type":"post","link":"https:\/\/snalc.org\/snalc2023\/?p=2497","title":{"rendered":"Audience avec le ministre : le SNALC porte les priorit\u00e9s des personnels"},"content":{"rendered":"\n<ul class=\"wp-block-list\">\n<li><a href=\"https:\/\/snalc.fr\/category\/actualites\/\"><\/a><\/li>\n<\/ul>\n\n\n\n<figure class=\"wp-block-image\"><img decoding=\"async\" src=\"https:\/\/snalc.fr\/wp-content\/uploads\/reunion_freepik_master1305-155003-13909.jpg\" alt=\"\" class=\"wp-image-35397\"\/><figcaption class=\"wp-element-caption\">\u00a9 freepik_master1305-155003-13909<\/figcaption><\/figure>\n\n\n\n<p>Le <strong>SNALC<\/strong> a \u00e9t\u00e9 re\u00e7u en audience par Gabriel Attal ce vendredi 22 d\u00e9cembre 2023, et a pu porter les nombreuses revendications des personnels de l\u2019\u00c9ducation nationale.<\/p>\n\n\n\n<p>La priorit\u00e9 absolue du <strong>SNALC<\/strong> est celle de l\u2019attractivit\u00e9 de nos m\u00e9tiers, qui est corr\u00e9l\u00e9e \u00e0 notre niveau de r\u00e9mun\u00e9ration. Le <strong>SNALC<\/strong> continue de demander un rattrapage salarial pluriannuel. Nous avons \u00e9galement dress\u00e9 le portrait objectif des conditions de travail r\u00e9elles de nos coll\u00e8gues, qui se sont fortement d\u00e9grad\u00e9es ces derni\u00e8res ann\u00e9es, comme en t\u00e9moignent les nombreuses agressions m\u00e9diatis\u00e9es ces derni\u00e8res semaines. Ces derni\u00e8res ne sont pourtant que la partie \u00e9merg\u00e9e de l\u2019iceberg. Le <strong>SNALC<\/strong> a \u00e9galement rappel\u00e9 l\u2019\u00e9tat de d\u00e9sh\u00e9rence absolue de la m\u00e9decine du travail et les r\u00e9sultats catastrophiques de l\u2019enqu\u00eate qu\u2019il a men\u00e9e l\u2019an dernier sur l\u2019accompagnement des personnels en situation de handicap. Sur le dossier des conditions de travail, le <strong>SNALC<\/strong> a marqu\u00e9 sa totale opposition \u00e0 la politique du minist\u00e8re sur la formation continue des professeurs du second degr\u00e9 hors temps devant \u00e9l\u00e8ves.<\/p>\n\n\n\n<p>Le <strong>SNALC<\/strong> a \u00e9galement port\u00e9 le dossier de la gestion de l\u2019\u00e9cole inclusive, qui est une source de souffrance terrible pour la quasi-totalit\u00e9 des coll\u00e8gues d\u2019apr\u00e8s notre r\u00e9cente enqu\u00eate. Il a demand\u00e9 officiellement la cr\u00e9ation d\u2019un corps de fonctionnaire pour les AESH. Il a \u00e9galement remont\u00e9 les probl\u00e8mes de mise en \u0153uvre de la CDIsation des assistants d\u2019\u00e9ducation.<\/p>\n\n\n\n<p>Le <strong>SNALC<\/strong> a \u00e9chang\u00e9 sur les annonces faites par le ministre dans le cadre du \u00ab&nbsp;choc des savoirs&nbsp;\u00bb. Certaines correspondent aux attentes de nos coll\u00e8gues (classes pr\u00e9pa-lyc\u00e9es, r\u00f4le du dipl\u00f4me du brevet). Certaines vont dans le bon sens, mais n\u00e9cessitent des moyens concrets pour une mise en \u0153uvre d\u00e8s la rentr\u00e9e 2024 (groupes de niveau en fran\u00e7ais et math\u00e9matiques), condition sine qua non de leur r\u00e9ussite. \u00c0 ce sujet, l\u2019annonce sur l\u2019arr\u00eat des suppressions de postes dans le second degr\u00e9 est une bonne nouvelle, tant que la mesure est p\u00e9rennis\u00e9e sur le long terme. Certaines enfin doivent \u00eatre abandonn\u00e9es (suppression de cours d\u2019autres disciplines pour renforcer le fran\u00e7ais et les math\u00e9matiques). Le <strong>SNALC<\/strong> a demand\u00e9 le retour de la technologie en classe de sixi\u00e8me.<\/p>\n\n\n\n<p>Enfin, le <strong>SNALC<\/strong> a indiqu\u00e9 au ministre qu\u2019il lui convenait d\u2019agir rapidement pour \u00e9viter l\u2019embrasement en CPGE suite aux annonces faites par le recteur de Paris.<\/p>\n\n\n\n<p>Le <strong>SNALC<\/strong> salue la qualit\u00e9 d\u2019\u00e9coute du ministre, mais jugera comme toujours aux actes et aux textes r\u00e8glementaires. Il rappelle que le minist\u00e8re doit marcher sur deux jambes&nbsp;: de bonnes id\u00e9es sur le plan p\u00e9dagogique ne peuvent r\u00e9ussir que si les ressources humaines suivent, et les salaires avec.<\/p>\n\n\n\n<p><a href=\"https:\/\/snalc.fr\/wp-content\/uploads\/20231222_compresse_audience_ministre.pdf\">T\u00e9l\u00e9charger<\/a><\/p>\n","protected":false},"excerpt":{"rendered":"<p>Le SNALC a \u00e9t\u00e9 re\u00e7u en audience par Gabriel Attal ce vendredi 22 d\u00e9cembre 2023, et a pu porter les nombreuses revendications des personnels de l\u2019\u00c9ducation nationale. La priorit\u00e9 absolue [&hellip;]<\/p>\n","protected":false},"author":1,"featured_media":0,"comment_status":"closed","ping_status":"closed","sticky":false,"template":"","format":"standard","meta":{"_lmt_disableupdate":"","_lmt_disable":"","site-sidebar-layout":"default","site-content-layout":"","ast-site-content-layout":"default","site-content-style":"default","site-sidebar-style":"default","ast-global-header-display":"","ast-banner-title-visibility":"","ast-main-header-display":"","ast-hfb-above-header-display":"","ast-hfb-below-header-display":"","ast-hfb-mobile-header-display":"","site-post-title":"","ast-breadcrumbs-content":"","ast-featured-img":"","footer-sml-layout":"","ast-disable-related-posts":"","theme-transparent-header-meta":"","adv-header-id-meta":"","stick-header-meta":"","header-above-stick-meta":"","header-main-stick-meta":"","header-below-stick-meta":"","astra-migrate-meta-layouts":"set","ast-page-background-enabled":"default","ast-page-background-meta":{"desktop":{"background-color":"var(--ast-global-color-4)","background-image":"","background-repeat":"repeat","background-position":"center center","background-size":"auto","background-attachment":"scroll","background-type":"","background-media":"","overlay-type":"","overlay-color":"","overlay-opacity":"","overlay-gradient":""},"tablet":{"background-color":"","background-image":"","background-repeat":"repeat","background-position":"center center","background-size":"auto","background-attachment":"scroll","background-type":"","background-media":"","overlay-type":"","overlay-color":"","overlay-opacity":"","overlay-gradient":""},"mobile":{"background-color":"","background-image":"","background-repeat":"repeat","background-position":"center center","background-size":"auto","background-attachment":"scroll","background-type":"","background-media":"","overlay-type":"","overlay-color":"","overlay-opacity":"","overlay-gradient":""}},"ast-content-background-meta":{"desktop":{"background-color":"var(--ast-global-color-5)","background-image":"","background-repeat":"repeat","background-position":"center center","background-size":"auto","background-attachment":"scroll","background-type":"","background-media":"","overlay-type":"","overlay-color":"","overlay-opacity":"","overlay-gradient":""},"tablet":{"background-color":"var(--ast-global-color-5)","background-image":"","background-repeat":"repeat","background-position":"center center","background-size":"auto","background-attachment":"scroll","background-type":"","background-media":"","overlay-type":"","overlay-color":"","overlay-opacity":"","overlay-gradient":""},"mobile":{"background-color":"var(--ast-global-color-5)","background-image":"","background-repeat":"repeat","background-position":"center center","background-size":"auto","background-attachment":"scroll","background-type":"","background-media":"","overlay-type":"","overlay-color":"","overlay-opacity":"","overlay-gradient":""}},"footnotes":""},"categories":[38],"tags":[],"class_list":["post-2497","post","type-post","status-publish","format-standard","hentry","category-actualites-2023-2024"],"modified_by":"slecourtier","_links":{"self":[{"href":"https:\/\/snalc.org\/snalc2023\/index.php?rest_route=\/wp\/v2\/posts\/2497","targetHints":{"allow":["GET"]}}],"collection":[{"href":"https:\/\/snalc.org\/snalc2023\/index.php?rest_route=\/wp\/v2\/posts"}],"about":[{"href":"https:\/\/snalc.org\/snalc2023\/index.php?rest_route=\/wp\/v2\/types\/post"}],"author":[{"embeddable":true,"href":"https:\/\/snalc.org\/snalc2023\/index.php?rest_route=\/wp\/v2\/users\/1"}],"replies":[{"embeddable":true,"href":"https:\/\/snalc.org\/snalc2023\/index.php?rest_route=%2Fwp%2Fv2%2Fcomments&post=2497"}],"version-history":[{"count":1,"href":"https:\/\/snalc.org\/snalc2023\/index.php?rest_route=\/wp\/v2\/posts\/2497\/revisions"}],"predecessor-version":[{"id":2498,"href":"https:\/\/snalc.org\/snalc2023\/index.php?rest_route=\/wp\/v2\/posts\/2497\/revisions\/2498"}],"wp:attachment":[{"href":"https:\/\/snalc.org\/snalc2023\/index.php?rest_route=%2Fwp%2Fv2%2Fmedia&parent=2497"}],"wp:term":[{"taxonomy":"category","embeddable":true,"href":"https:\/\/snalc.org\/snalc2023\/index.php?rest_route=%2Fwp%2Fv2%2Fcategories&post=2497"},{"taxonomy":"post_tag","embeddable":true,"href":"https:\/\/snalc.org\/snalc2023\/index.php?rest_route=%2Fwp%2Fv2%2Ftags&post=2497"}],"curies":[{"name":"wp","href":"https:\/\/api.w.org\/{rel}","templated":true}]}}