{"id":2517,"date":"2024-01-02T16:31:23","date_gmt":"2024-01-02T15:31:23","guid":{"rendered":"https:\/\/snalc.org\/snalc2023\/?p=2517"},"modified":"2024-01-02T16:31:26","modified_gmt":"2024-01-02T15:31:26","slug":"allocation-iufm-et-retraite-enfin","status":"publish","type":"post","link":"https:\/\/snalc.org\/snalc2023\/?p=2517","title":{"rendered":"Allocation IUFM et retraite : enfin !"},"content":{"rendered":"\n<figure class=\"wp-block-image\"><img decoding=\"async\" src=\"https:\/\/snalc.fr\/wp-content\/uploads\/prof_istockphoto-Ridofranz-1278976696.jpg\" alt=\"\" class=\"wp-image-35582\"\/><figcaption class=\"wp-element-caption\">\u00a9 istockphoto-Ridofranz-1278976696<\/figcaption><\/figure>\n\n\n\n<p><strong>Le SNALC avait annonc\u00e9 la parution prochaine du d\u00e9cret en application de &nbsp;la loi de 1991 prenant en compte l\u2019allocation de premi\u00e8re ann\u00e9e d\u2019IUFM des allocations IUFM pour les droits \u00e0 pension.<\/strong><\/p>\n\n\n\n<p><strong>Ce d\u00e9cret tant attendu et tant r\u00e9clam\u00e9, pr\u00e9vu pour l\u2019automne 2023 vient enfin de para\u00eetre au <a href=\"https:\/\/www.legifrance.gouv.fr\/jorf\/id\/JORFTEXT000048729173\">\u00ab Journal officiel \u00bb du 30 d\u00e9cembre 2023<\/a>.<\/strong><\/p>\n\n\n\n<p><strong>Le d\u00e9cret pr\u00e9voit que les p\u00e9riodes \u00e9ligibles sont prises en compte pour moiti\u00e9 \u00e0 titre gratuit. Les personnes \u00e9ligibles doivent formuler une demande aupr\u00e8s de l\u2019administration dont elles rel\u00e8vent douze mois avant la date souhait\u00e9e d\u2019admission \u00e0 la retraite.<\/strong><\/p>\n\n\n\n<blockquote class=\"wp-block-quote is-layout-flow wp-block-quote-is-layout-flow\">\n<p><em>Article 1<\/em><br><em>Les p\u00e9riodes mentionn\u00e9es \u00e0 l\u2019<a href=\"https:\/\/www.legifrance.gouv.fr\/affichTexteArticle.do?cidTexte=JORFTEXT000000355009&amp;idArticle=LEGIARTI000006450823&amp;dateTexte=&amp;categorieLien=cid\">article 14<\/a> de la loi du 26 juillet 1991 susvis\u00e9e sont prises en compte, pour moiti\u00e9, pour la constitution du droit \u00e0 pension et la liquidation de la pension.<\/em><\/p>\n\n\n\n<p><em>Article 2<\/em><br><em>La demande de prise en compte des p\u00e9riodes mentionn\u00e9es \u00e0 l\u2019article 1er du pr\u00e9sent d\u00e9cret est adress\u00e9e par la personne \u00e9ligible \u00e0 l\u2019administration dont elle rel\u00e8ve au moment du d\u00e9p\u00f4t de cette demande ou, \u00e0 d\u00e9faut, \u00e0 la derni\u00e8re administration dont elle relevait.<\/em><br><br><em>Article 3<\/em><br><em>La demande mentionn\u00e9e \u00e0 l\u2019article 2 est faite au plus tard douze mois avant la date \u00e0 laquelle la personne \u00e9ligible souhaite \u00eatre admise \u00e0 la retraite.<\/em><br><em>Pour les admissions \u00e0 la retraite pr\u00e9vues moins de douze mois apr\u00e8s la date d\u2019entr\u00e9e en vigueur du pr\u00e9sent d\u00e9cret, la demande mentionn\u00e9e \u00e0 l\u2019article 2 est faite avant la date \u00e0 laquelle elles souhaitent \u00eatre admises \u00e0 la retraite au plus tard dans un d\u00e9lai de six mois \u00e0 compter de la notification de la d\u00e9cision initiale de concession de la pension.<\/em><br><em>Les personnes qui ont d\u00e9j\u00e0 \u00e9t\u00e9 admises \u00e0 la retraite \u00e0 la date d\u2019entr\u00e9e en vigueur du pr\u00e9sent d\u00e9cret d\u00e9posent leur demande dans un d\u00e9lai de douze mois \u00e0 compter de cette m\u00eame date.<\/em><br><br><em>Article 4<\/em><br><em>Le ministre de l\u2019\u00e9ducation nationale et de la jeunesse et le ministre de la transformation et de la fonction publiques sont charg\u00e9s, chacun en ce qui le concerne, de l\u2019ex\u00e9cution du pr\u00e9sent d\u00e9cret, qui sera publi\u00e9 au Journal officiel de la R\u00e9publique fran\u00e7aise.<\/em><\/p>\n<cite>R\u00e9dig\u00e9 par Fr\u00e9d\u00e9ric ELEUCHE, responsable national du SNALC charg\u00e9 des retraites<br><a href=\"https:\/\/snalc.fr\/2024\/01\/01\/\"><\/a><\/cite><\/blockquote>\n","protected":false},"excerpt":{"rendered":"<p>Le SNALC avait annonc\u00e9 la parution prochaine du d\u00e9cret en application de &nbsp;la loi de 1991 prenant en compte l\u2019allocation de premi\u00e8re ann\u00e9e d\u2019IUFM des allocations IUFM pour les droits [&hellip;]<\/p>\n","protected":false},"author":1,"featured_media":0,"comment_status":"closed","ping_status":"closed","sticky":false,"template":"","format":"standard","meta":{"_lmt_disableupdate":"","_lmt_disable":"","site-sidebar-layout":"default","site-content-layout":"","ast-site-content-layout":"default","site-content-style":"default","site-sidebar-style":"default","ast-global-header-display":"","ast-banner-title-visibility":"","ast-main-header-display":"","ast-hfb-above-header-display":"","ast-hfb-below-header-display":"","ast-hfb-mobile-header-display":"","site-post-title":"","ast-breadcrumbs-content":"","ast-featured-img":"","footer-sml-layout":"","ast-disable-related-posts":"","theme-transparent-header-meta":"","adv-header-id-meta":"","stick-header-meta":"","header-above-stick-meta":"","header-main-stick-meta":"","header-below-stick-meta":"","astra-migrate-meta-layouts":"set","ast-page-background-enabled":"default","ast-page-background-meta":{"desktop":{"background-color":"var(--ast-global-color-4)","background-image":"","background-repeat":"repeat","background-position":"center center","background-size":"auto","background-attachment":"scroll","background-type":"","background-media":"","overlay-type":"","overlay-color":"","overlay-opacity":"","overlay-gradient":""},"tablet":{"background-color":"","background-image":"","background-repeat":"repeat","background-position":"center center","background-size":"auto","background-attachment":"scroll","background-type":"","background-media":"","overlay-type":"","overlay-color":"","overlay-opacity":"","overlay-gradient":""},"mobile":{"background-color":"","background-image":"","background-repeat":"repeat","background-position":"center center","background-size":"auto","background-attachment":"scroll","background-type":"","background-media":"","overlay-type":"","overlay-color":"","overlay-opacity":"","overlay-gradient":""}},"ast-content-background-meta":{"desktop":{"background-color":"var(--ast-global-color-5)","background-image":"","background-repeat":"repeat","background-position":"center center","background-size":"auto","background-attachment":"scroll","background-type":"","background-media":"","overlay-type":"","overlay-color":"","overlay-opacity":"","overlay-gradient":""},"tablet":{"background-color":"var(--ast-global-color-5)","background-image":"","background-repeat":"repeat","background-position":"center center","background-size":"auto","background-attachment":"scroll","background-type":"","background-media":"","overlay-type":"","overlay-color":"","overlay-opacity":"","overlay-gradient":""},"mobile":{"background-color":"var(--ast-global-color-5)","background-image":"","background-repeat":"repeat","background-position":"center center","background-size":"auto","background-attachment":"scroll","background-type":"","background-media":"","overlay-type":"","overlay-color":"","overlay-opacity":"","overlay-gradient":""}},"footnotes":""},"categories":[38],"tags":[],"class_list":["post-2517","post","type-post","status-publish","format-standard","hentry","category-actualites-2023-2024"],"modified_by":"slecourtier","_links":{"self":[{"href":"https:\/\/snalc.org\/snalc2023\/index.php?rest_route=\/wp\/v2\/posts\/2517","targetHints":{"allow":["GET"]}}],"collection":[{"href":"https:\/\/snalc.org\/snalc2023\/index.php?rest_route=\/wp\/v2\/posts"}],"about":[{"href":"https:\/\/snalc.org\/snalc2023\/index.php?rest_route=\/wp\/v2\/types\/post"}],"author":[{"embeddable":true,"href":"https:\/\/snalc.org\/snalc2023\/index.php?rest_route=\/wp\/v2\/users\/1"}],"replies":[{"embeddable":true,"href":"https:\/\/snalc.org\/snalc2023\/index.php?rest_route=%2Fwp%2Fv2%2Fcomments&post=2517"}],"version-history":[{"count":1,"href":"https:\/\/snalc.org\/snalc2023\/index.php?rest_route=\/wp\/v2\/posts\/2517\/revisions"}],"predecessor-version":[{"id":2518,"href":"https:\/\/snalc.org\/snalc2023\/index.php?rest_route=\/wp\/v2\/posts\/2517\/revisions\/2518"}],"wp:attachment":[{"href":"https:\/\/snalc.org\/snalc2023\/index.php?rest_route=%2Fwp%2Fv2%2Fmedia&parent=2517"}],"wp:term":[{"taxonomy":"category","embeddable":true,"href":"https:\/\/snalc.org\/snalc2023\/index.php?rest_route=%2Fwp%2Fv2%2Fcategories&post=2517"},{"taxonomy":"post_tag","embeddable":true,"href":"https:\/\/snalc.org\/snalc2023\/index.php?rest_route=%2Fwp%2Fv2%2Ftags&post=2517"}],"curies":[{"name":"wp","href":"https:\/\/api.w.org\/{rel}","templated":true}]}}