{"id":2564,"date":"2024-01-14T20:12:14","date_gmt":"2024-01-14T19:12:14","guid":{"rendered":"https:\/\/snalc.org\/snalc2023\/?p=2564"},"modified":"2024-01-14T20:12:19","modified_gmt":"2024-01-14T19:12:19","slug":"cnews-1re-journee-1re-polemique-pour-amelie-oudea-castera","status":"publish","type":"post","link":"https:\/\/snalc.org\/snalc2023\/?p=2564","title":{"rendered":"CNEWS \u2013 1re journ\u00e9e, 1re pol\u00e9mique pour Am\u00e9lie Oud\u00e9a-Cast\u00e9ra"},"content":{"rendered":"\n<ul class=\"wp-block-list\">\n<li><a href=\"https:\/\/snalc.fr\/category\/actualites\/\"><\/a><\/li>\n<\/ul>\n\n\n\n<figure class=\"wp-block-image\"><img decoding=\"async\" src=\"https:\/\/snalc.fr\/wp-content\/uploads\/bandeau_cnews.jpg\" alt=\"\" class=\"wp-image-6963\"\/><\/figure>\n\n\n\n<p>\u00ab Cette d\u00e9claration oblige \u00e0 des r\u00e9sultats, car maintenant, il n&rsquo;est plus question de s&rsquo;occuper simplement de ses enfants, mais aussi des enfants des autres.\u00bb<\/p>\n\n\n\n<figure class=\"wp-block-image\"><img decoding=\"async\" src=\"https:\/\/snalc.fr\/wp-content\/uploads\/Capture-decran-2022-03-05-a-14.20.21.png\" alt=\"\" class=\"wp-image-15267\"\/><\/figure>\n\n\n\n<p>Maxime REPPERT<\/p>\n\n\n\n<p>Vice-pr\u00e9sident du SNALC<\/p>\n\n\n\n<p><em><strong>Am\u00e9lie Oud\u00e9a-Cast\u00e9ra<\/strong> : \u201cBri\u00e8vement, cette histoire, c\u2019est celle de notre a\u00een\u00e9e, Vincent, qui a commenc\u00e9 comme sa maman \u00e0 l\u2019\u00e9cole publique, \u00e0 l\u2019\u00e9cole Littr\u00e9. Puis la frustration de ses parents, mon mari et moi, est venue lorsque nous avons constat\u00e9 des paquets d\u2019heures qui n\u2019\u00e9taient pas s\u00e9rieusement remplac\u00e9es. \u00c0 un moment donn\u00e9, nous en avons eu marre, tout comme des centaines de milliers de familles qui, \u00e0 un moment donn\u00e9, font un choix, voil\u00e0, d\u2019aller chercher une solution diff\u00e9rente. Et depuis, de mani\u00e8re continue, nous nous assurons que nos enfants sont non seulement bien form\u00e9s avec exigence dans la ma\u00eetrise des savoirs fondamentaux, mais aussi heureux.\u201d<\/em><\/p>\n\n\n\n<p><strong>Maxime Reppert, le vice-pr\u00e9sident national du SNALC (syndicat national des lyc\u00e9es, coll\u00e8ges, \u00e9coles et du sup\u00e9rieur), r\u00e9agit sur <a href=\"https:\/\/www.cnews.fr\/emission\/2024-01-13\/midi-news-week-end-emission-du-13012024-1440672\">CNEWS dans \u201cMidi News Weekend\u201d le 13 janvier 2024<\/a> sur la r\u00e9cente sortie de la ministre de l\u2019\u00c9ducation, Am\u00e9lie Oud\u00e9a-Cast\u00e9ra.<\/strong><\/p>\n\n\n\n<p><strong>France info \u2013 Thierry Cabannes<\/strong><\/p>\n\n\n\n<p>Je vais vous faire r\u00e9agir, bien \u00e9videmment, mais on va ouvrir le d\u00e9bat avec Maxime Reppert, vice-pr\u00e9sident du SNALC. Bonjour, Maxime Reppert. Merci d\u2019\u00eatre avec nous dans \u201cMidi News Weekend\u201d. Nous voulions absolument vous avoir, d\u2019abord, sur le premier d\u00e9placement, la rentr\u00e9e des classes de votre nouvelle ministre, et ensuite, sur cette pol\u00e9mique. La rentr\u00e9e des classes, qu\u2019en avez-vous pens\u00e9 ? M\u00e9gaphone, selfie\u2026 et la nouvelle ministre, ce n\u2019est plus Gabriel Attal, le ministre! Nous sommes bien d\u2019accord ?<\/p>\n\n\n\n<p><strong>SNALC \u2013 Maxime Reppert<\/strong><\/p>\n\n\n\n<p>Oui, effectivement, j\u2019ai entendu une voix qui portait fort, mais au niveau du SNALC, ce que nous attendons surtout, ce sont des actes et des d\u00e9cisions qui portent. J\u2019ai \u00e9galement vu ces images, entendu cette d\u00e9claration. Alors, je vous le dis tout de suite, le fait que notre nouvelle ministre mette ses enfants dans le priv\u00e9 rel\u00e8ve du priv\u00e9, c\u2019est une d\u00e9cision personnelle. Je n\u2019ai pas \u00e0 commenter ce choix-l\u00e0.&nbsp;<\/p>\n\n\n\n<p>Par contre, dans les justifications avanc\u00e9es, simplement vous dire une chose : ces heures de cours non remplac\u00e9es, \u00e9valu\u00e9es \u00e0 15 millions d\u2019heures par an, ne rel\u00e8vent pas de la responsabilit\u00e9 des enseignants absents pour des raisons de sant\u00e9. Je rappelle que les personnels de l\u2019\u00c9ducation nationale sont moins absents pour raisons de sant\u00e9 que les autres salari\u00e9s, qu\u2019ils soient du priv\u00e9 ou les autres fonctionnaires dans le public.&nbsp;<\/p>\n\n\n\n<p>Cela est simplement li\u00e9 \u00e0 une politique \u00e9ducative destructrice men\u00e9e depuis des ann\u00e9es. Depuis 2017, on assiste r\u00e9guli\u00e8rement \u00e0 des suppressions de postes inacceptables chaque ann\u00e9e. Cela avait d\u00e9j\u00e0 \u00e9t\u00e9 initi\u00e9 avant cette date. Elle fait en r\u00e9alit\u00e9 le constat d\u2019une politique \u00e9ducative destructrice. J\u2019ai envie de vous dire que cette d\u00e9claration oblige \u00e0 des r\u00e9sultats, car maintenant, il n\u2019est plus question de s\u2019occuper simplement de ses enfants, mais aussi des enfants des autres.(\u2026)<\/p>\n\n\n\n<p>\u00ab Beaucoup de coll\u00e8gues vont au travail avec la peur au ventre, et aucun territoire, aucun \u00e9tablissement n&rsquo;est \u00e9pargn\u00e9 [&#8230;] Nous attendons des actes forts, parmi lesquels notamment le r\u00e9tablissement de l&rsquo;autorit\u00e9 de l&rsquo;enseignant, associ\u00e9 \u00e0 de meilleures conditions de travail.\u00bb<\/p>\n\n\n\n<figure class=\"wp-block-image\"><img decoding=\"async\" src=\"https:\/\/snalc.fr\/wp-content\/uploads\/Capture-decran-2022-03-05-a-14.20.21.png\" alt=\"\" class=\"wp-image-15267\"\/><\/figure>\n\n\n\n<p>Maxime REPPERT<\/p>\n\n\n\n<p>Vice-pr\u00e9sident du SNALC<\/p>\n\n\n\n<p><strong>France info \u2013 Thierry Cabannes<\/strong><\/p>\n\n\n\n<p>Maxime, on vous a vu dans ce reportage. On est dans le concret maintenant, pas dans la cour de r\u00e9cr\u00e9ation avec le m\u00e9gaphone et les selfies. L\u00e0, on a besoin de r\u00e9ponses. Et vous en attendez, n\u2019est-ce pas ?<\/p>\n\n\n\n<p><strong>SNALC \u2013 Maxime Reppert<\/strong><\/p>\n\n\n\n<p>Naturellement, oui, nous attendons beaucoup parce qu\u2019on se rend compte que le m\u00e9tier devient de plus en plus \u00e0 risque. Beaucoup de coll\u00e8gues vont au travail avec la peur au ventre, et aucun territoire, aucun \u00e9tablissement n\u2019est \u00e9pargn\u00e9 par cette flamb\u00e9e de violence en milieu scolaire. Donc, \u00e0 un moment donn\u00e9, effectivement, la communication c\u2019est bien, l\u2019action c\u2019est mieux. Nous attendons des actes forts, parmi lesquels notamment le r\u00e9tablissement de l\u2019autorit\u00e9 de l\u2019enseignant, associ\u00e9 \u00e0 de meilleures conditions de travail.&nbsp;<\/p>\n\n\n\n<p>Il y a aussi cet enjeu de l\u2019image du m\u00e9tier d\u2019enseignant. Actuellement, les jeunes savent que le m\u00e9tier de prof n\u2019est pas facile, qu\u2019il n\u2019est pas assez pay\u00e9, et qu\u2019il n\u2019est pas reconnu \u00e9conomiquement et socialement. On le constate clairement lors des r\u00e9unions parents-professeurs. Moi, j\u2019entends r\u00e9guli\u00e8rement des parents dire, \u201cAh bah non, tu ne feras pas prof, tu feras mieux que \u00e7a\u201d. Donc l\u00e0, on est sur un probl\u00e8me de fond. On parle du quotidien, il faut am\u00e9liorer le climat scolaire, le climat de travail.&nbsp;<\/p>\n\n\n\n<p>Le SNALC propose des solutions pour am\u00e9liorer \u00e0 la fois le climat scolaire et le niveau des \u00e9l\u00e8ves, notamment au coll\u00e8ge avec notre projet du coll\u00e8ge modulaire, dont d\u2019ailleurs le ministre s\u2019est inspir\u00e9 avec la volont\u00e9 de cr\u00e9er des groupes de niveau. (\u2026)<\/p>\n\n\n\n<p>\u00ab On ne peut pas tout faire reposer sur les \u00e9paules des professeurs, parce que je rappelle que nous ne sommes pas l\u00e0 pour \u00e9lever les enfants des autres. La premi\u00e8re cellule d&rsquo;apprentissage d&rsquo;un enfant, c&rsquo;est la famille, ce n&rsquo;est pas l&rsquo;\u00e9cole.\u00bb<\/p>\n\n\n\n<figure class=\"wp-block-image\"><img decoding=\"async\" src=\"https:\/\/snalc.fr\/wp-content\/uploads\/Capture-decran-2022-03-05-a-14.20.21.png\" alt=\"\" class=\"wp-image-15267\"\/><\/figure>\n\n\n\n<p>Maxime REPPERT<\/p>\n\n\n\n<p>Vice-pr\u00e9sident du SNALC<\/p>\n\n\n\n<p><strong>France info \u2013 Thierry Cabannes<\/strong><\/p>\n\n\n\n<p>Maxime, est-ce que cet immense minist\u00e8re, ce minist\u00e8re XXL, vous inqui\u00e8te justement ?<\/p>\n\n\n\n<p><strong>SNALC \u2013 Maxime Reppert<\/strong><\/p>\n\n\n\n<p>Non, tr\u00e8s clairement non, parce que \u00e7a ne veut rien dire. Des regroupements de minist\u00e8res, on en a d\u00e9j\u00e0 eu par le pass\u00e9, que cela concerne l\u2019\u00c9ducation nationale ou d\u2019autres portefeuilles. Donc non, \u00e7a ne nous inqui\u00e8te pas, car le ton a \u00e9t\u00e9 donn\u00e9, c\u2019est celui de la continuit\u00e9 par rapport \u00e0 ce qu\u2019a entrepris son pr\u00e9d\u00e9cesseur, Gabriel Attal. Et puis, je rappelle aussi qu\u2019un ministre ne dirige pas seul un minist\u00e8re. Il y a toute une \u00e9quipe derri\u00e8re. Donc, l\u2019\u00e9tiquette de nomination ne m\u2019inqui\u00e8te pas plus que \u00e7a. C\u2019est surtout les d\u00e9cisions qui seront prises.<\/p>\n\n\n\n<p>Il y a de gros probl\u00e8mes de fond, y compris par rapport \u00e0 ce qui s\u2019est pass\u00e9 \u00e0 Mantes-la-Jolie, concernant le climat scolaire. Et je pense que cette d\u00e9gradation est li\u00e9e \u00e0 un certain nombre de d\u00e9cisions qui ont \u00e9t\u00e9 prises, \u00e0 un certain laisser-aller, un laxisme qui fait que l\u2019autorit\u00e9 de l\u2019enseignant est battue en br\u00e8che, \u00e0 tel point que des \u00e9l\u00e8ves, comme des parents, contestent les professionnels que nous sommes \u00e0 travers leur p\u00e9dagogie. \u00c7a, c\u2019est quelque chose d\u2019inacceptable.<\/p>\n\n\n\n<p>Les \u00e9l\u00e8ves et les parents sont devenus des consommateurs de l\u2019\u00e9cole. On a int\u00e9gr\u00e9 les parents dans l\u2019\u00e9quipe \u00e9ducative, ce qui n\u2019est pas une mauvaise chose en soi, mais derri\u00e8re, il faut qu\u2019il y ait aussi une forme de responsabilisation. Il faut responsabiliser les \u00e9l\u00e8ves lorsqu\u2019ils commettent des fautes, lorsqu\u2019ils commettent des d\u00e9lits, lorsqu\u2019ils commettent des crimes, et il faut en faire de m\u00eame avec les parents et avec les familles. On ne peut pas tout faire reposer sur les \u00e9paules des professeurs, parce que je rappelle que nous ne sommes pas l\u00e0 pour <em>\u00e9lever <\/em>les enfants des autres. La premi\u00e8re cellule d\u2019apprentissage d\u2019un enfant, c\u2019est la famille, ce n\u2019est pas l\u2019\u00e9cole.<\/p>\n\n\n\n<figure class=\"wp-block-embed is-type-video is-provider-dailymotion wp-block-embed-dailymotion wp-embed-aspect-16-9 wp-has-aspect-ratio\"><div class=\"wp-block-embed__wrapper\">\n<iframe title=\"Midi News Week-End (\u00c9mission du 13\/01\/2024)\" frameborder=\"0\" width=\"500\" height=\"281\" src=\"https:\/\/geo.dailymotion.com\/player.html?video=x8rfas1&#038;\" allowfullscreen allow=\"autoplay; fullscreen; picture-in-picture; web-share\"><\/iframe>\n<\/div><\/figure>\n\n\n\n<p><a href=\"https:\/\/snalc.fr\/contact\/\" target=\"_blank\" rel=\"noreferrer noopener\">Nous \u00e9crire<\/a><\/p>\n","protected":false},"excerpt":{"rendered":"<p>\u00ab Cette d\u00e9claration oblige \u00e0 des r\u00e9sultats, car maintenant, il n&rsquo;est plus question de s&rsquo;occuper simplement de ses enfants, mais aussi des enfants des autres.\u00bb Maxime REPPERT Vice-pr\u00e9sident du SNALC [&hellip;]<\/p>\n","protected":false},"author":1,"featured_media":0,"comment_status":"closed","ping_status":"closed","sticky":false,"template":"","format":"standard","meta":{"_lmt_disableupdate":"","_lmt_disable":"","site-sidebar-layout":"default","site-content-layout":"","ast-site-content-layout":"default","site-content-style":"default","site-sidebar-style":"default","ast-global-header-display":"","ast-banner-title-visibility":"","ast-main-header-display":"","ast-hfb-above-header-display":"","ast-hfb-below-header-display":"","ast-hfb-mobile-header-display":"","site-post-title":"","ast-breadcrumbs-content":"","ast-featured-img":"","footer-sml-layout":"","ast-disable-related-posts":"","theme-transparent-header-meta":"","adv-header-id-meta":"","stick-header-meta":"","header-above-stick-meta":"","header-main-stick-meta":"","header-below-stick-meta":"","astra-migrate-meta-layouts":"set","ast-page-background-enabled":"default","ast-page-background-meta":{"desktop":{"background-color":"var(--ast-global-color-4)","background-image":"","background-repeat":"repeat","background-position":"center center","background-size":"auto","background-attachment":"scroll","background-type":"","background-media":"","overlay-type":"","overlay-color":"","overlay-opacity":"","overlay-gradient":""},"tablet":{"background-color":"","background-image":"","background-repeat":"repeat","background-position":"center center","background-size":"auto","background-attachment":"scroll","background-type":"","background-media":"","overlay-type":"","overlay-color":"","overlay-opacity":"","overlay-gradient":""},"mobile":{"background-color":"","background-image":"","background-repeat":"repeat","background-position":"center center","background-size":"auto","background-attachment":"scroll","background-type":"","background-media":"","overlay-type":"","overlay-color":"","overlay-opacity":"","overlay-gradient":""}},"ast-content-background-meta":{"desktop":{"background-color":"var(--ast-global-color-5)","background-image":"","background-repeat":"repeat","background-position":"center center","background-size":"auto","background-attachment":"scroll","background-type":"","background-media":"","overlay-type":"","overlay-color":"","overlay-opacity":"","overlay-gradient":""},"tablet":{"background-color":"var(--ast-global-color-5)","background-image":"","background-repeat":"repeat","background-position":"center center","background-size":"auto","background-attachment":"scroll","background-type":"","background-media":"","overlay-type":"","overlay-color":"","overlay-opacity":"","overlay-gradient":""},"mobile":{"background-color":"var(--ast-global-color-5)","background-image":"","background-repeat":"repeat","background-position":"center center","background-size":"auto","background-attachment":"scroll","background-type":"","background-media":"","overlay-type":"","overlay-color":"","overlay-opacity":"","overlay-gradient":""}},"footnotes":""},"categories":[38],"tags":[],"class_list":["post-2564","post","type-post","status-publish","format-standard","hentry","category-actualites-2023-2024"],"modified_by":"slecourtier","_links":{"self":[{"href":"https:\/\/snalc.org\/snalc2023\/index.php?rest_route=\/wp\/v2\/posts\/2564","targetHints":{"allow":["GET"]}}],"collection":[{"href":"https:\/\/snalc.org\/snalc2023\/index.php?rest_route=\/wp\/v2\/posts"}],"about":[{"href":"https:\/\/snalc.org\/snalc2023\/index.php?rest_route=\/wp\/v2\/types\/post"}],"author":[{"embeddable":true,"href":"https:\/\/snalc.org\/snalc2023\/index.php?rest_route=\/wp\/v2\/users\/1"}],"replies":[{"embeddable":true,"href":"https:\/\/snalc.org\/snalc2023\/index.php?rest_route=%2Fwp%2Fv2%2Fcomments&post=2564"}],"version-history":[{"count":1,"href":"https:\/\/snalc.org\/snalc2023\/index.php?rest_route=\/wp\/v2\/posts\/2564\/revisions"}],"predecessor-version":[{"id":2565,"href":"https:\/\/snalc.org\/snalc2023\/index.php?rest_route=\/wp\/v2\/posts\/2564\/revisions\/2565"}],"wp:attachment":[{"href":"https:\/\/snalc.org\/snalc2023\/index.php?rest_route=%2Fwp%2Fv2%2Fmedia&parent=2564"}],"wp:term":[{"taxonomy":"category","embeddable":true,"href":"https:\/\/snalc.org\/snalc2023\/index.php?rest_route=%2Fwp%2Fv2%2Fcategories&post=2564"},{"taxonomy":"post_tag","embeddable":true,"href":"https:\/\/snalc.org\/snalc2023\/index.php?rest_route=%2Fwp%2Fv2%2Ftags&post=2564"}],"curies":[{"name":"wp","href":"https:\/\/api.w.org\/{rel}","templated":true}]}}