{"id":2572,"date":"2024-01-17T17:50:20","date_gmt":"2024-01-17T16:50:20","guid":{"rendered":"https:\/\/snalc.org\/snalc2023\/?p=2572"},"modified":"2024-01-17T17:50:22","modified_gmt":"2024-01-17T16:50:22","slug":"annonces-sur-lecole-le-president-aurait-du-reviser","status":"publish","type":"post","link":"https:\/\/snalc.org\/snalc2023\/?p=2572","title":{"rendered":"Annonces sur l\u2019\u00e9cole\u00a0: le pr\u00e9sident aurait d\u00fb r\u00e9viser"},"content":{"rendered":"\n<figure class=\"wp-block-image\"><img decoding=\"async\" src=\"https:\/\/snalc.fr\/wp-content\/uploads\/ignore_istockphoto-imtmphoto-526849490.jpg\" alt=\"\" class=\"wp-image-36544\"\/><figcaption class=\"wp-element-caption\">\u00a9 istockphoto-imtmphoto-526849490<\/figcaption><\/figure>\n\n\n\n<p>Le <strong>SNALC<\/strong> a \u00e9cout\u00e9 les \u00ab&nbsp;annonces&nbsp;\u00bb qu\u2019a faites Emmanuel Macron sur l\u2019\u00c9cole ce mardi 16 janvier. Nous n\u2019avons pas vu o\u00f9 \u00e9tait la priorit\u00e9 annonc\u00e9e.<\/p>\n\n\n\n<p>Le pr\u00e9sident de la R\u00e9publique avait oubli\u00e9 d\u2019apprendre son cours, puisqu\u2019il a indiqu\u00e9 souhaiter que la<em>&nbsp;Marseillaise<\/em> soit enseign\u00e9e \u00e0 l\u2019\u00c9cole et qu\u2019il y ait une c\u00e9r\u00e9monie de remise du dipl\u00f4me national du brevet. Or, tout cela existe d\u00e9j\u00e0. Citons les attendus de fin de CE2 qu\u2019on peut trouver dans les programmes actuels&nbsp;: <em>\u00ab&nbsp;Conna\u00eetre les valeurs, les principes et les symboles de la R\u00e9publique fran\u00e7aise : le drapeau, <strong>l\u2019hymne national<\/strong>, les monuments, la f\u00eate nationale.&nbsp;\u00bb<\/em> Indiquons \u00e9galement que la c\u00e9r\u00e9monie r\u00e9publicaine de remise du dipl\u00f4me du brevet est cadr\u00e9e par une note de service (n\u00b02016-090) datant de 2016.<\/p>\n\n\n\n<p>Le <strong>SNALC<\/strong> accueille avec inqui\u00e9tude les annonces sur le doublement de l\u2019horaire d\u2019enseignement civique ou sur un enseignement de th\u00e9\u00e2tre obligatoire. La derni\u00e8re fois qu\u2019on nous a vant\u00e9 la cr\u00e9ation d\u2019une heure de soutien en sixi\u00e8me, on avait oubli\u00e9 de nous dire qu\u2019on y supprimait la technologie en \u00e9change. Quelles disciplines Emmanuel Macron compte-t-il r\u00e9duire ou faire dispara\u00eetre cette fois-ci&nbsp;? De surcro\u00eet, le pr\u00e9sident a indiqu\u00e9 que le doublement de l\u2019horaire d\u2019EMC aurait lieu d\u00e8s cette rentr\u00e9e, alors que les r\u00e9partitions des heures sont en train d\u2019\u00eatre \u00e9tudi\u00e9es dans les coll\u00e8ges. Il est donc hors calendrier, sauf \u00e0 diminuer les heures d\u2019histoire-g\u00e9ographie, ce qui rel\u00e8verait de l\u2019inconscience quand on communique sur un <em>\u00ab&nbsp;r\u00e9armement civique&nbsp;\u00bb<\/em>. Le <strong>SNALC<\/strong> rappelle aussi que le th\u00e9\u00e2tre figure dans les programmes de fran\u00e7ais, et qu\u2019il conviendrait plut\u00f4t d\u2019augmenter le nombre de classes \u00e0 horaires am\u00e9nag\u00e9s et de soutenir les sp\u00e9cialit\u00e9s artistiques au lyc\u00e9e, qui ont \u00e9t\u00e9 mises \u00e0 mal par la r\u00e9forme Blanquer.<\/p>\n\n\n\n<p>Le <strong>SNALC<\/strong> a eu confirmation que la priorit\u00e9, ce ne sont pas les personnels. Alors que nos professions sont dans une crise de recrutement sans pr\u00e9c\u00e9dent, rien n\u2019est pr\u00e9vu sur le plan budg\u00e9taire pour y rem\u00e9dier. Pire&nbsp;: le pr\u00e9sident a confirm\u00e9 l\u2019augmentation du temps de travail des enseignants du second degr\u00e9, en pla\u00e7ant la formation continue hors du temps de service, ce qui est unique au sein de la fonction publique. D\u00e9grader les conditions de travail d\u2019un m\u00e9tier qui peine \u00e0 recruter&nbsp;: voil\u00e0 une fa\u00e7on originale de nous venir en aide.<\/p>\n\n\n\n<p>Enfin, le <strong>SNALC<\/strong> aimerait que l\u2019argent qu\u2019on arrive \u00e0 trouver pour financer une g\u00e9n\u00e9ralisation du SNU ou une \u00e9ventuelle g\u00e9n\u00e9ralisation de l\u2019uniforme soit utilis\u00e9 pour le rattrapage salarial et l\u2019am\u00e9lioration des conditions de travail. L\u00e0, on pourrait commencer \u00e0 entendre que l\u2019\u00c9cole de la R\u00e9publique est, r\u00e9ellement, une priorit\u00e9. On en est loin.<\/p>\n\n\n\n<p><a href=\"https:\/\/snalc.fr\/wp-content\/uploads\/20240117_compresse_annonces_Macron.pdf\">T\u00e9l\u00e9charger<\/a><\/p>\n","protected":false},"excerpt":{"rendered":"<p>Le SNALC a \u00e9cout\u00e9 les \u00ab&nbsp;annonces&nbsp;\u00bb qu\u2019a faites Emmanuel Macron sur l\u2019\u00c9cole ce mardi 16 janvier. Nous n\u2019avons pas vu o\u00f9 \u00e9tait la priorit\u00e9 annonc\u00e9e. Le pr\u00e9sident de la R\u00e9publique [&hellip;]<\/p>\n","protected":false},"author":1,"featured_media":0,"comment_status":"closed","ping_status":"closed","sticky":false,"template":"","format":"standard","meta":{"_lmt_disableupdate":"","_lmt_disable":"","site-sidebar-layout":"default","site-content-layout":"","ast-site-content-layout":"default","site-content-style":"default","site-sidebar-style":"default","ast-global-header-display":"","ast-banner-title-visibility":"","ast-main-header-display":"","ast-hfb-above-header-display":"","ast-hfb-below-header-display":"","ast-hfb-mobile-header-display":"","site-post-title":"","ast-breadcrumbs-content":"","ast-featured-img":"","footer-sml-layout":"","ast-disable-related-posts":"","theme-transparent-header-meta":"","adv-header-id-meta":"","stick-header-meta":"","header-above-stick-meta":"","header-main-stick-meta":"","header-below-stick-meta":"","astra-migrate-meta-layouts":"set","ast-page-background-enabled":"default","ast-page-background-meta":{"desktop":{"background-color":"var(--ast-global-color-4)","background-image":"","background-repeat":"repeat","background-position":"center center","background-size":"auto","background-attachment":"scroll","background-type":"","background-media":"","overlay-type":"","overlay-color":"","overlay-opacity":"","overlay-gradient":""},"tablet":{"background-color":"","background-image":"","background-repeat":"repeat","background-position":"center center","background-size":"auto","background-attachment":"scroll","background-type":"","background-media":"","overlay-type":"","overlay-color":"","overlay-opacity":"","overlay-gradient":""},"mobile":{"background-color":"","background-image":"","background-repeat":"repeat","background-position":"center center","background-size":"auto","background-attachment":"scroll","background-type":"","background-media":"","overlay-type":"","overlay-color":"","overlay-opacity":"","overlay-gradient":""}},"ast-content-background-meta":{"desktop":{"background-color":"var(--ast-global-color-5)","background-image":"","background-repeat":"repeat","background-position":"center center","background-size":"auto","background-attachment":"scroll","background-type":"","background-media":"","overlay-type":"","overlay-color":"","overlay-opacity":"","overlay-gradient":""},"tablet":{"background-color":"var(--ast-global-color-5)","background-image":"","background-repeat":"repeat","background-position":"center center","background-size":"auto","background-attachment":"scroll","background-type":"","background-media":"","overlay-type":"","overlay-color":"","overlay-opacity":"","overlay-gradient":""},"mobile":{"background-color":"var(--ast-global-color-5)","background-image":"","background-repeat":"repeat","background-position":"center center","background-size":"auto","background-attachment":"scroll","background-type":"","background-media":"","overlay-type":"","overlay-color":"","overlay-opacity":"","overlay-gradient":""}},"footnotes":""},"categories":[38],"tags":[],"class_list":["post-2572","post","type-post","status-publish","format-standard","hentry","category-actualites-2023-2024"],"modified_by":"slecourtier","_links":{"self":[{"href":"https:\/\/snalc.org\/snalc2023\/index.php?rest_route=\/wp\/v2\/posts\/2572","targetHints":{"allow":["GET"]}}],"collection":[{"href":"https:\/\/snalc.org\/snalc2023\/index.php?rest_route=\/wp\/v2\/posts"}],"about":[{"href":"https:\/\/snalc.org\/snalc2023\/index.php?rest_route=\/wp\/v2\/types\/post"}],"author":[{"embeddable":true,"href":"https:\/\/snalc.org\/snalc2023\/index.php?rest_route=\/wp\/v2\/users\/1"}],"replies":[{"embeddable":true,"href":"https:\/\/snalc.org\/snalc2023\/index.php?rest_route=%2Fwp%2Fv2%2Fcomments&post=2572"}],"version-history":[{"count":1,"href":"https:\/\/snalc.org\/snalc2023\/index.php?rest_route=\/wp\/v2\/posts\/2572\/revisions"}],"predecessor-version":[{"id":2573,"href":"https:\/\/snalc.org\/snalc2023\/index.php?rest_route=\/wp\/v2\/posts\/2572\/revisions\/2573"}],"wp:attachment":[{"href":"https:\/\/snalc.org\/snalc2023\/index.php?rest_route=%2Fwp%2Fv2%2Fmedia&parent=2572"}],"wp:term":[{"taxonomy":"category","embeddable":true,"href":"https:\/\/snalc.org\/snalc2023\/index.php?rest_route=%2Fwp%2Fv2%2Fcategories&post=2572"},{"taxonomy":"post_tag","embeddable":true,"href":"https:\/\/snalc.org\/snalc2023\/index.php?rest_route=%2Fwp%2Fv2%2Ftags&post=2572"}],"curies":[{"name":"wp","href":"https:\/\/api.w.org\/{rel}","templated":true}]}}