{"id":2586,"date":"2024-01-22T20:14:46","date_gmt":"2024-01-22T19:14:46","guid":{"rendered":"https:\/\/snalc.org\/snalc2023\/?p=2586"},"modified":"2024-01-22T20:14:50","modified_gmt":"2024-01-22T19:14:50","slug":"lettre-dinformation-snalc-22-janvier-2024","status":"publish","type":"post","link":"https:\/\/snalc.org\/snalc2023\/?p=2586","title":{"rendered":"Lettre d&rsquo;information SNALC &#8211;\u00a022 janvier 2024"},"content":{"rendered":"\n<figure class=\"wp-block-table\"><table><tbody><tr><td><strong>Lettre d&rsquo;information SNALC &#8211;&nbsp;22 janvier 2024<\/strong><br>Professeurs d&rsquo;EPS<\/td><\/tr><\/tbody><\/table><\/figure>\n\n\n\n<figure class=\"wp-block-table\"><table><tbody><tr><td><img decoding=\"async\" src=\"http:\/\/syndicat-snalc.net\/AWURTSJ67\/Bulles_APSA_opt_35ce347004.png\" alt=\"\"><\/td><\/tr><\/tbody><\/table><\/figure>\n\n\n\n<figure class=\"wp-block-table\"><table><tbody><tr><td><img decoding=\"async\" src=\"https:\/\/syndicat-snalc.net\/AWURTSJ67\/logo_eps_a6f2f8abdd.png\" alt=\"\"><\/td><\/tr><\/tbody><\/table><\/figure>\n\n\n\n<figure class=\"wp-block-table\"><table><tbody><tr><td><a href=\"https:\/\/oxiforms.com\/?yKTOo\" target=\"_blank\" rel=\"noreferrer noopener\">Nous contacter<\/a><\/td><\/tr><\/tbody><\/table><\/figure>\n\n\n\n<figure class=\"wp-block-table\"><table><tbody><tr><td>SPORT ET EPS&nbsp;:RETOUR VERS LE FUTUR 2&nbsp;!<\/td><\/tr><\/tbody><\/table><\/figure>\n\n\n\n<figure class=\"wp-block-table\"><table><tbody><tr><td>En 1963 l\u2019EPS a int\u00e9gr\u00e9 le minist\u00e8re de la jeunesse et des sports. Son orientation trop sportive, la n\u00e9cessit\u00e9 de valorisation des professeurs d\u2019EPS et des objectifs plus scolaires assign\u00e9s \u00e0 la discipline l\u2019ont conduite en 1981 \u00e0 r\u00e9int\u00e9grer le minist\u00e8re de l\u2019\u00e9ducation nationale. Ironie de l\u2019histoire, on assiste aujourd\u2019hui \u00e0 un retour mais inverse. C\u2019est le minist\u00e8re des sports qui rejoint celui de l\u2019\u00e9ducation nationale.<br>Ce nouveau rapprochement du secteur sportif f\u00e9d\u00e9ral et de l\u2019\u00e9ducation physique scolaire peut-il comporter des risques pour la discipline&nbsp;? Risque de d\u00e9rives, de concurrence voire de substitution. Est-ce une chance, ou une menace, pour les enseignants d\u2019EPS de voir leur institution pilot\u00e9e par une ministre des sports&nbsp;?<br>Le SNALC a justement \u00e9t\u00e9 re\u00e7u en audience le 16 janvier par A. Oud\u00e9a-Cast\u00e9ra. Les propos tenus par la ministre confirment d\u2019embl\u00e9e l\u2019hypoth\u00e8se la plus inqui\u00e9tante. Le sport \u00e0 l\u2019\u00c9cole a \u00e9t\u00e9 abord\u00e9 comme une priorit\u00e9, en long, en large et en travers, en occultant totalement l\u2019existence de l\u2019EPS, dont le nom n\u2019a m\u00eame pas \u00e9t\u00e9 prononc\u00e9.<br>Pour le SNALC, l\u2019importance des activit\u00e9s sportives en EPS n\u2019est plus \u00e0 d\u00e9montrer. Ce d\u00e9bat est d\u00e9pass\u00e9. On pourrait m\u00eame regretter que l\u2019EPS, depuis 1981, soit devenue de moins en moins sportive. En revanche, ce qui est alarmant, sous couvert d\u2019h\u00e9ritage olympique et de lutte contre la s\u00e9dentarit\u00e9, ce sont les mises en place de dispositifs, comme une \u00e9cole-un club, les labellisations g\u00e9n\u00e9ration 2024, 30 min d\u2019AQP dans le primaire ou les 2h de sport suppl\u00e9mentaires en coll\u00e8ge, qui installent des liens puissants entre le sport et le syst\u00e8me \u00e9ducatif en contournant d\u00e9lib\u00e9r\u00e9ment notre discipline, pourtant parfaitement apte \u00e0 satisfaire ces objectifs.<br>Le SNALC, inquiet, demeurera extr\u00eamement vigilant \u00e0 l\u2019avenir et fait pour l\u2019heure le point sur cette actualit\u00e9.<\/td><\/tr><\/tbody><\/table><\/figure>\n\n\n\n<figure class=\"wp-block-table\"><table><tbody><tr><td><strong>Laurent BONNIN<\/strong>, secr\u00e9taire national du SNALC charg\u00e9 de l&rsquo;EPSSite&nbsp;: <a href=\"https:\/\/snalc.fr\/enseignants-deps\/\" target=\"_blank\" rel=\"noreferrer noopener\">Enseignants d&rsquo;EPS &#8211; SNALC<\/a><\/td><\/tr><\/tbody><\/table><\/figure>\n\n\n\n<figure class=\"wp-block-table\"><table><tbody><tr><td><img decoding=\"async\" src=\"https:\/\/syndicat-snalc.net\/AWURTSJ67\/editedimg_8cf631ca63.png\" alt=\"\"><strong>MENJSOP&nbsp;: L&rsquo;INQUIETANTE HYDRE&nbsp;\u00c0 DEUX T\u00caTES<br><\/strong><br>Juste nomm\u00e9 et d\u00e9j\u00e0 d\u00e9plac\u00e9, apr\u00e8s seulement 4 mois d\u2019exercice, autre record de pr\u00e9cocit\u00e9, G. Attal est remplac\u00e9 par A. Oud\u00e9a-Cast\u00e9ra. Dans la valse des ministres de l\u2019\u00e9ducation, voil\u00e0 le 4e temps&nbsp;!<br>[&#8230;<a href=\"https:\/\/snalc.fr\/menjsop-linquietante-hydre-a-deux-tetes\/\" target=\"_blank\" rel=\"noreferrer noopener\">Lire l&rsquo;article<\/a>]<\/td><\/tr><\/tbody><\/table><\/figure>\n\n\n\n<figure class=\"wp-block-table\"><table><tbody><tr><td><img decoding=\"async\" src=\"https:\/\/syndicat-snalc.net\/AWURTSJ67\/EPS_istockphoto-Varavut-Noovong-1334773845_0554dac0cc.jpg\" alt=\"\"><strong>SPORT ET LABEL \u00ab&nbsp;G\u00c9N\u00c9RATION 2024&nbsp;\u00bb&nbsp;: <\/strong><strong>ENCORE UNE COQUILLE VIDE<\/strong><br>\u00c0 l\u2019aube de l\u2019ouverture des JO de Paris, il est possible d\u2019effectuer un premier bilan du dispositif \u00ab&nbsp;G\u00e9n\u00e9ration 2024&nbsp;\u00bb lanc\u00e9 en 2018 depuis le p\u00f4le universitaire de Lyon, r\u00e9f\u00e9rence en mati\u00e8re de mutualisation d\u2019installations sportives pour la pr\u00e9paration d\u2019une g\u00e9n\u00e9ration de sportifs.<br>[&#8230;<a href=\"https:\/\/snalc.fr\/sport-et-label-generation-2024-encore-une-coquille-vide\/\" target=\"_blank\" rel=\"noreferrer noopener\">Lire l&rsquo;article<\/a>]<\/td><\/tr><\/tbody><\/table><\/figure>\n\n\n\n<figure class=\"wp-block-table\"><table><tbody><tr><td><img decoding=\"async\" src=\"https:\/\/syndicat-snalc.net\/AWURTSJ67\/EPS_freepik.com_2149070717_opt_0503932cd5.jpg\" alt=\"\"><strong>L\u2019EPS, FABRIQUE DE CHAMPIONS&nbsp;?<\/strong><br>Florent Manaudou dans l\u2019\u00e9mission TV \u00ab&nbsp;Quelle \u00e9poque&nbsp;!&nbsp;\u00bb a r\u00e9cemment r\u00e9fut\u00e9 l\u2019ambition d\u2019E. Macron de voir la France se classer dans le top 5 des meilleures nations aux JO de 2024. [&#8230;<a href=\"https:\/\/snalc.fr\/leps-fabrique-de-champions\/\" target=\"_blank\" rel=\"noreferrer noopener\">Lire l&rsquo;article<\/a>]<\/td><\/tr><\/tbody><\/table><\/figure>\n\n\n\n<figure class=\"wp-block-table\"><table><tbody><tr><td><img decoding=\"async\" src=\"https:\/\/syndicat-snalc.net\/AWURTSJ67\/boussole_succes-2048x1536_ee7e364d31.jpg\" alt=\"\"><strong>ACC\u00c8S AU CORPS DES PROFESSEURS AGR\u00c9G\u00c9S PAR LISTE D\u2019APTITUDE<br><\/strong>Certifi\u00e9s (dont documentalistes) PLP, Professeurs d\u2019EPS[&#8230;<a href=\"https:\/\/snalc.fr\/agreges-liste-aptitude\/\" target=\"_blank\" rel=\"noreferrer noopener\">Lire l&rsquo;article<\/a>]<\/td><\/tr><\/tbody><\/table><\/figure>\n\n\n\n<figure class=\"wp-block-table\"><table><tbody><tr><td><img decoding=\"async\" src=\"https:\/\/syndicat-snalc.net\/AWURTSJ67\/classe_exc_freepik_iharzaiko-30405967_opt_7fcbf59f2e.jpg\" alt=\"\"><strong>CLASSE EXCEPTIONNELLE&nbsp;: <\/strong><strong>DE NOUVELLES R\u00c8GLES, MAIS PAS D\u2019ILLUSIONS<\/strong><br><strong>Le SNALC a particip\u00e9 \u00e0 tous les d\u00e9bats possibles.<\/strong>Voici les diff\u00e9rentes \u00e9tapes, \u00e0 partir d\u2019avril 2024, pour des promotions prononc\u00e9es aux alentours du 12 juillet 2024 entrant en vigueur au 1er septembre 2024.<br>[&#8230;<a href=\"https:\/\/snalc.fr\/classe-exceptionnelle-de-nouvelles-regles-mais-pas-dillusions\/\" target=\"_blank\" rel=\"noreferrer noopener\">Lire l&rsquo;article<\/a>]<\/td><\/tr><\/tbody><\/table><\/figure>\n\n\n\n<figure class=\"wp-block-table\"><table><tbody><tr><td><img decoding=\"async\" src=\"https:\/\/syndicat-snalc.net\/AWURTSJ67\/fleche_mouvement-644x468-1-e1630932440243_8605a4e55a.jpeg\" alt=\"\"><strong>RAPPELS CONCERNANT LE MOUVEMENT INTER 2024<\/strong><strong><br><\/strong>L\u2019annulation de la participation au mouvement interacad\u00e9mique peut se faire jusqu\u2019au <strong>9 f\u00e9vrier&nbsp;&nbsp; 2024<\/strong> dans le second degr\u00e9. Elle ne n\u00e9cessite pas de justification.\u00c0 compter du <strong>17 janvier 2024<\/strong>&nbsp;: affichage des v\u0153ux et bar\u00e8mes sur SIAM. Tout justificatif peut&nbsp;&nbsp;&nbsp;&nbsp; encore \u00eatre apport\u00e9 pendant cette phase avant le <strong>31 janvier 2024<\/strong>. Les v\u0153ux peuvent encore \u00eatre modifi\u00e9s.<br>[&#8230;<a href=\"https:\/\/syndicat-snalc.net\/AWURTSJ67\/048C1F127073422AAACEFDF41B48ACDF.php\" target=\"_blank\" rel=\"noreferrer noopener\">Lire l&rsquo;article<\/a>]<\/td><\/tr><\/tbody><\/table><\/figure>\n\n\n\n<figure class=\"wp-block-table\"><table><tbody><tr><td><img decoding=\"async\" src=\"https:\/\/syndicat-snalc.net\/AWURTSJ67\/Art6_opt_aa2134eab7.png\" alt=\"\"><strong>GUIDE&nbsp;: L&rsquo;ENSEIGNANT D&rsquo;EPS<\/strong><br>Dans sa version papier et \u00e9lectronique ce guide d\u2019environ 100 pages se veut une nouvelle r\u00e9f\u00e9rence pour les enseignants d\u2019EPS et une aide essentielle pour les non sp\u00e9cialistes. Il r\u00e9pond \u00e0 la plupart des questions int\u00e9ressant ce secteur.<br><a href=\"https:\/\/snalc.fr\/guide-eps\/\" target=\"_blank\" rel=\"noreferrer noopener\">[Lire le guide]<\/a><\/td><\/tr><\/tbody><\/table><\/figure>\n\n\n\n<figure class=\"wp-block-table\"><table><tbody><tr><td><img decoding=\"async\" src=\"https:\/\/syndicat-snalc.net\/AWURTSJ67\/image_10_recommandations_opt_0314f1e827.jpg\" alt=\"\"><strong>LES 10 RECOMMANDATIONS DU SNALC POUR \u00caTRE PLUS FORT AU TRAVAIL<\/strong><br>M\u00eame si \u00abcela n\u2019arrive qu\u2019aux autres&nbsp;\u00bb, nous vous invitons \u00e0 prendre connaissance des 10 recommandations du SNALC&nbsp;: autant d\u2019erreurs \u00e0 ne pas commettre, de conseils \u00e0 appliquer, de pi\u00e8ges \u00e0 rep\u00e9rer&#8230;<br>[&#8230;<a href=\"https:\/\/snalc.fr\/10-recommandations-pour-etre-plus-fort-au-travail\/\" target=\"_blank\" rel=\"noreferrer noopener\">en savoir plus<\/a>]<\/td><\/tr><\/tbody><\/table><\/figure>\n\n\n\n<figure class=\"wp-block-table\"><table><tbody><tr><td><img decoding=\"async\" src=\"https:\/\/snalc.fr\/wp-content\/uploads\/9e6ddc209f1392fb4e74a82609409d7db2ec8759.jpg\" alt=\"\"><strong>POURQUOI REJOINDRE LE SNALC&nbsp;? VOICI 7 BONNES RAISONS<\/strong><br>Pour une v\u00e9ritable \u00e9ducation du physique ; Pour des temps de service identiques aux autres ; Pour une revalorisation urgente des salaires ; Contre les abus du sport scolaire et le racket de l\u2019UNSS ; Pour l\u2019am\u00e9nagement des fins de carri\u00e8re ; Pour une ind\u00e9pendance politique et financi\u00e8re ; Pour une cotisation \u00e0 90\u20ac et des services imbattables&nbsp;!<br>[&#8230;<a href=\"https:\/\/snalc.fr\/eps-7-bonnes-raisons-dadherer\/\" target=\"_blank\" rel=\"noreferrer noopener\">en savoir plus<\/a>]<\/td><\/tr><\/tbody><\/table><\/figure>\n\n\n\n<figure class=\"wp-block-table\"><table><tbody><tr><td>L\u2019ADH\u00c9SION AU SNALC&nbsp;: 90 \u20ac<\/td><\/tr><\/tbody><\/table><\/figure>\n\n\n\n<figure class=\"wp-block-table\"><table><tbody><tr><td><strong>LE SNALC EST LE SYNDICAT REPR\u00c9SENTATIF<\/strong><strong>LE MOINS CHER DE L\u2019\u00c9DUCATION NATIONALE<\/strong><strong>Nos salaires sont trop bas. Le point d\u2019indice est gel\u00e9.<\/strong><strong>Logiquement, le SNALC n\u2019augmente pas ses tarifs pour la 13\u00e8me ann\u00e9e cons\u00e9cutive.<\/strong><strong>Et mieux encore&nbsp;: le SNALC baisse ses tarifs dans la plupart des cat\u00e9gories&nbsp;!<\/strong><a href=\"https:\/\/snalc.fr\/wp-content\/uploads\/tarifs.pdf\" target=\"_blank\" rel=\"noreferrer noopener\">Consulter les tarifs et r\u00e9ductions<\/a><br><strong>CHOISISSEZ LIBREMENT VOTRE MOYEN DE PAIEMENT, RAPIDE ET S\u00c9CURIS\u00c9<\/strong><\/td><\/tr><\/tbody><\/table><\/figure>\n\n\n\n<figure class=\"wp-block-table\"><table><tbody><tr><td><img decoding=\"async\" src=\"http:\/\/syndicat-snalc.net\/AWURTSJ67\/editedimg_361b042f34.jpg\" alt=\"\"><a href=\"https:\/\/snalc.fr\/adhesion-carte\/\" target=\"_blank\" rel=\"noreferrer noopener\">carte bancaire<\/a><img decoding=\"async\" src=\"http:\/\/syndicat-snalc.net\/AWURTSJ67\/adhesion_prelevements_0703b426ca.JPG\" alt=\"\"><a href=\"https:\/\/snalc.fr\/adhesion\/\" target=\"_blank\" rel=\"noreferrer noopener\">pr\u00e9l\u00e8vements mensuels<\/a><img decoding=\"async\" src=\"https:\/\/syndicat-snalc.net\/AWURTSJ67\/editedimg_c6a21d792d.png\" alt=\"\"><a href=\"https:\/\/snalc.fr\/adhesion-virement\/\" target=\"_blank\" rel=\"noreferrer noopener\">virement<\/a><img decoding=\"async\" src=\"http:\/\/syndicat-snalc.net\/AWURTSJ67\/adhesion_cheque_699976dc59.JPG\" alt=\"\"><a href=\"https:\/\/snalc.fr\/adhesion-cheque\/\" target=\"_blank\" rel=\"noreferrer noopener\">ch\u00e8que<\/a><\/td><\/tr><\/tbody><\/table><\/figure>\n\n\n\n<figure class=\"wp-block-table\"><table><tbody><tr><td><strong>L&rsquo;adh\u00e9sion comprend<\/strong>&nbsp;: <a href=\"https:\/\/snalc.fr\/gmf-protection-juridique\/\" target=\"_blank\" rel=\"noreferrer noopener\">l&rsquo;assistance et la protection<\/a> juridiques p\u00e9nales aupr\u00e8s de la GMF (agressions, diffamation&#8230;) ;&nbsp;le dispositif exclusif d&rsquo;accompagnement et d&rsquo;aide \u00e0 la mobilit\u00e9&nbsp;: <a href=\"https:\/\/snalc.fr\/mobi-snalc-presentation-et-acces\/\" target=\"_blank\" rel=\"noreferrer noopener\">mobi-SNALC<\/a>&nbsp;; et des tarifs n\u00e9goci\u00e9s aupr\u00e8s de nombreux partenaires&nbsp;: <a href=\"https:\/\/snalc.fr\/avantages-snalc\/\" target=\"_blank\" rel=\"noreferrer noopener\">avantages-SNALC<\/a>.<\/td><\/tr><\/tbody><\/table><\/figure>\n\n\n\n<figure class=\"wp-block-table\"><table><tbody><tr><td>\u00ab\u00a0Adh\u00e9sion \u00e0 z\u00e9ro euro\u00a0\u00bb<br>C&rsquo;est le moment de d\u00e9couvrir le SNALC&nbsp;![<a href=\"https:\/\/snalc.fr\/wp-content\/uploads\/Adhesion_zero_euro.pdf\" target=\"_blank\" rel=\"noreferrer noopener\">en savoir plus<\/a>]<\/td><\/tr><\/tbody><\/table><\/figure>\n\n\n\n<figure class=\"wp-block-table\"><table><tbody><tr><td><a href=\"https:\/\/snalc.fr\/herissons-nous\/\" target=\"_blank\" rel=\"noreferrer noopener\"><\/a><\/td><\/tr><\/tbody><\/table><\/figure>\n\n\n\n<figure class=\"wp-block-table\"><table><tbody><tr><td><\/td><\/tr><\/tbody><\/table><\/figure>\n\n\n\n<figure class=\"wp-block-table\"><table><tbody><tr><td><a href=\"https:\/\/snalc.fr\/contact\/\" target=\"_blank\" rel=\"noreferrer noopener\">Contact SNALC<\/a><\/td><\/tr><\/tbody><\/table><\/figure>\n\n\n\n<figure class=\"wp-block-table\"><table><tbody><tr><td><a href=\"https:\/\/www.facebook.com\/SNALCNational\/\" target=\"_blank\" rel=\"noreferrer noopener\"><\/a><a href=\"https:\/\/twitter.com\/snalc_national\" target=\"_blank\" rel=\"noreferrer noopener\"><\/a><a href=\"https:\/\/www.snalc.fr\/\" target=\"_blank\" rel=\"noreferrer noopener\"><\/a><\/td><\/tr><\/tbody><\/table><\/figure>\n\n\n\n<figure class=\"wp-block-table\"><table><tbody><tr><td><\/td><\/tr><\/tbody><\/table><\/figure>\n\n\n\n<figure class=\"wp-block-table\"><table><tbody><tr><td>Cr\u00e9dits sur les artcles en lienGerd Altmann de Pixabay<\/td><\/tr><\/tbody><\/table><\/figure>\n","protected":false},"excerpt":{"rendered":"<p>Lettre d&rsquo;information SNALC &#8211;&nbsp;22 janvier 2024Professeurs d&rsquo;EPS Nous contacter SPORT ET EPS&nbsp;:RETOUR VERS LE FUTUR 2&nbsp;! En 1963 l\u2019EPS a int\u00e9gr\u00e9 le minist\u00e8re de la jeunesse et des sports. Son [&hellip;]<\/p>\n","protected":false},"author":1,"featured_media":0,"comment_status":"closed","ping_status":"closed","sticky":false,"template":"","format":"standard","meta":{"_lmt_disableupdate":"","_lmt_disable":"","site-sidebar-layout":"default","site-content-layout":"","ast-site-content-layout":"default","site-content-style":"default","site-sidebar-style":"default","ast-global-header-display":"","ast-banner-title-visibility":"","ast-main-header-display":"","ast-hfb-above-header-display":"","ast-hfb-below-header-display":"","ast-hfb-mobile-header-display":"","site-post-title":"","ast-breadcrumbs-content":"","ast-featured-img":"","footer-sml-layout":"","ast-disable-related-posts":"","theme-transparent-header-meta":"","adv-header-id-meta":"","stick-header-meta":"","header-above-stick-meta":"","header-main-stick-meta":"","header-below-stick-meta":"","astra-migrate-meta-layouts":"set","ast-page-background-enabled":"default","ast-page-background-meta":{"desktop":{"background-color":"var(--ast-global-color-4)","background-image":"","background-repeat":"repeat","background-position":"center center","background-size":"auto","background-attachment":"scroll","background-type":"","background-media":"","overlay-type":"","overlay-color":"","overlay-opacity":"","overlay-gradient":""},"tablet":{"background-color":"","background-image":"","background-repeat":"repeat","background-position":"center center","background-size":"auto","background-attachment":"scroll","background-type":"","background-media":"","overlay-type":"","overlay-color":"","overlay-opacity":"","overlay-gradient":""},"mobile":{"background-color":"","background-image":"","background-repeat":"repeat","background-position":"center center","background-size":"auto","background-attachment":"scroll","background-type":"","background-media":"","overlay-type":"","overlay-color":"","overlay-opacity":"","overlay-gradient":""}},"ast-content-background-meta":{"desktop":{"background-color":"var(--ast-global-color-5)","background-image":"","background-repeat":"repeat","background-position":"center center","background-size":"auto","background-attachment":"scroll","background-type":"","background-media":"","overlay-type":"","overlay-color":"","overlay-opacity":"","overlay-gradient":""},"tablet":{"background-color":"var(--ast-global-color-5)","background-image":"","background-repeat":"repeat","background-position":"center center","background-size":"auto","background-attachment":"scroll","background-type":"","background-media":"","overlay-type":"","overlay-color":"","overlay-opacity":"","overlay-gradient":""},"mobile":{"background-color":"var(--ast-global-color-5)","background-image":"","background-repeat":"repeat","background-position":"center center","background-size":"auto","background-attachment":"scroll","background-type":"","background-media":"","overlay-type":"","overlay-color":"","overlay-opacity":"","overlay-gradient":""}},"footnotes":""},"categories":[38,11],"tags":[],"class_list":["post-2586","post","type-post","status-publish","format-standard","hentry","category-actualites-2023-2024","category-professeurs-2nd-degre"],"modified_by":"slecourtier","_links":{"self":[{"href":"https:\/\/snalc.org\/snalc2023\/index.php?rest_route=\/wp\/v2\/posts\/2586","targetHints":{"allow":["GET"]}}],"collection":[{"href":"https:\/\/snalc.org\/snalc2023\/index.php?rest_route=\/wp\/v2\/posts"}],"about":[{"href":"https:\/\/snalc.org\/snalc2023\/index.php?rest_route=\/wp\/v2\/types\/post"}],"author":[{"embeddable":true,"href":"https:\/\/snalc.org\/snalc2023\/index.php?rest_route=\/wp\/v2\/users\/1"}],"replies":[{"embeddable":true,"href":"https:\/\/snalc.org\/snalc2023\/index.php?rest_route=%2Fwp%2Fv2%2Fcomments&post=2586"}],"version-history":[{"count":1,"href":"https:\/\/snalc.org\/snalc2023\/index.php?rest_route=\/wp\/v2\/posts\/2586\/revisions"}],"predecessor-version":[{"id":2587,"href":"https:\/\/snalc.org\/snalc2023\/index.php?rest_route=\/wp\/v2\/posts\/2586\/revisions\/2587"}],"wp:attachment":[{"href":"https:\/\/snalc.org\/snalc2023\/index.php?rest_route=%2Fwp%2Fv2%2Fmedia&parent=2586"}],"wp:term":[{"taxonomy":"category","embeddable":true,"href":"https:\/\/snalc.org\/snalc2023\/index.php?rest_route=%2Fwp%2Fv2%2Fcategories&post=2586"},{"taxonomy":"post_tag","embeddable":true,"href":"https:\/\/snalc.org\/snalc2023\/index.php?rest_route=%2Fwp%2Fv2%2Ftags&post=2586"}],"curies":[{"name":"wp","href":"https:\/\/api.w.org\/{rel}","templated":true}]}}