{"id":2588,"date":"2024-01-23T19:45:52","date_gmt":"2024-01-23T18:45:52","guid":{"rendered":"https:\/\/snalc.org\/snalc2023\/?p=2588"},"modified":"2024-01-23T19:45:59","modified_gmt":"2024-01-23T18:45:59","slug":"csa-ministeriel-du-23-janvier-2024-declaration-du-snalc","status":"publish","type":"post","link":"https:\/\/snalc.org\/snalc2023\/?p=2588","title":{"rendered":"CSA minist\u00e9riel du 23 janvier 2024 : d\u00e9claration du SNALC"},"content":{"rendered":"\n<p>Mesdames et Messieurs les repr\u00e9sentants de l\u2019administration,<br>Mesdames et Messieurs les membres \u00e9lus du comit\u00e9,<\/p>\n\n\n\n<p>On dirait du Balzac.<\/p>\n\n\n\n<p>Les premiers pas de notre nouvelle ministre au MENJSJOP sont un roman feuilleton. D\u00e9clarations publiques catastrophiques, enqu\u00eates, rapports planqu\u00e9s dans une armoire et d\u00e9voil\u00e9s juste au bon moment&nbsp;: les rebondissements sont nombreux. Le tout sur fond de d\u00e9bat public\/priv\u00e9, de contournement de ParcourSup et de petits arrangements entre amis. Si l\u2019on n\u2019\u00e9tait int\u00e9ress\u00e9 que par la com\u00e9die humaine, on attendrait avec impatience l\u2019\u00e9pisode suivant.<\/p>\n\n\n\n<p>Le souci, c\u2019est que pendant ce temps, l\u2019\u00c9cole va toujours aussi mal. Le rattrapage salarial pour 2024&nbsp;? Pour les enseignants, c\u2019est z\u00e9ro euro&nbsp;; pour les autres, pas beaucoup plus. La gestion du calendrier de l\u2019ann\u00e9e et des DHG pour la mise en place des groupes de niveau en 6e et 5e \u00e0 la rentr\u00e9e prochaine&nbsp;?&nbsp; Le SNALC alerte sur ce point depuis plusieurs mois&nbsp;; l\u2019administration nous avait promis \u00ab&nbsp;de la dentelle&nbsp;\u00bb&nbsp;: ce sera du gros \u0153uvre, et on n\u2019a pas achet\u00e9 assez de ciment. L\u2019art de flinguer des mesures int\u00e9ressantes demeure la grande sp\u00e9cialit\u00e9 de l\u2019\u00c9ducation nationale. On se demande d\u00e9j\u00e0 comment ils vont pouvoir rater le nouveau DNB et la pr\u00e9pa-lyc\u00e9e, qui pourtant, sur le papier, ont l\u2019air tr\u00e8s bien.<\/p>\n\n\n\n<p>C\u00f4t\u00e9 \u00e9cole inclusive, le SNALC attend les groupes de travail promis depuis maintenant un an, le bilan des PIAL, et continue de d\u00e9noncer une politique de fa\u00e7ade qui cr\u00e9e de la souffrance chez les \u00e9l\u00e8ves comme chez les personnels. Gabriel Attal s\u2019\u00e9tait engag\u00e9 \u00e0 ce que les organisations repr\u00e9sentatives, dont le SNALC, si\u00e8gent enfin au comit\u00e9 de suivi de l\u2019inclusion scolaire pour y porter la r\u00e9alit\u00e9 du terrain&nbsp;: esp\u00e9rons que l\u2019actuelle ministre trouvera plus rapidement ce dossier sur son bureau que le rapport de l\u2019Inspection g\u00e9n\u00e9rale sur Stanislas.<\/p>\n\n\n\n<p>Car le SNALC sait que l\u2019\u00e9cume politique est de peu d\u2019importance, et ne perd jamais l\u2019essentiel de vue. L\u2019essentiel, ce n\u2019est pas la personne de la ministre&nbsp;, ni d\u2019ailleurs le lieu o\u00f9 elle scolarise ses enfants. L\u2019essentiel, c\u2019est que notre ministre nous a crach\u00e9 dessus d\u00e8s sa premi\u00e8re prise de parole publique alors que tous les voyants sont au rouge.<\/p>\n\n\n\n<p>D\u00e8s lors, comment lui accorder le moindre cr\u00e9dit&nbsp;? En une semaine, elle a pulv\u00e9ris\u00e9 quatre mois de travail de son pr\u00e9d\u00e9cesseur devenu depuis premier ministre. Comment ce dernier peut-il lui-m\u00eame lui faire confiance \u00e0 la t\u00eate d\u2019un minist\u00e8re aussi important sur lequel il a annonc\u00e9 garder la main&nbsp;?<\/p>\n\n\n\n<p>Du Balzac, donc. Mais avec Gaston Lagaffe en personnage principal, qui vient de mettre le feu au b\u00e2timent. Bref : toute une vision de l\u2019\u00c9cole\u2026<\/p>\n\n\n\n<p>Je vous remercie.<\/p>\n\n\n\n<p><a href=\"https:\/\/snalc.fr\/wp-content\/uploads\/CSAM_decla_SNALC_20240123.pdf\">T\u00e9l\u00e9charger la d\u00e9claration du SNALC<\/a><\/p>\n\n\n\n<p><strong>CSA minist\u00e9riel du 23 janvier 2024<\/strong><\/p>\n\n\n\n<p><strong>D\u00e9claration intersyndicale FSU, UNSA, SGEN-CFDT, CGT Educ\u2019action, SNALC, Sud<\/strong><\/p>\n\n\n\n<figure class=\"wp-block-image\"><img decoding=\"async\" src=\"https:\/\/snalc.fr\/wp-content\/uploads\/CSAM_bandeau_IS_20240123.jpg\" alt=\"\" class=\"wp-image-36838\"\/><\/figure>\n\n\n\n<p>Les propos tenus par la ministre de l\u2019\u00c9ducation nationale lors de son premier d\u00e9placement ont&nbsp;l\u00e9gitimement choqu\u00e9 les personnels du service public d\u2019\u00c9ducation. Ces paroles d\u00e9nigrantes, alors&nbsp;m\u00eame que les personnels tiennent, dans des conditions difficiles et souvent seuls, le service public,&nbsp;ont provoqu\u00e9 une tr\u00e8s vive col\u00e8re. Nous r\u00e9affirmons la force du projet scolaire de l\u2019\u00e9cole publique,&nbsp;la\u00efque, gratuite et obligatoire : accueillir partout tous les \u00e9l\u00e8ves sans distinction d\u2019aucune sorte, \u00eatre&nbsp;ambitieux pour chacun, respecter et participer \u00e0 une v\u00e9ritable libert\u00e9 de conscience notamment par&nbsp;la construction de l\u2019esprit critique autour de savoirs scientifiquement valid\u00e9s.&nbsp;<\/p>\n\n\n\n<p>Le service public d\u2019\u00c9ducation traverse une crise sans pr\u00e9c\u00e9dent : crise de recrutement, d\u00e9mission,&nbsp;perte de sens\u2026 A l\u2019instar de l\u2019h\u00f4pital public, l\u2019\u00c9cole publique n\u2019est pas loin de l\u2019effondrement. Il y a&nbsp;urgence \u00e0 reconna\u00eetre, revaloriser, respecter celles et ceux qui la font vivre, lui donner les moyens&nbsp;d\u2019exercer ses missions, plut\u00f4t que de la jeter \u00e0 la vindicte populaire. Nous demandons de renoncer&nbsp;au texte r\u00e9formant la terminale du baccalaur\u00e9at professionnel afin de construire des enseignements&nbsp;ambitieux pour les \u00e9l\u00e8ves de la voie professionnelle.&nbsp;<\/p>\n\n\n\n<p>Nos organisations syndicales demandent \u00e0 la ministre de prendre des engagements \u00e0 rouvrir tr\u00e8s&nbsp;vite des dossiers d\u00e9cisifs pour l\u2019avenir du service public : revalorisation sans contreparties des&nbsp;personnels articul\u00e9e autour de mesures imm\u00e9diates et d\u2019une loi de programmation pluriannuelle,&nbsp;abandon du Pacte, cr\u00e9ation d\u2019un statut de fonctionnaire de cat\u00e9gorie B pour AESH et am\u00e9lioration&nbsp;des conditions de travail, notamment par la baisse des effectifs dans les classes et un plan&nbsp;pluriannuel de recrutement.&nbsp;Face aux in\u00e9galit\u00e9s scolaires et sociales qui minent notre syst\u00e8me \u00e9ducatif, et en d\u00e9finitive, notre&nbsp;d\u00e9mocratie, des moyens cons\u00e9quents doivent \u00eatre mis au service de la r\u00e9ussite de tous les \u00e9l\u00e8ves,&nbsp;sans tri.&nbsp;<\/p>\n\n\n\n<p>Les grands discours sans lendemain, les paroles, les clich\u00e9s d\u00e9testables \u2026 cela suffit ! Nos&nbsp;organisations syndicales exigent des actes forts qui prennent la mesure de la crise que traverse le&nbsp;service public.&nbsp;<\/p>\n\n\n\n<p><a href=\"https:\/\/snalc.fr\/wp-content\/uploads\/CSAM_decla_IS_20240123.pdf\">T\u00e9l\u00e9charger la d\u00e9claration intersyndicale<\/a><\/p>\n","protected":false},"excerpt":{"rendered":"<p>Mesdames et Messieurs les repr\u00e9sentants de l\u2019administration,Mesdames et Messieurs les membres \u00e9lus du comit\u00e9, On dirait du Balzac. Les premiers pas de notre nouvelle ministre au MENJSJOP sont un roman [&hellip;]<\/p>\n","protected":false},"author":1,"featured_media":0,"comment_status":"closed","ping_status":"closed","sticky":false,"template":"","format":"standard","meta":{"_lmt_disableupdate":"","_lmt_disable":"","site-sidebar-layout":"default","site-content-layout":"","ast-site-content-layout":"default","site-content-style":"default","site-sidebar-style":"default","ast-global-header-display":"","ast-banner-title-visibility":"","ast-main-header-display":"","ast-hfb-above-header-display":"","ast-hfb-below-header-display":"","ast-hfb-mobile-header-display":"","site-post-title":"","ast-breadcrumbs-content":"","ast-featured-img":"","footer-sml-layout":"","ast-disable-related-posts":"","theme-transparent-header-meta":"","adv-header-id-meta":"","stick-header-meta":"","header-above-stick-meta":"","header-main-stick-meta":"","header-below-stick-meta":"","astra-migrate-meta-layouts":"set","ast-page-background-enabled":"default","ast-page-background-meta":{"desktop":{"background-color":"var(--ast-global-color-4)","background-image":"","background-repeat":"repeat","background-position":"center center","background-size":"auto","background-attachment":"scroll","background-type":"","background-media":"","overlay-type":"","overlay-color":"","overlay-opacity":"","overlay-gradient":""},"tablet":{"background-color":"","background-image":"","background-repeat":"repeat","background-position":"center center","background-size":"auto","background-attachment":"scroll","background-type":"","background-media":"","overlay-type":"","overlay-color":"","overlay-opacity":"","overlay-gradient":""},"mobile":{"background-color":"","background-image":"","background-repeat":"repeat","background-position":"center center","background-size":"auto","background-attachment":"scroll","background-type":"","background-media":"","overlay-type":"","overlay-color":"","overlay-opacity":"","overlay-gradient":""}},"ast-content-background-meta":{"desktop":{"background-color":"var(--ast-global-color-5)","background-image":"","background-repeat":"repeat","background-position":"center center","background-size":"auto","background-attachment":"scroll","background-type":"","background-media":"","overlay-type":"","overlay-color":"","overlay-opacity":"","overlay-gradient":""},"tablet":{"background-color":"var(--ast-global-color-5)","background-image":"","background-repeat":"repeat","background-position":"center center","background-size":"auto","background-attachment":"scroll","background-type":"","background-media":"","overlay-type":"","overlay-color":"","overlay-opacity":"","overlay-gradient":""},"mobile":{"background-color":"var(--ast-global-color-5)","background-image":"","background-repeat":"repeat","background-position":"center center","background-size":"auto","background-attachment":"scroll","background-type":"","background-media":"","overlay-type":"","overlay-color":"","overlay-opacity":"","overlay-gradient":""}},"footnotes":""},"categories":[38],"tags":[],"class_list":["post-2588","post","type-post","status-publish","format-standard","hentry","category-actualites-2023-2024"],"modified_by":"slecourtier","_links":{"self":[{"href":"https:\/\/snalc.org\/snalc2023\/index.php?rest_route=\/wp\/v2\/posts\/2588","targetHints":{"allow":["GET"]}}],"collection":[{"href":"https:\/\/snalc.org\/snalc2023\/index.php?rest_route=\/wp\/v2\/posts"}],"about":[{"href":"https:\/\/snalc.org\/snalc2023\/index.php?rest_route=\/wp\/v2\/types\/post"}],"author":[{"embeddable":true,"href":"https:\/\/snalc.org\/snalc2023\/index.php?rest_route=\/wp\/v2\/users\/1"}],"replies":[{"embeddable":true,"href":"https:\/\/snalc.org\/snalc2023\/index.php?rest_route=%2Fwp%2Fv2%2Fcomments&post=2588"}],"version-history":[{"count":1,"href":"https:\/\/snalc.org\/snalc2023\/index.php?rest_route=\/wp\/v2\/posts\/2588\/revisions"}],"predecessor-version":[{"id":2589,"href":"https:\/\/snalc.org\/snalc2023\/index.php?rest_route=\/wp\/v2\/posts\/2588\/revisions\/2589"}],"wp:attachment":[{"href":"https:\/\/snalc.org\/snalc2023\/index.php?rest_route=%2Fwp%2Fv2%2Fmedia&parent=2588"}],"wp:term":[{"taxonomy":"category","embeddable":true,"href":"https:\/\/snalc.org\/snalc2023\/index.php?rest_route=%2Fwp%2Fv2%2Fcategories&post=2588"},{"taxonomy":"post_tag","embeddable":true,"href":"https:\/\/snalc.org\/snalc2023\/index.php?rest_route=%2Fwp%2Fv2%2Ftags&post=2588"}],"curies":[{"name":"wp","href":"https:\/\/api.w.org\/{rel}","templated":true}]}}